{"id":1040,"date":"2015-08-27T00:00:00","date_gmt":"2015-08-27T00:00:00","guid":{"rendered":"https:\/\/blog.protur-hotels.com\/top-5-platges-a-mallorca\/"},"modified":"2016-03-21T11:32:31","modified_gmt":"2016-03-21T11:32:31","slug":"top-5-platges-a-mallorca","status":"publish","type":"post","link":"https:\/\/blog.protur-hotels.com\/ca\/top-5-platges-a-mallorca\/","title":{"rendered":"Top 5 platges a Mallorca"},"content":{"rendered":"<p>Toca platja, amics. \u00c9s estiu a Mallorca i no podem celebrar-ho d\u2019altra forma que convidant-vos a gaudir d\u2019algunes de les millors platges de l\u2019illa. Aquest \u00e9s el nostre Top 5. Aix\u00f2 s\u00ed, s\u2019accepten propostes : )<\/p>\n<p><b>Es Trenc<\/b><\/p>\n<p>La preferida de sempre. Molts parlen d\u2019ella com el parad\u00eds i no \u00e9s per a menys: \u00e9s una de les poques platges pr\u00e0cticament verges que queden a Mallorca. Un llarg arenal rodejat de dunes, salines i vegetaci\u00f3 mediterr\u00e0nia, amb tranquil\u00b7les aig\u00fces del blau m\u00e9s turquesa que puguis imaginar.<\/p>\n<p><b>Cal\u00f3 des Moro<\/b><\/p>\n<p>Prop dels nostres hotels a la costa Est de Mallorca, trobar\u00e0s una de les cales m\u00e9s recomanades pels locals: es cal\u00f3 des moro. Per arribar-hi s\u2019ha d\u2019estar molt atents perqu\u00e8 no hi ha massa indicacions, per\u00f2 el resultat \u00e9s trobar-se amb un espectacular entrant de mar, baix un tal\u00fas i entre 2 penya-segats impressionants.<\/p>\n<p><b>Platges de Mondrag\u00f3<\/b><\/p>\n<p>Situades en el Parc Natural de Mondrag\u00f3, tamb\u00e9 a la costa Est de Mallorca, hi ha no una sin\u00f3 dues de les millors platges de Mallorca. D\u2019aig\u00fces tranquil\u00b7les, net\u00edssimes, amb c\u00f2moda arena blanca i una passarel\u00b7la que les uneix, \u00e9s el lloc perfecte per combinar un relaxant bany, tombar-se al sol i gaudir d\u2019un p\u00edcnic baix el bosc mediterrani que les rodeja.<\/p>\n<p><b>Sa Coma<\/b><\/p>\n<p>Extensa platja d\u2019arena blanca fin\u00edssima, \u00e9s una de les grans platges de l\u2019Est mallorqu\u00ed, destaca pel seu ambient familiar i tranquil, els seus confortables serveis que et permetran gaudir d\u2019un dia de banys i sol sense renunciar a les m\u00e9s completes comoditats. Est\u00e0 a escassa dist\u00e0ncia dels nostres millors hotels a Sa Coma i molt prop d\u2019altres cales i platges que tamb\u00e9 mereix la pena visitar.<\/p>\n<p><b>Cala Mesquida<\/b><\/p>\n<p>Un poc m\u00e9s al nord, a la zona d\u2019Art\u00e0, en direcci\u00f3 a Can Picafort, trobar\u00e0s una de les grans platges de Mallorca. Familiar, perfecta per al bany i amb un entorn incre\u00efble que et submergir\u00e0 en la famosa calma que despr\u00e8n l\u2019illa. Un lloc per perdre\u2019s i allunyar-se de tot gaudint del Mediterrani m\u00e9s delici\u00f3s.<\/p>\n<p><i>Vina a descobrir la millor part de Mallorca de la m\u00e0 de <a href=\"http:\/\/protur-hotels.com\/ca\">Protur Hotels<\/a> i presumeix de vacances.<\/i><\/p>\n","protected":false},"excerpt":{"rendered":"<p>Toca platja, amics. \u00c9s estiu a Mallorca i no podem celebrar-ho d\u2019altra forma que convidant-vos a gaudir d\u2019algunes de les millors platges de l\u2019illa. Aquest \u00e9s el nostre Top 5<\/p>\n","protected":false},"author":3,"featured_media":1162,"comment_status":"open","ping_status":"open","sticky":false,"template":"","format":"standard","meta":{"_lmt_disableupdate":"","_lmt_disable":"","footnotes":""},"categories":[146],"tags":[],"class_list":["post-1040","post","type-post","status-publish","format-standard","has-post-thumbnail","hentry","category-uncategorized-ca"],"yoast_head":"<!-- This site is optimized with the Yoast SEO plugin v26.6 - https:\/\/yoast.com\/wordpress\/plugins\/seo\/ -->\n<title>Top 5 platges a Mallorca - Blog Protur Hotels<\/title>\n<meta name=\"description\" content=\"\u00c9s estiu a Mallorca i no podem celebrar-ho d\u2019altra forma que convidant-vos a gaudir d\u2019algunes de les millors platges de l\u2019illa. Aquest \u00e9s el nostre Top 5.\" \/>\n<meta name=\"robots\" content=\"index, follow, max-snippet:-1, max-image-preview:large, max-video-preview:-1\" \/>\n<link rel=\"canonical\" href=\"https:\/\/blog.protur-hotels.com\/ca\/top-5-platges-a-mallorca\/\" \/>\n<meta property=\"og:locale\" content=\"ca_ES\" \/>\n<meta property=\"og:type\" content=\"article\" \/>\n<meta property=\"og:title\" content=\"Top 5 platges a Mallorca - Blog Protur Hotels\" \/>\n<meta property=\"og:description\" content=\"\u00c9s estiu a Mallorca i no podem celebrar-ho d\u2019altra forma que convidant-vos a gaudir d\u2019algunes de les millors platges de l\u2019illa. Aquest \u00e9s el nostre Top 5.\" \/>\n<meta property=\"og:url\" content=\"https:\/\/blog.protur-hotels.com\/ca\/top-5-platges-a-mallorca\/\" \/>\n<meta property=\"og:site_name\" content=\"Blog Protur Hotels\" \/>\n<meta property=\"article:published_time\" content=\"2015-08-27T00:00:00+00:00\" \/>\n<meta property=\"article:modified_time\" content=\"2016-03-21T11:32:31+00:00\" \/>\n<meta property=\"og:image\" content=\"https:\/\/blog.protur-hotels.com\/wp-content\/uploads\/2015\/08\/es-trenc-playa-mallorca.jpg\" \/>\n\t<meta property=\"og:image:width\" content=\"800\" \/>\n\t<meta property=\"og:image:height\" content=\"624\" \/>\n\t<meta property=\"og:image:type\" content=\"image\/jpeg\" \/>\n<meta name=\"author\" content=\"Protur Hotels\" \/>\n<meta name=\"twitter:card\" content=\"summary_large_image\" \/>\n<meta name=\"twitter:label1\" content=\"Escrit per\" \/>\n\t<meta name=\"twitter:data1\" content=\"Protur Hotels\" \/>\n\t<meta name=\"twitter:label2\" content=\"Temps estimat de lectura\" \/>\n\t<meta name=\"twitter:data2\" content=\"2 minuts\" \/>\n<script type=\"application\/ld+json\" class=\"yoast-schema-graph\">{\"@context\":\"https:\/\/schema.org\",\"@graph\":[{\"@type\":\"Article\",\"@id\":\"https:\/\/blog.protur-hotels.com\/ca\/top-5-platges-a-mallorca\/#article\",\"isPartOf\":{\"@id\":\"https:\/\/blog.protur-hotels.com\/ca\/top-5-platges-a-mallorca\/\"},\"author\":{\"name\":\"Protur Hotels\",\"@id\":\"https:\/\/blog.protur-hotels.com\/#\/schema\/person\/6eac7ca6e9a32baa4716fdd5d7358326\"},\"headline\":\"Top 5 platges a Mallorca\",\"datePublished\":\"2015-08-27T00:00:00+00:00\",\"dateModified\":\"2016-03-21T11:32:31+00:00\",\"mainEntityOfPage\":{\"@id\":\"https:\/\/blog.protur-hotels.com\/ca\/top-5-platges-a-mallorca\/\"},\"wordCount\":391,\"commentCount\":0,\"publisher\":{\"@id\":\"https:\/\/blog.protur-hotels.com\/#organization\"},\"image\":{\"@id\":\"https:\/\/blog.protur-hotels.com\/ca\/top-5-platges-a-mallorca\/#primaryimage\"},\"thumbnailUrl\":\"https:\/\/blog.protur-hotels.com\/wp-content\/uploads\/2015\/08\/es-trenc-playa-mallorca.jpg\",\"articleSection\":[\"Uncategorized @ca\"],\"inLanguage\":\"ca\"},{\"@type\":\"WebPage\",\"@id\":\"https:\/\/blog.protur-hotels.com\/ca\/top-5-platges-a-mallorca\/\",\"url\":\"https:\/\/blog.protur-hotels.com\/ca\/top-5-platges-a-mallorca\/\",\"name\":\"Top 5 platges a Mallorca - Blog Protur Hotels\",\"isPartOf\":{\"@id\":\"https:\/\/blog.protur-hotels.com\/#website\"},\"primaryImageOfPage\":{\"@id\":\"https:\/\/blog.protur-hotels.com\/ca\/top-5-platges-a-mallorca\/#primaryimage\"},\"image\":{\"@id\":\"https:\/\/blog.protur-hotels.com\/ca\/top-5-platges-a-mallorca\/#primaryimage\"},\"thumbnailUrl\":\"https:\/\/blog.protur-hotels.com\/wp-content\/uploads\/2015\/08\/es-trenc-playa-mallorca.jpg\",\"datePublished\":\"2015-08-27T00:00:00+00:00\",\"dateModified\":\"2016-03-21T11:32:31+00:00\",\"description\":\"\u00c9s estiu a Mallorca i no podem celebrar-ho d\u2019altra forma que convidant-vos a gaudir d\u2019algunes de les millors platges de l\u2019illa. Aquest \u00e9s el nostre Top 5.\",\"breadcrumb\":{\"@id\":\"https:\/\/blog.protur-hotels.com\/ca\/top-5-platges-a-mallorca\/#breadcrumb\"},\"inLanguage\":\"ca\",\"potentialAction\":[{\"@type\":\"ReadAction\",\"target\":[\"https:\/\/blog.protur-hotels.com\/ca\/top-5-platges-a-mallorca\/\"]}]},{\"@type\":\"ImageObject\",\"inLanguage\":\"ca\",\"@id\":\"https:\/\/blog.protur-hotels.com\/ca\/top-5-platges-a-mallorca\/#primaryimage\",\"url\":\"https:\/\/blog.protur-hotels.com\/wp-content\/uploads\/2015\/08\/es-trenc-playa-mallorca.jpg\",\"contentUrl\":\"https:\/\/blog.protur-hotels.com\/wp-content\/uploads\/2015\/08\/es-trenc-playa-mallorca.jpg\",\"width\":800,\"height\":624,\"caption\":\"Es Trenc Playa de Mallorca\"},{\"@type\":\"BreadcrumbList\",\"@id\":\"https:\/\/blog.protur-hotels.com\/ca\/top-5-platges-a-mallorca\/#breadcrumb\",\"itemListElement\":[{\"@type\":\"ListItem\",\"position\":1,\"name\":\"Portada\",\"item\":\"https:\/\/blog.protur-hotels.com\/\"},{\"@type\":\"ListItem\",\"position\":2,\"name\":\"Top 5 platges a Mallorca\"}]},{\"@type\":\"WebSite\",\"@id\":\"https:\/\/blog.protur-hotels.com\/#website\",\"url\":\"https:\/\/blog.protur-hotels.com\/\",\"name\":\"Blog Protur Hotels\",\"description\":\"Un Blog para viajeros\",\"publisher\":{\"@id\":\"https:\/\/blog.protur-hotels.com\/#organization\"},\"potentialAction\":[{\"@type\":\"SearchAction\",\"target\":{\"@type\":\"EntryPoint\",\"urlTemplate\":\"https:\/\/blog.protur-hotels.com\/?s={search_term_string}\"},\"query-input\":{\"@type\":\"PropertyValueSpecification\",\"valueRequired\":true,\"valueName\":\"search_term_string\"}}],\"inLanguage\":\"ca\"},{\"@type\":\"Organization\",\"@id\":\"https:\/\/blog.protur-hotels.com\/#organization\",\"name\":\"Blog Protur Hotels\",\"url\":\"https:\/\/blog.protur-hotels.com\/\",\"logo\":{\"@type\":\"ImageObject\",\"inLanguage\":\"ca\",\"@id\":\"https:\/\/blog.protur-hotels.com\/#\/schema\/logo\/image\/\",\"url\":\"https:\/\/blog.protur-hotels.com\/wp-content\/uploads\/2020\/03\/blog-protur-hotels-mallorca.png\",\"contentUrl\":\"https:\/\/blog.protur-hotels.com\/wp-content\/uploads\/2020\/03\/blog-protur-hotels-mallorca.png\",\"width\":1422,\"height\":894,\"caption\":\"Blog Protur Hotels\"},\"image\":{\"@id\":\"https:\/\/blog.protur-hotels.com\/#\/schema\/logo\/image\/\"}},{\"@type\":\"Person\",\"@id\":\"https:\/\/blog.protur-hotels.com\/#\/schema\/person\/6eac7ca6e9a32baa4716fdd5d7358326\",\"name\":\"Protur Hotels\"}]}<\/script>\n<!-- \/ Yoast SEO plugin. -->","yoast_head_json":{"title":"Top 5 platges a Mallorca - Blog Protur Hotels","description":"\u00c9s estiu a Mallorca i no podem celebrar-ho d\u2019altra forma que convidant-vos a gaudir d\u2019algunes de les millors platges de l\u2019illa. Aquest \u00e9s el nostre Top 5.","robots":{"index":"index","follow":"follow","max-snippet":"max-snippet:-1","max-image-preview":"max-image-preview:large","max-video-preview":"max-video-preview:-1"},"canonical":"https:\/\/blog.protur-hotels.com\/ca\/top-5-platges-a-mallorca\/","og_locale":"ca_ES","og_type":"article","og_title":"Top 5 platges a Mallorca - Blog Protur Hotels","og_description":"\u00c9s estiu a Mallorca i no podem celebrar-ho d\u2019altra forma que convidant-vos a gaudir d\u2019algunes de les millors platges de l\u2019illa. Aquest \u00e9s el nostre Top 5.","og_url":"https:\/\/blog.protur-hotels.com\/ca\/top-5-platges-a-mallorca\/","og_site_name":"Blog Protur Hotels","article_published_time":"2015-08-27T00:00:00+00:00","article_modified_time":"2016-03-21T11:32:31+00:00","og_image":[{"width":800,"height":624,"url":"https:\/\/blog.protur-hotels.com\/wp-content\/uploads\/2015\/08\/es-trenc-playa-mallorca.jpg","type":"image\/jpeg"}],"author":"Protur Hotels","twitter_card":"summary_large_image","twitter_misc":{"Escrit per":"Protur Hotels","Temps estimat de lectura":"2 minuts"},"schema":{"@context":"https:\/\/schema.org","@graph":[{"@type":"Article","@id":"https:\/\/blog.protur-hotels.com\/ca\/top-5-platges-a-mallorca\/#article","isPartOf":{"@id":"https:\/\/blog.protur-hotels.com\/ca\/top-5-platges-a-mallorca\/"},"author":{"name":"Protur Hotels","@id":"https:\/\/blog.protur-hotels.com\/#\/schema\/person\/6eac7ca6e9a32baa4716fdd5d7358326"},"headline":"Top 5 platges a Mallorca","datePublished":"2015-08-27T00:00:00+00:00","dateModified":"2016-03-21T11:32:31+00:00","mainEntityOfPage":{"@id":"https:\/\/blog.protur-hotels.com\/ca\/top-5-platges-a-mallorca\/"},"wordCount":391,"commentCount":0,"publisher":{"@id":"https:\/\/blog.protur-hotels.com\/#organization"},"image":{"@id":"https:\/\/blog.protur-hotels.com\/ca\/top-5-platges-a-mallorca\/#primaryimage"},"thumbnailUrl":"https:\/\/blog.protur-hotels.com\/wp-content\/uploads\/2015\/08\/es-trenc-playa-mallorca.jpg","articleSection":["Uncategorized @ca"],"inLanguage":"ca"},{"@type":"WebPage","@id":"https:\/\/blog.protur-hotels.com\/ca\/top-5-platges-a-mallorca\/","url":"https:\/\/blog.protur-hotels.com\/ca\/top-5-platges-a-mallorca\/","name":"Top 5 platges a Mallorca - Blog Protur Hotels","isPartOf":{"@id":"https:\/\/blog.protur-hotels.com\/#website"},"primaryImageOfPage":{"@id":"https:\/\/blog.protur-hotels.com\/ca\/top-5-platges-a-mallorca\/#primaryimage"},"image":{"@id":"https:\/\/blog.protur-hotels.com\/ca\/top-5-platges-a-mallorca\/#primaryimage"},"thumbnailUrl":"https:\/\/blog.protur-hotels.com\/wp-content\/uploads\/2015\/08\/es-trenc-playa-mallorca.jpg","datePublished":"2015-08-27T00:00:00+00:00","dateModified":"2016-03-21T11:32:31+00:00","description":"\u00c9s estiu a Mallorca i no podem celebrar-ho d\u2019altra forma que convidant-vos a gaudir d\u2019algunes de les millors platges de l\u2019illa. Aquest \u00e9s el nostre Top 5.","breadcrumb":{"@id":"https:\/\/blog.protur-hotels.com\/ca\/top-5-platges-a-mallorca\/#breadcrumb"},"inLanguage":"ca","potentialAction":[{"@type":"ReadAction","target":["https:\/\/blog.protur-hotels.com\/ca\/top-5-platges-a-mallorca\/"]}]},{"@type":"ImageObject","inLanguage":"ca","@id":"https:\/\/blog.protur-hotels.com\/ca\/top-5-platges-a-mallorca\/#primaryimage","url":"https:\/\/blog.protur-hotels.com\/wp-content\/uploads\/2015\/08\/es-trenc-playa-mallorca.jpg","contentUrl":"https:\/\/blog.protur-hotels.com\/wp-content\/uploads\/2015\/08\/es-trenc-playa-mallorca.jpg","width":800,"height":624,"caption":"Es Trenc Playa de Mallorca"},{"@type":"BreadcrumbList","@id":"https:\/\/blog.protur-hotels.com\/ca\/top-5-platges-a-mallorca\/#breadcrumb","itemListElement":[{"@type":"ListItem","position":1,"name":"Portada","item":"https:\/\/blog.protur-hotels.com\/"},{"@type":"ListItem","position":2,"name":"Top 5 platges a Mallorca"}]},{"@type":"WebSite","@id":"https:\/\/blog.protur-hotels.com\/#website","url":"https:\/\/blog.protur-hotels.com\/","name":"Blog Protur Hotels","description":"Un Blog para viajeros","publisher":{"@id":"https:\/\/blog.protur-hotels.com\/#organization"},"potentialAction":[{"@type":"SearchAction","target":{"@type":"EntryPoint","urlTemplate":"https:\/\/blog.protur-hotels.com\/?s={search_term_string}"},"query-input":{"@type":"PropertyValueSpecification","valueRequired":true,"valueName":"search_term_string"}}],"inLanguage":"ca"},{"@type":"Organization","@id":"https:\/\/blog.protur-hotels.com\/#organization","name":"Blog Protur Hotels","url":"https:\/\/blog.protur-hotels.com\/","logo":{"@type":"ImageObject","inLanguage":"ca","@id":"https:\/\/blog.protur-hotels.com\/#\/schema\/logo\/image\/","url":"https:\/\/blog.protur-hotels.com\/wp-content\/uploads\/2020\/03\/blog-protur-hotels-mallorca.png","contentUrl":"https:\/\/blog.protur-hotels.com\/wp-content\/uploads\/2020\/03\/blog-protur-hotels-mallorca.png","width":1422,"height":894,"caption":"Blog Protur Hotels"},"image":{"@id":"https:\/\/blog.protur-hotels.com\/#\/schema\/logo\/image\/"}},{"@type":"Person","@id":"https:\/\/blog.protur-hotels.com\/#\/schema\/person\/6eac7ca6e9a32baa4716fdd5d7358326","name":"Protur Hotels"}]}},"_links":{"self":[{"href":"https:\/\/blog.protur-hotels.com\/ca\/wp-json\/wp\/v2\/posts\/1040","targetHints":{"allow":["GET"]}}],"collection":[{"href":"https:\/\/blog.protur-hotels.com\/ca\/wp-json\/wp\/v2\/posts"}],"about":[{"href":"https:\/\/blog.protur-hotels.com\/ca\/wp-json\/wp\/v2\/types\/post"}],"author":[{"embeddable":true,"href":"https:\/\/blog.protur-hotels.com\/ca\/wp-json\/wp\/v2\/users\/3"}],"replies":[{"embeddable":true,"href":"https:\/\/blog.protur-hotels.com\/ca\/wp-json\/wp\/v2\/comments?post=1040"}],"version-history":[{"count":0,"href":"https:\/\/blog.protur-hotels.com\/ca\/wp-json\/wp\/v2\/posts\/1040\/revisions"}],"wp:featuredmedia":[{"embeddable":true,"href":"https:\/\/blog.protur-hotels.com\/ca\/wp-json\/wp\/v2\/media\/1162"}],"wp:attachment":[{"href":"https:\/\/blog.protur-hotels.com\/ca\/wp-json\/wp\/v2\/media?parent=1040"}],"wp:term":[{"taxonomy":"category","embeddable":true,"href":"https:\/\/blog.protur-hotels.com\/ca\/wp-json\/wp\/v2\/categories?post=1040"},{"taxonomy":"post_tag","embeddable":true,"href":"https:\/\/blog.protur-hotels.com\/ca\/wp-json\/wp\/v2\/tags?post=1040"}],"curies":[{"name":"wp","href":"https:\/\/api.w.org\/{rel}","templated":true}]}}