{"id":3121,"date":"2017-01-01T16:48:24","date_gmt":"2017-01-01T16:48:24","guid":{"rendered":"https:\/\/blog.protur-hotels.com\/ca\/?p=3121"},"modified":"2016-12-28T16:48:43","modified_gmt":"2016-12-28T16:48:43","slug":"cala-ratjada-lloc-privilegiat-mallorca","status":"publish","type":"post","link":"https:\/\/blog.protur-hotels.com\/ca\/cala-ratjada-lloc-privilegiat-mallorca\/","title":{"rendered":"Cala Ratjada, un lloc privilegiat a Mallorca"},"content":{"rendered":"<p>Cala Ratjada , <strong>un lloc privilegiat a Mallorca<\/strong> per les m\u00faltiples opcions que t&#8217;ofereix.<\/p>\n<p>Si tries aquesta poblaci\u00f3 per passar les teves vacances descobrir\u00e0s unes platges i cales amb un encant especial:<\/p>\n<ul>\n<li><strong>Cala Agulla i Cala Molt\u00f3<\/strong>: aquestes platges van ser declarades l&#8217;any 1991 \u00c0rea Natural d&#8217;Especial inter\u00e8s pel Parlament dels Illes Balears. Aquestes platges es troben envoltades d&#8217;una pineda frondosa amb exemplars de grans dimensions. Disposa de p\u00e0rquing amb c\u00e0rrec.<\/li>\n<li><strong>S\u00f3n Moll :<\/strong> \u00e9s una platja de sorra i roques situada a l&#8217;entrada de la urbanitzaci\u00f3 de Cala Ratjada. Es troba dins d&#8217;una Reserva Marina.<\/li>\n<li><strong>Cala Gat:<\/strong> Aquesta platja \u00e9s un arenal petit, tranquil i bell, assetjat per tamarindos i margallons, que et conviden a nedar en la seva aigua transparent.<\/li>\n<li><strong>Font de Sa Cala:<\/strong> Es troba a dos quil\u00f2metres de Cala Ratjada. \u00c9s molt c\u00f2moda, d&#8217;aig\u00fces tranquil\u00b7les i poca profunditat.<\/li>\n<li><strong>Cala Mesquida:<\/strong> Tamb\u00e9 declarada \u00c0rea natural d&#8217;especial Inter\u00e8s en 1991, aquest arenal ampli, de gra fi i enclavat entre roques baixes, acaba en un sistema dunar \u2013destaca la duna d&#8217;\u00e9s Munt Gros-, poblat per pins.<\/li>\n<\/ul>\n<p>Una altra gran opci\u00f3, s\u00f3n les <strong>visites culturals<\/strong> que et pots trobar sense haver de realitzar llargs trajectes:<\/p>\n<ul>\n<li><strong>Castell de Capdepera:<\/strong> \u00c9s una fortalesa amb recinte emmurallat que data del Segle XIV. El castell est\u00e0 situat de manera estrat\u00e8gica ja que permet controlar gran part del nord-est de Mallorca i part de la costa nord-est de Menorca.<\/li>\n<li><strong>Coves d&#8217;Art\u00e0:<\/strong> estan situades en la costa mar\u00edtima de Capdepera, en el Cap Vermell, envoltades de muntanyes Han estat visitades des de temps remots.<\/li>\n<li><strong>Torre de Canaymel:<\/strong> Dins del terme municipal de Capdepera, al costat de la carretera que va fins al nucli costaner de Canyamel, es troba la Torre de Canyamel, una de les torres de defensa m\u00e9s destacades de Mallorca per la seva antiguitat i estat de conservaci\u00f3.<\/li>\n<\/ul>\n<p>Pots descobrir tots aquests racons allotjant-te al nostre exclusiu hotel de Cala Ratjada<a href=\"http:\/\/protur-hotels.com\/ca\/hotels-mallorca\/protur-turo-pins-hotel-spa\"><strong> Protur Turo Pins Hotel<\/strong><strong>***** <\/strong><\/a>! Deixa&#8217;t sorprendre pel seu encant !<\/p>\n","protected":false},"excerpt":{"rendered":"<p>Cala Ratjada , un lloc privilegiat a Mallorca per les m\u00faltiples opcions que t&#8217;ofereix. Si tries aquesta poblaci\u00f3 per passar les teves vacances descobrir\u00e0s unes platges i cales amb un&hellip;<\/p>\n","protected":false},"author":3,"featured_media":3117,"comment_status":"closed","ping_status":"open","sticky":false,"template":"","format":"gallery","meta":{"_lmt_disableupdate":"","_lmt_disable":"","footnotes":""},"categories":[680,203,837,240],"tags":[681,426,679],"class_list":["post-3121","post","type-post","status-publish","format-gallery","has-post-thumbnail","hentry","category-cala-ratjada","category-cinc-estrelles","category-mallorca-ca","category-vacances","tag-cince-estels","tag-platges","tag-protur-turo-pins-hotel","post_format-post-format-gallery"],"yoast_head":"<!-- This site is optimized with the Yoast SEO plugin v26.6 - https:\/\/yoast.com\/wordpress\/plugins\/seo\/ -->\n<title>Cala Ratjada, un lloc privilegiat a Mallorca - Blog Protur Hotels<\/title>\n<meta name=\"description\" content=\"Cala Ratjada, un lloc privilegiat a Mallorca per les m\u00faltiples opcions que t&#039;ofereix. Tria aquest lloc per passar les vacances i descobrir\u00e0s platges i cales\" \/>\n<meta name=\"robots\" content=\"index, follow, max-snippet:-1, max-image-preview:large, max-video-preview:-1\" \/>\n<link rel=\"canonical\" href=\"https:\/\/blog.protur-hotels.com\/ca\/cala-ratjada-lloc-privilegiat-mallorca\/\" \/>\n<meta property=\"og:locale\" content=\"ca_ES\" \/>\n<meta property=\"og:type\" content=\"article\" \/>\n<meta property=\"og:title\" content=\"Cala Ratjada, un lloc privilegiat a Mallorca - Blog Protur Hotels\" \/>\n<meta property=\"og:description\" content=\"Cala Ratjada, un lloc privilegiat a Mallorca per les m\u00faltiples opcions que t&#039;ofereix. Tria aquest lloc per passar les vacances i descobrir\u00e0s platges i cales\" \/>\n<meta property=\"og:url\" content=\"https:\/\/blog.protur-hotels.com\/ca\/cala-ratjada-lloc-privilegiat-mallorca\/\" \/>\n<meta property=\"og:site_name\" content=\"Blog Protur Hotels\" \/>\n<meta property=\"article:published_time\" content=\"2017-01-01T16:48:24+00:00\" \/>\n<meta property=\"og:image\" content=\"https:\/\/blog.protur-hotels.com\/wp-content\/uploads\/2016\/12\/cala-ratjada-cala-rajada.jpg\" \/>\n\t<meta property=\"og:image:width\" content=\"800\" \/>\n\t<meta property=\"og:image:height\" content=\"550\" \/>\n\t<meta property=\"og:image:type\" content=\"image\/jpeg\" \/>\n<meta name=\"author\" content=\"Protur Hotels\" \/>\n<meta name=\"twitter:card\" content=\"summary_large_image\" \/>\n<meta name=\"twitter:label1\" content=\"Escrit per\" \/>\n\t<meta name=\"twitter:data1\" content=\"Protur Hotels\" \/>\n\t<meta name=\"twitter:label2\" content=\"Temps estimat de lectura\" \/>\n\t<meta name=\"twitter:data2\" content=\"2 minuts\" \/>\n<script type=\"application\/ld+json\" class=\"yoast-schema-graph\">{\"@context\":\"https:\/\/schema.org\",\"@graph\":[{\"@type\":\"Article\",\"@id\":\"https:\/\/blog.protur-hotels.com\/ca\/cala-ratjada-lloc-privilegiat-mallorca\/#article\",\"isPartOf\":{\"@id\":\"https:\/\/blog.protur-hotels.com\/ca\/cala-ratjada-lloc-privilegiat-mallorca\/\"},\"author\":{\"name\":\"Protur Hotels\",\"@id\":\"https:\/\/blog.protur-hotels.com\/#\/schema\/person\/6eac7ca6e9a32baa4716fdd5d7358326\"},\"headline\":\"Cala Ratjada, un lloc privilegiat a Mallorca\",\"datePublished\":\"2017-01-01T16:48:24+00:00\",\"mainEntityOfPage\":{\"@id\":\"https:\/\/blog.protur-hotels.com\/ca\/cala-ratjada-lloc-privilegiat-mallorca\/\"},\"wordCount\":355,\"publisher\":{\"@id\":\"https:\/\/blog.protur-hotels.com\/#organization\"},\"image\":{\"@id\":\"https:\/\/blog.protur-hotels.com\/ca\/cala-ratjada-lloc-privilegiat-mallorca\/#primaryimage\"},\"thumbnailUrl\":\"https:\/\/blog.protur-hotels.com\/wp-content\/uploads\/2016\/12\/cala-ratjada-cala-rajada.jpg\",\"keywords\":[\"cince estels\",\"platges\",\"Protur Turo pins Hotel\"],\"articleSection\":[\"Cala Ratjada\",\"Cinc estrelles\",\"Mallorca\",\"Vacances\"],\"inLanguage\":\"ca\"},{\"@type\":\"WebPage\",\"@id\":\"https:\/\/blog.protur-hotels.com\/ca\/cala-ratjada-lloc-privilegiat-mallorca\/\",\"url\":\"https:\/\/blog.protur-hotels.com\/ca\/cala-ratjada-lloc-privilegiat-mallorca\/\",\"name\":\"Cala Ratjada, un lloc privilegiat a Mallorca - Blog Protur Hotels\",\"isPartOf\":{\"@id\":\"https:\/\/blog.protur-hotels.com\/#website\"},\"primaryImageOfPage\":{\"@id\":\"https:\/\/blog.protur-hotels.com\/ca\/cala-ratjada-lloc-privilegiat-mallorca\/#primaryimage\"},\"image\":{\"@id\":\"https:\/\/blog.protur-hotels.com\/ca\/cala-ratjada-lloc-privilegiat-mallorca\/#primaryimage\"},\"thumbnailUrl\":\"https:\/\/blog.protur-hotels.com\/wp-content\/uploads\/2016\/12\/cala-ratjada-cala-rajada.jpg\",\"datePublished\":\"2017-01-01T16:48:24+00:00\",\"description\":\"Cala Ratjada, un lloc privilegiat a Mallorca per les m\u00faltiples opcions que t'ofereix. Tria aquest lloc per passar les vacances i descobrir\u00e0s platges i cales\",\"breadcrumb\":{\"@id\":\"https:\/\/blog.protur-hotels.com\/ca\/cala-ratjada-lloc-privilegiat-mallorca\/#breadcrumb\"},\"inLanguage\":\"ca\",\"potentialAction\":[{\"@type\":\"ReadAction\",\"target\":[\"https:\/\/blog.protur-hotels.com\/ca\/cala-ratjada-lloc-privilegiat-mallorca\/\"]}]},{\"@type\":\"ImageObject\",\"inLanguage\":\"ca\",\"@id\":\"https:\/\/blog.protur-hotels.com\/ca\/cala-ratjada-lloc-privilegiat-mallorca\/#primaryimage\",\"url\":\"https:\/\/blog.protur-hotels.com\/wp-content\/uploads\/2016\/12\/cala-ratjada-cala-rajada.jpg\",\"contentUrl\":\"https:\/\/blog.protur-hotels.com\/wp-content\/uploads\/2016\/12\/cala-ratjada-cala-rajada.jpg\",\"width\":800,\"height\":550,\"caption\":\"privilegierter -calaratjada-cala-rajada.\u041a\u0430\u043b\u0430 \u0420\u0430\u0439\u0430\u0434\u0430 -privileged\"},{\"@type\":\"BreadcrumbList\",\"@id\":\"https:\/\/blog.protur-hotels.com\/ca\/cala-ratjada-lloc-privilegiat-mallorca\/#breadcrumb\",\"itemListElement\":[{\"@type\":\"ListItem\",\"position\":1,\"name\":\"Portada\",\"item\":\"https:\/\/blog.protur-hotels.com\/\"},{\"@type\":\"ListItem\",\"position\":2,\"name\":\"Cala Ratjada, un lloc privilegiat a Mallorca\"}]},{\"@type\":\"WebSite\",\"@id\":\"https:\/\/blog.protur-hotels.com\/#website\",\"url\":\"https:\/\/blog.protur-hotels.com\/\",\"name\":\"Blog Protur Hotels\",\"description\":\"Un Blog para viajeros\",\"publisher\":{\"@id\":\"https:\/\/blog.protur-hotels.com\/#organization\"},\"potentialAction\":[{\"@type\":\"SearchAction\",\"target\":{\"@type\":\"EntryPoint\",\"urlTemplate\":\"https:\/\/blog.protur-hotels.com\/?s={search_term_string}\"},\"query-input\":{\"@type\":\"PropertyValueSpecification\",\"valueRequired\":true,\"valueName\":\"search_term_string\"}}],\"inLanguage\":\"ca\"},{\"@type\":\"Organization\",\"@id\":\"https:\/\/blog.protur-hotels.com\/#organization\",\"name\":\"Blog Protur Hotels\",\"url\":\"https:\/\/blog.protur-hotels.com\/\",\"logo\":{\"@type\":\"ImageObject\",\"inLanguage\":\"ca\",\"@id\":\"https:\/\/blog.protur-hotels.com\/#\/schema\/logo\/image\/\",\"url\":\"https:\/\/blog.protur-hotels.com\/wp-content\/uploads\/2020\/03\/blog-protur-hotels-mallorca.png\",\"contentUrl\":\"https:\/\/blog.protur-hotels.com\/wp-content\/uploads\/2020\/03\/blog-protur-hotels-mallorca.png\",\"width\":1422,\"height\":894,\"caption\":\"Blog Protur Hotels\"},\"image\":{\"@id\":\"https:\/\/blog.protur-hotels.com\/#\/schema\/logo\/image\/\"}},{\"@type\":\"Person\",\"@id\":\"https:\/\/blog.protur-hotels.com\/#\/schema\/person\/6eac7ca6e9a32baa4716fdd5d7358326\",\"name\":\"Protur Hotels\"}]}<\/script>\n<!-- \/ Yoast SEO plugin. -->","yoast_head_json":{"title":"Cala Ratjada, un lloc privilegiat a Mallorca - Blog Protur Hotels","description":"Cala Ratjada, un lloc privilegiat a Mallorca per les m\u00faltiples opcions que t'ofereix. Tria aquest lloc per passar les vacances i descobrir\u00e0s platges i cales","robots":{"index":"index","follow":"follow","max-snippet":"max-snippet:-1","max-image-preview":"max-image-preview:large","max-video-preview":"max-video-preview:-1"},"canonical":"https:\/\/blog.protur-hotels.com\/ca\/cala-ratjada-lloc-privilegiat-mallorca\/","og_locale":"ca_ES","og_type":"article","og_title":"Cala Ratjada, un lloc privilegiat a Mallorca - Blog Protur Hotels","og_description":"Cala Ratjada, un lloc privilegiat a Mallorca per les m\u00faltiples opcions que t'ofereix. Tria aquest lloc per passar les vacances i descobrir\u00e0s platges i cales","og_url":"https:\/\/blog.protur-hotels.com\/ca\/cala-ratjada-lloc-privilegiat-mallorca\/","og_site_name":"Blog Protur Hotels","article_published_time":"2017-01-01T16:48:24+00:00","og_image":[{"width":800,"height":550,"url":"https:\/\/blog.protur-hotels.com\/wp-content\/uploads\/2016\/12\/cala-ratjada-cala-rajada.jpg","type":"image\/jpeg"}],"author":"Protur Hotels","twitter_card":"summary_large_image","twitter_misc":{"Escrit per":"Protur Hotels","Temps estimat de lectura":"2 minuts"},"schema":{"@context":"https:\/\/schema.org","@graph":[{"@type":"Article","@id":"https:\/\/blog.protur-hotels.com\/ca\/cala-ratjada-lloc-privilegiat-mallorca\/#article","isPartOf":{"@id":"https:\/\/blog.protur-hotels.com\/ca\/cala-ratjada-lloc-privilegiat-mallorca\/"},"author":{"name":"Protur Hotels","@id":"https:\/\/blog.protur-hotels.com\/#\/schema\/person\/6eac7ca6e9a32baa4716fdd5d7358326"},"headline":"Cala Ratjada, un lloc privilegiat a Mallorca","datePublished":"2017-01-01T16:48:24+00:00","mainEntityOfPage":{"@id":"https:\/\/blog.protur-hotels.com\/ca\/cala-ratjada-lloc-privilegiat-mallorca\/"},"wordCount":355,"publisher":{"@id":"https:\/\/blog.protur-hotels.com\/#organization"},"image":{"@id":"https:\/\/blog.protur-hotels.com\/ca\/cala-ratjada-lloc-privilegiat-mallorca\/#primaryimage"},"thumbnailUrl":"https:\/\/blog.protur-hotels.com\/wp-content\/uploads\/2016\/12\/cala-ratjada-cala-rajada.jpg","keywords":["cince estels","platges","Protur Turo pins Hotel"],"articleSection":["Cala Ratjada","Cinc estrelles","Mallorca","Vacances"],"inLanguage":"ca"},{"@type":"WebPage","@id":"https:\/\/blog.protur-hotels.com\/ca\/cala-ratjada-lloc-privilegiat-mallorca\/","url":"https:\/\/blog.protur-hotels.com\/ca\/cala-ratjada-lloc-privilegiat-mallorca\/","name":"Cala Ratjada, un lloc privilegiat a Mallorca - Blog Protur Hotels","isPartOf":{"@id":"https:\/\/blog.protur-hotels.com\/#website"},"primaryImageOfPage":{"@id":"https:\/\/blog.protur-hotels.com\/ca\/cala-ratjada-lloc-privilegiat-mallorca\/#primaryimage"},"image":{"@id":"https:\/\/blog.protur-hotels.com\/ca\/cala-ratjada-lloc-privilegiat-mallorca\/#primaryimage"},"thumbnailUrl":"https:\/\/blog.protur-hotels.com\/wp-content\/uploads\/2016\/12\/cala-ratjada-cala-rajada.jpg","datePublished":"2017-01-01T16:48:24+00:00","description":"Cala Ratjada, un lloc privilegiat a Mallorca per les m\u00faltiples opcions que t'ofereix. Tria aquest lloc per passar les vacances i descobrir\u00e0s platges i cales","breadcrumb":{"@id":"https:\/\/blog.protur-hotels.com\/ca\/cala-ratjada-lloc-privilegiat-mallorca\/#breadcrumb"},"inLanguage":"ca","potentialAction":[{"@type":"ReadAction","target":["https:\/\/blog.protur-hotels.com\/ca\/cala-ratjada-lloc-privilegiat-mallorca\/"]}]},{"@type":"ImageObject","inLanguage":"ca","@id":"https:\/\/blog.protur-hotels.com\/ca\/cala-ratjada-lloc-privilegiat-mallorca\/#primaryimage","url":"https:\/\/blog.protur-hotels.com\/wp-content\/uploads\/2016\/12\/cala-ratjada-cala-rajada.jpg","contentUrl":"https:\/\/blog.protur-hotels.com\/wp-content\/uploads\/2016\/12\/cala-ratjada-cala-rajada.jpg","width":800,"height":550,"caption":"privilegierter -calaratjada-cala-rajada.\u041a\u0430\u043b\u0430 \u0420\u0430\u0439\u0430\u0434\u0430 -privileged"},{"@type":"BreadcrumbList","@id":"https:\/\/blog.protur-hotels.com\/ca\/cala-ratjada-lloc-privilegiat-mallorca\/#breadcrumb","itemListElement":[{"@type":"ListItem","position":1,"name":"Portada","item":"https:\/\/blog.protur-hotels.com\/"},{"@type":"ListItem","position":2,"name":"Cala Ratjada, un lloc privilegiat a Mallorca"}]},{"@type":"WebSite","@id":"https:\/\/blog.protur-hotels.com\/#website","url":"https:\/\/blog.protur-hotels.com\/","name":"Blog Protur Hotels","description":"Un Blog para viajeros","publisher":{"@id":"https:\/\/blog.protur-hotels.com\/#organization"},"potentialAction":[{"@type":"SearchAction","target":{"@type":"EntryPoint","urlTemplate":"https:\/\/blog.protur-hotels.com\/?s={search_term_string}"},"query-input":{"@type":"PropertyValueSpecification","valueRequired":true,"valueName":"search_term_string"}}],"inLanguage":"ca"},{"@type":"Organization","@id":"https:\/\/blog.protur-hotels.com\/#organization","name":"Blog Protur Hotels","url":"https:\/\/blog.protur-hotels.com\/","logo":{"@type":"ImageObject","inLanguage":"ca","@id":"https:\/\/blog.protur-hotels.com\/#\/schema\/logo\/image\/","url":"https:\/\/blog.protur-hotels.com\/wp-content\/uploads\/2020\/03\/blog-protur-hotels-mallorca.png","contentUrl":"https:\/\/blog.protur-hotels.com\/wp-content\/uploads\/2020\/03\/blog-protur-hotels-mallorca.png","width":1422,"height":894,"caption":"Blog Protur Hotels"},"image":{"@id":"https:\/\/blog.protur-hotels.com\/#\/schema\/logo\/image\/"}},{"@type":"Person","@id":"https:\/\/blog.protur-hotels.com\/#\/schema\/person\/6eac7ca6e9a32baa4716fdd5d7358326","name":"Protur Hotels"}]}},"_links":{"self":[{"href":"https:\/\/blog.protur-hotels.com\/ca\/wp-json\/wp\/v2\/posts\/3121","targetHints":{"allow":["GET"]}}],"collection":[{"href":"https:\/\/blog.protur-hotels.com\/ca\/wp-json\/wp\/v2\/posts"}],"about":[{"href":"https:\/\/blog.protur-hotels.com\/ca\/wp-json\/wp\/v2\/types\/post"}],"author":[{"embeddable":true,"href":"https:\/\/blog.protur-hotels.com\/ca\/wp-json\/wp\/v2\/users\/3"}],"replies":[{"embeddable":true,"href":"https:\/\/blog.protur-hotels.com\/ca\/wp-json\/wp\/v2\/comments?post=3121"}],"version-history":[{"count":0,"href":"https:\/\/blog.protur-hotels.com\/ca\/wp-json\/wp\/v2\/posts\/3121\/revisions"}],"wp:featuredmedia":[{"embeddable":true,"href":"https:\/\/blog.protur-hotels.com\/ca\/wp-json\/wp\/v2\/media\/3117"}],"wp:attachment":[{"href":"https:\/\/blog.protur-hotels.com\/ca\/wp-json\/wp\/v2\/media?parent=3121"}],"wp:term":[{"taxonomy":"category","embeddable":true,"href":"https:\/\/blog.protur-hotels.com\/ca\/wp-json\/wp\/v2\/categories?post=3121"},{"taxonomy":"post_tag","embeddable":true,"href":"https:\/\/blog.protur-hotels.com\/ca\/wp-json\/wp\/v2\/tags?post=3121"}],"curies":[{"name":"wp","href":"https:\/\/api.w.org\/{rel}","templated":true}]}}