{"id":3186,"date":"2017-03-07T13:31:36","date_gmt":"2017-03-07T13:31:36","guid":{"rendered":"https:\/\/blog.protur-hotels.com\/ca\/?p=3186"},"modified":"2017-02-21T15:45:12","modified_gmt":"2017-02-21T15:45:12","slug":"escapada-gourmet-lautentic-sabor-mallorca","status":"publish","type":"post","link":"https:\/\/blog.protur-hotels.com\/ca\/escapada-gourmet-lautentic-sabor-mallorca\/","title":{"rendered":"Escapada gourmet: l&#8217;aut\u00e8ntic sabor de Mallorca"},"content":{"rendered":"<p><strong>Escapada gourmet: l&#8217;aut\u00e8ntic sabor de Mallorca<\/strong><\/p>\n<p>Atenci\u00f3 amants de la cuina: des de Protur Hotels venim a temptar-vos amb una deliciosa escapada gastron\u00f2mica gourmet al cor de Mallorca. \u00c9s aqu\u00ed on els aliments de sempre es troben amb els productes ex\u00f2tics arribats des dels confins m\u00e9s llunyans del nostre planeta. All\u00e0 on les receptes de ses padrines (les \u00e0vies) conflueixen amb les receptes dels xefs m\u00e9s revolucionaris i innovadors.<\/p>\n<p>Per gaudir aquesta e<strong>xperi\u00e8ncia apta tan sols per a paladars selectes<\/strong>, que busquen sempre anar un poc m\u00e9s enll\u00e0, en Protur Hotels tenim diverses propostes tant de restaurants amb tot incl\u00f2s com a la carta dins els nostres hotels&#8230; Per\u00f2, sense cap dubte, per a un bon gourmet, res millor que allotjar-se directament a la nostra acollidora <a href=\"http:\/\/protur-hotels.com\/ca\/hotels-mallorca\/residencia-son-floriana-restaurante\">Resid\u00e8ncia S\u00f3n Floriana de Cala Bona<\/a>.<\/p>\n<p>A causa de que aquesta magn\u00edfica resid\u00e8ncia nom\u00e9s posseeix 8 habitacions i de que es tracta d&#8217;una finca plena d&#8217;estil i aut\u00e8ntic esperit rural, pocs establiments trobar\u00e0s m\u00e9s adequats per degustar alguns dels plats m\u00e9s t\u00edpics del receptari de Mallorca com tumbet, arr\u00f2s brut, alberg\u00ednies i altres productes de l&#8217;horta, tot combinat amb materials delicatessen provinents de la mar i de les <em>matances<\/em>, tradicionals a Mallorca en aquests mesos d&#8217;hivern.<\/p>\n<p>Aquestes receptes de sempre, en les quals es pot resumir el <a href=\"http:\/\/protur-hotels.com\/ca\/ofertes-hotels-apartaments\/escapada-gourmet-a-cala-bona\">sabor de la Mallorca m\u00e9s aut\u00e8ntica<\/a>, s&#8217;elaboren als fogons de la Resid\u00e8ncia Son Floriana d&#8217;una manera tan especial que els comensals -fins i tot els residents mallorquins- es sorprenen al paladejar: tots els plats porten alguna cosa diferent, \u00fanic i realment original que els torna absolutament excepcionals.<\/p>\n<p>Provi el millor d&#8217;aquest espai culinari. Des de Protur Hotels recomanem l&#8217;oferta per a gourmets que inclou una nit d&#8217;hotel allotjat a La Resid\u00e8ncia i un men\u00fa degustaci\u00f3 que inclou un entrant, un plat de peix, un plat de carn i unes postres. Tot, assaonat amb un impressionant entorn que li dona a la cuina el poder menjar dins una finca mallorquina de les de sempre -una de les t\u00edpiques <em>possessions<\/em> mallorquines-, amb els seus porxos, els seus jardins, les seves finestretes t\u00edpiques i la seva pedra seca de mar\u00e8s que li donen aquest car\u00e0cter mediterrani tan inconfusible.<\/p>\n<p>Reserva ara i aix\u00ed podr\u00e0s espr\u00e9mer tot el suc a les teves escapades amb <a href=\"http:\/\/protur-hotels.com\/ca\">Protur Hotels<\/a>.<\/p>\n","protected":false},"excerpt":{"rendered":"<p>Escapada gourmet: l&#8217;aut\u00e8ntic sabor de Mallorca Atenci\u00f3 amants de la cuina: des de Protur Hotels venim a temptar-vos amb una deliciosa escapada gastron\u00f2mica gourmet al cor de Mallorca. \u00c9s aqu\u00ed&hellip;<\/p>\n","protected":false},"author":3,"featured_media":3178,"comment_status":"open","ping_status":"open","sticky":false,"template":"","format":"standard","meta":{"_lmt_disableupdate":"","_lmt_disable":"","footnotes":""},"categories":[414,240],"tags":[279,596,155],"class_list":["post-3186","post","type-post","status-publish","format-standard","has-post-thumbnail","hentry","category-hivern","category-vacances","tag-escapada","tag-gourmet","tag-mallorca"],"yoast_head":"<!-- This site is optimized with the Yoast SEO plugin v26.6 - https:\/\/yoast.com\/wordpress\/plugins\/seo\/ -->\n<title>Escapada gourmet: l&#039;aut\u00e8ntic sabor de Mallorca - Blog Protur Hotels<\/title>\n<meta name=\"description\" content=\"Escapada gourmet: Atenci\u00f3 amants de la cuina: des de Protur Hotels venim a temptar-vos amb una deliciosa escapada gastron\u00f2mica gourmet al cor de Mallorca.\" \/>\n<meta name=\"robots\" content=\"index, follow, max-snippet:-1, max-image-preview:large, max-video-preview:-1\" \/>\n<link rel=\"canonical\" href=\"https:\/\/blog.protur-hotels.com\/ca\/escapada-gourmet-lautentic-sabor-mallorca\/\" \/>\n<meta property=\"og:locale\" content=\"ca_ES\" \/>\n<meta property=\"og:type\" content=\"article\" \/>\n<meta property=\"og:title\" content=\"Escapada gourmet: l&#039;aut\u00e8ntic sabor de Mallorca - Blog Protur Hotels\" \/>\n<meta property=\"og:description\" content=\"Escapada gourmet: Atenci\u00f3 amants de la cuina: des de Protur Hotels venim a temptar-vos amb una deliciosa escapada gastron\u00f2mica gourmet al cor de Mallorca.\" \/>\n<meta property=\"og:url\" content=\"https:\/\/blog.protur-hotels.com\/ca\/escapada-gourmet-lautentic-sabor-mallorca\/\" \/>\n<meta property=\"og:site_name\" content=\"Blog Protur Hotels\" \/>\n<meta property=\"article:published_time\" content=\"2017-03-07T13:31:36+00:00\" \/>\n<meta property=\"og:image\" content=\"https:\/\/blog.protur-hotels.com\/wp-content\/uploads\/2017\/02\/Escapada-gourmet_-el-aute\u0301ntico-sabor-de-Mallorca.jpg\" \/>\n\t<meta property=\"og:image:width\" content=\"800\" \/>\n\t<meta property=\"og:image:height\" content=\"550\" \/>\n\t<meta property=\"og:image:type\" content=\"image\/jpeg\" \/>\n<meta name=\"author\" content=\"Protur Hotels\" \/>\n<meta name=\"twitter:card\" content=\"summary_large_image\" \/>\n<meta name=\"twitter:label1\" content=\"Escrit per\" \/>\n\t<meta name=\"twitter:data1\" content=\"Protur Hotels\" \/>\n\t<meta name=\"twitter:label2\" content=\"Temps estimat de lectura\" \/>\n\t<meta name=\"twitter:data2\" content=\"2 minuts\" \/>\n<script type=\"application\/ld+json\" class=\"yoast-schema-graph\">{\"@context\":\"https:\/\/schema.org\",\"@graph\":[{\"@type\":\"Article\",\"@id\":\"https:\/\/blog.protur-hotels.com\/ca\/escapada-gourmet-lautentic-sabor-mallorca\/#article\",\"isPartOf\":{\"@id\":\"https:\/\/blog.protur-hotels.com\/ca\/escapada-gourmet-lautentic-sabor-mallorca\/\"},\"author\":{\"name\":\"Protur Hotels\",\"@id\":\"https:\/\/blog.protur-hotels.com\/#\/schema\/person\/6eac7ca6e9a32baa4716fdd5d7358326\"},\"headline\":\"Escapada gourmet: l&#8217;aut\u00e8ntic sabor de Mallorca\",\"datePublished\":\"2017-03-07T13:31:36+00:00\",\"mainEntityOfPage\":{\"@id\":\"https:\/\/blog.protur-hotels.com\/ca\/escapada-gourmet-lautentic-sabor-mallorca\/\"},\"wordCount\":421,\"commentCount\":0,\"publisher\":{\"@id\":\"https:\/\/blog.protur-hotels.com\/#organization\"},\"image\":{\"@id\":\"https:\/\/blog.protur-hotels.com\/ca\/escapada-gourmet-lautentic-sabor-mallorca\/#primaryimage\"},\"thumbnailUrl\":\"https:\/\/blog.protur-hotels.com\/wp-content\/uploads\/2017\/02\/Escapada-gourmet_-el-aute\u0301ntico-sabor-de-Mallorca.jpg\",\"keywords\":[\"escapada\",\"Gourmet\",\"mallorca\"],\"articleSection\":[\"Hivern\",\"Vacances\"],\"inLanguage\":\"ca\"},{\"@type\":\"WebPage\",\"@id\":\"https:\/\/blog.protur-hotels.com\/ca\/escapada-gourmet-lautentic-sabor-mallorca\/\",\"url\":\"https:\/\/blog.protur-hotels.com\/ca\/escapada-gourmet-lautentic-sabor-mallorca\/\",\"name\":\"Escapada gourmet: l'aut\u00e8ntic sabor de Mallorca - Blog Protur Hotels\",\"isPartOf\":{\"@id\":\"https:\/\/blog.protur-hotels.com\/#website\"},\"primaryImageOfPage\":{\"@id\":\"https:\/\/blog.protur-hotels.com\/ca\/escapada-gourmet-lautentic-sabor-mallorca\/#primaryimage\"},\"image\":{\"@id\":\"https:\/\/blog.protur-hotels.com\/ca\/escapada-gourmet-lautentic-sabor-mallorca\/#primaryimage\"},\"thumbnailUrl\":\"https:\/\/blog.protur-hotels.com\/wp-content\/uploads\/2017\/02\/Escapada-gourmet_-el-aute\u0301ntico-sabor-de-Mallorca.jpg\",\"datePublished\":\"2017-03-07T13:31:36+00:00\",\"description\":\"Escapada gourmet: Atenci\u00f3 amants de la cuina: des de Protur Hotels venim a temptar-vos amb una deliciosa escapada gastron\u00f2mica gourmet al cor de Mallorca.\",\"breadcrumb\":{\"@id\":\"https:\/\/blog.protur-hotels.com\/ca\/escapada-gourmet-lautentic-sabor-mallorca\/#breadcrumb\"},\"inLanguage\":\"ca\",\"potentialAction\":[{\"@type\":\"ReadAction\",\"target\":[\"https:\/\/blog.protur-hotels.com\/ca\/escapada-gourmet-lautentic-sabor-mallorca\/\"]}]},{\"@type\":\"ImageObject\",\"inLanguage\":\"ca\",\"@id\":\"https:\/\/blog.protur-hotels.com\/ca\/escapada-gourmet-lautentic-sabor-mallorca\/#primaryimage\",\"url\":\"https:\/\/blog.protur-hotels.com\/wp-content\/uploads\/2017\/02\/Escapada-gourmet_-el-aute\u0301ntico-sabor-de-Mallorca.jpg\",\"contentUrl\":\"https:\/\/blog.protur-hotels.com\/wp-content\/uploads\/2017\/02\/Escapada-gourmet_-el-aute\u0301ntico-sabor-de-Mallorca.jpg\",\"width\":800,\"height\":550,\"caption\":\"\u041f\u043e\u0435\u0437\u0434\u043a\u0430-Gourmetabstecher-getaway-Escapade -Escapada gourmet_ el aute\u0301ntico sabor de Mallorca\"},{\"@type\":\"BreadcrumbList\",\"@id\":\"https:\/\/blog.protur-hotels.com\/ca\/escapada-gourmet-lautentic-sabor-mallorca\/#breadcrumb\",\"itemListElement\":[{\"@type\":\"ListItem\",\"position\":1,\"name\":\"Portada\",\"item\":\"https:\/\/blog.protur-hotels.com\/\"},{\"@type\":\"ListItem\",\"position\":2,\"name\":\"Escapada gourmet: l&#8217;aut\u00e8ntic sabor de Mallorca\"}]},{\"@type\":\"WebSite\",\"@id\":\"https:\/\/blog.protur-hotels.com\/#website\",\"url\":\"https:\/\/blog.protur-hotels.com\/\",\"name\":\"Blog Protur Hotels\",\"description\":\"Un Blog para viajeros\",\"publisher\":{\"@id\":\"https:\/\/blog.protur-hotels.com\/#organization\"},\"potentialAction\":[{\"@type\":\"SearchAction\",\"target\":{\"@type\":\"EntryPoint\",\"urlTemplate\":\"https:\/\/blog.protur-hotels.com\/?s={search_term_string}\"},\"query-input\":{\"@type\":\"PropertyValueSpecification\",\"valueRequired\":true,\"valueName\":\"search_term_string\"}}],\"inLanguage\":\"ca\"},{\"@type\":\"Organization\",\"@id\":\"https:\/\/blog.protur-hotels.com\/#organization\",\"name\":\"Blog Protur Hotels\",\"url\":\"https:\/\/blog.protur-hotels.com\/\",\"logo\":{\"@type\":\"ImageObject\",\"inLanguage\":\"ca\",\"@id\":\"https:\/\/blog.protur-hotels.com\/#\/schema\/logo\/image\/\",\"url\":\"https:\/\/blog.protur-hotels.com\/wp-content\/uploads\/2020\/03\/blog-protur-hotels-mallorca.png\",\"contentUrl\":\"https:\/\/blog.protur-hotels.com\/wp-content\/uploads\/2020\/03\/blog-protur-hotels-mallorca.png\",\"width\":1422,\"height\":894,\"caption\":\"Blog Protur Hotels\"},\"image\":{\"@id\":\"https:\/\/blog.protur-hotels.com\/#\/schema\/logo\/image\/\"}},{\"@type\":\"Person\",\"@id\":\"https:\/\/blog.protur-hotels.com\/#\/schema\/person\/6eac7ca6e9a32baa4716fdd5d7358326\",\"name\":\"Protur Hotels\"}]}<\/script>\n<!-- \/ Yoast SEO plugin. -->","yoast_head_json":{"title":"Escapada gourmet: l'aut\u00e8ntic sabor de Mallorca - Blog Protur Hotels","description":"Escapada gourmet: Atenci\u00f3 amants de la cuina: des de Protur Hotels venim a temptar-vos amb una deliciosa escapada gastron\u00f2mica gourmet al cor de Mallorca.","robots":{"index":"index","follow":"follow","max-snippet":"max-snippet:-1","max-image-preview":"max-image-preview:large","max-video-preview":"max-video-preview:-1"},"canonical":"https:\/\/blog.protur-hotels.com\/ca\/escapada-gourmet-lautentic-sabor-mallorca\/","og_locale":"ca_ES","og_type":"article","og_title":"Escapada gourmet: l'aut\u00e8ntic sabor de Mallorca - Blog Protur Hotels","og_description":"Escapada gourmet: Atenci\u00f3 amants de la cuina: des de Protur Hotels venim a temptar-vos amb una deliciosa escapada gastron\u00f2mica gourmet al cor de Mallorca.","og_url":"https:\/\/blog.protur-hotels.com\/ca\/escapada-gourmet-lautentic-sabor-mallorca\/","og_site_name":"Blog Protur Hotels","article_published_time":"2017-03-07T13:31:36+00:00","og_image":[{"width":800,"height":550,"url":"https:\/\/blog.protur-hotels.com\/wp-content\/uploads\/2017\/02\/Escapada-gourmet_-el-aute\u0301ntico-sabor-de-Mallorca.jpg","type":"image\/jpeg"}],"author":"Protur Hotels","twitter_card":"summary_large_image","twitter_misc":{"Escrit per":"Protur Hotels","Temps estimat de lectura":"2 minuts"},"schema":{"@context":"https:\/\/schema.org","@graph":[{"@type":"Article","@id":"https:\/\/blog.protur-hotels.com\/ca\/escapada-gourmet-lautentic-sabor-mallorca\/#article","isPartOf":{"@id":"https:\/\/blog.protur-hotels.com\/ca\/escapada-gourmet-lautentic-sabor-mallorca\/"},"author":{"name":"Protur Hotels","@id":"https:\/\/blog.protur-hotels.com\/#\/schema\/person\/6eac7ca6e9a32baa4716fdd5d7358326"},"headline":"Escapada gourmet: l&#8217;aut\u00e8ntic sabor de Mallorca","datePublished":"2017-03-07T13:31:36+00:00","mainEntityOfPage":{"@id":"https:\/\/blog.protur-hotels.com\/ca\/escapada-gourmet-lautentic-sabor-mallorca\/"},"wordCount":421,"commentCount":0,"publisher":{"@id":"https:\/\/blog.protur-hotels.com\/#organization"},"image":{"@id":"https:\/\/blog.protur-hotels.com\/ca\/escapada-gourmet-lautentic-sabor-mallorca\/#primaryimage"},"thumbnailUrl":"https:\/\/blog.protur-hotels.com\/wp-content\/uploads\/2017\/02\/Escapada-gourmet_-el-aute\u0301ntico-sabor-de-Mallorca.jpg","keywords":["escapada","Gourmet","mallorca"],"articleSection":["Hivern","Vacances"],"inLanguage":"ca"},{"@type":"WebPage","@id":"https:\/\/blog.protur-hotels.com\/ca\/escapada-gourmet-lautentic-sabor-mallorca\/","url":"https:\/\/blog.protur-hotels.com\/ca\/escapada-gourmet-lautentic-sabor-mallorca\/","name":"Escapada gourmet: l'aut\u00e8ntic sabor de Mallorca - Blog Protur Hotels","isPartOf":{"@id":"https:\/\/blog.protur-hotels.com\/#website"},"primaryImageOfPage":{"@id":"https:\/\/blog.protur-hotels.com\/ca\/escapada-gourmet-lautentic-sabor-mallorca\/#primaryimage"},"image":{"@id":"https:\/\/blog.protur-hotels.com\/ca\/escapada-gourmet-lautentic-sabor-mallorca\/#primaryimage"},"thumbnailUrl":"https:\/\/blog.protur-hotels.com\/wp-content\/uploads\/2017\/02\/Escapada-gourmet_-el-aute\u0301ntico-sabor-de-Mallorca.jpg","datePublished":"2017-03-07T13:31:36+00:00","description":"Escapada gourmet: Atenci\u00f3 amants de la cuina: des de Protur Hotels venim a temptar-vos amb una deliciosa escapada gastron\u00f2mica gourmet al cor de Mallorca.","breadcrumb":{"@id":"https:\/\/blog.protur-hotels.com\/ca\/escapada-gourmet-lautentic-sabor-mallorca\/#breadcrumb"},"inLanguage":"ca","potentialAction":[{"@type":"ReadAction","target":["https:\/\/blog.protur-hotels.com\/ca\/escapada-gourmet-lautentic-sabor-mallorca\/"]}]},{"@type":"ImageObject","inLanguage":"ca","@id":"https:\/\/blog.protur-hotels.com\/ca\/escapada-gourmet-lautentic-sabor-mallorca\/#primaryimage","url":"https:\/\/blog.protur-hotels.com\/wp-content\/uploads\/2017\/02\/Escapada-gourmet_-el-aute\u0301ntico-sabor-de-Mallorca.jpg","contentUrl":"https:\/\/blog.protur-hotels.com\/wp-content\/uploads\/2017\/02\/Escapada-gourmet_-el-aute\u0301ntico-sabor-de-Mallorca.jpg","width":800,"height":550,"caption":"\u041f\u043e\u0435\u0437\u0434\u043a\u0430-Gourmetabstecher-getaway-Escapade -Escapada gourmet_ el aute\u0301ntico sabor de Mallorca"},{"@type":"BreadcrumbList","@id":"https:\/\/blog.protur-hotels.com\/ca\/escapada-gourmet-lautentic-sabor-mallorca\/#breadcrumb","itemListElement":[{"@type":"ListItem","position":1,"name":"Portada","item":"https:\/\/blog.protur-hotels.com\/"},{"@type":"ListItem","position":2,"name":"Escapada gourmet: l&#8217;aut\u00e8ntic sabor de Mallorca"}]},{"@type":"WebSite","@id":"https:\/\/blog.protur-hotels.com\/#website","url":"https:\/\/blog.protur-hotels.com\/","name":"Blog Protur Hotels","description":"Un Blog para viajeros","publisher":{"@id":"https:\/\/blog.protur-hotels.com\/#organization"},"potentialAction":[{"@type":"SearchAction","target":{"@type":"EntryPoint","urlTemplate":"https:\/\/blog.protur-hotels.com\/?s={search_term_string}"},"query-input":{"@type":"PropertyValueSpecification","valueRequired":true,"valueName":"search_term_string"}}],"inLanguage":"ca"},{"@type":"Organization","@id":"https:\/\/blog.protur-hotels.com\/#organization","name":"Blog Protur Hotels","url":"https:\/\/blog.protur-hotels.com\/","logo":{"@type":"ImageObject","inLanguage":"ca","@id":"https:\/\/blog.protur-hotels.com\/#\/schema\/logo\/image\/","url":"https:\/\/blog.protur-hotels.com\/wp-content\/uploads\/2020\/03\/blog-protur-hotels-mallorca.png","contentUrl":"https:\/\/blog.protur-hotels.com\/wp-content\/uploads\/2020\/03\/blog-protur-hotels-mallorca.png","width":1422,"height":894,"caption":"Blog Protur Hotels"},"image":{"@id":"https:\/\/blog.protur-hotels.com\/#\/schema\/logo\/image\/"}},{"@type":"Person","@id":"https:\/\/blog.protur-hotels.com\/#\/schema\/person\/6eac7ca6e9a32baa4716fdd5d7358326","name":"Protur Hotels"}]}},"_links":{"self":[{"href":"https:\/\/blog.protur-hotels.com\/ca\/wp-json\/wp\/v2\/posts\/3186","targetHints":{"allow":["GET"]}}],"collection":[{"href":"https:\/\/blog.protur-hotels.com\/ca\/wp-json\/wp\/v2\/posts"}],"about":[{"href":"https:\/\/blog.protur-hotels.com\/ca\/wp-json\/wp\/v2\/types\/post"}],"author":[{"embeddable":true,"href":"https:\/\/blog.protur-hotels.com\/ca\/wp-json\/wp\/v2\/users\/3"}],"replies":[{"embeddable":true,"href":"https:\/\/blog.protur-hotels.com\/ca\/wp-json\/wp\/v2\/comments?post=3186"}],"version-history":[{"count":0,"href":"https:\/\/blog.protur-hotels.com\/ca\/wp-json\/wp\/v2\/posts\/3186\/revisions"}],"wp:featuredmedia":[{"embeddable":true,"href":"https:\/\/blog.protur-hotels.com\/ca\/wp-json\/wp\/v2\/media\/3178"}],"wp:attachment":[{"href":"https:\/\/blog.protur-hotels.com\/ca\/wp-json\/wp\/v2\/media?parent=3186"}],"wp:term":[{"taxonomy":"category","embeddable":true,"href":"https:\/\/blog.protur-hotels.com\/ca\/wp-json\/wp\/v2\/categories?post=3186"},{"taxonomy":"post_tag","embeddable":true,"href":"https:\/\/blog.protur-hotels.com\/ca\/wp-json\/wp\/v2\/tags?post=3186"}],"curies":[{"name":"wp","href":"https:\/\/api.w.org\/{rel}","templated":true}]}}