{"id":3306,"date":"2017-03-31T11:04:49","date_gmt":"2017-03-31T11:04:49","guid":{"rendered":"https:\/\/blog.protur-hotels.com\/ca\/?p=3306"},"modified":"2017-03-24T11:05:55","modified_gmt":"2017-03-24T11:05:55","slug":"intolerancies-i-al%c2%b7lergies-alimentaries","status":"publish","type":"post","link":"https:\/\/blog.protur-hotels.com\/ca\/intolerancies-i-al%c2%b7lergies-alimentaries\/","title":{"rendered":"Intoler\u00e0ncies i al\u00b7l\u00e8rgies aliment\u00e0ries"},"content":{"rendered":"<p>Les intoler\u00e0ncies i al\u00b7l\u00e8rgies aliment\u00e0ries, \u00e9s un punt molt important per als nostres clients.<br \/>\nEn<a title=\" Protur Hotels\" href=\"http:\/\/protur-hotels.com\/ca\/\" target=\"_blank\"> Protur Hotels<\/a> intentem satisfer les necessitats de tots els nostres clients, per aquest motiu, disposem d&#8217;un protocol en tots els hotels de la nostra cadena.<\/p>\n<p>Recomanem als clients amb intoler\u00e0ncies o al\u00b7l\u00e8rgies, que contactin amb l&#8217;hotel 2 setmanes abans de la seva arribada. En avisar-nos, podem realitzar comandes de productes especials depenent sempre de la intoler\u00e0ncia o al\u00b7l\u00e8rgia de cadascun d&#8217;ells.<\/p>\n<p>A l&#8217;arribada a l&#8217;hotel, des de recepci\u00f3 es posa al client en contacte amb el director o maitre de l&#8217;hotel, al costat del client se&#8217;ls indicar\u00e0 els aliments disponibles i si calgu\u00e9s s&#8217;elaboraran men\u00fas especials durant la seva estada.<\/p>\n<p>Formem al nostre personal sobre aquest tema, sobretot per evitar la temuda contaminaci\u00f3 creuada dels aliments i assegurar una gesti\u00f3 efectiva dels mateixos.<\/p>\n<p>El reglament defineix 14 al\u00b7lerg\u00f2gens que han d&#8217;etiquetar-se fins i tot en els aliments no envasats, en el nostre buffet, s&#8217;informa sempre de tots els al\u00b7lerg\u00f2gens i totes les subst\u00e0ncies que suposen un risc per a les persones que sofreixen al\u00b7l\u00e8rgies o intoler\u00e0ncies aliment\u00e0ries.<\/p>\n<p>Els 14 al\u00b7lerg\u00f2gens que s&#8217;indiquen en el buffet s\u00f3n:<\/p>\n<ul>\n<li>Gluten: Els cereals que contenen gluten s\u00f3n: blat, ordi, s\u00e8gol, civada i les seves varietats h\u00edbrides i productes derivats.<\/li>\n<li>Peix<\/li>\n<li>Crustacis i productes derivats dels crustacis<\/li>\n<li>Mol\u00b7luscs i productes amb mol\u00b7luscs<\/li>\n<li>Ous i productes amb ou<\/li>\n<li>Altramuces i productes amb altramuces<\/li>\n<li>Mostassa i productes amb mostassa<\/li>\n<li>Cacauets i productes amb cacauets<\/li>\n<li>Fruita seca i productes amb fruita seca<\/li>\n<li>Api i productes amb api<\/li>\n<li>S\u00e8sam i productes amb s\u00e8sam<\/li>\n<li>Soia i productes amb soia<\/li>\n<li>Llet i productes l\u00e0ctics (inclosa la lactosa)<\/li>\n<li>Di\u00f2xid de sofre i sulfits (en una concentraci\u00f3 de m\u00e9s de 10 mg\/kg o mg\/l)<\/li>\n<\/ul>\n","protected":false},"excerpt":{"rendered":"<p>Les intoler\u00e0ncies i al\u00b7l\u00e8rgies aliment\u00e0ries, \u00e9s un punt molt important per als nostres clients. En Protur Hotels intentem satisfer les necessitats de tots els nostres clients, per aquest motiu, disposem&hellip;<\/p>\n","protected":false},"author":3,"featured_media":3307,"comment_status":"open","ping_status":"open","sticky":false,"template":"","format":"standard","meta":{"_lmt_disableupdate":"","_lmt_disable":"","footnotes":""},"categories":[750,240],"tags":[752,751,62],"class_list":["post-3306","post","type-post","status-publish","format-standard","has-post-thumbnail","hentry","category-buffet","category-vacances","tag-al-lergies","tag-intolerancies","tag-protur-hotels"],"yoast_head":"<!-- This site is optimized with the Yoast SEO plugin v26.6 - https:\/\/yoast.com\/wordpress\/plugins\/seo\/ -->\n<title>Intoler\u00e0ncies i al\u00b7l\u00e8rgies aliment\u00e0ries - Blog Protur Hotels<\/title>\n<meta name=\"description\" content=\"Les intoler\u00e0ncies i al\u00b7l\u00e8rgies aliment\u00e0ries, \u00e9s un punt molt important per als nostres clients. A Protur Hotels intentem satisfer les necessitats.\" \/>\n<meta name=\"robots\" content=\"index, follow, max-snippet:-1, max-image-preview:large, max-video-preview:-1\" \/>\n<link rel=\"canonical\" href=\"https:\/\/blog.protur-hotels.com\/ca\/intolerancies-i-al\u00b7lergies-alimentaries\/\" \/>\n<meta property=\"og:locale\" content=\"ca_ES\" \/>\n<meta property=\"og:type\" content=\"article\" \/>\n<meta property=\"og:title\" content=\"Intoler\u00e0ncies i al\u00b7l\u00e8rgies aliment\u00e0ries - Blog Protur Hotels\" \/>\n<meta property=\"og:description\" content=\"Les intoler\u00e0ncies i al\u00b7l\u00e8rgies aliment\u00e0ries, \u00e9s un punt molt important per als nostres clients. A Protur Hotels intentem satisfer les necessitats.\" \/>\n<meta property=\"og:url\" content=\"https:\/\/blog.protur-hotels.com\/ca\/intolerancies-i-al\u00b7lergies-alimentaries\/\" \/>\n<meta property=\"og:site_name\" content=\"Blog Protur Hotels\" \/>\n<meta property=\"article:published_time\" content=\"2017-03-31T11:04:49+00:00\" \/>\n<meta property=\"og:image\" content=\"https:\/\/blog.protur-hotels.com\/wp-content\/uploads\/2017\/03\/intolerancias-alergias.jpg\" \/>\n\t<meta property=\"og:image:width\" content=\"800\" \/>\n\t<meta property=\"og:image:height\" content=\"550\" \/>\n\t<meta property=\"og:image:type\" content=\"image\/jpeg\" \/>\n<meta name=\"author\" content=\"Protur Hotels\" \/>\n<meta name=\"twitter:card\" content=\"summary_large_image\" \/>\n<meta name=\"twitter:label1\" content=\"Escrit per\" \/>\n\t<meta name=\"twitter:data1\" content=\"Protur Hotels\" \/>\n\t<meta name=\"twitter:label2\" content=\"Temps estimat de lectura\" \/>\n\t<meta name=\"twitter:data2\" content=\"2 minuts\" \/>\n<script type=\"application\/ld+json\" class=\"yoast-schema-graph\">{\"@context\":\"https:\/\/schema.org\",\"@graph\":[{\"@type\":\"Article\",\"@id\":\"https:\/\/blog.protur-hotels.com\/ca\/intolerancies-i-al%c2%b7lergies-alimentaries\/#article\",\"isPartOf\":{\"@id\":\"https:\/\/blog.protur-hotels.com\/ca\/intolerancies-i-al%c2%b7lergies-alimentaries\/\"},\"author\":{\"name\":\"Protur Hotels\",\"@id\":\"https:\/\/blog.protur-hotels.com\/#\/schema\/person\/6eac7ca6e9a32baa4716fdd5d7358326\"},\"headline\":\"Intoler\u00e0ncies i al\u00b7l\u00e8rgies aliment\u00e0ries\",\"datePublished\":\"2017-03-31T11:04:49+00:00\",\"mainEntityOfPage\":{\"@id\":\"https:\/\/blog.protur-hotels.com\/ca\/intolerancies-i-al%c2%b7lergies-alimentaries\/\"},\"wordCount\":337,\"commentCount\":0,\"publisher\":{\"@id\":\"https:\/\/blog.protur-hotels.com\/#organization\"},\"image\":{\"@id\":\"https:\/\/blog.protur-hotels.com\/ca\/intolerancies-i-al%c2%b7lergies-alimentaries\/#primaryimage\"},\"thumbnailUrl\":\"https:\/\/blog.protur-hotels.com\/wp-content\/uploads\/2017\/03\/intolerancias-alergias.jpg\",\"keywords\":[\"al.l\u00e8rgies\",\"Intoler\u00e0ncies\",\"Protur Hotels\"],\"articleSection\":[\"Buffet\",\"Vacances\"],\"inLanguage\":\"ca\"},{\"@type\":\"WebPage\",\"@id\":\"https:\/\/blog.protur-hotels.com\/ca\/intolerancies-i-al%c2%b7lergies-alimentaries\/\",\"url\":\"https:\/\/blog.protur-hotels.com\/ca\/intolerancies-i-al%c2%b7lergies-alimentaries\/\",\"name\":\"Intoler\u00e0ncies i al\u00b7l\u00e8rgies aliment\u00e0ries - Blog Protur Hotels\",\"isPartOf\":{\"@id\":\"https:\/\/blog.protur-hotels.com\/#website\"},\"primaryImageOfPage\":{\"@id\":\"https:\/\/blog.protur-hotels.com\/ca\/intolerancies-i-al%c2%b7lergies-alimentaries\/#primaryimage\"},\"image\":{\"@id\":\"https:\/\/blog.protur-hotels.com\/ca\/intolerancies-i-al%c2%b7lergies-alimentaries\/#primaryimage\"},\"thumbnailUrl\":\"https:\/\/blog.protur-hotels.com\/wp-content\/uploads\/2017\/03\/intolerancias-alergias.jpg\",\"datePublished\":\"2017-03-31T11:04:49+00:00\",\"description\":\"Les intoler\u00e0ncies i al\u00b7l\u00e8rgies aliment\u00e0ries, \u00e9s un punt molt important per als nostres clients. A Protur Hotels intentem satisfer les necessitats.\",\"breadcrumb\":{\"@id\":\"https:\/\/blog.protur-hotels.com\/ca\/intolerancies-i-al%c2%b7lergies-alimentaries\/#breadcrumb\"},\"inLanguage\":\"ca\",\"potentialAction\":[{\"@type\":\"ReadAction\",\"target\":[\"https:\/\/blog.protur-hotels.com\/ca\/intolerancies-i-al%c2%b7lergies-alimentaries\/\"]}]},{\"@type\":\"ImageObject\",\"inLanguage\":\"ca\",\"@id\":\"https:\/\/blog.protur-hotels.com\/ca\/intolerancies-i-al%c2%b7lergies-alimentaries\/#primaryimage\",\"url\":\"https:\/\/blog.protur-hotels.com\/wp-content\/uploads\/2017\/03\/intolerancias-alergias.jpg\",\"contentUrl\":\"https:\/\/blog.protur-hotels.com\/wp-content\/uploads\/2017\/03\/intolerancias-alergias.jpg\",\"width\":800,\"height\":550,\"caption\":\"\u041f\u0438\u0449\u0435\u0432\u0430\u044f- allergies-intolerance-intolerancias-alergias-intoler\u00e0ncies-al\u00b7l\u00e8rgies-Allergien\"},{\"@type\":\"BreadcrumbList\",\"@id\":\"https:\/\/blog.protur-hotels.com\/ca\/intolerancies-i-al%c2%b7lergies-alimentaries\/#breadcrumb\",\"itemListElement\":[{\"@type\":\"ListItem\",\"position\":1,\"name\":\"Portada\",\"item\":\"https:\/\/blog.protur-hotels.com\/\"},{\"@type\":\"ListItem\",\"position\":2,\"name\":\"Intoler\u00e0ncies i al\u00b7l\u00e8rgies aliment\u00e0ries\"}]},{\"@type\":\"WebSite\",\"@id\":\"https:\/\/blog.protur-hotels.com\/#website\",\"url\":\"https:\/\/blog.protur-hotels.com\/\",\"name\":\"Blog Protur Hotels\",\"description\":\"Un Blog para viajeros\",\"publisher\":{\"@id\":\"https:\/\/blog.protur-hotels.com\/#organization\"},\"potentialAction\":[{\"@type\":\"SearchAction\",\"target\":{\"@type\":\"EntryPoint\",\"urlTemplate\":\"https:\/\/blog.protur-hotels.com\/?s={search_term_string}\"},\"query-input\":{\"@type\":\"PropertyValueSpecification\",\"valueRequired\":true,\"valueName\":\"search_term_string\"}}],\"inLanguage\":\"ca\"},{\"@type\":\"Organization\",\"@id\":\"https:\/\/blog.protur-hotels.com\/#organization\",\"name\":\"Blog Protur Hotels\",\"url\":\"https:\/\/blog.protur-hotels.com\/\",\"logo\":{\"@type\":\"ImageObject\",\"inLanguage\":\"ca\",\"@id\":\"https:\/\/blog.protur-hotels.com\/#\/schema\/logo\/image\/\",\"url\":\"https:\/\/blog.protur-hotels.com\/wp-content\/uploads\/2020\/03\/blog-protur-hotels-mallorca.png\",\"contentUrl\":\"https:\/\/blog.protur-hotels.com\/wp-content\/uploads\/2020\/03\/blog-protur-hotels-mallorca.png\",\"width\":1422,\"height\":894,\"caption\":\"Blog Protur Hotels\"},\"image\":{\"@id\":\"https:\/\/blog.protur-hotels.com\/#\/schema\/logo\/image\/\"}},{\"@type\":\"Person\",\"@id\":\"https:\/\/blog.protur-hotels.com\/#\/schema\/person\/6eac7ca6e9a32baa4716fdd5d7358326\",\"name\":\"Protur Hotels\"}]}<\/script>\n<!-- \/ Yoast SEO plugin. -->","yoast_head_json":{"title":"Intoler\u00e0ncies i al\u00b7l\u00e8rgies aliment\u00e0ries - Blog Protur Hotels","description":"Les intoler\u00e0ncies i al\u00b7l\u00e8rgies aliment\u00e0ries, \u00e9s un punt molt important per als nostres clients. A Protur Hotels intentem satisfer les necessitats.","robots":{"index":"index","follow":"follow","max-snippet":"max-snippet:-1","max-image-preview":"max-image-preview:large","max-video-preview":"max-video-preview:-1"},"canonical":"https:\/\/blog.protur-hotels.com\/ca\/intolerancies-i-al\u00b7lergies-alimentaries\/","og_locale":"ca_ES","og_type":"article","og_title":"Intoler\u00e0ncies i al\u00b7l\u00e8rgies aliment\u00e0ries - Blog Protur Hotels","og_description":"Les intoler\u00e0ncies i al\u00b7l\u00e8rgies aliment\u00e0ries, \u00e9s un punt molt important per als nostres clients. A Protur Hotels intentem satisfer les necessitats.","og_url":"https:\/\/blog.protur-hotels.com\/ca\/intolerancies-i-al\u00b7lergies-alimentaries\/","og_site_name":"Blog Protur Hotels","article_published_time":"2017-03-31T11:04:49+00:00","og_image":[{"width":800,"height":550,"url":"https:\/\/blog.protur-hotels.com\/wp-content\/uploads\/2017\/03\/intolerancias-alergias.jpg","type":"image\/jpeg"}],"author":"Protur Hotels","twitter_card":"summary_large_image","twitter_misc":{"Escrit per":"Protur Hotels","Temps estimat de lectura":"2 minuts"},"schema":{"@context":"https:\/\/schema.org","@graph":[{"@type":"Article","@id":"https:\/\/blog.protur-hotels.com\/ca\/intolerancies-i-al%c2%b7lergies-alimentaries\/#article","isPartOf":{"@id":"https:\/\/blog.protur-hotels.com\/ca\/intolerancies-i-al%c2%b7lergies-alimentaries\/"},"author":{"name":"Protur Hotels","@id":"https:\/\/blog.protur-hotels.com\/#\/schema\/person\/6eac7ca6e9a32baa4716fdd5d7358326"},"headline":"Intoler\u00e0ncies i al\u00b7l\u00e8rgies aliment\u00e0ries","datePublished":"2017-03-31T11:04:49+00:00","mainEntityOfPage":{"@id":"https:\/\/blog.protur-hotels.com\/ca\/intolerancies-i-al%c2%b7lergies-alimentaries\/"},"wordCount":337,"commentCount":0,"publisher":{"@id":"https:\/\/blog.protur-hotels.com\/#organization"},"image":{"@id":"https:\/\/blog.protur-hotels.com\/ca\/intolerancies-i-al%c2%b7lergies-alimentaries\/#primaryimage"},"thumbnailUrl":"https:\/\/blog.protur-hotels.com\/wp-content\/uploads\/2017\/03\/intolerancias-alergias.jpg","keywords":["al.l\u00e8rgies","Intoler\u00e0ncies","Protur Hotels"],"articleSection":["Buffet","Vacances"],"inLanguage":"ca"},{"@type":"WebPage","@id":"https:\/\/blog.protur-hotels.com\/ca\/intolerancies-i-al%c2%b7lergies-alimentaries\/","url":"https:\/\/blog.protur-hotels.com\/ca\/intolerancies-i-al%c2%b7lergies-alimentaries\/","name":"Intoler\u00e0ncies i al\u00b7l\u00e8rgies aliment\u00e0ries - Blog Protur Hotels","isPartOf":{"@id":"https:\/\/blog.protur-hotels.com\/#website"},"primaryImageOfPage":{"@id":"https:\/\/blog.protur-hotels.com\/ca\/intolerancies-i-al%c2%b7lergies-alimentaries\/#primaryimage"},"image":{"@id":"https:\/\/blog.protur-hotels.com\/ca\/intolerancies-i-al%c2%b7lergies-alimentaries\/#primaryimage"},"thumbnailUrl":"https:\/\/blog.protur-hotels.com\/wp-content\/uploads\/2017\/03\/intolerancias-alergias.jpg","datePublished":"2017-03-31T11:04:49+00:00","description":"Les intoler\u00e0ncies i al\u00b7l\u00e8rgies aliment\u00e0ries, \u00e9s un punt molt important per als nostres clients. A Protur Hotels intentem satisfer les necessitats.","breadcrumb":{"@id":"https:\/\/blog.protur-hotels.com\/ca\/intolerancies-i-al%c2%b7lergies-alimentaries\/#breadcrumb"},"inLanguage":"ca","potentialAction":[{"@type":"ReadAction","target":["https:\/\/blog.protur-hotels.com\/ca\/intolerancies-i-al%c2%b7lergies-alimentaries\/"]}]},{"@type":"ImageObject","inLanguage":"ca","@id":"https:\/\/blog.protur-hotels.com\/ca\/intolerancies-i-al%c2%b7lergies-alimentaries\/#primaryimage","url":"https:\/\/blog.protur-hotels.com\/wp-content\/uploads\/2017\/03\/intolerancias-alergias.jpg","contentUrl":"https:\/\/blog.protur-hotels.com\/wp-content\/uploads\/2017\/03\/intolerancias-alergias.jpg","width":800,"height":550,"caption":"\u041f\u0438\u0449\u0435\u0432\u0430\u044f- allergies-intolerance-intolerancias-alergias-intoler\u00e0ncies-al\u00b7l\u00e8rgies-Allergien"},{"@type":"BreadcrumbList","@id":"https:\/\/blog.protur-hotels.com\/ca\/intolerancies-i-al%c2%b7lergies-alimentaries\/#breadcrumb","itemListElement":[{"@type":"ListItem","position":1,"name":"Portada","item":"https:\/\/blog.protur-hotels.com\/"},{"@type":"ListItem","position":2,"name":"Intoler\u00e0ncies i al\u00b7l\u00e8rgies aliment\u00e0ries"}]},{"@type":"WebSite","@id":"https:\/\/blog.protur-hotels.com\/#website","url":"https:\/\/blog.protur-hotels.com\/","name":"Blog Protur Hotels","description":"Un Blog para viajeros","publisher":{"@id":"https:\/\/blog.protur-hotels.com\/#organization"},"potentialAction":[{"@type":"SearchAction","target":{"@type":"EntryPoint","urlTemplate":"https:\/\/blog.protur-hotels.com\/?s={search_term_string}"},"query-input":{"@type":"PropertyValueSpecification","valueRequired":true,"valueName":"search_term_string"}}],"inLanguage":"ca"},{"@type":"Organization","@id":"https:\/\/blog.protur-hotels.com\/#organization","name":"Blog Protur Hotels","url":"https:\/\/blog.protur-hotels.com\/","logo":{"@type":"ImageObject","inLanguage":"ca","@id":"https:\/\/blog.protur-hotels.com\/#\/schema\/logo\/image\/","url":"https:\/\/blog.protur-hotels.com\/wp-content\/uploads\/2020\/03\/blog-protur-hotels-mallorca.png","contentUrl":"https:\/\/blog.protur-hotels.com\/wp-content\/uploads\/2020\/03\/blog-protur-hotels-mallorca.png","width":1422,"height":894,"caption":"Blog Protur Hotels"},"image":{"@id":"https:\/\/blog.protur-hotels.com\/#\/schema\/logo\/image\/"}},{"@type":"Person","@id":"https:\/\/blog.protur-hotels.com\/#\/schema\/person\/6eac7ca6e9a32baa4716fdd5d7358326","name":"Protur Hotels"}]}},"_links":{"self":[{"href":"https:\/\/blog.protur-hotels.com\/ca\/wp-json\/wp\/v2\/posts\/3306","targetHints":{"allow":["GET"]}}],"collection":[{"href":"https:\/\/blog.protur-hotels.com\/ca\/wp-json\/wp\/v2\/posts"}],"about":[{"href":"https:\/\/blog.protur-hotels.com\/ca\/wp-json\/wp\/v2\/types\/post"}],"author":[{"embeddable":true,"href":"https:\/\/blog.protur-hotels.com\/ca\/wp-json\/wp\/v2\/users\/3"}],"replies":[{"embeddable":true,"href":"https:\/\/blog.protur-hotels.com\/ca\/wp-json\/wp\/v2\/comments?post=3306"}],"version-history":[{"count":0,"href":"https:\/\/blog.protur-hotels.com\/ca\/wp-json\/wp\/v2\/posts\/3306\/revisions"}],"wp:featuredmedia":[{"embeddable":true,"href":"https:\/\/blog.protur-hotels.com\/ca\/wp-json\/wp\/v2\/media\/3307"}],"wp:attachment":[{"href":"https:\/\/blog.protur-hotels.com\/ca\/wp-json\/wp\/v2\/media?parent=3306"}],"wp:term":[{"taxonomy":"category","embeddable":true,"href":"https:\/\/blog.protur-hotels.com\/ca\/wp-json\/wp\/v2\/categories?post=3306"},{"taxonomy":"post_tag","embeddable":true,"href":"https:\/\/blog.protur-hotels.com\/ca\/wp-json\/wp\/v2\/tags?post=3306"}],"curies":[{"name":"wp","href":"https:\/\/api.w.org\/{rel}","templated":true}]}}