{"id":3707,"date":"2017-10-09T13:55:53","date_gmt":"2017-10-09T13:55:53","guid":{"rendered":"https:\/\/blog.protur-hotels.com\/ca\/?p=3707"},"modified":"2017-10-09T13:55:53","modified_gmt":"2017-10-09T13:55:53","slug":"sabor-les-vacances","status":"publish","type":"post","link":"https:\/\/blog.protur-hotels.com\/ca\/sabor-les-vacances\/","title":{"rendered":"El sabor de les vacances"},"content":{"rendered":"<p><strong>El sabor de les vacances<\/strong><\/p>\n<p>La gastronomia \u00e9s un d&#8217;aquests plaers que ens porten a viatjar per tot el m\u00f3n des de la comoditat de la nostra taula. Quan viatgem \u00e9s un dels elements clau per poder con\u00e8ixer b\u00e9 la destinaci\u00f3 en la qual ens trobem i \u00e9s, tamb\u00e9, una oportunitat per compartir moments i hist\u00f2ries amb la gent nativa. Gaudint d&#8217;aquests sabors ens acostem un poc a la seva cultura i a les seves tradicions i, moltes vegades, \u00e9s la millor forma d&#8217;aconseguir entendre l&#8217;ess\u00e8ncia del seu dia a dia.<\/p>\n<p>En\u00a0Protur\u00a0Hotels\u00a0som amants declarats de la gastronomia. Si has estat en algun dels nostres hotels a Mallorca o Almeria sabr\u00e0s que cuidem al m\u00e0xim aquest servei de gastronomia i que, de fet, tenim allotjaments orientats per fer gaudir d&#8217;experi\u00e8ncies \u00faniques fins i tot als paladars m\u00e9s exigents amb els millors productes locals.<\/p>\n<p><strong>Cuina mallorquina<\/strong><\/p>\n<p><a name=\"_GoBack\"><\/a> Un dels nostres hotels en la costa est de Mallorca \u00e9s la resid\u00e8ncia Restaurant Son\u00a0Floriana, a la encantadora zona de Cala Bona. Es tracta d&#8217;un lloc ple de tradici\u00f3 i d&#8217;encant i no solament per la seva gastronomia: \u00e9s una antiga possessi\u00f3 mallorquina d&#8217;estil tradicional envoltada pels bells camps t\u00edpics de Mallorca.<\/p>\n<p>\u00c9s un rac\u00f3 que molts trien per organitzar esdeveniments especials i noces i al qual m\u00faltiples clients han convertit ja en el seu refugi de vacances. Els men\u00fas del Restaurant Son\u00a0Floriana\u00a0porten el segell inconfusible del gran xef de cuina Sebasti\u00e0 Bonet i la garantia que tots els plats estan elaborats amb productes de la m\u00e0xima qualitat.<\/p>\n<p>Una altra de les nostres opcions per a gourmets \u00e9s el restaurant BOU del\u00a0Protur\u00a0Sa Coma Playa Hotel &amp; Spa, que presumeix de tenir tot un Estel\u00a0Michelin. Perfecte per aquells que volen combinar un viatge amb relax,\u00a0wellness\u00a0i gastronomia.<\/p>\n<p><strong>Sabors d&#8217;Andalusia<\/strong><\/p>\n<p>Sense deixar la mar Mediterr\u00e0nia, ens movem fins al nostre hotel ubicat a Almeria on la gastronomia andalusa es torna protagonista i els plats estan plens d&#8217;aquest ritme i color \u00fanic d&#8217;aquesta terra incomparable.<\/p>\n<p>El\u00a0Protur\u00a0Roquetas\u00a0Hotel &amp; Spa \u00e9s un hotel de 5 estels amb r\u00e8gim Tot Incl\u00f2s amb\u00a0bufet\u00a0integral i diversos restaurants tem\u00e0tics, una oferta i varietat que permeten a cada client gaudir durant totes les vacances de sabors diversos i, tamb\u00e9, descobrir els plats m\u00e9s aut\u00e8ntics de la gastronomia andalusa.<\/p>\n<p>Per als paladars m\u00e9s ex\u00f2tics, la nostra recomanaci\u00f3 \u00e9s provar el restaurant La Sal de\u00a0Roquetas, dedicat a la m\u00e9s exclusiva cuina italiana; i el restaurant\u00a0Asian, el rac\u00f3 del nostre hotel on pots trobar plats de la cuina japonesa, xinesa, tailandesa o \u00edndia.<\/p>\n<p><em>Posa-li sabor als teus escapades amb <\/em><a href=\"http:\/\/protur-hotels.com\/ca\"><em><u>Protur Hotels<\/u><\/em><\/a><em>.<\/em><\/p>\n","protected":false},"excerpt":{"rendered":"<p>El sabor de les vacances La gastronomia \u00e9s un d&#8217;aquests plaers que ens porten a viatjar per tot el m\u00f3n des de la comoditat de la nostra taula. Quan viatgem&hellip;<\/p>\n","protected":false},"author":3,"featured_media":3705,"comment_status":"open","ping_status":"open","sticky":false,"template":"","format":"standard","meta":{"_lmt_disableupdate":"","_lmt_disable":"","footnotes":""},"categories":[876,837,840],"tags":[383,875,190],"class_list":["post-3707","post","type-post","status-publish","format-standard","has-post-thumbnail","hentry","category-gastonomia","category-mallorca-ca","category-protur-hotels-ca","tag-illes-balears","tag-sabor","tag-vacances"],"yoast_head":"<!-- This site is optimized with the Yoast SEO plugin v26.6 - https:\/\/yoast.com\/wordpress\/plugins\/seo\/ -->\n<title>El sabor de les vacances - Blog Protur Hotels<\/title>\n<meta name=\"description\" content=\"El sabor de les vacances La gastronomia \u00e9s un d&#039;aquests plaers que ens porten a viatjar per tot el m\u00f3n des de la comoditat de la nostra taula.\" \/>\n<meta name=\"robots\" content=\"index, follow, max-snippet:-1, max-image-preview:large, max-video-preview:-1\" \/>\n<link rel=\"canonical\" href=\"https:\/\/blog.protur-hotels.com\/ca\/sabor-les-vacances\/\" \/>\n<meta property=\"og:locale\" content=\"ca_ES\" \/>\n<meta property=\"og:type\" content=\"article\" \/>\n<meta property=\"og:title\" content=\"El sabor de les vacances - Blog Protur Hotels\" \/>\n<meta property=\"og:description\" content=\"El sabor de les vacances La gastronomia \u00e9s un d&#039;aquests plaers que ens porten a viatjar per tot el m\u00f3n des de la comoditat de la nostra taula.\" \/>\n<meta property=\"og:url\" content=\"https:\/\/blog.protur-hotels.com\/ca\/sabor-les-vacances\/\" \/>\n<meta property=\"og:site_name\" content=\"Blog Protur Hotels\" \/>\n<meta property=\"article:published_time\" content=\"2017-10-09T13:55:53+00:00\" \/>\n<meta property=\"og:image\" content=\"https:\/\/blog.protur-hotels.com\/wp-content\/uploads\/2017\/10\/El-sabor-de-la-vacaciones.jpg\" \/>\n\t<meta property=\"og:image:width\" content=\"800\" \/>\n\t<meta property=\"og:image:height\" content=\"650\" \/>\n\t<meta property=\"og:image:type\" content=\"image\/jpeg\" \/>\n<meta name=\"author\" content=\"Protur Hotels\" \/>\n<meta name=\"twitter:card\" content=\"summary_large_image\" \/>\n<meta name=\"twitter:label1\" content=\"Escrit per\" \/>\n\t<meta name=\"twitter:data1\" content=\"Protur Hotels\" \/>\n\t<meta name=\"twitter:label2\" content=\"Temps estimat de lectura\" \/>\n\t<meta name=\"twitter:data2\" content=\"2 minuts\" \/>\n<script type=\"application\/ld+json\" class=\"yoast-schema-graph\">{\"@context\":\"https:\/\/schema.org\",\"@graph\":[{\"@type\":\"Article\",\"@id\":\"https:\/\/blog.protur-hotels.com\/ca\/sabor-les-vacances\/#article\",\"isPartOf\":{\"@id\":\"https:\/\/blog.protur-hotels.com\/ca\/sabor-les-vacances\/\"},\"author\":{\"name\":\"Protur Hotels\",\"@id\":\"https:\/\/blog.protur-hotels.com\/#\/schema\/person\/6eac7ca6e9a32baa4716fdd5d7358326\"},\"headline\":\"El sabor de les vacances\",\"datePublished\":\"2017-10-09T13:55:53+00:00\",\"mainEntityOfPage\":{\"@id\":\"https:\/\/blog.protur-hotels.com\/ca\/sabor-les-vacances\/\"},\"wordCount\":476,\"commentCount\":0,\"publisher\":{\"@id\":\"https:\/\/blog.protur-hotels.com\/#organization\"},\"image\":{\"@id\":\"https:\/\/blog.protur-hotels.com\/ca\/sabor-les-vacances\/#primaryimage\"},\"thumbnailUrl\":\"https:\/\/blog.protur-hotels.com\/wp-content\/uploads\/2017\/10\/El-sabor-de-la-vacaciones.jpg\",\"keywords\":[\"Illes Balears\",\"Sabor\",\"vacances\"],\"articleSection\":[\"Gastonomia\",\"Mallorca\",\"Protur Hotels\"],\"inLanguage\":\"ca\"},{\"@type\":\"WebPage\",\"@id\":\"https:\/\/blog.protur-hotels.com\/ca\/sabor-les-vacances\/\",\"url\":\"https:\/\/blog.protur-hotels.com\/ca\/sabor-les-vacances\/\",\"name\":\"El sabor de les vacances - Blog Protur Hotels\",\"isPartOf\":{\"@id\":\"https:\/\/blog.protur-hotels.com\/#website\"},\"primaryImageOfPage\":{\"@id\":\"https:\/\/blog.protur-hotels.com\/ca\/sabor-les-vacances\/#primaryimage\"},\"image\":{\"@id\":\"https:\/\/blog.protur-hotels.com\/ca\/sabor-les-vacances\/#primaryimage\"},\"thumbnailUrl\":\"https:\/\/blog.protur-hotels.com\/wp-content\/uploads\/2017\/10\/El-sabor-de-la-vacaciones.jpg\",\"datePublished\":\"2017-10-09T13:55:53+00:00\",\"description\":\"El sabor de les vacances La gastronomia \u00e9s un d'aquests plaers que ens porten a viatjar per tot el m\u00f3n des de la comoditat de la nostra taula.\",\"breadcrumb\":{\"@id\":\"https:\/\/blog.protur-hotels.com\/ca\/sabor-les-vacances\/#breadcrumb\"},\"inLanguage\":\"ca\",\"potentialAction\":[{\"@type\":\"ReadAction\",\"target\":[\"https:\/\/blog.protur-hotels.com\/ca\/sabor-les-vacances\/\"]}]},{\"@type\":\"ImageObject\",\"inLanguage\":\"ca\",\"@id\":\"https:\/\/blog.protur-hotels.com\/ca\/sabor-les-vacances\/#primaryimage\",\"url\":\"https:\/\/blog.protur-hotels.com\/wp-content\/uploads\/2017\/10\/El-sabor-de-la-vacaciones.jpg\",\"contentUrl\":\"https:\/\/blog.protur-hotels.com\/wp-content\/uploads\/2017\/10\/El-sabor-de-la-vacaciones.jpg\",\"width\":800,\"height\":650,\"caption\":\"El-sabor-de-la- vacaciones-Geschmack-flavours-saveur-\u043f\u0443\u0442\u0435\u0448\u0435\u0441\u0442\u0432\u0438\u044f\"},{\"@type\":\"BreadcrumbList\",\"@id\":\"https:\/\/blog.protur-hotels.com\/ca\/sabor-les-vacances\/#breadcrumb\",\"itemListElement\":[{\"@type\":\"ListItem\",\"position\":1,\"name\":\"Portada\",\"item\":\"https:\/\/blog.protur-hotels.com\/\"},{\"@type\":\"ListItem\",\"position\":2,\"name\":\"El sabor de les vacances\"}]},{\"@type\":\"WebSite\",\"@id\":\"https:\/\/blog.protur-hotels.com\/#website\",\"url\":\"https:\/\/blog.protur-hotels.com\/\",\"name\":\"Blog Protur Hotels\",\"description\":\"Un Blog para viajeros\",\"publisher\":{\"@id\":\"https:\/\/blog.protur-hotels.com\/#organization\"},\"potentialAction\":[{\"@type\":\"SearchAction\",\"target\":{\"@type\":\"EntryPoint\",\"urlTemplate\":\"https:\/\/blog.protur-hotels.com\/?s={search_term_string}\"},\"query-input\":{\"@type\":\"PropertyValueSpecification\",\"valueRequired\":true,\"valueName\":\"search_term_string\"}}],\"inLanguage\":\"ca\"},{\"@type\":\"Organization\",\"@id\":\"https:\/\/blog.protur-hotels.com\/#organization\",\"name\":\"Blog Protur Hotels\",\"url\":\"https:\/\/blog.protur-hotels.com\/\",\"logo\":{\"@type\":\"ImageObject\",\"inLanguage\":\"ca\",\"@id\":\"https:\/\/blog.protur-hotels.com\/#\/schema\/logo\/image\/\",\"url\":\"https:\/\/blog.protur-hotels.com\/wp-content\/uploads\/2020\/03\/blog-protur-hotels-mallorca.png\",\"contentUrl\":\"https:\/\/blog.protur-hotels.com\/wp-content\/uploads\/2020\/03\/blog-protur-hotels-mallorca.png\",\"width\":1422,\"height\":894,\"caption\":\"Blog Protur Hotels\"},\"image\":{\"@id\":\"https:\/\/blog.protur-hotels.com\/#\/schema\/logo\/image\/\"}},{\"@type\":\"Person\",\"@id\":\"https:\/\/blog.protur-hotels.com\/#\/schema\/person\/6eac7ca6e9a32baa4716fdd5d7358326\",\"name\":\"Protur Hotels\"}]}<\/script>\n<!-- \/ Yoast SEO plugin. -->","yoast_head_json":{"title":"El sabor de les vacances - Blog Protur Hotels","description":"El sabor de les vacances La gastronomia \u00e9s un d'aquests plaers que ens porten a viatjar per tot el m\u00f3n des de la comoditat de la nostra taula.","robots":{"index":"index","follow":"follow","max-snippet":"max-snippet:-1","max-image-preview":"max-image-preview:large","max-video-preview":"max-video-preview:-1"},"canonical":"https:\/\/blog.protur-hotels.com\/ca\/sabor-les-vacances\/","og_locale":"ca_ES","og_type":"article","og_title":"El sabor de les vacances - Blog Protur Hotels","og_description":"El sabor de les vacances La gastronomia \u00e9s un d'aquests plaers que ens porten a viatjar per tot el m\u00f3n des de la comoditat de la nostra taula.","og_url":"https:\/\/blog.protur-hotels.com\/ca\/sabor-les-vacances\/","og_site_name":"Blog Protur Hotels","article_published_time":"2017-10-09T13:55:53+00:00","og_image":[{"width":800,"height":650,"url":"https:\/\/blog.protur-hotels.com\/wp-content\/uploads\/2017\/10\/El-sabor-de-la-vacaciones.jpg","type":"image\/jpeg"}],"author":"Protur Hotels","twitter_card":"summary_large_image","twitter_misc":{"Escrit per":"Protur Hotels","Temps estimat de lectura":"2 minuts"},"schema":{"@context":"https:\/\/schema.org","@graph":[{"@type":"Article","@id":"https:\/\/blog.protur-hotels.com\/ca\/sabor-les-vacances\/#article","isPartOf":{"@id":"https:\/\/blog.protur-hotels.com\/ca\/sabor-les-vacances\/"},"author":{"name":"Protur Hotels","@id":"https:\/\/blog.protur-hotels.com\/#\/schema\/person\/6eac7ca6e9a32baa4716fdd5d7358326"},"headline":"El sabor de les vacances","datePublished":"2017-10-09T13:55:53+00:00","mainEntityOfPage":{"@id":"https:\/\/blog.protur-hotels.com\/ca\/sabor-les-vacances\/"},"wordCount":476,"commentCount":0,"publisher":{"@id":"https:\/\/blog.protur-hotels.com\/#organization"},"image":{"@id":"https:\/\/blog.protur-hotels.com\/ca\/sabor-les-vacances\/#primaryimage"},"thumbnailUrl":"https:\/\/blog.protur-hotels.com\/wp-content\/uploads\/2017\/10\/El-sabor-de-la-vacaciones.jpg","keywords":["Illes Balears","Sabor","vacances"],"articleSection":["Gastonomia","Mallorca","Protur Hotels"],"inLanguage":"ca"},{"@type":"WebPage","@id":"https:\/\/blog.protur-hotels.com\/ca\/sabor-les-vacances\/","url":"https:\/\/blog.protur-hotels.com\/ca\/sabor-les-vacances\/","name":"El sabor de les vacances - Blog Protur Hotels","isPartOf":{"@id":"https:\/\/blog.protur-hotels.com\/#website"},"primaryImageOfPage":{"@id":"https:\/\/blog.protur-hotels.com\/ca\/sabor-les-vacances\/#primaryimage"},"image":{"@id":"https:\/\/blog.protur-hotels.com\/ca\/sabor-les-vacances\/#primaryimage"},"thumbnailUrl":"https:\/\/blog.protur-hotels.com\/wp-content\/uploads\/2017\/10\/El-sabor-de-la-vacaciones.jpg","datePublished":"2017-10-09T13:55:53+00:00","description":"El sabor de les vacances La gastronomia \u00e9s un d'aquests plaers que ens porten a viatjar per tot el m\u00f3n des de la comoditat de la nostra taula.","breadcrumb":{"@id":"https:\/\/blog.protur-hotels.com\/ca\/sabor-les-vacances\/#breadcrumb"},"inLanguage":"ca","potentialAction":[{"@type":"ReadAction","target":["https:\/\/blog.protur-hotels.com\/ca\/sabor-les-vacances\/"]}]},{"@type":"ImageObject","inLanguage":"ca","@id":"https:\/\/blog.protur-hotels.com\/ca\/sabor-les-vacances\/#primaryimage","url":"https:\/\/blog.protur-hotels.com\/wp-content\/uploads\/2017\/10\/El-sabor-de-la-vacaciones.jpg","contentUrl":"https:\/\/blog.protur-hotels.com\/wp-content\/uploads\/2017\/10\/El-sabor-de-la-vacaciones.jpg","width":800,"height":650,"caption":"El-sabor-de-la- vacaciones-Geschmack-flavours-saveur-\u043f\u0443\u0442\u0435\u0448\u0435\u0441\u0442\u0432\u0438\u044f"},{"@type":"BreadcrumbList","@id":"https:\/\/blog.protur-hotels.com\/ca\/sabor-les-vacances\/#breadcrumb","itemListElement":[{"@type":"ListItem","position":1,"name":"Portada","item":"https:\/\/blog.protur-hotels.com\/"},{"@type":"ListItem","position":2,"name":"El sabor de les vacances"}]},{"@type":"WebSite","@id":"https:\/\/blog.protur-hotels.com\/#website","url":"https:\/\/blog.protur-hotels.com\/","name":"Blog Protur Hotels","description":"Un Blog para viajeros","publisher":{"@id":"https:\/\/blog.protur-hotels.com\/#organization"},"potentialAction":[{"@type":"SearchAction","target":{"@type":"EntryPoint","urlTemplate":"https:\/\/blog.protur-hotels.com\/?s={search_term_string}"},"query-input":{"@type":"PropertyValueSpecification","valueRequired":true,"valueName":"search_term_string"}}],"inLanguage":"ca"},{"@type":"Organization","@id":"https:\/\/blog.protur-hotels.com\/#organization","name":"Blog Protur Hotels","url":"https:\/\/blog.protur-hotels.com\/","logo":{"@type":"ImageObject","inLanguage":"ca","@id":"https:\/\/blog.protur-hotels.com\/#\/schema\/logo\/image\/","url":"https:\/\/blog.protur-hotels.com\/wp-content\/uploads\/2020\/03\/blog-protur-hotels-mallorca.png","contentUrl":"https:\/\/blog.protur-hotels.com\/wp-content\/uploads\/2020\/03\/blog-protur-hotels-mallorca.png","width":1422,"height":894,"caption":"Blog Protur Hotels"},"image":{"@id":"https:\/\/blog.protur-hotels.com\/#\/schema\/logo\/image\/"}},{"@type":"Person","@id":"https:\/\/blog.protur-hotels.com\/#\/schema\/person\/6eac7ca6e9a32baa4716fdd5d7358326","name":"Protur Hotels"}]}},"_links":{"self":[{"href":"https:\/\/blog.protur-hotels.com\/ca\/wp-json\/wp\/v2\/posts\/3707","targetHints":{"allow":["GET"]}}],"collection":[{"href":"https:\/\/blog.protur-hotels.com\/ca\/wp-json\/wp\/v2\/posts"}],"about":[{"href":"https:\/\/blog.protur-hotels.com\/ca\/wp-json\/wp\/v2\/types\/post"}],"author":[{"embeddable":true,"href":"https:\/\/blog.protur-hotels.com\/ca\/wp-json\/wp\/v2\/users\/3"}],"replies":[{"embeddable":true,"href":"https:\/\/blog.protur-hotels.com\/ca\/wp-json\/wp\/v2\/comments?post=3707"}],"version-history":[{"count":0,"href":"https:\/\/blog.protur-hotels.com\/ca\/wp-json\/wp\/v2\/posts\/3707\/revisions"}],"wp:featuredmedia":[{"embeddable":true,"href":"https:\/\/blog.protur-hotels.com\/ca\/wp-json\/wp\/v2\/media\/3705"}],"wp:attachment":[{"href":"https:\/\/blog.protur-hotels.com\/ca\/wp-json\/wp\/v2\/media?parent=3707"}],"wp:term":[{"taxonomy":"category","embeddable":true,"href":"https:\/\/blog.protur-hotels.com\/ca\/wp-json\/wp\/v2\/categories?post=3707"},{"taxonomy":"post_tag","embeddable":true,"href":"https:\/\/blog.protur-hotels.com\/ca\/wp-json\/wp\/v2\/tags?post=3707"}],"curies":[{"name":"wp","href":"https:\/\/api.w.org\/{rel}","templated":true}]}}