{"id":3739,"date":"2017-11-10T14:53:47","date_gmt":"2017-11-10T14:53:47","guid":{"rendered":"https:\/\/blog.protur-hotels.com\/ca\/?p=3739"},"modified":"2017-11-06T14:54:59","modified_gmt":"2017-11-06T14:54:59","slug":"amant-del-tenis-tenim-un-pla-per-a-tu","status":"publish","type":"post","link":"https:\/\/blog.protur-hotels.com\/ca\/amant-del-tenis-tenim-un-pla-per-a-tu\/","title":{"rendered":"\u00bfAmant del tenis? Tenim un pla per a tu"},"content":{"rendered":"<p><strong>\u00bfAmant del tenis? Tenim un pla per a tu<\/strong><\/p>\n<p>Si ets aficionat al tennis, est\u00e0s d&#8217;enhorabona. En Protur Hotels hem preparat una proposta a la qual no podr\u00e0s dir que no. En 2018, podr\u00e0s gaudir d&#8217;una escapada esportiva com t\u00fa vols dins el Club Protur Sa Coma Resort -integrat pel Protur Sa Coma Playa Hotel &amp; Spa i el Protur Biomar Gran Hotel &amp; Spa- on tindr\u00e0s disponible per a t\u00fa fins a <strong>18 pistes de terra batuda<\/strong>.<\/p>\n<p>Una proposta que es completa amb una deliciosa oferta de gastronomia i de wellness que ha convertit en una refer\u00e8ncia esportiva als nostres hotels a Mallorca i tamb\u00e9 degut al clima excepcional que ofereix Mallorca en pr\u00e0cticament qualsevol moment de l&#8217;any, i tu tan sols has de fer la maleta i venir a gaudir al m\u00e0xim aquesta experi\u00e8ncia.<\/p>\n<p>A m\u00e8s perqu\u00e8 no tinguis excusa, t&#8217;oferim la possibilitat de reservar a partir del mes de febrer i de mar\u00e7 la teva habitaci\u00f3 a uns preus irresistibles: amb el 15% de descompte sobre la tarifa d&#8217;allotjament est\u00e0ndard en els nostres hotels gr\u00e0cies a la campanya de promoci\u00f3 d&#8217;Early Booking. Consulta les dates directament a la nostra web oficial, amb l&#8217;enlla\u00e7 dedicat als Grups de Tennis 2018.<\/p>\n<p>Aqu\u00ed veur\u00e0s que el lloguer de les pistes de tennis que posem a la teva disposici\u00f3 en el nostre exclusiu club de Sa Coma s\u00f3n de 14\u20ac per hora i que, a m\u00e9s, pots demanar classes personalitzades per millorar la teva t\u00e8cnica, tant de forma individual com amb el teu grup.<\/p>\n<p>A Mallorca tenim molta tradici\u00f3 en la pr\u00e0ctica del tennis, tant de nivell aficionat com de nivell professional. Una mostra d&#8217;aix\u00f2 \u00e9s que algunes de les figures m\u00e9s importants d&#8217;aquest esport en els \u00faltims anys han sortit d&#8217;aquesta illa (Rafa Nadal, Carles Moy\u00e0&#8230;) i per aix\u00f2 s\u00f3n m\u00faltiples els espais i les escoles que pots trobar. I tamb\u00e9 s\u00f3n molts els que ens visiten cada temporada per gaudir dels seus partits en un escenari id\u00edl\u00b7lic com \u00e9s aquest territori de la mar Mediterr\u00e0nia.<\/p>\n<p>La millor \u00e8poca de l&#8217;any \u00e9s la primavera, entre els mesos de mar\u00e7, abril i maig, encara que molts esportistes prefereixen el mes de febrer per allargar al m\u00e0xim l&#8217;estaci\u00f3. \u00c9s ideal per organitzar un viatge en grup, amb els amics o fins i tot amb els companys de feina o amb la resta de persones de la teva empresa, com els tradicionals viatges d&#8217;incentius per\u00f2 plantejat d&#8217;una forma diferent, de forma m\u00e9s activa i din\u00e0mica.<\/p>\n<p>En el nostre departament de Grups et facilitarem tots els detalls i resoldrem tots els dubtes que puguis tenir quan vulguis preparar la teva escapada de tennis a Mallorca el proper 2018.<\/p>\n<p><em>Gaudeix en grup amb <\/em><a href=\"http:\/\/protur-hotels.com\/ca\"><em>Protur Hotels<\/em><\/a><em>.<\/em><\/p>\n","protected":false},"excerpt":{"rendered":"<p>\u00bfAmant del tenis? Tenim un pla per a tu Si ets aficionat al tennis, est\u00e0s d&#8217;enhorabona. En Protur Hotels hem preparat una proposta a la qual no podr\u00e0s dir que&hellip;<\/p>\n","protected":false},"author":3,"featured_media":3736,"comment_status":"closed","ping_status":"open","sticky":false,"template":"","format":"standard","meta":{"_lmt_disableupdate":"","_lmt_disable":"","footnotes":""},"categories":[638,837,840],"tags":[178,882,190],"class_list":["post-3739","post","type-post","status-publish","format-standard","has-post-thumbnail","hentry","category-esport","category-mallorca-ca","category-protur-hotels-ca","tag-sa-coma","tag-tenis","tag-vacances"],"yoast_head":"<!-- This site is optimized with the Yoast SEO plugin v26.6 - https:\/\/yoast.com\/wordpress\/plugins\/seo\/ -->\n<title>\u00bfAmant del tenis? Tenim un pla per a tu - Blog Protur Hotels<\/title>\n<meta name=\"description\" content=\"\u00bfAmant del tenis? Si ets aficionat al tennis, est\u00e0s d&#039;enhorabona. En Protur Hotels hem preparat una proposta a la qual no podr\u00e0s dir que no.\" \/>\n<meta name=\"robots\" content=\"index, follow, max-snippet:-1, max-image-preview:large, max-video-preview:-1\" \/>\n<link rel=\"canonical\" href=\"https:\/\/blog.protur-hotels.com\/ca\/amant-del-tenis-tenim-un-pla-per-a-tu\/\" \/>\n<meta property=\"og:locale\" content=\"ca_ES\" \/>\n<meta property=\"og:type\" content=\"article\" \/>\n<meta property=\"og:title\" content=\"\u00bfAmant del tenis? Tenim un pla per a tu - Blog Protur Hotels\" \/>\n<meta property=\"og:description\" content=\"\u00bfAmant del tenis? Si ets aficionat al tennis, est\u00e0s d&#039;enhorabona. En Protur Hotels hem preparat una proposta a la qual no podr\u00e0s dir que no.\" \/>\n<meta property=\"og:url\" content=\"https:\/\/blog.protur-hotels.com\/ca\/amant-del-tenis-tenim-un-pla-per-a-tu\/\" \/>\n<meta property=\"og:site_name\" content=\"Blog Protur Hotels\" \/>\n<meta property=\"article:published_time\" content=\"2017-11-10T14:53:47+00:00\" \/>\n<meta property=\"og:image\" content=\"https:\/\/blog.protur-hotels.com\/wp-content\/uploads\/2017\/11\/tenis-mallorca-sa-coma.jpg\" \/>\n\t<meta property=\"og:image:width\" content=\"800\" \/>\n\t<meta property=\"og:image:height\" content=\"650\" \/>\n\t<meta property=\"og:image:type\" content=\"image\/jpeg\" \/>\n<meta name=\"author\" content=\"Protur Hotels\" \/>\n<meta name=\"twitter:card\" content=\"summary_large_image\" \/>\n<meta name=\"twitter:label1\" content=\"Escrit per\" \/>\n\t<meta name=\"twitter:data1\" content=\"Protur Hotels\" \/>\n\t<meta name=\"twitter:label2\" content=\"Temps estimat de lectura\" \/>\n\t<meta name=\"twitter:data2\" content=\"2 minuts\" \/>\n<script type=\"application\/ld+json\" class=\"yoast-schema-graph\">{\"@context\":\"https:\/\/schema.org\",\"@graph\":[{\"@type\":\"Article\",\"@id\":\"https:\/\/blog.protur-hotels.com\/ca\/amant-del-tenis-tenim-un-pla-per-a-tu\/#article\",\"isPartOf\":{\"@id\":\"https:\/\/blog.protur-hotels.com\/ca\/amant-del-tenis-tenim-un-pla-per-a-tu\/\"},\"author\":{\"name\":\"Protur Hotels\",\"@id\":\"https:\/\/blog.protur-hotels.com\/#\/schema\/person\/6eac7ca6e9a32baa4716fdd5d7358326\"},\"headline\":\"\u00bfAmant del tenis? Tenim un pla per a tu\",\"datePublished\":\"2017-11-10T14:53:47+00:00\",\"mainEntityOfPage\":{\"@id\":\"https:\/\/blog.protur-hotels.com\/ca\/amant-del-tenis-tenim-un-pla-per-a-tu\/\"},\"wordCount\":493,\"publisher\":{\"@id\":\"https:\/\/blog.protur-hotels.com\/#organization\"},\"image\":{\"@id\":\"https:\/\/blog.protur-hotels.com\/ca\/amant-del-tenis-tenim-un-pla-per-a-tu\/#primaryimage\"},\"thumbnailUrl\":\"https:\/\/blog.protur-hotels.com\/wp-content\/uploads\/2017\/11\/tenis-mallorca-sa-coma.jpg\",\"keywords\":[\"Sa Coma\",\"tenis\",\"vacances\"],\"articleSection\":[\"Esport\",\"Mallorca\",\"Protur Hotels\"],\"inLanguage\":\"ca\"},{\"@type\":\"WebPage\",\"@id\":\"https:\/\/blog.protur-hotels.com\/ca\/amant-del-tenis-tenim-un-pla-per-a-tu\/\",\"url\":\"https:\/\/blog.protur-hotels.com\/ca\/amant-del-tenis-tenim-un-pla-per-a-tu\/\",\"name\":\"\u00bfAmant del tenis? Tenim un pla per a tu - Blog Protur Hotels\",\"isPartOf\":{\"@id\":\"https:\/\/blog.protur-hotels.com\/#website\"},\"primaryImageOfPage\":{\"@id\":\"https:\/\/blog.protur-hotels.com\/ca\/amant-del-tenis-tenim-un-pla-per-a-tu\/#primaryimage\"},\"image\":{\"@id\":\"https:\/\/blog.protur-hotels.com\/ca\/amant-del-tenis-tenim-un-pla-per-a-tu\/#primaryimage\"},\"thumbnailUrl\":\"https:\/\/blog.protur-hotels.com\/wp-content\/uploads\/2017\/11\/tenis-mallorca-sa-coma.jpg\",\"datePublished\":\"2017-11-10T14:53:47+00:00\",\"description\":\"\u00bfAmant del tenis? Si ets aficionat al tennis, est\u00e0s d'enhorabona. En Protur Hotels hem preparat una proposta a la qual no podr\u00e0s dir que no.\",\"breadcrumb\":{\"@id\":\"https:\/\/blog.protur-hotels.com\/ca\/amant-del-tenis-tenim-un-pla-per-a-tu\/#breadcrumb\"},\"inLanguage\":\"ca\",\"potentialAction\":[{\"@type\":\"ReadAction\",\"target\":[\"https:\/\/blog.protur-hotels.com\/ca\/amant-del-tenis-tenim-un-pla-per-a-tu\/\"]}]},{\"@type\":\"ImageObject\",\"inLanguage\":\"ca\",\"@id\":\"https:\/\/blog.protur-hotels.com\/ca\/amant-del-tenis-tenim-un-pla-per-a-tu\/#primaryimage\",\"url\":\"https:\/\/blog.protur-hotels.com\/wp-content\/uploads\/2017\/11\/tenis-mallorca-sa-coma.jpg\",\"contentUrl\":\"https:\/\/blog.protur-hotels.com\/wp-content\/uploads\/2017\/11\/tenis-mallorca-sa-coma.jpg\",\"width\":800,\"height\":650,\"caption\":\"tenis-mallorca-grupos-Protur-hotels-Tennis-\u0442\u0435\u043d\u043d\u0438\u0441\"},{\"@type\":\"BreadcrumbList\",\"@id\":\"https:\/\/blog.protur-hotels.com\/ca\/amant-del-tenis-tenim-un-pla-per-a-tu\/#breadcrumb\",\"itemListElement\":[{\"@type\":\"ListItem\",\"position\":1,\"name\":\"Portada\",\"item\":\"https:\/\/blog.protur-hotels.com\/\"},{\"@type\":\"ListItem\",\"position\":2,\"name\":\"\u00bfAmant del tenis? Tenim un pla per a tu\"}]},{\"@type\":\"WebSite\",\"@id\":\"https:\/\/blog.protur-hotels.com\/#website\",\"url\":\"https:\/\/blog.protur-hotels.com\/\",\"name\":\"Blog Protur Hotels\",\"description\":\"Un Blog para viajeros\",\"publisher\":{\"@id\":\"https:\/\/blog.protur-hotels.com\/#organization\"},\"potentialAction\":[{\"@type\":\"SearchAction\",\"target\":{\"@type\":\"EntryPoint\",\"urlTemplate\":\"https:\/\/blog.protur-hotels.com\/?s={search_term_string}\"},\"query-input\":{\"@type\":\"PropertyValueSpecification\",\"valueRequired\":true,\"valueName\":\"search_term_string\"}}],\"inLanguage\":\"ca\"},{\"@type\":\"Organization\",\"@id\":\"https:\/\/blog.protur-hotels.com\/#organization\",\"name\":\"Blog Protur Hotels\",\"url\":\"https:\/\/blog.protur-hotels.com\/\",\"logo\":{\"@type\":\"ImageObject\",\"inLanguage\":\"ca\",\"@id\":\"https:\/\/blog.protur-hotels.com\/#\/schema\/logo\/image\/\",\"url\":\"https:\/\/blog.protur-hotels.com\/wp-content\/uploads\/2020\/03\/blog-protur-hotels-mallorca.png\",\"contentUrl\":\"https:\/\/blog.protur-hotels.com\/wp-content\/uploads\/2020\/03\/blog-protur-hotels-mallorca.png\",\"width\":1422,\"height\":894,\"caption\":\"Blog Protur Hotels\"},\"image\":{\"@id\":\"https:\/\/blog.protur-hotels.com\/#\/schema\/logo\/image\/\"}},{\"@type\":\"Person\",\"@id\":\"https:\/\/blog.protur-hotels.com\/#\/schema\/person\/6eac7ca6e9a32baa4716fdd5d7358326\",\"name\":\"Protur Hotels\"}]}<\/script>\n<!-- \/ Yoast SEO plugin. -->","yoast_head_json":{"title":"\u00bfAmant del tenis? Tenim un pla per a tu - Blog Protur Hotels","description":"\u00bfAmant del tenis? Si ets aficionat al tennis, est\u00e0s d'enhorabona. En Protur Hotels hem preparat una proposta a la qual no podr\u00e0s dir que no.","robots":{"index":"index","follow":"follow","max-snippet":"max-snippet:-1","max-image-preview":"max-image-preview:large","max-video-preview":"max-video-preview:-1"},"canonical":"https:\/\/blog.protur-hotels.com\/ca\/amant-del-tenis-tenim-un-pla-per-a-tu\/","og_locale":"ca_ES","og_type":"article","og_title":"\u00bfAmant del tenis? Tenim un pla per a tu - Blog Protur Hotels","og_description":"\u00bfAmant del tenis? Si ets aficionat al tennis, est\u00e0s d'enhorabona. En Protur Hotels hem preparat una proposta a la qual no podr\u00e0s dir que no.","og_url":"https:\/\/blog.protur-hotels.com\/ca\/amant-del-tenis-tenim-un-pla-per-a-tu\/","og_site_name":"Blog Protur Hotels","article_published_time":"2017-11-10T14:53:47+00:00","og_image":[{"width":800,"height":650,"url":"https:\/\/blog.protur-hotels.com\/wp-content\/uploads\/2017\/11\/tenis-mallorca-sa-coma.jpg","type":"image\/jpeg"}],"author":"Protur Hotels","twitter_card":"summary_large_image","twitter_misc":{"Escrit per":"Protur Hotels","Temps estimat de lectura":"2 minuts"},"schema":{"@context":"https:\/\/schema.org","@graph":[{"@type":"Article","@id":"https:\/\/blog.protur-hotels.com\/ca\/amant-del-tenis-tenim-un-pla-per-a-tu\/#article","isPartOf":{"@id":"https:\/\/blog.protur-hotels.com\/ca\/amant-del-tenis-tenim-un-pla-per-a-tu\/"},"author":{"name":"Protur Hotels","@id":"https:\/\/blog.protur-hotels.com\/#\/schema\/person\/6eac7ca6e9a32baa4716fdd5d7358326"},"headline":"\u00bfAmant del tenis? Tenim un pla per a tu","datePublished":"2017-11-10T14:53:47+00:00","mainEntityOfPage":{"@id":"https:\/\/blog.protur-hotels.com\/ca\/amant-del-tenis-tenim-un-pla-per-a-tu\/"},"wordCount":493,"publisher":{"@id":"https:\/\/blog.protur-hotels.com\/#organization"},"image":{"@id":"https:\/\/blog.protur-hotels.com\/ca\/amant-del-tenis-tenim-un-pla-per-a-tu\/#primaryimage"},"thumbnailUrl":"https:\/\/blog.protur-hotels.com\/wp-content\/uploads\/2017\/11\/tenis-mallorca-sa-coma.jpg","keywords":["Sa Coma","tenis","vacances"],"articleSection":["Esport","Mallorca","Protur Hotels"],"inLanguage":"ca"},{"@type":"WebPage","@id":"https:\/\/blog.protur-hotels.com\/ca\/amant-del-tenis-tenim-un-pla-per-a-tu\/","url":"https:\/\/blog.protur-hotels.com\/ca\/amant-del-tenis-tenim-un-pla-per-a-tu\/","name":"\u00bfAmant del tenis? Tenim un pla per a tu - Blog Protur Hotels","isPartOf":{"@id":"https:\/\/blog.protur-hotels.com\/#website"},"primaryImageOfPage":{"@id":"https:\/\/blog.protur-hotels.com\/ca\/amant-del-tenis-tenim-un-pla-per-a-tu\/#primaryimage"},"image":{"@id":"https:\/\/blog.protur-hotels.com\/ca\/amant-del-tenis-tenim-un-pla-per-a-tu\/#primaryimage"},"thumbnailUrl":"https:\/\/blog.protur-hotels.com\/wp-content\/uploads\/2017\/11\/tenis-mallorca-sa-coma.jpg","datePublished":"2017-11-10T14:53:47+00:00","description":"\u00bfAmant del tenis? Si ets aficionat al tennis, est\u00e0s d'enhorabona. En Protur Hotels hem preparat una proposta a la qual no podr\u00e0s dir que no.","breadcrumb":{"@id":"https:\/\/blog.protur-hotels.com\/ca\/amant-del-tenis-tenim-un-pla-per-a-tu\/#breadcrumb"},"inLanguage":"ca","potentialAction":[{"@type":"ReadAction","target":["https:\/\/blog.protur-hotels.com\/ca\/amant-del-tenis-tenim-un-pla-per-a-tu\/"]}]},{"@type":"ImageObject","inLanguage":"ca","@id":"https:\/\/blog.protur-hotels.com\/ca\/amant-del-tenis-tenim-un-pla-per-a-tu\/#primaryimage","url":"https:\/\/blog.protur-hotels.com\/wp-content\/uploads\/2017\/11\/tenis-mallorca-sa-coma.jpg","contentUrl":"https:\/\/blog.protur-hotels.com\/wp-content\/uploads\/2017\/11\/tenis-mallorca-sa-coma.jpg","width":800,"height":650,"caption":"tenis-mallorca-grupos-Protur-hotels-Tennis-\u0442\u0435\u043d\u043d\u0438\u0441"},{"@type":"BreadcrumbList","@id":"https:\/\/blog.protur-hotels.com\/ca\/amant-del-tenis-tenim-un-pla-per-a-tu\/#breadcrumb","itemListElement":[{"@type":"ListItem","position":1,"name":"Portada","item":"https:\/\/blog.protur-hotels.com\/"},{"@type":"ListItem","position":2,"name":"\u00bfAmant del tenis? Tenim un pla per a tu"}]},{"@type":"WebSite","@id":"https:\/\/blog.protur-hotels.com\/#website","url":"https:\/\/blog.protur-hotels.com\/","name":"Blog Protur Hotels","description":"Un Blog para viajeros","publisher":{"@id":"https:\/\/blog.protur-hotels.com\/#organization"},"potentialAction":[{"@type":"SearchAction","target":{"@type":"EntryPoint","urlTemplate":"https:\/\/blog.protur-hotels.com\/?s={search_term_string}"},"query-input":{"@type":"PropertyValueSpecification","valueRequired":true,"valueName":"search_term_string"}}],"inLanguage":"ca"},{"@type":"Organization","@id":"https:\/\/blog.protur-hotels.com\/#organization","name":"Blog Protur Hotels","url":"https:\/\/blog.protur-hotels.com\/","logo":{"@type":"ImageObject","inLanguage":"ca","@id":"https:\/\/blog.protur-hotels.com\/#\/schema\/logo\/image\/","url":"https:\/\/blog.protur-hotels.com\/wp-content\/uploads\/2020\/03\/blog-protur-hotels-mallorca.png","contentUrl":"https:\/\/blog.protur-hotels.com\/wp-content\/uploads\/2020\/03\/blog-protur-hotels-mallorca.png","width":1422,"height":894,"caption":"Blog Protur Hotels"},"image":{"@id":"https:\/\/blog.protur-hotels.com\/#\/schema\/logo\/image\/"}},{"@type":"Person","@id":"https:\/\/blog.protur-hotels.com\/#\/schema\/person\/6eac7ca6e9a32baa4716fdd5d7358326","name":"Protur Hotels"}]}},"_links":{"self":[{"href":"https:\/\/blog.protur-hotels.com\/ca\/wp-json\/wp\/v2\/posts\/3739","targetHints":{"allow":["GET"]}}],"collection":[{"href":"https:\/\/blog.protur-hotels.com\/ca\/wp-json\/wp\/v2\/posts"}],"about":[{"href":"https:\/\/blog.protur-hotels.com\/ca\/wp-json\/wp\/v2\/types\/post"}],"author":[{"embeddable":true,"href":"https:\/\/blog.protur-hotels.com\/ca\/wp-json\/wp\/v2\/users\/3"}],"replies":[{"embeddable":true,"href":"https:\/\/blog.protur-hotels.com\/ca\/wp-json\/wp\/v2\/comments?post=3739"}],"version-history":[{"count":0,"href":"https:\/\/blog.protur-hotels.com\/ca\/wp-json\/wp\/v2\/posts\/3739\/revisions"}],"wp:featuredmedia":[{"embeddable":true,"href":"https:\/\/blog.protur-hotels.com\/ca\/wp-json\/wp\/v2\/media\/3736"}],"wp:attachment":[{"href":"https:\/\/blog.protur-hotels.com\/ca\/wp-json\/wp\/v2\/media?parent=3739"}],"wp:term":[{"taxonomy":"category","embeddable":true,"href":"https:\/\/blog.protur-hotels.com\/ca\/wp-json\/wp\/v2\/categories?post=3739"},{"taxonomy":"post_tag","embeddable":true,"href":"https:\/\/blog.protur-hotels.com\/ca\/wp-json\/wp\/v2\/tags?post=3739"}],"curies":[{"name":"wp","href":"https:\/\/api.w.org\/{rel}","templated":true}]}}