{"id":3878,"date":"2018-02-21T15:34:22","date_gmt":"2018-02-21T15:34:22","guid":{"rendered":"https:\/\/blog.protur-hotels.com\/ca\/?p=3878"},"modified":"2018-02-21T15:34:29","modified_gmt":"2018-02-21T15:34:29","slug":"onze-comunitats-autonomes-opten-guanyar-cullerot","status":"publish","type":"post","link":"https:\/\/blog.protur-hotels.com\/ca\/onze-comunitats-autonomes-opten-guanyar-cullerot\/","title":{"rendered":"ONZE COMUNITATS AUT\u00d2NOMES OPTEN A GUANYAR EL CULLEROT"},"content":{"rendered":"<p>ONZE COMUNITATS AUT\u00d2NOMES OPTEN A GUANYAR EL CULLEROT<\/p>\n<p>EL CONCURS NACIONAL DE CUINA QUE DURANT 4 DIES CONVERTIR\u00c0 A la ILLA DE MALLORCA EN CITA IMPRESCINDIBLE PER A les MILLORS ESCOLES DE CUINA<\/p>\n<p>Palma de Mallorca, 21 de Febrer 2018, despr\u00e9s de l&#8217;\u00e8xit aconseguit en la seva primera edici\u00f3, el concurs Nacional de cuina\u00a0Protur\u00a0Xef es consolida com a cita imprescindible al calendari nacional de les m\u00e9s prestigioses escoles de cuina, onze comunitats aut\u00f2nomes han sol\u00b7licitat participar en aquesta la seva segona edici\u00f3.<\/p>\n<p>Els dies 15, 16, 17 i 18 de Mar\u00e7,\u00a0Sa\u00a0Coma, Illes Balears, es convertir\u00e0 per uns dies a la capital gastron\u00f2mica del pa\u00eds, entre els sol\u00b7licitants, el\u00a0staff\u00a0t\u00e8cnic del concurs seleccionar\u00e0 a 18 participants seguint criteris de qualitat i presentaci\u00f3, entre uns altres.<\/p>\n<p>Un concurs destinat a estudiants de 2\u00ba any de cuina o superior, totalment gratu\u00eft, en el qual s&#8217;ofereix als tres finalistes un contracte remunerat en pr\u00e0ctiques en un dels\u00a0ProturHotels, un premi en met\u00e0l\u00b7lic i estada gratu\u00efta d&#8217;una setmana per 2 persones. En la passada edici\u00f3 un estudiant de l&#8217;Hotel escola de Sant Pol de Mar es va fer amb el primer lloc en aquest certamen.<\/p>\n<p>Aquest any, entre els 18 estudiants seleccionats, alumnes del\u00a0Basque\u00a0CulinayCentri, El prestigi\u00f3s Hotel escola de SANT POL DE MAR, Hotel escola de Santa Cruz de Tenerife, Escola d\u00b4hostaleria i turisme\u00a0Master\u00a0D de val\u00e8ncia , Madrid i Mallorca, IES de Menorca,\u00a0CIFP\u00a0de Pontevedra,\u00a0ESHAEX-*SEXPE\u00a0de Badajoz,\u00a0Escola\u00a0d\u00b4hosteleria\u00a0dels\u00a0Illes\u00a0Balears\u00a0i\u00a0ESHOB\u00a0de Barcelona, han estat escollits per participar en un concurs que, en la seva segona edici\u00f3 ha comptat amb el doble de sol\u00b7licituds, consolidant-se com a cita imprescindible entre les millors escoles del pa\u00eds. El producte escollit ha estat l&#8217;espatlla de be mallorqu\u00ed.<\/p>\n<p>El concurs estar\u00e0 dirigit pel prestigi\u00f3s cuiner illenc Tomeu\u00a0Caldentey, primer mallorqu\u00ed a aconseguir un estel\u00a0Michelin\u00a0en el seu restaurant \u00c9s Vaig moldre donin Bou.<\/p>\n<p>Caldentey\u00a0ha desvetllat que el concurs novament comptar\u00e0 amb un jurat de luxe, xefs de renom, estels\u00a0Michelin, a m\u00e9s d&#8217;importants cr\u00edtics gastron\u00f2mics.<\/p>\n<p>Durant quatre dies, les instal\u00b7lacions de l&#8217;hotel<a href=\"http:\/\/www.proturbiomargranhotel.com\/ca\/\" target=\"_blank\">\u00a0Protur\u00a0Biomar\u00a0Gran Hotel &amp;Spa****\u00a0<\/a>en\u00a0SaComa, Mallorca, ens presentaran un programa de tallers, xerrades i un programa d&#8217;activitats que ens faran gaudir i emocionar en una cita imprescindible per als amants de la gastronomia.<\/p>\n<p><iframe width=\"1170\" height=\"658\" src=\"https:\/\/www.youtube.com\/embed\/G2PmdTQEShU?feature=oembed\" frameborder=\"0\" allow=\"autoplay; encrypted-media\" allowfullscreen><\/iframe><\/p>\n","protected":false},"excerpt":{"rendered":"<p>ONZE COMUNITATS AUT\u00d2NOMES OPTEN A GUANYAR EL CULLEROT EL CONCURS NACIONAL DE CUINA QUE DURANT 4 DIES CONVERTIR\u00c0 A la ILLA DE MALLORCA EN CITA IMPRESCINDIBLE PER A les MILLORS&hellip;<\/p>\n","protected":false},"author":3,"featured_media":3875,"comment_status":"open","ping_status":"open","sticky":false,"template":"","format":"standard","meta":{"_lmt_disableupdate":"","_lmt_disable":"","footnotes":""},"categories":[535,876,837,840],"tags":[518,925,748],"class_list":["post-3878","post","type-post","status-publish","format-standard","has-post-thumbnail","hentry","category-esdeveniments","category-gastonomia","category-mallorca-ca","category-protur-hotels-ca","tag-concurs","tag-onze-comunitats","tag-protur-xef"],"yoast_head":"<!-- This site is optimized with the Yoast SEO plugin v26.6 - https:\/\/yoast.com\/wordpress\/plugins\/seo\/ -->\n<title>ONZE COMUNITATS AUT\u00d2NOMES OPTEN A GUANYAR EL CULLEROT - Blog Protur Hotels<\/title>\n<meta name=\"description\" content=\"ONZE COMUNITATS AUT\u00d2NOMES OPTEN A GUANYAR EL CULLEROT EL CONCURS QUE DURANT 4 DIES CONVERTIR\u00c0 A MALLORCA EN CITA IMPRESCINDIBLE\" \/>\n<meta name=\"robots\" content=\"index, follow, max-snippet:-1, max-image-preview:large, max-video-preview:-1\" \/>\n<link rel=\"canonical\" href=\"https:\/\/blog.protur-hotels.com\/ca\/onze-comunitats-autonomes-opten-guanyar-cullerot\/\" \/>\n<meta property=\"og:locale\" content=\"ca_ES\" \/>\n<meta property=\"og:type\" content=\"article\" \/>\n<meta property=\"og:title\" content=\"ONZE COMUNITATS AUT\u00d2NOMES OPTEN A GUANYAR EL CULLEROT - Blog Protur Hotels\" \/>\n<meta property=\"og:description\" content=\"ONZE COMUNITATS AUT\u00d2NOMES OPTEN A GUANYAR EL CULLEROT EL CONCURS QUE DURANT 4 DIES CONVERTIR\u00c0 A MALLORCA EN CITA IMPRESCINDIBLE\" \/>\n<meta property=\"og:url\" content=\"https:\/\/blog.protur-hotels.com\/ca\/onze-comunitats-autonomes-opten-guanyar-cullerot\/\" \/>\n<meta property=\"og:site_name\" content=\"Blog Protur Hotels\" \/>\n<meta property=\"article:published_time\" content=\"2018-02-21T15:34:22+00:00\" \/>\n<meta property=\"article:modified_time\" content=\"2018-02-21T15:34:29+00:00\" \/>\n<meta property=\"og:image\" content=\"https:\/\/blog.protur-hotels.com\/wp-content\/uploads\/2018\/02\/ONCE-COMUNIDADES-AUTONOMAS.jpg\" \/>\n\t<meta property=\"og:image:width\" content=\"800\" \/>\n\t<meta property=\"og:image:height\" content=\"650\" \/>\n\t<meta property=\"og:image:type\" content=\"image\/jpeg\" \/>\n<meta name=\"author\" content=\"Protur Hotels\" \/>\n<meta name=\"twitter:card\" content=\"summary_large_image\" \/>\n<meta name=\"twitter:label1\" content=\"Escrit per\" \/>\n\t<meta name=\"twitter:data1\" content=\"Protur Hotels\" \/>\n\t<meta name=\"twitter:label2\" content=\"Temps estimat de lectura\" \/>\n\t<meta name=\"twitter:data2\" content=\"2 minuts\" \/>\n<script type=\"application\/ld+json\" class=\"yoast-schema-graph\">{\"@context\":\"https:\/\/schema.org\",\"@graph\":[{\"@type\":\"Article\",\"@id\":\"https:\/\/blog.protur-hotels.com\/ca\/onze-comunitats-autonomes-opten-guanyar-cullerot\/#article\",\"isPartOf\":{\"@id\":\"https:\/\/blog.protur-hotels.com\/ca\/onze-comunitats-autonomes-opten-guanyar-cullerot\/\"},\"author\":{\"name\":\"Protur Hotels\",\"@id\":\"https:\/\/blog.protur-hotels.com\/#\/schema\/person\/6eac7ca6e9a32baa4716fdd5d7358326\"},\"headline\":\"ONZE COMUNITATS AUT\u00d2NOMES OPTEN A GUANYAR EL CULLEROT\",\"datePublished\":\"2018-02-21T15:34:22+00:00\",\"dateModified\":\"2018-02-21T15:34:29+00:00\",\"mainEntityOfPage\":{\"@id\":\"https:\/\/blog.protur-hotels.com\/ca\/onze-comunitats-autonomes-opten-guanyar-cullerot\/\"},\"wordCount\":423,\"commentCount\":0,\"publisher\":{\"@id\":\"https:\/\/blog.protur-hotels.com\/#organization\"},\"image\":{\"@id\":\"https:\/\/blog.protur-hotels.com\/ca\/onze-comunitats-autonomes-opten-guanyar-cullerot\/#primaryimage\"},\"thumbnailUrl\":\"https:\/\/blog.protur-hotels.com\/wp-content\/uploads\/2018\/02\/ONCE-COMUNIDADES-AUTONOMAS.jpg\",\"keywords\":[\"concurs\",\"ONZE COMUNITATS\",\"Protur Xef\"],\"articleSection\":[\"Esdeveniments\",\"Gastonomia\",\"Mallorca\",\"Protur Hotels\"],\"inLanguage\":\"ca\"},{\"@type\":\"WebPage\",\"@id\":\"https:\/\/blog.protur-hotels.com\/ca\/onze-comunitats-autonomes-opten-guanyar-cullerot\/\",\"url\":\"https:\/\/blog.protur-hotels.com\/ca\/onze-comunitats-autonomes-opten-guanyar-cullerot\/\",\"name\":\"ONZE COMUNITATS AUT\u00d2NOMES OPTEN A GUANYAR EL CULLEROT - Blog Protur Hotels\",\"isPartOf\":{\"@id\":\"https:\/\/blog.protur-hotels.com\/#website\"},\"primaryImageOfPage\":{\"@id\":\"https:\/\/blog.protur-hotels.com\/ca\/onze-comunitats-autonomes-opten-guanyar-cullerot\/#primaryimage\"},\"image\":{\"@id\":\"https:\/\/blog.protur-hotels.com\/ca\/onze-comunitats-autonomes-opten-guanyar-cullerot\/#primaryimage\"},\"thumbnailUrl\":\"https:\/\/blog.protur-hotels.com\/wp-content\/uploads\/2018\/02\/ONCE-COMUNIDADES-AUTONOMAS.jpg\",\"datePublished\":\"2018-02-21T15:34:22+00:00\",\"dateModified\":\"2018-02-21T15:34:29+00:00\",\"description\":\"ONZE COMUNITATS AUT\u00d2NOMES OPTEN A GUANYAR EL CULLEROT EL CONCURS QUE DURANT 4 DIES CONVERTIR\u00c0 A MALLORCA EN CITA IMPRESCINDIBLE\",\"breadcrumb\":{\"@id\":\"https:\/\/blog.protur-hotels.com\/ca\/onze-comunitats-autonomes-opten-guanyar-cullerot\/#breadcrumb\"},\"inLanguage\":\"ca\",\"potentialAction\":[{\"@type\":\"ReadAction\",\"target\":[\"https:\/\/blog.protur-hotels.com\/ca\/onze-comunitats-autonomes-opten-guanyar-cullerot\/\"]}]},{\"@type\":\"ImageObject\",\"inLanguage\":\"ca\",\"@id\":\"https:\/\/blog.protur-hotels.com\/ca\/onze-comunitats-autonomes-opten-guanyar-cullerot\/#primaryimage\",\"url\":\"https:\/\/blog.protur-hotels.com\/wp-content\/uploads\/2018\/02\/ONCE-COMUNIDADES-AUTONOMAS.jpg\",\"contentUrl\":\"https:\/\/blog.protur-hotels.com\/wp-content\/uploads\/2018\/02\/ONCE-COMUNIDADES-AUTONOMAS.jpg\",\"width\":800,\"height\":650,\"caption\":\"ONCE-COMUNIDADES-AUTONOMAS-Kochl\u00f6ffel- LA LOUCHE-AUTONOMOUS REGIONS\"},{\"@type\":\"BreadcrumbList\",\"@id\":\"https:\/\/blog.protur-hotels.com\/ca\/onze-comunitats-autonomes-opten-guanyar-cullerot\/#breadcrumb\",\"itemListElement\":[{\"@type\":\"ListItem\",\"position\":1,\"name\":\"Portada\",\"item\":\"https:\/\/blog.protur-hotels.com\/\"},{\"@type\":\"ListItem\",\"position\":2,\"name\":\"ONZE COMUNITATS AUT\u00d2NOMES OPTEN A GUANYAR EL CULLEROT\"}]},{\"@type\":\"WebSite\",\"@id\":\"https:\/\/blog.protur-hotels.com\/#website\",\"url\":\"https:\/\/blog.protur-hotels.com\/\",\"name\":\"Blog Protur Hotels\",\"description\":\"Un Blog para viajeros\",\"publisher\":{\"@id\":\"https:\/\/blog.protur-hotels.com\/#organization\"},\"potentialAction\":[{\"@type\":\"SearchAction\",\"target\":{\"@type\":\"EntryPoint\",\"urlTemplate\":\"https:\/\/blog.protur-hotels.com\/?s={search_term_string}\"},\"query-input\":{\"@type\":\"PropertyValueSpecification\",\"valueRequired\":true,\"valueName\":\"search_term_string\"}}],\"inLanguage\":\"ca\"},{\"@type\":\"Organization\",\"@id\":\"https:\/\/blog.protur-hotels.com\/#organization\",\"name\":\"Blog Protur Hotels\",\"url\":\"https:\/\/blog.protur-hotels.com\/\",\"logo\":{\"@type\":\"ImageObject\",\"inLanguage\":\"ca\",\"@id\":\"https:\/\/blog.protur-hotels.com\/#\/schema\/logo\/image\/\",\"url\":\"https:\/\/blog.protur-hotels.com\/wp-content\/uploads\/2020\/03\/blog-protur-hotels-mallorca.png\",\"contentUrl\":\"https:\/\/blog.protur-hotels.com\/wp-content\/uploads\/2020\/03\/blog-protur-hotels-mallorca.png\",\"width\":1422,\"height\":894,\"caption\":\"Blog Protur Hotels\"},\"image\":{\"@id\":\"https:\/\/blog.protur-hotels.com\/#\/schema\/logo\/image\/\"}},{\"@type\":\"Person\",\"@id\":\"https:\/\/blog.protur-hotels.com\/#\/schema\/person\/6eac7ca6e9a32baa4716fdd5d7358326\",\"name\":\"Protur Hotels\"}]}<\/script>\n<!-- \/ Yoast SEO plugin. -->","yoast_head_json":{"title":"ONZE COMUNITATS AUT\u00d2NOMES OPTEN A GUANYAR EL CULLEROT - Blog Protur Hotels","description":"ONZE COMUNITATS AUT\u00d2NOMES OPTEN A GUANYAR EL CULLEROT EL CONCURS QUE DURANT 4 DIES CONVERTIR\u00c0 A MALLORCA EN CITA IMPRESCINDIBLE","robots":{"index":"index","follow":"follow","max-snippet":"max-snippet:-1","max-image-preview":"max-image-preview:large","max-video-preview":"max-video-preview:-1"},"canonical":"https:\/\/blog.protur-hotels.com\/ca\/onze-comunitats-autonomes-opten-guanyar-cullerot\/","og_locale":"ca_ES","og_type":"article","og_title":"ONZE COMUNITATS AUT\u00d2NOMES OPTEN A GUANYAR EL CULLEROT - Blog Protur Hotels","og_description":"ONZE COMUNITATS AUT\u00d2NOMES OPTEN A GUANYAR EL CULLEROT EL CONCURS QUE DURANT 4 DIES CONVERTIR\u00c0 A MALLORCA EN CITA IMPRESCINDIBLE","og_url":"https:\/\/blog.protur-hotels.com\/ca\/onze-comunitats-autonomes-opten-guanyar-cullerot\/","og_site_name":"Blog Protur Hotels","article_published_time":"2018-02-21T15:34:22+00:00","article_modified_time":"2018-02-21T15:34:29+00:00","og_image":[{"width":800,"height":650,"url":"https:\/\/blog.protur-hotels.com\/wp-content\/uploads\/2018\/02\/ONCE-COMUNIDADES-AUTONOMAS.jpg","type":"image\/jpeg"}],"author":"Protur Hotels","twitter_card":"summary_large_image","twitter_misc":{"Escrit per":"Protur Hotels","Temps estimat de lectura":"2 minuts"},"schema":{"@context":"https:\/\/schema.org","@graph":[{"@type":"Article","@id":"https:\/\/blog.protur-hotels.com\/ca\/onze-comunitats-autonomes-opten-guanyar-cullerot\/#article","isPartOf":{"@id":"https:\/\/blog.protur-hotels.com\/ca\/onze-comunitats-autonomes-opten-guanyar-cullerot\/"},"author":{"name":"Protur Hotels","@id":"https:\/\/blog.protur-hotels.com\/#\/schema\/person\/6eac7ca6e9a32baa4716fdd5d7358326"},"headline":"ONZE COMUNITATS AUT\u00d2NOMES OPTEN A GUANYAR EL CULLEROT","datePublished":"2018-02-21T15:34:22+00:00","dateModified":"2018-02-21T15:34:29+00:00","mainEntityOfPage":{"@id":"https:\/\/blog.protur-hotels.com\/ca\/onze-comunitats-autonomes-opten-guanyar-cullerot\/"},"wordCount":423,"commentCount":0,"publisher":{"@id":"https:\/\/blog.protur-hotels.com\/#organization"},"image":{"@id":"https:\/\/blog.protur-hotels.com\/ca\/onze-comunitats-autonomes-opten-guanyar-cullerot\/#primaryimage"},"thumbnailUrl":"https:\/\/blog.protur-hotels.com\/wp-content\/uploads\/2018\/02\/ONCE-COMUNIDADES-AUTONOMAS.jpg","keywords":["concurs","ONZE COMUNITATS","Protur Xef"],"articleSection":["Esdeveniments","Gastonomia","Mallorca","Protur Hotels"],"inLanguage":"ca"},{"@type":"WebPage","@id":"https:\/\/blog.protur-hotels.com\/ca\/onze-comunitats-autonomes-opten-guanyar-cullerot\/","url":"https:\/\/blog.protur-hotels.com\/ca\/onze-comunitats-autonomes-opten-guanyar-cullerot\/","name":"ONZE COMUNITATS AUT\u00d2NOMES OPTEN A GUANYAR EL CULLEROT - Blog Protur Hotels","isPartOf":{"@id":"https:\/\/blog.protur-hotels.com\/#website"},"primaryImageOfPage":{"@id":"https:\/\/blog.protur-hotels.com\/ca\/onze-comunitats-autonomes-opten-guanyar-cullerot\/#primaryimage"},"image":{"@id":"https:\/\/blog.protur-hotels.com\/ca\/onze-comunitats-autonomes-opten-guanyar-cullerot\/#primaryimage"},"thumbnailUrl":"https:\/\/blog.protur-hotels.com\/wp-content\/uploads\/2018\/02\/ONCE-COMUNIDADES-AUTONOMAS.jpg","datePublished":"2018-02-21T15:34:22+00:00","dateModified":"2018-02-21T15:34:29+00:00","description":"ONZE COMUNITATS AUT\u00d2NOMES OPTEN A GUANYAR EL CULLEROT EL CONCURS QUE DURANT 4 DIES CONVERTIR\u00c0 A MALLORCA EN CITA IMPRESCINDIBLE","breadcrumb":{"@id":"https:\/\/blog.protur-hotels.com\/ca\/onze-comunitats-autonomes-opten-guanyar-cullerot\/#breadcrumb"},"inLanguage":"ca","potentialAction":[{"@type":"ReadAction","target":["https:\/\/blog.protur-hotels.com\/ca\/onze-comunitats-autonomes-opten-guanyar-cullerot\/"]}]},{"@type":"ImageObject","inLanguage":"ca","@id":"https:\/\/blog.protur-hotels.com\/ca\/onze-comunitats-autonomes-opten-guanyar-cullerot\/#primaryimage","url":"https:\/\/blog.protur-hotels.com\/wp-content\/uploads\/2018\/02\/ONCE-COMUNIDADES-AUTONOMAS.jpg","contentUrl":"https:\/\/blog.protur-hotels.com\/wp-content\/uploads\/2018\/02\/ONCE-COMUNIDADES-AUTONOMAS.jpg","width":800,"height":650,"caption":"ONCE-COMUNIDADES-AUTONOMAS-Kochl\u00f6ffel- LA LOUCHE-AUTONOMOUS REGIONS"},{"@type":"BreadcrumbList","@id":"https:\/\/blog.protur-hotels.com\/ca\/onze-comunitats-autonomes-opten-guanyar-cullerot\/#breadcrumb","itemListElement":[{"@type":"ListItem","position":1,"name":"Portada","item":"https:\/\/blog.protur-hotels.com\/"},{"@type":"ListItem","position":2,"name":"ONZE COMUNITATS AUT\u00d2NOMES OPTEN A GUANYAR EL CULLEROT"}]},{"@type":"WebSite","@id":"https:\/\/blog.protur-hotels.com\/#website","url":"https:\/\/blog.protur-hotels.com\/","name":"Blog Protur Hotels","description":"Un Blog para viajeros","publisher":{"@id":"https:\/\/blog.protur-hotels.com\/#organization"},"potentialAction":[{"@type":"SearchAction","target":{"@type":"EntryPoint","urlTemplate":"https:\/\/blog.protur-hotels.com\/?s={search_term_string}"},"query-input":{"@type":"PropertyValueSpecification","valueRequired":true,"valueName":"search_term_string"}}],"inLanguage":"ca"},{"@type":"Organization","@id":"https:\/\/blog.protur-hotels.com\/#organization","name":"Blog Protur Hotels","url":"https:\/\/blog.protur-hotels.com\/","logo":{"@type":"ImageObject","inLanguage":"ca","@id":"https:\/\/blog.protur-hotels.com\/#\/schema\/logo\/image\/","url":"https:\/\/blog.protur-hotels.com\/wp-content\/uploads\/2020\/03\/blog-protur-hotels-mallorca.png","contentUrl":"https:\/\/blog.protur-hotels.com\/wp-content\/uploads\/2020\/03\/blog-protur-hotels-mallorca.png","width":1422,"height":894,"caption":"Blog Protur Hotels"},"image":{"@id":"https:\/\/blog.protur-hotels.com\/#\/schema\/logo\/image\/"}},{"@type":"Person","@id":"https:\/\/blog.protur-hotels.com\/#\/schema\/person\/6eac7ca6e9a32baa4716fdd5d7358326","name":"Protur Hotels"}]}},"_links":{"self":[{"href":"https:\/\/blog.protur-hotels.com\/ca\/wp-json\/wp\/v2\/posts\/3878","targetHints":{"allow":["GET"]}}],"collection":[{"href":"https:\/\/blog.protur-hotels.com\/ca\/wp-json\/wp\/v2\/posts"}],"about":[{"href":"https:\/\/blog.protur-hotels.com\/ca\/wp-json\/wp\/v2\/types\/post"}],"author":[{"embeddable":true,"href":"https:\/\/blog.protur-hotels.com\/ca\/wp-json\/wp\/v2\/users\/3"}],"replies":[{"embeddable":true,"href":"https:\/\/blog.protur-hotels.com\/ca\/wp-json\/wp\/v2\/comments?post=3878"}],"version-history":[{"count":0,"href":"https:\/\/blog.protur-hotels.com\/ca\/wp-json\/wp\/v2\/posts\/3878\/revisions"}],"wp:featuredmedia":[{"embeddable":true,"href":"https:\/\/blog.protur-hotels.com\/ca\/wp-json\/wp\/v2\/media\/3875"}],"wp:attachment":[{"href":"https:\/\/blog.protur-hotels.com\/ca\/wp-json\/wp\/v2\/media?parent=3878"}],"wp:term":[{"taxonomy":"category","embeddable":true,"href":"https:\/\/blog.protur-hotels.com\/ca\/wp-json\/wp\/v2\/categories?post=3878"},{"taxonomy":"post_tag","embeddable":true,"href":"https:\/\/blog.protur-hotels.com\/ca\/wp-json\/wp\/v2\/tags?post=3878"}],"curies":[{"name":"wp","href":"https:\/\/api.w.org\/{rel}","templated":true}]}}