{"id":4260,"date":"2018-10-05T13:38:29","date_gmt":"2018-10-05T13:38:29","guid":{"rendered":"https:\/\/blog.protur-hotels.com\/ca\/?p=4260"},"modified":"2018-10-05T13:38:29","modified_gmt":"2018-10-05T13:38:29","slug":"apuntat-lesport-amb-protur-hotels","status":"publish","type":"post","link":"https:\/\/blog.protur-hotels.com\/ca\/apuntat-lesport-amb-protur-hotels\/","title":{"rendered":"Apunta\u2019t a l\u2019esport amb Protur Hotels"},"content":{"rendered":"<p><strong>Apunta\u2019t a l\u2019esport amb Protur Hotels<\/strong><\/p>\n<p>Ets un enamorat de l\u2019esport? T\u2019agradaria fer exercici m\u00e9s sovint? Per qu\u00e8 no comences a les teves vacances? El proper divendres 12 d\u2019octubre es celebra la <strong>III Trail Gabellina 2018<\/strong>, un dels <strong>esdeveniments esportius en Mallorca<\/strong> m\u00e9s populars per combinar esport amb un paisatge natural que enlluerna per la seva bellesa. Una excel\u00b7lent manera de posar-se a prova que congrega cada any a m\u00e9s gent desitjosa de provar les seves forces.<\/p>\n<p>La proba consisteix en una carrera a peu que es desenvolupa per una part del bell parc de Llevant. Els 15 kil\u00f2metres pels que s\u2019est\u00e9n el recorregut estan plens de natural i fauna, pr\u00f2pies d\u2019una reserva protegida de 1671 hect\u00e0rees que varen ser declarades \u00c0rea Natural d\u2019Especial Inter\u00e8s o Zona Especial de Protecci\u00f3 d\u2019Aus. En un entorn tan id\u00edl\u00b7lic, no \u00e9s d\u2019estranyar que aquest esdeveniment sigui un dels favorits dels esportistes de l\u2019illa i, encara que en aquesta zona no es registren grans altituds com a la Serra de Tramuntana, la veritat \u00e9s que l\u2019escenari de muntanya que forma part del trajecte requereix una certa preparaci\u00f3 pr\u00e8via a la cursa.<\/p>\n<p>Tant si vols<strong> participar en la III Trail Gabellina 2018,<\/strong> com si vols formar part del p\u00fablic, volem que gaudeixis d\u2019una escapada a Mallorca al mes d\u2019octubre amb l\u2019oferta del Protur Turo Pins Hotel amb la qual et beneficiar\u00e0s d\u2019un 15% de descompte en totes les reserves que facis abans del 15 d\u2019octubre. Amb el codi promocional TRAIL2018 podr\u00e0s allojar-te en un exclusiu hotel 5 estrelles en Cala Ratjada amb un gran nombre de comoditats com els serveis de Biomar Spa, la millor opci\u00f3 per recuperar-te despr\u00e9s de la cursa. All\u00e0 t\u2019atendran terapeutes especialitzats que t\u2019aconsellaran el millor tractament per destensar els muscles i aconseguir una relaxaci\u00f3 total. L\u2019hotel, am\u00e9s, esta equipat amb un delici\u00f3s restaurant, piscina, jacuzzi, sauna, mini club pels m\u00e9s petits i habitacions \u00faniques ideals per descansar en un ambient ple de pau.<\/p>\n<p>Vina a gaudir d\u2019una escapada esportiva en l\u2019illa i regala\u2019t uns dies per a tu amb l\u2019oferta especial que podr\u00e0s trobar al web oficial de Protur Hotels. Perqu\u00e8 cuidar-te \u00e9s important, volem que et mimis amb nosaltres durant les teves vacances.<\/p>\n<p>Digues s\u00ed a l\u2019esport amb<strong> Protur Hotels<\/strong><\/p>\n<p>&nbsp;<\/p>\n","protected":false},"excerpt":{"rendered":"<p>Apunta\u2019t a l\u2019esport amb Protur Hotels Ets un enamorat de l\u2019esport? T\u2019agradaria fer exercici m\u00e9s sovint? Per qu\u00e8 no comences a les teves vacances? El proper divendres 12 d\u2019octubre es&hellip;<\/p>\n","protected":false},"author":3,"featured_media":6343,"comment_status":"open","ping_status":"open","sticky":false,"template":"","format":"standard","meta":{"_lmt_disableupdate":"","_lmt_disable":"","footnotes":""},"categories":[680,535,638,1021],"tags":[639,223,1016],"class_list":["post-4260","post","type-post","status-publish","format-standard","has-post-thumbnail","hentry","category-cala-ratjada","category-esdeveniments","category-esport","category-evento-ca","tag-esport","tag-gaudir","tag-trail"],"yoast_head":"<!-- This site is optimized with the Yoast SEO plugin v26.6 - https:\/\/yoast.com\/wordpress\/plugins\/seo\/ -->\n<title>Apunta\u2019t a l\u2019esport amb Protur Hotels - Blog Protur Hotels<\/title>\n<meta name=\"description\" content=\"Ets un enamorat de l\u2019esport? T\u2019agradaria fer exercici m\u00e9s sovint? Per qu\u00e8 no comences a les teves vacances? III Trail Gabellina 2018,\" \/>\n<meta name=\"robots\" content=\"index, follow, max-snippet:-1, max-image-preview:large, max-video-preview:-1\" \/>\n<link rel=\"canonical\" href=\"https:\/\/blog.protur-hotels.com\/ca\/apuntat-lesport-amb-protur-hotels\/\" \/>\n<meta property=\"og:locale\" content=\"ca_ES\" \/>\n<meta property=\"og:type\" content=\"article\" \/>\n<meta property=\"og:title\" content=\"Apunta\u2019t a l\u2019esport amb Protur Hotels - Blog Protur Hotels\" \/>\n<meta property=\"og:description\" content=\"Ets un enamorat de l\u2019esport? T\u2019agradaria fer exercici m\u00e9s sovint? Per qu\u00e8 no comences a les teves vacances? III Trail Gabellina 2018,\" \/>\n<meta property=\"og:url\" content=\"https:\/\/blog.protur-hotels.com\/ca\/apuntat-lesport-amb-protur-hotels\/\" \/>\n<meta property=\"og:site_name\" content=\"Blog Protur Hotels\" \/>\n<meta property=\"article:published_time\" content=\"2018-10-05T13:38:29+00:00\" \/>\n<meta name=\"author\" content=\"Protur Hotels\" \/>\n<meta name=\"twitter:card\" content=\"summary_large_image\" \/>\n<meta name=\"twitter:label1\" content=\"Escrit per\" \/>\n\t<meta name=\"twitter:data1\" content=\"Protur Hotels\" \/>\n\t<meta name=\"twitter:label2\" content=\"Temps estimat de lectura\" \/>\n\t<meta name=\"twitter:data2\" content=\"2 minuts\" \/>\n<script type=\"application\/ld+json\" class=\"yoast-schema-graph\">{\"@context\":\"https:\/\/schema.org\",\"@graph\":[{\"@type\":\"Article\",\"@id\":\"https:\/\/blog.protur-hotels.com\/ca\/apuntat-lesport-amb-protur-hotels\/#article\",\"isPartOf\":{\"@id\":\"https:\/\/blog.protur-hotels.com\/ca\/apuntat-lesport-amb-protur-hotels\/\"},\"author\":{\"name\":\"Protur Hotels\",\"@id\":\"https:\/\/blog.protur-hotels.com\/#\/schema\/person\/6eac7ca6e9a32baa4716fdd5d7358326\"},\"headline\":\"Apunta\u2019t a l\u2019esport amb Protur Hotels\",\"datePublished\":\"2018-10-05T13:38:29+00:00\",\"mainEntityOfPage\":{\"@id\":\"https:\/\/blog.protur-hotels.com\/ca\/apuntat-lesport-amb-protur-hotels\/\"},\"wordCount\":417,\"commentCount\":0,\"publisher\":{\"@id\":\"https:\/\/blog.protur-hotels.com\/#organization\"},\"image\":{\"@id\":\"https:\/\/blog.protur-hotels.com\/ca\/apuntat-lesport-amb-protur-hotels\/#primaryimage\"},\"thumbnailUrl\":\"https:\/\/blog.protur-hotels.com\/wp-content\/uploads\/2018\/10\/Apuntate-al-deporte-protur-hotels.jpg\",\"keywords\":[\"Esport\",\"gaudir\",\"Trail\"],\"articleSection\":[\"Cala Ratjada\",\"Esdeveniments\",\"Esport\",\"Evento\"],\"inLanguage\":\"ca\"},{\"@type\":\"WebPage\",\"@id\":\"https:\/\/blog.protur-hotels.com\/ca\/apuntat-lesport-amb-protur-hotels\/\",\"url\":\"https:\/\/blog.protur-hotels.com\/ca\/apuntat-lesport-amb-protur-hotels\/\",\"name\":\"Apunta\u2019t a l\u2019esport amb Protur Hotels - Blog Protur Hotels\",\"isPartOf\":{\"@id\":\"https:\/\/blog.protur-hotels.com\/#website\"},\"primaryImageOfPage\":{\"@id\":\"https:\/\/blog.protur-hotels.com\/ca\/apuntat-lesport-amb-protur-hotels\/#primaryimage\"},\"image\":{\"@id\":\"https:\/\/blog.protur-hotels.com\/ca\/apuntat-lesport-amb-protur-hotels\/#primaryimage\"},\"thumbnailUrl\":\"https:\/\/blog.protur-hotels.com\/wp-content\/uploads\/2018\/10\/Apuntate-al-deporte-protur-hotels.jpg\",\"datePublished\":\"2018-10-05T13:38:29+00:00\",\"description\":\"Ets un enamorat de l\u2019esport? T\u2019agradaria fer exercici m\u00e9s sovint? Per qu\u00e8 no comences a les teves vacances? III Trail Gabellina 2018,\",\"breadcrumb\":{\"@id\":\"https:\/\/blog.protur-hotels.com\/ca\/apuntat-lesport-amb-protur-hotels\/#breadcrumb\"},\"inLanguage\":\"ca\",\"potentialAction\":[{\"@type\":\"ReadAction\",\"target\":[\"https:\/\/blog.protur-hotels.com\/ca\/apuntat-lesport-amb-protur-hotels\/\"]}]},{\"@type\":\"ImageObject\",\"inLanguage\":\"ca\",\"@id\":\"https:\/\/blog.protur-hotels.com\/ca\/apuntat-lesport-amb-protur-hotels\/#primaryimage\",\"url\":\"https:\/\/blog.protur-hotels.com\/wp-content\/uploads\/2018\/10\/Apuntate-al-deporte-protur-hotels.jpg\",\"contentUrl\":\"https:\/\/blog.protur-hotels.com\/wp-content\/uploads\/2018\/10\/Apuntate-al-deporte-protur-hotels.jpg\",\"width\":800,\"height\":650,\"caption\":\"Apuntate-al-deporte-protur-hotels-sports\"},{\"@type\":\"BreadcrumbList\",\"@id\":\"https:\/\/blog.protur-hotels.com\/ca\/apuntat-lesport-amb-protur-hotels\/#breadcrumb\",\"itemListElement\":[{\"@type\":\"ListItem\",\"position\":1,\"name\":\"Portada\",\"item\":\"https:\/\/blog.protur-hotels.com\/\"},{\"@type\":\"ListItem\",\"position\":2,\"name\":\"Apunta\u2019t a l\u2019esport amb Protur Hotels\"}]},{\"@type\":\"WebSite\",\"@id\":\"https:\/\/blog.protur-hotels.com\/#website\",\"url\":\"https:\/\/blog.protur-hotels.com\/\",\"name\":\"Blog Protur Hotels\",\"description\":\"Un Blog para viajeros\",\"publisher\":{\"@id\":\"https:\/\/blog.protur-hotels.com\/#organization\"},\"potentialAction\":[{\"@type\":\"SearchAction\",\"target\":{\"@type\":\"EntryPoint\",\"urlTemplate\":\"https:\/\/blog.protur-hotels.com\/?s={search_term_string}\"},\"query-input\":{\"@type\":\"PropertyValueSpecification\",\"valueRequired\":true,\"valueName\":\"search_term_string\"}}],\"inLanguage\":\"ca\"},{\"@type\":\"Organization\",\"@id\":\"https:\/\/blog.protur-hotels.com\/#organization\",\"name\":\"Blog Protur Hotels\",\"url\":\"https:\/\/blog.protur-hotels.com\/\",\"logo\":{\"@type\":\"ImageObject\",\"inLanguage\":\"ca\",\"@id\":\"https:\/\/blog.protur-hotels.com\/#\/schema\/logo\/image\/\",\"url\":\"https:\/\/blog.protur-hotels.com\/wp-content\/uploads\/2020\/03\/blog-protur-hotels-mallorca.png\",\"contentUrl\":\"https:\/\/blog.protur-hotels.com\/wp-content\/uploads\/2020\/03\/blog-protur-hotels-mallorca.png\",\"width\":1422,\"height\":894,\"caption\":\"Blog Protur Hotels\"},\"image\":{\"@id\":\"https:\/\/blog.protur-hotels.com\/#\/schema\/logo\/image\/\"}},{\"@type\":\"Person\",\"@id\":\"https:\/\/blog.protur-hotels.com\/#\/schema\/person\/6eac7ca6e9a32baa4716fdd5d7358326\",\"name\":\"Protur Hotels\"}]}<\/script>\n<!-- \/ Yoast SEO plugin. -->","yoast_head_json":{"title":"Apunta\u2019t a l\u2019esport amb Protur Hotels - Blog Protur Hotels","description":"Ets un enamorat de l\u2019esport? T\u2019agradaria fer exercici m\u00e9s sovint? Per qu\u00e8 no comences a les teves vacances? III Trail Gabellina 2018,","robots":{"index":"index","follow":"follow","max-snippet":"max-snippet:-1","max-image-preview":"max-image-preview:large","max-video-preview":"max-video-preview:-1"},"canonical":"https:\/\/blog.protur-hotels.com\/ca\/apuntat-lesport-amb-protur-hotels\/","og_locale":"ca_ES","og_type":"article","og_title":"Apunta\u2019t a l\u2019esport amb Protur Hotels - Blog Protur Hotels","og_description":"Ets un enamorat de l\u2019esport? T\u2019agradaria fer exercici m\u00e9s sovint? Per qu\u00e8 no comences a les teves vacances? III Trail Gabellina 2018,","og_url":"https:\/\/blog.protur-hotels.com\/ca\/apuntat-lesport-amb-protur-hotels\/","og_site_name":"Blog Protur Hotels","article_published_time":"2018-10-05T13:38:29+00:00","author":"Protur Hotels","twitter_card":"summary_large_image","twitter_misc":{"Escrit per":"Protur Hotels","Temps estimat de lectura":"2 minuts"},"schema":{"@context":"https:\/\/schema.org","@graph":[{"@type":"Article","@id":"https:\/\/blog.protur-hotels.com\/ca\/apuntat-lesport-amb-protur-hotels\/#article","isPartOf":{"@id":"https:\/\/blog.protur-hotels.com\/ca\/apuntat-lesport-amb-protur-hotels\/"},"author":{"name":"Protur Hotels","@id":"https:\/\/blog.protur-hotels.com\/#\/schema\/person\/6eac7ca6e9a32baa4716fdd5d7358326"},"headline":"Apunta\u2019t a l\u2019esport amb Protur Hotels","datePublished":"2018-10-05T13:38:29+00:00","mainEntityOfPage":{"@id":"https:\/\/blog.protur-hotels.com\/ca\/apuntat-lesport-amb-protur-hotels\/"},"wordCount":417,"commentCount":0,"publisher":{"@id":"https:\/\/blog.protur-hotels.com\/#organization"},"image":{"@id":"https:\/\/blog.protur-hotels.com\/ca\/apuntat-lesport-amb-protur-hotels\/#primaryimage"},"thumbnailUrl":"https:\/\/blog.protur-hotels.com\/wp-content\/uploads\/2018\/10\/Apuntate-al-deporte-protur-hotels.jpg","keywords":["Esport","gaudir","Trail"],"articleSection":["Cala Ratjada","Esdeveniments","Esport","Evento"],"inLanguage":"ca"},{"@type":"WebPage","@id":"https:\/\/blog.protur-hotels.com\/ca\/apuntat-lesport-amb-protur-hotels\/","url":"https:\/\/blog.protur-hotels.com\/ca\/apuntat-lesport-amb-protur-hotels\/","name":"Apunta\u2019t a l\u2019esport amb Protur Hotels - Blog Protur Hotels","isPartOf":{"@id":"https:\/\/blog.protur-hotels.com\/#website"},"primaryImageOfPage":{"@id":"https:\/\/blog.protur-hotels.com\/ca\/apuntat-lesport-amb-protur-hotels\/#primaryimage"},"image":{"@id":"https:\/\/blog.protur-hotels.com\/ca\/apuntat-lesport-amb-protur-hotels\/#primaryimage"},"thumbnailUrl":"https:\/\/blog.protur-hotels.com\/wp-content\/uploads\/2018\/10\/Apuntate-al-deporte-protur-hotels.jpg","datePublished":"2018-10-05T13:38:29+00:00","description":"Ets un enamorat de l\u2019esport? T\u2019agradaria fer exercici m\u00e9s sovint? Per qu\u00e8 no comences a les teves vacances? III Trail Gabellina 2018,","breadcrumb":{"@id":"https:\/\/blog.protur-hotels.com\/ca\/apuntat-lesport-amb-protur-hotels\/#breadcrumb"},"inLanguage":"ca","potentialAction":[{"@type":"ReadAction","target":["https:\/\/blog.protur-hotels.com\/ca\/apuntat-lesport-amb-protur-hotels\/"]}]},{"@type":"ImageObject","inLanguage":"ca","@id":"https:\/\/blog.protur-hotels.com\/ca\/apuntat-lesport-amb-protur-hotels\/#primaryimage","url":"https:\/\/blog.protur-hotels.com\/wp-content\/uploads\/2018\/10\/Apuntate-al-deporte-protur-hotels.jpg","contentUrl":"https:\/\/blog.protur-hotels.com\/wp-content\/uploads\/2018\/10\/Apuntate-al-deporte-protur-hotels.jpg","width":800,"height":650,"caption":"Apuntate-al-deporte-protur-hotels-sports"},{"@type":"BreadcrumbList","@id":"https:\/\/blog.protur-hotels.com\/ca\/apuntat-lesport-amb-protur-hotels\/#breadcrumb","itemListElement":[{"@type":"ListItem","position":1,"name":"Portada","item":"https:\/\/blog.protur-hotels.com\/"},{"@type":"ListItem","position":2,"name":"Apunta\u2019t a l\u2019esport amb Protur Hotels"}]},{"@type":"WebSite","@id":"https:\/\/blog.protur-hotels.com\/#website","url":"https:\/\/blog.protur-hotels.com\/","name":"Blog Protur Hotels","description":"Un Blog para viajeros","publisher":{"@id":"https:\/\/blog.protur-hotels.com\/#organization"},"potentialAction":[{"@type":"SearchAction","target":{"@type":"EntryPoint","urlTemplate":"https:\/\/blog.protur-hotels.com\/?s={search_term_string}"},"query-input":{"@type":"PropertyValueSpecification","valueRequired":true,"valueName":"search_term_string"}}],"inLanguage":"ca"},{"@type":"Organization","@id":"https:\/\/blog.protur-hotels.com\/#organization","name":"Blog Protur Hotels","url":"https:\/\/blog.protur-hotels.com\/","logo":{"@type":"ImageObject","inLanguage":"ca","@id":"https:\/\/blog.protur-hotels.com\/#\/schema\/logo\/image\/","url":"https:\/\/blog.protur-hotels.com\/wp-content\/uploads\/2020\/03\/blog-protur-hotels-mallorca.png","contentUrl":"https:\/\/blog.protur-hotels.com\/wp-content\/uploads\/2020\/03\/blog-protur-hotels-mallorca.png","width":1422,"height":894,"caption":"Blog Protur Hotels"},"image":{"@id":"https:\/\/blog.protur-hotels.com\/#\/schema\/logo\/image\/"}},{"@type":"Person","@id":"https:\/\/blog.protur-hotels.com\/#\/schema\/person\/6eac7ca6e9a32baa4716fdd5d7358326","name":"Protur Hotels"}]}},"_links":{"self":[{"href":"https:\/\/blog.protur-hotels.com\/ca\/wp-json\/wp\/v2\/posts\/4260","targetHints":{"allow":["GET"]}}],"collection":[{"href":"https:\/\/blog.protur-hotels.com\/ca\/wp-json\/wp\/v2\/posts"}],"about":[{"href":"https:\/\/blog.protur-hotels.com\/ca\/wp-json\/wp\/v2\/types\/post"}],"author":[{"embeddable":true,"href":"https:\/\/blog.protur-hotels.com\/ca\/wp-json\/wp\/v2\/users\/3"}],"replies":[{"embeddable":true,"href":"https:\/\/blog.protur-hotels.com\/ca\/wp-json\/wp\/v2\/comments?post=4260"}],"version-history":[{"count":0,"href":"https:\/\/blog.protur-hotels.com\/ca\/wp-json\/wp\/v2\/posts\/4260\/revisions"}],"wp:featuredmedia":[{"embeddable":true,"href":"https:\/\/blog.protur-hotels.com\/ca\/wp-json\/wp\/v2\/media\/6343"}],"wp:attachment":[{"href":"https:\/\/blog.protur-hotels.com\/ca\/wp-json\/wp\/v2\/media?parent=4260"}],"wp:term":[{"taxonomy":"category","embeddable":true,"href":"https:\/\/blog.protur-hotels.com\/ca\/wp-json\/wp\/v2\/categories?post=4260"},{"taxonomy":"post_tag","embeddable":true,"href":"https:\/\/blog.protur-hotels.com\/ca\/wp-json\/wp\/v2\/tags?post=4260"}],"curies":[{"name":"wp","href":"https:\/\/api.w.org\/{rel}","templated":true}]}}