{"id":4287,"date":"2018-10-29T16:14:07","date_gmt":"2018-10-29T16:14:07","guid":{"rendered":"https:\/\/blog.protur-hotels.com\/ca\/?p=4287"},"modified":"2018-10-29T16:14:07","modified_gmt":"2018-10-29T16:14:07","slug":"quines-les-millors-cales-llevant","status":"publish","type":"post","link":"https:\/\/blog.protur-hotels.com\/ca\/quines-les-millors-cales-llevant\/","title":{"rendered":"Quines s\u00f3n les millors cales de Llevant?"},"content":{"rendered":"<p><strong>Quines s&oacute;n les millors cales de Llevant?<\/strong><\/p>\n<p>El Llevant mallorqu&iacute; &eacute;s una de les zones amb m&eacute;s encant de Mallorca que has de con&egrave;ixer durant les teves vacances. Les belles platges i cales que envolten les seves costes mostren un costat de l&rsquo;illa molt aut&egrave;ntic i ple de colors canviants segons l&rsquo;&egrave;poca de l&rsquo;any. Els boscs de pins es fonen amb els espectaculars arenals blancs en una combinaci&oacute; digna de la m&eacute;s bella postal. Les <strong>cales de Mallorca<\/strong> atreuen cada any un gran nombre de persones que volen ser testimonis del paradis&iacute;ac entorn natural en el qual s&rsquo;ubiquen. Encara que algunes d&rsquo;elles siguin conegudes per molts, encara queden alguns petits tresors allunyats de la massificaci&oacute;, com aquestes 7 cales exclusives que has de visitar per con&egrave;ixer la vertadera ess&egrave;ncia de Mallorca.<\/p>\n<ul>\n<li><strong>Cala Rom&agrave;ntica<\/strong>. D&rsquo;aig&uuml;es cristal&middot;lines i sorra blanca, aquesta encantadora cala s&rsquo;ubica molt a prop de les famoses <strong>Coves del Drach<\/strong>. En Cala Rom&agrave;ntica podr&agrave;s gaudir d&rsquo;un ambient tranquil mentre et prens una beguda refrescant en el seu quiosquet. <\/li>\n<\/ul>\n<ul>\n<li><strong>Cala Murada<\/strong>. Una petita platja ideal per fam&iacute;lies per la seva amplia oferta de serveis. Es troba al terme municipal de Manacor i obt&eacute; el seu nom del pintoresc poble pesquer al qual pertany. T&rsquo;enamorar&agrave;!<\/li>\n<\/ul>\n<ul>\n<li><strong>Cala Varques<\/strong>. Un parad&iacute;s en tota regla a tan sols mitja hora en cotxe del nostres <a href=\"https:\/\/protur-hotels.com\/ca\/mallorca\/sa-coma\">hotels en Sa Coma<\/a>. La intimitat que envolta a Cala Varques la converteix en una cala ideal per relaxar-te al sol mediterrani.<\/li>\n<\/ul>\n<ul>\n<li><strong>Cala Morlanda<\/strong>. Aquesta cala de pedres posseeix un encant molt especial. Les seves aig&uuml;es turqueses poc profundes conviden a capbussar-se i explorar els seus bells fons marins.<\/li>\n<ul>\n<li><strong>Cal&oacute; des Moro<\/strong>. Envoltada de pins i de la vegetaci&oacute; m&eacute;s variada, aquesta cala &eacute;s una meravella en s&iacute; mateixa. S&rsquo;accedeix a peu, fent una petita excursi&oacute; per la zona on no falta un bell paisatge mar&iacute;tim.<\/li>\n<\/ul>\n<ul>\n<li><strong>Cala Mondrag&oacute;<\/strong>. A prop del municipi de Santany&iacute; s&rsquo;ubica una petita platja envoltada per pins i roques. Aquesta cala va ser declarada Parc Natural l&rsquo;any 1992 per el Parlament de Balears i &Agrave;rea Natural d&rsquo;Especial inter&egrave;s l&rsquo;any 1995 per la Comunitat Europea. Un petit trosset de cel que no et pots perdre en les teves vacances.<\/li>\n<\/ul>\n<ul>\n<li><strong>Es Trenc<\/strong>. Un poquet m&eacute;s llunyana que la resta es troba aquesta meravella verge. Una de les zones intactes de Mallorca que t&rsquo;impressionar&agrave;. A pocs kil&ograve;metres es troben <strong>Ses Salines<\/strong>, els salobrars de Mallorca on podr&agrave;s con&egrave;ixer el proc&eacute;s d&rsquo;elaboraci&oacute; de la famosa <strong>Flor de Sal<\/strong>. <\/li>\n<\/ul>\n<p>Coneix Mallorca amb<a href=\"https:\/\/protur-hotels.com\/ca\/\"> Protur Hotels<\/a><\/p>\n","protected":false},"excerpt":{"rendered":"<p>Quines s&oacute;n les millors cales de Llevant? El Llevant mallorqu&iacute; &eacute;s una de les zones amb m&eacute;s encant de Mallorca que has de con&egrave;ixer durant les teves vacances. Les belles&hellip;<\/p>\n","protected":false},"author":3,"featured_media":4285,"comment_status":"closed","ping_status":"open","sticky":false,"template":"","format":"standard","meta":{"_lmt_disableupdate":"","_lmt_disable":"","footnotes":""},"categories":[837,217,240],"tags":[222,223,1026],"class_list":["post-4287","post","type-post","status-publish","format-standard","has-post-thumbnail","hentry","category-mallorca-ca","category-platja","category-vacances","tag-disfrutar","tag-gaudir","tag-llevant"],"yoast_head":"<!-- This site is optimized with the Yoast SEO plugin v26.6 - https:\/\/yoast.com\/wordpress\/plugins\/seo\/ -->\n<title>Quines s\u00f3n les millors cales de Llevant? - Blog Protur Hotels<\/title>\n<meta name=\"description\" content=\"Quines s\u00f3n les millors cales de Llevant? El Llevant mallorqu\u00ed \u00e9s una de les zones amb m\u00e9s encant de Mallorca que has de con\u00e8ixer durant les teves vacances.\" \/>\n<meta name=\"robots\" content=\"index, follow, max-snippet:-1, max-image-preview:large, max-video-preview:-1\" \/>\n<link rel=\"canonical\" href=\"https:\/\/blog.protur-hotels.com\/ca\/quines-les-millors-cales-llevant\/\" \/>\n<meta property=\"og:locale\" content=\"ca_ES\" \/>\n<meta property=\"og:type\" content=\"article\" \/>\n<meta property=\"og:title\" content=\"Quines s\u00f3n les millors cales de Llevant? - Blog Protur Hotels\" \/>\n<meta property=\"og:description\" content=\"Quines s\u00f3n les millors cales de Llevant? El Llevant mallorqu\u00ed \u00e9s una de les zones amb m\u00e9s encant de Mallorca que has de con\u00e8ixer durant les teves vacances.\" \/>\n<meta property=\"og:url\" content=\"https:\/\/blog.protur-hotels.com\/ca\/quines-les-millors-cales-llevant\/\" \/>\n<meta property=\"og:site_name\" content=\"Blog Protur Hotels\" \/>\n<meta property=\"article:published_time\" content=\"2018-10-29T16:14:07+00:00\" \/>\n<meta property=\"og:image\" content=\"https:\/\/blog.protur-hotels.com\/wp-content\/uploads\/2018\/10\/cuales-las-mejores-calas-levante.jpg\" \/>\n\t<meta property=\"og:image:width\" content=\"800\" \/>\n\t<meta property=\"og:image:height\" content=\"650\" \/>\n\t<meta property=\"og:image:type\" content=\"image\/jpeg\" \/>\n<meta name=\"author\" content=\"Protur Hotels\" \/>\n<meta name=\"twitter:card\" content=\"summary_large_image\" \/>\n<meta name=\"twitter:label1\" content=\"Escrit per\" \/>\n\t<meta name=\"twitter:data1\" content=\"Protur Hotels\" \/>\n\t<meta name=\"twitter:label2\" content=\"Temps estimat de lectura\" \/>\n\t<meta name=\"twitter:data2\" content=\"3 minuts\" \/>\n<script type=\"application\/ld+json\" class=\"yoast-schema-graph\">{\"@context\":\"https:\/\/schema.org\",\"@graph\":[{\"@type\":\"Article\",\"@id\":\"https:\/\/blog.protur-hotels.com\/ca\/quines-les-millors-cales-llevant\/#article\",\"isPartOf\":{\"@id\":\"https:\/\/blog.protur-hotels.com\/ca\/quines-les-millors-cales-llevant\/\"},\"author\":{\"name\":\"Protur Hotels\",\"@id\":\"https:\/\/blog.protur-hotels.com\/#\/schema\/person\/6eac7ca6e9a32baa4716fdd5d7358326\"},\"headline\":\"Quines s\u00f3n les millors cales de Llevant?\",\"datePublished\":\"2018-10-29T16:14:07+00:00\",\"mainEntityOfPage\":{\"@id\":\"https:\/\/blog.protur-hotels.com\/ca\/quines-les-millors-cales-llevant\/\"},\"wordCount\":515,\"publisher\":{\"@id\":\"https:\/\/blog.protur-hotels.com\/#organization\"},\"image\":{\"@id\":\"https:\/\/blog.protur-hotels.com\/ca\/quines-les-millors-cales-llevant\/#primaryimage\"},\"thumbnailUrl\":\"https:\/\/blog.protur-hotels.com\/wp-content\/uploads\/2018\/10\/cuales-las-mejores-calas-levante.jpg\",\"keywords\":[\"disfrutar\",\"gaudir\",\"Llevant\"],\"articleSection\":[\"Mallorca\",\"platja\",\"Vacances\"],\"inLanguage\":\"ca\"},{\"@type\":\"WebPage\",\"@id\":\"https:\/\/blog.protur-hotels.com\/ca\/quines-les-millors-cales-llevant\/\",\"url\":\"https:\/\/blog.protur-hotels.com\/ca\/quines-les-millors-cales-llevant\/\",\"name\":\"Quines s\u00f3n les millors cales de Llevant? - Blog Protur Hotels\",\"isPartOf\":{\"@id\":\"https:\/\/blog.protur-hotels.com\/#website\"},\"primaryImageOfPage\":{\"@id\":\"https:\/\/blog.protur-hotels.com\/ca\/quines-les-millors-cales-llevant\/#primaryimage\"},\"image\":{\"@id\":\"https:\/\/blog.protur-hotels.com\/ca\/quines-les-millors-cales-llevant\/#primaryimage\"},\"thumbnailUrl\":\"https:\/\/blog.protur-hotels.com\/wp-content\/uploads\/2018\/10\/cuales-las-mejores-calas-levante.jpg\",\"datePublished\":\"2018-10-29T16:14:07+00:00\",\"description\":\"Quines s\u00f3n les millors cales de Llevant? El Llevant mallorqu\u00ed \u00e9s una de les zones amb m\u00e9s encant de Mallorca que has de con\u00e8ixer durant les teves vacances.\",\"breadcrumb\":{\"@id\":\"https:\/\/blog.protur-hotels.com\/ca\/quines-les-millors-cales-llevant\/#breadcrumb\"},\"inLanguage\":\"ca\",\"potentialAction\":[{\"@type\":\"ReadAction\",\"target\":[\"https:\/\/blog.protur-hotels.com\/ca\/quines-les-millors-cales-llevant\/\"]}]},{\"@type\":\"ImageObject\",\"inLanguage\":\"ca\",\"@id\":\"https:\/\/blog.protur-hotels.com\/ca\/quines-les-millors-cales-llevant\/#primaryimage\",\"url\":\"https:\/\/blog.protur-hotels.com\/wp-content\/uploads\/2018\/10\/cuales-las-mejores-calas-levante.jpg\",\"contentUrl\":\"https:\/\/blog.protur-hotels.com\/wp-content\/uploads\/2018\/10\/cuales-las-mejores-calas-levante.jpg\",\"width\":800,\"height\":650,\"caption\":\"Llevant-Osten-Levante-\u041a\u0430\u043a\u0438\u0435\"},{\"@type\":\"BreadcrumbList\",\"@id\":\"https:\/\/blog.protur-hotels.com\/ca\/quines-les-millors-cales-llevant\/#breadcrumb\",\"itemListElement\":[{\"@type\":\"ListItem\",\"position\":1,\"name\":\"Portada\",\"item\":\"https:\/\/blog.protur-hotels.com\/\"},{\"@type\":\"ListItem\",\"position\":2,\"name\":\"Quines s\u00f3n les millors cales de Llevant?\"}]},{\"@type\":\"WebSite\",\"@id\":\"https:\/\/blog.protur-hotels.com\/#website\",\"url\":\"https:\/\/blog.protur-hotels.com\/\",\"name\":\"Blog Protur Hotels\",\"description\":\"Un Blog para viajeros\",\"publisher\":{\"@id\":\"https:\/\/blog.protur-hotels.com\/#organization\"},\"potentialAction\":[{\"@type\":\"SearchAction\",\"target\":{\"@type\":\"EntryPoint\",\"urlTemplate\":\"https:\/\/blog.protur-hotels.com\/?s={search_term_string}\"},\"query-input\":{\"@type\":\"PropertyValueSpecification\",\"valueRequired\":true,\"valueName\":\"search_term_string\"}}],\"inLanguage\":\"ca\"},{\"@type\":\"Organization\",\"@id\":\"https:\/\/blog.protur-hotels.com\/#organization\",\"name\":\"Blog Protur Hotels\",\"url\":\"https:\/\/blog.protur-hotels.com\/\",\"logo\":{\"@type\":\"ImageObject\",\"inLanguage\":\"ca\",\"@id\":\"https:\/\/blog.protur-hotels.com\/#\/schema\/logo\/image\/\",\"url\":\"https:\/\/blog.protur-hotels.com\/wp-content\/uploads\/2020\/03\/blog-protur-hotels-mallorca.png\",\"contentUrl\":\"https:\/\/blog.protur-hotels.com\/wp-content\/uploads\/2020\/03\/blog-protur-hotels-mallorca.png\",\"width\":1422,\"height\":894,\"caption\":\"Blog Protur Hotels\"},\"image\":{\"@id\":\"https:\/\/blog.protur-hotels.com\/#\/schema\/logo\/image\/\"}},{\"@type\":\"Person\",\"@id\":\"https:\/\/blog.protur-hotels.com\/#\/schema\/person\/6eac7ca6e9a32baa4716fdd5d7358326\",\"name\":\"Protur Hotels\"}]}<\/script>\n<!-- \/ Yoast SEO plugin. -->","yoast_head_json":{"title":"Quines s\u00f3n les millors cales de Llevant? - Blog Protur Hotels","description":"Quines s\u00f3n les millors cales de Llevant? El Llevant mallorqu\u00ed \u00e9s una de les zones amb m\u00e9s encant de Mallorca que has de con\u00e8ixer durant les teves vacances.","robots":{"index":"index","follow":"follow","max-snippet":"max-snippet:-1","max-image-preview":"max-image-preview:large","max-video-preview":"max-video-preview:-1"},"canonical":"https:\/\/blog.protur-hotels.com\/ca\/quines-les-millors-cales-llevant\/","og_locale":"ca_ES","og_type":"article","og_title":"Quines s\u00f3n les millors cales de Llevant? - Blog Protur Hotels","og_description":"Quines s\u00f3n les millors cales de Llevant? El Llevant mallorqu\u00ed \u00e9s una de les zones amb m\u00e9s encant de Mallorca que has de con\u00e8ixer durant les teves vacances.","og_url":"https:\/\/blog.protur-hotels.com\/ca\/quines-les-millors-cales-llevant\/","og_site_name":"Blog Protur Hotels","article_published_time":"2018-10-29T16:14:07+00:00","og_image":[{"width":800,"height":650,"url":"https:\/\/blog.protur-hotels.com\/wp-content\/uploads\/2018\/10\/cuales-las-mejores-calas-levante.jpg","type":"image\/jpeg"}],"author":"Protur Hotels","twitter_card":"summary_large_image","twitter_misc":{"Escrit per":"Protur Hotels","Temps estimat de lectura":"3 minuts"},"schema":{"@context":"https:\/\/schema.org","@graph":[{"@type":"Article","@id":"https:\/\/blog.protur-hotels.com\/ca\/quines-les-millors-cales-llevant\/#article","isPartOf":{"@id":"https:\/\/blog.protur-hotels.com\/ca\/quines-les-millors-cales-llevant\/"},"author":{"name":"Protur Hotels","@id":"https:\/\/blog.protur-hotels.com\/#\/schema\/person\/6eac7ca6e9a32baa4716fdd5d7358326"},"headline":"Quines s\u00f3n les millors cales de Llevant?","datePublished":"2018-10-29T16:14:07+00:00","mainEntityOfPage":{"@id":"https:\/\/blog.protur-hotels.com\/ca\/quines-les-millors-cales-llevant\/"},"wordCount":515,"publisher":{"@id":"https:\/\/blog.protur-hotels.com\/#organization"},"image":{"@id":"https:\/\/blog.protur-hotels.com\/ca\/quines-les-millors-cales-llevant\/#primaryimage"},"thumbnailUrl":"https:\/\/blog.protur-hotels.com\/wp-content\/uploads\/2018\/10\/cuales-las-mejores-calas-levante.jpg","keywords":["disfrutar","gaudir","Llevant"],"articleSection":["Mallorca","platja","Vacances"],"inLanguage":"ca"},{"@type":"WebPage","@id":"https:\/\/blog.protur-hotels.com\/ca\/quines-les-millors-cales-llevant\/","url":"https:\/\/blog.protur-hotels.com\/ca\/quines-les-millors-cales-llevant\/","name":"Quines s\u00f3n les millors cales de Llevant? - Blog Protur Hotels","isPartOf":{"@id":"https:\/\/blog.protur-hotels.com\/#website"},"primaryImageOfPage":{"@id":"https:\/\/blog.protur-hotels.com\/ca\/quines-les-millors-cales-llevant\/#primaryimage"},"image":{"@id":"https:\/\/blog.protur-hotels.com\/ca\/quines-les-millors-cales-llevant\/#primaryimage"},"thumbnailUrl":"https:\/\/blog.protur-hotels.com\/wp-content\/uploads\/2018\/10\/cuales-las-mejores-calas-levante.jpg","datePublished":"2018-10-29T16:14:07+00:00","description":"Quines s\u00f3n les millors cales de Llevant? El Llevant mallorqu\u00ed \u00e9s una de les zones amb m\u00e9s encant de Mallorca que has de con\u00e8ixer durant les teves vacances.","breadcrumb":{"@id":"https:\/\/blog.protur-hotels.com\/ca\/quines-les-millors-cales-llevant\/#breadcrumb"},"inLanguage":"ca","potentialAction":[{"@type":"ReadAction","target":["https:\/\/blog.protur-hotels.com\/ca\/quines-les-millors-cales-llevant\/"]}]},{"@type":"ImageObject","inLanguage":"ca","@id":"https:\/\/blog.protur-hotels.com\/ca\/quines-les-millors-cales-llevant\/#primaryimage","url":"https:\/\/blog.protur-hotels.com\/wp-content\/uploads\/2018\/10\/cuales-las-mejores-calas-levante.jpg","contentUrl":"https:\/\/blog.protur-hotels.com\/wp-content\/uploads\/2018\/10\/cuales-las-mejores-calas-levante.jpg","width":800,"height":650,"caption":"Llevant-Osten-Levante-\u041a\u0430\u043a\u0438\u0435"},{"@type":"BreadcrumbList","@id":"https:\/\/blog.protur-hotels.com\/ca\/quines-les-millors-cales-llevant\/#breadcrumb","itemListElement":[{"@type":"ListItem","position":1,"name":"Portada","item":"https:\/\/blog.protur-hotels.com\/"},{"@type":"ListItem","position":2,"name":"Quines s\u00f3n les millors cales de Llevant?"}]},{"@type":"WebSite","@id":"https:\/\/blog.protur-hotels.com\/#website","url":"https:\/\/blog.protur-hotels.com\/","name":"Blog Protur Hotels","description":"Un Blog para viajeros","publisher":{"@id":"https:\/\/blog.protur-hotels.com\/#organization"},"potentialAction":[{"@type":"SearchAction","target":{"@type":"EntryPoint","urlTemplate":"https:\/\/blog.protur-hotels.com\/?s={search_term_string}"},"query-input":{"@type":"PropertyValueSpecification","valueRequired":true,"valueName":"search_term_string"}}],"inLanguage":"ca"},{"@type":"Organization","@id":"https:\/\/blog.protur-hotels.com\/#organization","name":"Blog Protur Hotels","url":"https:\/\/blog.protur-hotels.com\/","logo":{"@type":"ImageObject","inLanguage":"ca","@id":"https:\/\/blog.protur-hotels.com\/#\/schema\/logo\/image\/","url":"https:\/\/blog.protur-hotels.com\/wp-content\/uploads\/2020\/03\/blog-protur-hotels-mallorca.png","contentUrl":"https:\/\/blog.protur-hotels.com\/wp-content\/uploads\/2020\/03\/blog-protur-hotels-mallorca.png","width":1422,"height":894,"caption":"Blog Protur Hotels"},"image":{"@id":"https:\/\/blog.protur-hotels.com\/#\/schema\/logo\/image\/"}},{"@type":"Person","@id":"https:\/\/blog.protur-hotels.com\/#\/schema\/person\/6eac7ca6e9a32baa4716fdd5d7358326","name":"Protur Hotels"}]}},"_links":{"self":[{"href":"https:\/\/blog.protur-hotels.com\/ca\/wp-json\/wp\/v2\/posts\/4287","targetHints":{"allow":["GET"]}}],"collection":[{"href":"https:\/\/blog.protur-hotels.com\/ca\/wp-json\/wp\/v2\/posts"}],"about":[{"href":"https:\/\/blog.protur-hotels.com\/ca\/wp-json\/wp\/v2\/types\/post"}],"author":[{"embeddable":true,"href":"https:\/\/blog.protur-hotels.com\/ca\/wp-json\/wp\/v2\/users\/3"}],"replies":[{"embeddable":true,"href":"https:\/\/blog.protur-hotels.com\/ca\/wp-json\/wp\/v2\/comments?post=4287"}],"version-history":[{"count":0,"href":"https:\/\/blog.protur-hotels.com\/ca\/wp-json\/wp\/v2\/posts\/4287\/revisions"}],"wp:featuredmedia":[{"embeddable":true,"href":"https:\/\/blog.protur-hotels.com\/ca\/wp-json\/wp\/v2\/media\/4285"}],"wp:attachment":[{"href":"https:\/\/blog.protur-hotels.com\/ca\/wp-json\/wp\/v2\/media?parent=4287"}],"wp:term":[{"taxonomy":"category","embeddable":true,"href":"https:\/\/blog.protur-hotels.com\/ca\/wp-json\/wp\/v2\/categories?post=4287"},{"taxonomy":"post_tag","embeddable":true,"href":"https:\/\/blog.protur-hotels.com\/ca\/wp-json\/wp\/v2\/tags?post=4287"}],"curies":[{"name":"wp","href":"https:\/\/api.w.org\/{rel}","templated":true}]}}