{"id":4377,"date":"2018-12-21T15:37:30","date_gmt":"2018-12-21T15:37:30","guid":{"rendered":"https:\/\/blog.protur-hotels.com\/ca\/?p=4377"},"modified":"2018-12-21T15:42:20","modified_gmt":"2018-12-21T15:42:20","slug":"5-fires-nadal-per-visitar-palma","status":"publish","type":"post","link":"https:\/\/blog.protur-hotels.com\/ca\/5-fires-nadal-per-visitar-palma\/","title":{"rendered":"5 Fires de Nadal per visitar a Palma"},"content":{"rendered":"<p><strong>5 Fires de Nadal per visitar a Palma<\/strong><\/p>\n<p>Llums, colors, il\u00b7lusi\u00f3&#8230; Amb el Nadal, Mallorca s\u2019omple d\u2019un encant especial que la torna \u00fanica. Un esperit festiu i alegre inunda cadascun dels racons de l\u2019illa convertint-la en un dest\u00ed ideal per visitar en aquestes dates. I no nom\u00e9s per la calidesa i l\u2019ambient que trobar\u00e0s als pobles i a la capital, sin\u00f3 pel gran ventall d\u2019activitats per gaudir amb els teus estimats.<\/p>\n<p>Un dels esdeveniments m\u00e9s esperats pels mallorquins s\u00f3n les fires de nadal que s\u2019organitzen arreu tota l\u2019illa i, encara que pr\u00e0cticament tots els <strong>pobles de Mallorca<\/strong> tenen les seves pr\u00f2pies fires, a la capital es troben les m\u00e9s representatives. En <strong>Protur Hotels<\/strong> volem que descobreixis l\u2019esperit de nadal de l\u2019illa, per aix\u00f2, si est\u00e0s pensant en <strong>viatjar a Mallorca al Nadal<\/strong>, aquestes s\u00f3n les fires que no et pots perdre durant la teva visita a Palma.<\/p>\n<ul>\n<li><strong>Mercat de Rambles<\/strong>. Imagina\u2019t passejant per les emblem\u00e0tiques Rambles de Palma. Una bella travessa envoltada d\u2019arbres decorats amb llums nadalenques en les quals, a m\u00e9s, s\u2019organitza cada any un encantador mercat amb artesania t\u00edpica de les illes, i d\u2019altres llocs d\u2019Espanya, com ara bijuteria de plata, objectes de decoraci\u00f3, quadres, fotografies antigues i complements. Perfecte per visitar mentre gaudeixes d\u2019una agradable passejada pel centre de Palma.<\/li>\n<\/ul>\n<ul>\n<li><strong>Pla\u00e7a d\u2019Espanya<\/strong>. El centre neur\u00e0lgic de la capital. Pla\u00e7a d\u2019Espanya \u00e9s el lloc de reuni\u00f3 per excel\u00b7l\u00e8ncia dels mallorquins, i un dels m\u00e9s concorreguts de Palma. La fira de Nadal que s\u2019exposa all\u00e0 \u00e9s tota una mostra de productes t\u00edpics mallorquins i nacionals on no falten embotits, formatges i roba d\u2019abric feta a m\u00e0.<\/li>\n<\/ul>\n<ul>\n<li><strong>Poble Espanyol<\/strong>. Un incre\u00efble museu a l\u2019aire lliure on es representen les caracter\u00edstiques principals dels pobles d\u2019Espanya. Aquest recinte acull al llarg de l\u2019any un gran nombre d\u2019esdeveniments i, entre ells, esta un dels mercats nadalencs m\u00e9s dol\u00e7os de l\u2019illa. N\u00favols de cot\u00f3 de sucre, xocolatines, llaminadures, tapes, mostres gastron\u00f2miques&#8230; Delici\u00f3s, oi que s\u00ed?<\/li>\n<\/ul>\n<ul>\n<li><strong>Rata Market<\/strong>. Un mercat molt alternatiu que s\u2019organitza a l\u2019antic parc de bombers de Palma i que reuneix un gran nombre d\u2019artistes que exposen els seus quadres, llibres i productes fets a m\u00e0. L\u2019esdeveniment es completa amb foodtrucks, begudes i m\u00fasica en directe.<\/li>\n<\/ul>\n<ul>\n<li><strong>Exposici\u00f3 de Betlems<\/strong>. Una manera molt bona de finalitzar la nostra ruta per les fires de Nadal \u00e9s aturar-se a la bella Pla\u00e7a Cort \u2013la pla\u00e7a de l\u2019Ajuntament- per delectar-se amb la magn\u00edfica exposici\u00f3 de Betlems a c\u00e0rrec dels artesans m\u00e9s representatius de Mallorca.<\/li>\n<\/ul>\n<p>Viu tota la m\u00e0gia de Nadal amb <a href=\"https:\/\/protur-hotels.com\/ca\/\">Protur Hotels<\/a><\/p>\n","protected":false},"excerpt":{"rendered":"<p>5 Fires de Nadal per visitar a Palma Llums, colors, il\u00b7lusi\u00f3&#8230; Amb el Nadal, Mallorca s\u2019omple d\u2019un encant especial que la torna \u00fanica. Un esperit festiu i alegre inunda cadascun&hellip;<\/p>\n","protected":false},"author":3,"featured_media":4375,"comment_status":"closed","ping_status":"open","sticky":false,"template":"","format":"standard","meta":{"_lmt_disableupdate":"","_lmt_disable":"","footnotes":""},"categories":[535,239,837],"tags":[242,241,223],"class_list":["post-4377","post","type-post","status-publish","format-standard","has-post-thumbnail","hentry","category-esdeveniments","category-festes","category-mallorca-ca","tag-diversio","tag-festes","tag-gaudir"],"yoast_head":"<!-- This site is optimized with the Yoast SEO plugin v26.6 - https:\/\/yoast.com\/wordpress\/plugins\/seo\/ -->\n<title>5 Fires de Nadal per visitar a Palma - Blog Protur Hotels<\/title>\n<meta name=\"description\" content=\"5 Fires de Nadal per visitar a Palma Llums, colors, il\u00b7lusi\u00f3... Amb el Nadal, Mallorca s\u2019omple d\u2019un encant especial que la torna \u00fanica\" \/>\n<meta name=\"robots\" content=\"index, follow, max-snippet:-1, max-image-preview:large, max-video-preview:-1\" \/>\n<link rel=\"canonical\" href=\"https:\/\/blog.protur-hotels.com\/ca\/5-fires-nadal-per-visitar-palma\/\" \/>\n<meta property=\"og:locale\" content=\"ca_ES\" \/>\n<meta property=\"og:type\" content=\"article\" \/>\n<meta property=\"og:title\" content=\"5 Fires de Nadal per visitar a Palma - Blog Protur Hotels\" \/>\n<meta property=\"og:description\" content=\"5 Fires de Nadal per visitar a Palma Llums, colors, il\u00b7lusi\u00f3... Amb el Nadal, Mallorca s\u2019omple d\u2019un encant especial que la torna \u00fanica\" \/>\n<meta property=\"og:url\" content=\"https:\/\/blog.protur-hotels.com\/ca\/5-fires-nadal-per-visitar-palma\/\" \/>\n<meta property=\"og:site_name\" content=\"Blog Protur Hotels\" \/>\n<meta property=\"article:published_time\" content=\"2018-12-21T15:37:30+00:00\" \/>\n<meta property=\"article:modified_time\" content=\"2018-12-21T15:42:20+00:00\" \/>\n<meta property=\"og:image\" content=\"https:\/\/blog.protur-hotels.com\/wp-content\/uploads\/2018\/12\/Sin-nombre.jpg\" \/>\n\t<meta property=\"og:image:width\" content=\"800\" \/>\n\t<meta property=\"og:image:height\" content=\"650\" \/>\n\t<meta property=\"og:image:type\" content=\"image\/jpeg\" \/>\n<meta name=\"author\" content=\"Protur Hotels\" \/>\n<meta name=\"twitter:card\" content=\"summary_large_image\" \/>\n<meta name=\"twitter:label1\" content=\"Escrit per\" \/>\n\t<meta name=\"twitter:data1\" content=\"Protur Hotels\" \/>\n\t<meta name=\"twitter:label2\" content=\"Temps estimat de lectura\" \/>\n\t<meta name=\"twitter:data2\" content=\"2 minuts\" \/>\n<script type=\"application\/ld+json\" class=\"yoast-schema-graph\">{\"@context\":\"https:\/\/schema.org\",\"@graph\":[{\"@type\":\"Article\",\"@id\":\"https:\/\/blog.protur-hotels.com\/ca\/5-fires-nadal-per-visitar-palma\/#article\",\"isPartOf\":{\"@id\":\"https:\/\/blog.protur-hotels.com\/ca\/5-fires-nadal-per-visitar-palma\/\"},\"author\":{\"name\":\"Protur Hotels\",\"@id\":\"https:\/\/blog.protur-hotels.com\/#\/schema\/person\/6eac7ca6e9a32baa4716fdd5d7358326\"},\"headline\":\"5 Fires de Nadal per visitar a Palma\",\"datePublished\":\"2018-12-21T15:37:30+00:00\",\"dateModified\":\"2018-12-21T15:42:20+00:00\",\"mainEntityOfPage\":{\"@id\":\"https:\/\/blog.protur-hotels.com\/ca\/5-fires-nadal-per-visitar-palma\/\"},\"wordCount\":486,\"publisher\":{\"@id\":\"https:\/\/blog.protur-hotels.com\/#organization\"},\"image\":{\"@id\":\"https:\/\/blog.protur-hotels.com\/ca\/5-fires-nadal-per-visitar-palma\/#primaryimage\"},\"thumbnailUrl\":\"https:\/\/blog.protur-hotels.com\/wp-content\/uploads\/2018\/12\/Sin-nombre.jpg\",\"keywords\":[\"diversi\u00f3\",\"festes\",\"gaudir\"],\"articleSection\":[\"Esdeveniments\",\"Festes\",\"Mallorca\"],\"inLanguage\":\"ca\"},{\"@type\":\"WebPage\",\"@id\":\"https:\/\/blog.protur-hotels.com\/ca\/5-fires-nadal-per-visitar-palma\/\",\"url\":\"https:\/\/blog.protur-hotels.com\/ca\/5-fires-nadal-per-visitar-palma\/\",\"name\":\"5 Fires de Nadal per visitar a Palma - Blog Protur Hotels\",\"isPartOf\":{\"@id\":\"https:\/\/blog.protur-hotels.com\/#website\"},\"primaryImageOfPage\":{\"@id\":\"https:\/\/blog.protur-hotels.com\/ca\/5-fires-nadal-per-visitar-palma\/#primaryimage\"},\"image\":{\"@id\":\"https:\/\/blog.protur-hotels.com\/ca\/5-fires-nadal-per-visitar-palma\/#primaryimage\"},\"thumbnailUrl\":\"https:\/\/blog.protur-hotels.com\/wp-content\/uploads\/2018\/12\/Sin-nombre.jpg\",\"datePublished\":\"2018-12-21T15:37:30+00:00\",\"dateModified\":\"2018-12-21T15:42:20+00:00\",\"description\":\"5 Fires de Nadal per visitar a Palma Llums, colors, il\u00b7lusi\u00f3... Amb el Nadal, Mallorca s\u2019omple d\u2019un encant especial que la torna \u00fanica\",\"breadcrumb\":{\"@id\":\"https:\/\/blog.protur-hotels.com\/ca\/5-fires-nadal-per-visitar-palma\/#breadcrumb\"},\"inLanguage\":\"ca\",\"potentialAction\":[{\"@type\":\"ReadAction\",\"target\":[\"https:\/\/blog.protur-hotels.com\/ca\/5-fires-nadal-per-visitar-palma\/\"]}]},{\"@type\":\"ImageObject\",\"inLanguage\":\"ca\",\"@id\":\"https:\/\/blog.protur-hotels.com\/ca\/5-fires-nadal-per-visitar-palma\/#primaryimage\",\"url\":\"https:\/\/blog.protur-hotels.com\/wp-content\/uploads\/2018\/12\/Sin-nombre.jpg\",\"contentUrl\":\"https:\/\/blog.protur-hotels.com\/wp-content\/uploads\/2018\/12\/Sin-nombre.jpg\",\"width\":800,\"height\":650,\"caption\":\"Weihnachtsm\u00e4rkte\"},{\"@type\":\"BreadcrumbList\",\"@id\":\"https:\/\/blog.protur-hotels.com\/ca\/5-fires-nadal-per-visitar-palma\/#breadcrumb\",\"itemListElement\":[{\"@type\":\"ListItem\",\"position\":1,\"name\":\"Portada\",\"item\":\"https:\/\/blog.protur-hotels.com\/\"},{\"@type\":\"ListItem\",\"position\":2,\"name\":\"5 Fires de Nadal per visitar a Palma\"}]},{\"@type\":\"WebSite\",\"@id\":\"https:\/\/blog.protur-hotels.com\/#website\",\"url\":\"https:\/\/blog.protur-hotels.com\/\",\"name\":\"Blog Protur Hotels\",\"description\":\"Un Blog para viajeros\",\"publisher\":{\"@id\":\"https:\/\/blog.protur-hotels.com\/#organization\"},\"potentialAction\":[{\"@type\":\"SearchAction\",\"target\":{\"@type\":\"EntryPoint\",\"urlTemplate\":\"https:\/\/blog.protur-hotels.com\/?s={search_term_string}\"},\"query-input\":{\"@type\":\"PropertyValueSpecification\",\"valueRequired\":true,\"valueName\":\"search_term_string\"}}],\"inLanguage\":\"ca\"},{\"@type\":\"Organization\",\"@id\":\"https:\/\/blog.protur-hotels.com\/#organization\",\"name\":\"Blog Protur Hotels\",\"url\":\"https:\/\/blog.protur-hotels.com\/\",\"logo\":{\"@type\":\"ImageObject\",\"inLanguage\":\"ca\",\"@id\":\"https:\/\/blog.protur-hotels.com\/#\/schema\/logo\/image\/\",\"url\":\"https:\/\/blog.protur-hotels.com\/wp-content\/uploads\/2020\/03\/blog-protur-hotels-mallorca.png\",\"contentUrl\":\"https:\/\/blog.protur-hotels.com\/wp-content\/uploads\/2020\/03\/blog-protur-hotels-mallorca.png\",\"width\":1422,\"height\":894,\"caption\":\"Blog Protur Hotels\"},\"image\":{\"@id\":\"https:\/\/blog.protur-hotels.com\/#\/schema\/logo\/image\/\"}},{\"@type\":\"Person\",\"@id\":\"https:\/\/blog.protur-hotels.com\/#\/schema\/person\/6eac7ca6e9a32baa4716fdd5d7358326\",\"name\":\"Protur Hotels\"}]}<\/script>\n<!-- \/ Yoast SEO plugin. -->","yoast_head_json":{"title":"5 Fires de Nadal per visitar a Palma - Blog Protur Hotels","description":"5 Fires de Nadal per visitar a Palma Llums, colors, il\u00b7lusi\u00f3... Amb el Nadal, Mallorca s\u2019omple d\u2019un encant especial que la torna \u00fanica","robots":{"index":"index","follow":"follow","max-snippet":"max-snippet:-1","max-image-preview":"max-image-preview:large","max-video-preview":"max-video-preview:-1"},"canonical":"https:\/\/blog.protur-hotels.com\/ca\/5-fires-nadal-per-visitar-palma\/","og_locale":"ca_ES","og_type":"article","og_title":"5 Fires de Nadal per visitar a Palma - Blog Protur Hotels","og_description":"5 Fires de Nadal per visitar a Palma Llums, colors, il\u00b7lusi\u00f3... Amb el Nadal, Mallorca s\u2019omple d\u2019un encant especial que la torna \u00fanica","og_url":"https:\/\/blog.protur-hotels.com\/ca\/5-fires-nadal-per-visitar-palma\/","og_site_name":"Blog Protur Hotels","article_published_time":"2018-12-21T15:37:30+00:00","article_modified_time":"2018-12-21T15:42:20+00:00","og_image":[{"width":800,"height":650,"url":"https:\/\/blog.protur-hotels.com\/wp-content\/uploads\/2018\/12\/Sin-nombre.jpg","type":"image\/jpeg"}],"author":"Protur Hotels","twitter_card":"summary_large_image","twitter_misc":{"Escrit per":"Protur Hotels","Temps estimat de lectura":"2 minuts"},"schema":{"@context":"https:\/\/schema.org","@graph":[{"@type":"Article","@id":"https:\/\/blog.protur-hotels.com\/ca\/5-fires-nadal-per-visitar-palma\/#article","isPartOf":{"@id":"https:\/\/blog.protur-hotels.com\/ca\/5-fires-nadal-per-visitar-palma\/"},"author":{"name":"Protur Hotels","@id":"https:\/\/blog.protur-hotels.com\/#\/schema\/person\/6eac7ca6e9a32baa4716fdd5d7358326"},"headline":"5 Fires de Nadal per visitar a Palma","datePublished":"2018-12-21T15:37:30+00:00","dateModified":"2018-12-21T15:42:20+00:00","mainEntityOfPage":{"@id":"https:\/\/blog.protur-hotels.com\/ca\/5-fires-nadal-per-visitar-palma\/"},"wordCount":486,"publisher":{"@id":"https:\/\/blog.protur-hotels.com\/#organization"},"image":{"@id":"https:\/\/blog.protur-hotels.com\/ca\/5-fires-nadal-per-visitar-palma\/#primaryimage"},"thumbnailUrl":"https:\/\/blog.protur-hotels.com\/wp-content\/uploads\/2018\/12\/Sin-nombre.jpg","keywords":["diversi\u00f3","festes","gaudir"],"articleSection":["Esdeveniments","Festes","Mallorca"],"inLanguage":"ca"},{"@type":"WebPage","@id":"https:\/\/blog.protur-hotels.com\/ca\/5-fires-nadal-per-visitar-palma\/","url":"https:\/\/blog.protur-hotels.com\/ca\/5-fires-nadal-per-visitar-palma\/","name":"5 Fires de Nadal per visitar a Palma - Blog Protur Hotels","isPartOf":{"@id":"https:\/\/blog.protur-hotels.com\/#website"},"primaryImageOfPage":{"@id":"https:\/\/blog.protur-hotels.com\/ca\/5-fires-nadal-per-visitar-palma\/#primaryimage"},"image":{"@id":"https:\/\/blog.protur-hotels.com\/ca\/5-fires-nadal-per-visitar-palma\/#primaryimage"},"thumbnailUrl":"https:\/\/blog.protur-hotels.com\/wp-content\/uploads\/2018\/12\/Sin-nombre.jpg","datePublished":"2018-12-21T15:37:30+00:00","dateModified":"2018-12-21T15:42:20+00:00","description":"5 Fires de Nadal per visitar a Palma Llums, colors, il\u00b7lusi\u00f3... Amb el Nadal, Mallorca s\u2019omple d\u2019un encant especial que la torna \u00fanica","breadcrumb":{"@id":"https:\/\/blog.protur-hotels.com\/ca\/5-fires-nadal-per-visitar-palma\/#breadcrumb"},"inLanguage":"ca","potentialAction":[{"@type":"ReadAction","target":["https:\/\/blog.protur-hotels.com\/ca\/5-fires-nadal-per-visitar-palma\/"]}]},{"@type":"ImageObject","inLanguage":"ca","@id":"https:\/\/blog.protur-hotels.com\/ca\/5-fires-nadal-per-visitar-palma\/#primaryimage","url":"https:\/\/blog.protur-hotels.com\/wp-content\/uploads\/2018\/12\/Sin-nombre.jpg","contentUrl":"https:\/\/blog.protur-hotels.com\/wp-content\/uploads\/2018\/12\/Sin-nombre.jpg","width":800,"height":650,"caption":"Weihnachtsm\u00e4rkte"},{"@type":"BreadcrumbList","@id":"https:\/\/blog.protur-hotels.com\/ca\/5-fires-nadal-per-visitar-palma\/#breadcrumb","itemListElement":[{"@type":"ListItem","position":1,"name":"Portada","item":"https:\/\/blog.protur-hotels.com\/"},{"@type":"ListItem","position":2,"name":"5 Fires de Nadal per visitar a Palma"}]},{"@type":"WebSite","@id":"https:\/\/blog.protur-hotels.com\/#website","url":"https:\/\/blog.protur-hotels.com\/","name":"Blog Protur Hotels","description":"Un Blog para viajeros","publisher":{"@id":"https:\/\/blog.protur-hotels.com\/#organization"},"potentialAction":[{"@type":"SearchAction","target":{"@type":"EntryPoint","urlTemplate":"https:\/\/blog.protur-hotels.com\/?s={search_term_string}"},"query-input":{"@type":"PropertyValueSpecification","valueRequired":true,"valueName":"search_term_string"}}],"inLanguage":"ca"},{"@type":"Organization","@id":"https:\/\/blog.protur-hotels.com\/#organization","name":"Blog Protur Hotels","url":"https:\/\/blog.protur-hotels.com\/","logo":{"@type":"ImageObject","inLanguage":"ca","@id":"https:\/\/blog.protur-hotels.com\/#\/schema\/logo\/image\/","url":"https:\/\/blog.protur-hotels.com\/wp-content\/uploads\/2020\/03\/blog-protur-hotels-mallorca.png","contentUrl":"https:\/\/blog.protur-hotels.com\/wp-content\/uploads\/2020\/03\/blog-protur-hotels-mallorca.png","width":1422,"height":894,"caption":"Blog Protur Hotels"},"image":{"@id":"https:\/\/blog.protur-hotels.com\/#\/schema\/logo\/image\/"}},{"@type":"Person","@id":"https:\/\/blog.protur-hotels.com\/#\/schema\/person\/6eac7ca6e9a32baa4716fdd5d7358326","name":"Protur Hotels"}]}},"_links":{"self":[{"href":"https:\/\/blog.protur-hotels.com\/ca\/wp-json\/wp\/v2\/posts\/4377","targetHints":{"allow":["GET"]}}],"collection":[{"href":"https:\/\/blog.protur-hotels.com\/ca\/wp-json\/wp\/v2\/posts"}],"about":[{"href":"https:\/\/blog.protur-hotels.com\/ca\/wp-json\/wp\/v2\/types\/post"}],"author":[{"embeddable":true,"href":"https:\/\/blog.protur-hotels.com\/ca\/wp-json\/wp\/v2\/users\/3"}],"replies":[{"embeddable":true,"href":"https:\/\/blog.protur-hotels.com\/ca\/wp-json\/wp\/v2\/comments?post=4377"}],"version-history":[{"count":0,"href":"https:\/\/blog.protur-hotels.com\/ca\/wp-json\/wp\/v2\/posts\/4377\/revisions"}],"wp:featuredmedia":[{"embeddable":true,"href":"https:\/\/blog.protur-hotels.com\/ca\/wp-json\/wp\/v2\/media\/4375"}],"wp:attachment":[{"href":"https:\/\/blog.protur-hotels.com\/ca\/wp-json\/wp\/v2\/media?parent=4377"}],"wp:term":[{"taxonomy":"category","embeddable":true,"href":"https:\/\/blog.protur-hotels.com\/ca\/wp-json\/wp\/v2\/categories?post=4377"},{"taxonomy":"post_tag","embeddable":true,"href":"https:\/\/blog.protur-hotels.com\/ca\/wp-json\/wp\/v2\/tags?post=4377"}],"curies":[{"name":"wp","href":"https:\/\/api.w.org\/{rel}","templated":true}]}}