{"id":4450,"date":"2019-03-21T14:24:57","date_gmt":"2019-03-21T14:24:57","guid":{"rendered":"https:\/\/blog.protur-hotels.com\/ca\/?p=4450"},"modified":"2019-03-21T14:25:59","modified_gmt":"2019-03-21T14:25:59","slug":"agenda-desdeveniments-palma","status":"publish","type":"post","link":"https:\/\/blog.protur-hotels.com\/ca\/agenda-desdeveniments-palma\/","title":{"rendered":"Agenda d&#8217;esdeveniments Palma"},"content":{"rendered":"<p><strong>FIRA DEL RAM<\/strong><br \/>\n<strong>Del 28 de febrer Fins al 28 abril 2019<\/strong><br \/>\nSituat al pol\u00edgon Son Fusteret, al final del Carrer Eusebi Estada.<\/p>\n<p><strong>36th PALMA INTERNATIONAL BOAT SHOW &amp; PALMA SUPERYACHT SHOW<\/strong><br \/>\n<strong>27 Abril a 1 Maig\u00a0<\/strong><br \/>\nAquest prestigi\u00f3s esdeveniment es un dels moments culminants per als amants de l&#8217;esport n\u00e0utic i se celebra cada primavera a Palma. El xou Compta amb la participaci\u00f3 d&#8217;expositors en terra i en l&#8217;aigua que presenten des de tot tipus d&#8217;accessoris de pesca Fins iots de luxe. El 30 d&#8217;abril T\u00e9 Lloc la &#8216;Sigui Night&#8217;: un esdeveniment que Compta amb concerts, gastronomia i altres activitats.<br \/>\nMOLL VELL, PALMA<br \/>\nEntrance: \u20ac 6 (professional pass \u20ac 12) \u2022 Open 11: 00-20: 00 (11: 00-23: 00 Sigui Night) <strong><a href=\"http:\/\/www.boatshowpalma.com\" target=\"_blank\">www.boatshowpalma.com<\/a><\/strong><\/p>\n<p><strong>50 TROFEU S.A.R. PRINCESA SOFIA<\/strong><br \/>\n<strong>29 Abril a 6 maig<\/strong><br \/>\nEl Trofeu S.A.R. Princesa Sofia compleix 50 anys a l&#8217;elit de la vela ol\u00edmpica, si\u00e9ndo la regata m\u00e9s Important i participativa d&#8217;Europa i reuneix a recerca d&#8217;un miler d&#8217;esportistes de m\u00e9s de 50 pa\u00efsos.<br \/>\n<strong><a href=\"https:\/\/www.trofeoprincesasofia.org\/es\/default\/races\/race\" target=\"_blank\">Web oficial www.trofeoprincesasofia.org<\/a><\/strong><\/p>\n<p><strong>SETMANA SANTA 2019 PALMA<\/strong><br \/>\n<strong>Procession\u00e0ria del divendres 12 al 22 abril<\/strong><br \/>\nProperament itinerari de procession\u00e0ria.<\/p>\n<p><strong>33 TEMPORADA \u00d2PERA I DANSA DEL TEATRE PRINCIPAL DE PALMA<\/strong><br \/>\n<strong>Mar\u00e7 i Juny de 2019<\/strong><br \/>\nLa 33 temporada d&#8217;\u00d2pera i Dansa del Teatre Principal de Palma continua sobre l\u00ednies mestres d&#8217;ampliar el repertori i mantenir un seguit nivell d&#8217;excel\u00b7l\u00e8ncia en sobre Propostes. La m\u00e0xima de conjugar t\u00edtols del cat\u00e0leg universal absents des Fa D\u00e8cades Amb un altre pertanyents al patrimoni musical balear queda de nou reflectida en el present curs.<br \/>\n<strong><a href=\"https:\/\/www.teatreprincipal.com\/es\/33-temporada-de-opera-y-danza\/\" target=\"_blank\">Informaci\u00f3 i entrades www.teatreprincipal.com<\/a><\/strong><\/p>\n<p><strong>AUDITORIUM PALMA<\/strong><br \/>\n<strong>Consulta l&#8217;agenda del 2019<\/strong><br \/>\nDestaquem les actuacions de Carles Rivera, Vanesa Mart\u00edn, Manolo Garc\u00eda, Bert\u00edn Osborne, Jorge Drexler, Els Secrets, Raphael &#8230;<br \/>\n<strong><a href=\"https:\/\/www.teatreprincipal.com\/es\/33-temporada-de-opera-y-danza\/\" target=\"_blank\">Informaci\u00f3 i Entrades www.auditoriumpalma.com<\/a><\/strong><\/p>\n<p><strong>CONCERT Ketama<\/strong><br \/>\n<strong>Abril 27 Trui Teatre<\/strong><br \/>\nEl grup de m\u00fasica Ketama redefinir la m\u00fasica flamenca a Espanya Quan van irrompre a<br \/>\nl&#8217;escena por primera vegada a principi dels vuitanta. I despr\u00e9s de 14 anys de descans, torno<br \/>\na la carretera per tornar a visitar i compartir les can\u00e7ons que fusionen arrels flamenques amb diverses formes musicals, com la salsa, el reggae, el funky i el jazz.<br \/>\n<strong><a href=\"http:\/\/www.truiteatre.es\/agenda.html\" target=\"_blank\">Informaci\u00f3 i Entrades www.truiteatre.es<\/a><\/strong><\/p>\n<p><strong>FIRA DEL LLIBRE<\/strong><br \/>\n<strong>25 Maig al 1 Juny<\/strong><br \/>\nLlibreries, editorials i escriptors participen en aquesta setmana dedicada a la literatura<br \/>\nen la qual Trobar\u00e0s parades de llibres al llarg de l&#8217;avinguda Passeig del Bom.<\/p>\n","protected":false},"excerpt":{"rendered":"<p>FIRA DEL RAM Del 28 de febrer Fins al 28 abril 2019 Situat al pol\u00edgon Son Fusteret, al final del Carrer Eusebi Estada. 36th PALMA INTERNATIONAL BOAT SHOW &amp; PALMA&hellip;<\/p>\n","protected":false},"author":1,"featured_media":4446,"comment_status":"closed","ping_status":"open","sticky":false,"template":"","format":"standard","meta":{"_lmt_disableupdate":"","_lmt_disable":"","footnotes":""},"categories":[239,837,840],"tags":[],"class_list":["post-4450","post","type-post","status-publish","format-standard","has-post-thumbnail","hentry","category-festes","category-mallorca-ca","category-protur-hotels-ca"],"yoast_head":"<!-- This site is optimized with the Yoast SEO plugin v26.6 - https:\/\/yoast.com\/wordpress\/plugins\/seo\/ -->\n<title>Agenda d&#039;esdeveniments Palma - Blog Protur Hotels<\/title>\n<meta name=\"description\" content=\"FIRA DEL RAM Del 28 de febrer Fins al 28 abril 2019 Situat al pol\u00edgon Son Fusteret, al final del Carrer Eusebi Estada. 36th PALMA INTERNATIONAL BOAT\" \/>\n<meta name=\"robots\" content=\"index, follow, max-snippet:-1, max-image-preview:large, max-video-preview:-1\" \/>\n<link rel=\"canonical\" href=\"https:\/\/blog.protur-hotels.com\/ca\/agenda-desdeveniments-palma\/\" \/>\n<meta property=\"og:locale\" content=\"ca_ES\" \/>\n<meta property=\"og:type\" content=\"article\" \/>\n<meta property=\"og:title\" content=\"Agenda d&#039;esdeveniments Palma - Blog Protur Hotels\" \/>\n<meta property=\"og:description\" content=\"FIRA DEL RAM Del 28 de febrer Fins al 28 abril 2019 Situat al pol\u00edgon Son Fusteret, al final del Carrer Eusebi Estada. 36th PALMA INTERNATIONAL BOAT\" \/>\n<meta property=\"og:url\" content=\"https:\/\/blog.protur-hotels.com\/ca\/agenda-desdeveniments-palma\/\" \/>\n<meta property=\"og:site_name\" content=\"Blog Protur Hotels\" \/>\n<meta property=\"article:published_time\" content=\"2019-03-21T14:24:57+00:00\" \/>\n<meta property=\"article:modified_time\" content=\"2019-03-21T14:25:59+00:00\" \/>\n<meta property=\"og:image\" content=\"https:\/\/blog.protur-hotels.com\/wp-content\/uploads\/2019\/03\/eventos-en-palma.jpg\" \/>\n\t<meta property=\"og:image:width\" content=\"1280\" \/>\n\t<meta property=\"og:image:height\" content=\"854\" \/>\n\t<meta property=\"og:image:type\" content=\"image\/jpeg\" \/>\n<meta name=\"author\" content=\"ivandomingo\" \/>\n<meta name=\"twitter:card\" content=\"summary_large_image\" \/>\n<meta name=\"twitter:label1\" content=\"Escrit per\" \/>\n\t<meta name=\"twitter:data1\" content=\"ivandomingo\" \/>\n\t<meta name=\"twitter:label2\" content=\"Temps estimat de lectura\" \/>\n\t<meta name=\"twitter:data2\" content=\"2 minuts\" \/>\n<script type=\"application\/ld+json\" class=\"yoast-schema-graph\">{\"@context\":\"https:\/\/schema.org\",\"@graph\":[{\"@type\":\"Article\",\"@id\":\"https:\/\/blog.protur-hotels.com\/ca\/agenda-desdeveniments-palma\/#article\",\"isPartOf\":{\"@id\":\"https:\/\/blog.protur-hotels.com\/ca\/agenda-desdeveniments-palma\/\"},\"author\":{\"name\":\"ivandomingo\",\"@id\":\"https:\/\/blog.protur-hotels.com\/#\/schema\/person\/5e17ee757b097cf1de0203171283b53c\"},\"headline\":\"Agenda d&#8217;esdeveniments Palma\",\"datePublished\":\"2019-03-21T14:24:57+00:00\",\"dateModified\":\"2019-03-21T14:25:59+00:00\",\"mainEntityOfPage\":{\"@id\":\"https:\/\/blog.protur-hotels.com\/ca\/agenda-desdeveniments-palma\/\"},\"wordCount\":416,\"publisher\":{\"@id\":\"https:\/\/blog.protur-hotels.com\/#organization\"},\"image\":{\"@id\":\"https:\/\/blog.protur-hotels.com\/ca\/agenda-desdeveniments-palma\/#primaryimage\"},\"thumbnailUrl\":\"https:\/\/blog.protur-hotels.com\/wp-content\/uploads\/2019\/03\/eventos-en-palma.jpg\",\"articleSection\":[\"Festes\",\"Mallorca\",\"Protur Hotels\"],\"inLanguage\":\"ca\"},{\"@type\":\"WebPage\",\"@id\":\"https:\/\/blog.protur-hotels.com\/ca\/agenda-desdeveniments-palma\/\",\"url\":\"https:\/\/blog.protur-hotels.com\/ca\/agenda-desdeveniments-palma\/\",\"name\":\"Agenda d'esdeveniments Palma - Blog Protur Hotels\",\"isPartOf\":{\"@id\":\"https:\/\/blog.protur-hotels.com\/#website\"},\"primaryImageOfPage\":{\"@id\":\"https:\/\/blog.protur-hotels.com\/ca\/agenda-desdeveniments-palma\/#primaryimage\"},\"image\":{\"@id\":\"https:\/\/blog.protur-hotels.com\/ca\/agenda-desdeveniments-palma\/#primaryimage\"},\"thumbnailUrl\":\"https:\/\/blog.protur-hotels.com\/wp-content\/uploads\/2019\/03\/eventos-en-palma.jpg\",\"datePublished\":\"2019-03-21T14:24:57+00:00\",\"dateModified\":\"2019-03-21T14:25:59+00:00\",\"description\":\"FIRA DEL RAM Del 28 de febrer Fins al 28 abril 2019 Situat al pol\u00edgon Son Fusteret, al final del Carrer Eusebi Estada. 36th PALMA INTERNATIONAL BOAT\",\"breadcrumb\":{\"@id\":\"https:\/\/blog.protur-hotels.com\/ca\/agenda-desdeveniments-palma\/#breadcrumb\"},\"inLanguage\":\"ca\",\"potentialAction\":[{\"@type\":\"ReadAction\",\"target\":[\"https:\/\/blog.protur-hotels.com\/ca\/agenda-desdeveniments-palma\/\"]}]},{\"@type\":\"ImageObject\",\"inLanguage\":\"ca\",\"@id\":\"https:\/\/blog.protur-hotels.com\/ca\/agenda-desdeveniments-palma\/#primaryimage\",\"url\":\"https:\/\/blog.protur-hotels.com\/wp-content\/uploads\/2019\/03\/eventos-en-palma.jpg\",\"contentUrl\":\"https:\/\/blog.protur-hotels.com\/wp-content\/uploads\/2019\/03\/eventos-en-palma.jpg\",\"width\":1280,\"height\":854,\"caption\":\"eventos-en-palma\"},{\"@type\":\"BreadcrumbList\",\"@id\":\"https:\/\/blog.protur-hotels.com\/ca\/agenda-desdeveniments-palma\/#breadcrumb\",\"itemListElement\":[{\"@type\":\"ListItem\",\"position\":1,\"name\":\"Portada\",\"item\":\"https:\/\/blog.protur-hotels.com\/\"},{\"@type\":\"ListItem\",\"position\":2,\"name\":\"Agenda d&#8217;esdeveniments Palma\"}]},{\"@type\":\"WebSite\",\"@id\":\"https:\/\/blog.protur-hotels.com\/#website\",\"url\":\"https:\/\/blog.protur-hotels.com\/\",\"name\":\"Blog Protur Hotels\",\"description\":\"Un Blog para viajeros\",\"publisher\":{\"@id\":\"https:\/\/blog.protur-hotels.com\/#organization\"},\"potentialAction\":[{\"@type\":\"SearchAction\",\"target\":{\"@type\":\"EntryPoint\",\"urlTemplate\":\"https:\/\/blog.protur-hotels.com\/?s={search_term_string}\"},\"query-input\":{\"@type\":\"PropertyValueSpecification\",\"valueRequired\":true,\"valueName\":\"search_term_string\"}}],\"inLanguage\":\"ca\"},{\"@type\":\"Organization\",\"@id\":\"https:\/\/blog.protur-hotels.com\/#organization\",\"name\":\"Blog Protur Hotels\",\"url\":\"https:\/\/blog.protur-hotels.com\/\",\"logo\":{\"@type\":\"ImageObject\",\"inLanguage\":\"ca\",\"@id\":\"https:\/\/blog.protur-hotels.com\/#\/schema\/logo\/image\/\",\"url\":\"https:\/\/blog.protur-hotels.com\/wp-content\/uploads\/2020\/03\/blog-protur-hotels-mallorca.png\",\"contentUrl\":\"https:\/\/blog.protur-hotels.com\/wp-content\/uploads\/2020\/03\/blog-protur-hotels-mallorca.png\",\"width\":1422,\"height\":894,\"caption\":\"Blog Protur Hotels\"},\"image\":{\"@id\":\"https:\/\/blog.protur-hotels.com\/#\/schema\/logo\/image\/\"}},{\"@type\":\"Person\",\"@id\":\"https:\/\/blog.protur-hotels.com\/#\/schema\/person\/5e17ee757b097cf1de0203171283b53c\",\"name\":\"ivandomingo\"}]}<\/script>\n<!-- \/ Yoast SEO plugin. -->","yoast_head_json":{"title":"Agenda d'esdeveniments Palma - Blog Protur Hotels","description":"FIRA DEL RAM Del 28 de febrer Fins al 28 abril 2019 Situat al pol\u00edgon Son Fusteret, al final del Carrer Eusebi Estada. 36th PALMA INTERNATIONAL BOAT","robots":{"index":"index","follow":"follow","max-snippet":"max-snippet:-1","max-image-preview":"max-image-preview:large","max-video-preview":"max-video-preview:-1"},"canonical":"https:\/\/blog.protur-hotels.com\/ca\/agenda-desdeveniments-palma\/","og_locale":"ca_ES","og_type":"article","og_title":"Agenda d'esdeveniments Palma - Blog Protur Hotels","og_description":"FIRA DEL RAM Del 28 de febrer Fins al 28 abril 2019 Situat al pol\u00edgon Son Fusteret, al final del Carrer Eusebi Estada. 36th PALMA INTERNATIONAL BOAT","og_url":"https:\/\/blog.protur-hotels.com\/ca\/agenda-desdeveniments-palma\/","og_site_name":"Blog Protur Hotels","article_published_time":"2019-03-21T14:24:57+00:00","article_modified_time":"2019-03-21T14:25:59+00:00","og_image":[{"width":1280,"height":854,"url":"https:\/\/blog.protur-hotels.com\/wp-content\/uploads\/2019\/03\/eventos-en-palma.jpg","type":"image\/jpeg"}],"author":"ivandomingo","twitter_card":"summary_large_image","twitter_misc":{"Escrit per":"ivandomingo","Temps estimat de lectura":"2 minuts"},"schema":{"@context":"https:\/\/schema.org","@graph":[{"@type":"Article","@id":"https:\/\/blog.protur-hotels.com\/ca\/agenda-desdeveniments-palma\/#article","isPartOf":{"@id":"https:\/\/blog.protur-hotels.com\/ca\/agenda-desdeveniments-palma\/"},"author":{"name":"ivandomingo","@id":"https:\/\/blog.protur-hotels.com\/#\/schema\/person\/5e17ee757b097cf1de0203171283b53c"},"headline":"Agenda d&#8217;esdeveniments Palma","datePublished":"2019-03-21T14:24:57+00:00","dateModified":"2019-03-21T14:25:59+00:00","mainEntityOfPage":{"@id":"https:\/\/blog.protur-hotels.com\/ca\/agenda-desdeveniments-palma\/"},"wordCount":416,"publisher":{"@id":"https:\/\/blog.protur-hotels.com\/#organization"},"image":{"@id":"https:\/\/blog.protur-hotels.com\/ca\/agenda-desdeveniments-palma\/#primaryimage"},"thumbnailUrl":"https:\/\/blog.protur-hotels.com\/wp-content\/uploads\/2019\/03\/eventos-en-palma.jpg","articleSection":["Festes","Mallorca","Protur Hotels"],"inLanguage":"ca"},{"@type":"WebPage","@id":"https:\/\/blog.protur-hotels.com\/ca\/agenda-desdeveniments-palma\/","url":"https:\/\/blog.protur-hotels.com\/ca\/agenda-desdeveniments-palma\/","name":"Agenda d'esdeveniments Palma - Blog Protur Hotels","isPartOf":{"@id":"https:\/\/blog.protur-hotels.com\/#website"},"primaryImageOfPage":{"@id":"https:\/\/blog.protur-hotels.com\/ca\/agenda-desdeveniments-palma\/#primaryimage"},"image":{"@id":"https:\/\/blog.protur-hotels.com\/ca\/agenda-desdeveniments-palma\/#primaryimage"},"thumbnailUrl":"https:\/\/blog.protur-hotels.com\/wp-content\/uploads\/2019\/03\/eventos-en-palma.jpg","datePublished":"2019-03-21T14:24:57+00:00","dateModified":"2019-03-21T14:25:59+00:00","description":"FIRA DEL RAM Del 28 de febrer Fins al 28 abril 2019 Situat al pol\u00edgon Son Fusteret, al final del Carrer Eusebi Estada. 36th PALMA INTERNATIONAL BOAT","breadcrumb":{"@id":"https:\/\/blog.protur-hotels.com\/ca\/agenda-desdeveniments-palma\/#breadcrumb"},"inLanguage":"ca","potentialAction":[{"@type":"ReadAction","target":["https:\/\/blog.protur-hotels.com\/ca\/agenda-desdeveniments-palma\/"]}]},{"@type":"ImageObject","inLanguage":"ca","@id":"https:\/\/blog.protur-hotels.com\/ca\/agenda-desdeveniments-palma\/#primaryimage","url":"https:\/\/blog.protur-hotels.com\/wp-content\/uploads\/2019\/03\/eventos-en-palma.jpg","contentUrl":"https:\/\/blog.protur-hotels.com\/wp-content\/uploads\/2019\/03\/eventos-en-palma.jpg","width":1280,"height":854,"caption":"eventos-en-palma"},{"@type":"BreadcrumbList","@id":"https:\/\/blog.protur-hotels.com\/ca\/agenda-desdeveniments-palma\/#breadcrumb","itemListElement":[{"@type":"ListItem","position":1,"name":"Portada","item":"https:\/\/blog.protur-hotels.com\/"},{"@type":"ListItem","position":2,"name":"Agenda d&#8217;esdeveniments Palma"}]},{"@type":"WebSite","@id":"https:\/\/blog.protur-hotels.com\/#website","url":"https:\/\/blog.protur-hotels.com\/","name":"Blog Protur Hotels","description":"Un Blog para viajeros","publisher":{"@id":"https:\/\/blog.protur-hotels.com\/#organization"},"potentialAction":[{"@type":"SearchAction","target":{"@type":"EntryPoint","urlTemplate":"https:\/\/blog.protur-hotels.com\/?s={search_term_string}"},"query-input":{"@type":"PropertyValueSpecification","valueRequired":true,"valueName":"search_term_string"}}],"inLanguage":"ca"},{"@type":"Organization","@id":"https:\/\/blog.protur-hotels.com\/#organization","name":"Blog Protur Hotels","url":"https:\/\/blog.protur-hotels.com\/","logo":{"@type":"ImageObject","inLanguage":"ca","@id":"https:\/\/blog.protur-hotels.com\/#\/schema\/logo\/image\/","url":"https:\/\/blog.protur-hotels.com\/wp-content\/uploads\/2020\/03\/blog-protur-hotels-mallorca.png","contentUrl":"https:\/\/blog.protur-hotels.com\/wp-content\/uploads\/2020\/03\/blog-protur-hotels-mallorca.png","width":1422,"height":894,"caption":"Blog Protur Hotels"},"image":{"@id":"https:\/\/blog.protur-hotels.com\/#\/schema\/logo\/image\/"}},{"@type":"Person","@id":"https:\/\/blog.protur-hotels.com\/#\/schema\/person\/5e17ee757b097cf1de0203171283b53c","name":"ivandomingo"}]}},"_links":{"self":[{"href":"https:\/\/blog.protur-hotels.com\/ca\/wp-json\/wp\/v2\/posts\/4450","targetHints":{"allow":["GET"]}}],"collection":[{"href":"https:\/\/blog.protur-hotels.com\/ca\/wp-json\/wp\/v2\/posts"}],"about":[{"href":"https:\/\/blog.protur-hotels.com\/ca\/wp-json\/wp\/v2\/types\/post"}],"author":[{"embeddable":true,"href":"https:\/\/blog.protur-hotels.com\/ca\/wp-json\/wp\/v2\/users\/1"}],"replies":[{"embeddable":true,"href":"https:\/\/blog.protur-hotels.com\/ca\/wp-json\/wp\/v2\/comments?post=4450"}],"version-history":[{"count":0,"href":"https:\/\/blog.protur-hotels.com\/ca\/wp-json\/wp\/v2\/posts\/4450\/revisions"}],"wp:featuredmedia":[{"embeddable":true,"href":"https:\/\/blog.protur-hotels.com\/ca\/wp-json\/wp\/v2\/media\/4446"}],"wp:attachment":[{"href":"https:\/\/blog.protur-hotels.com\/ca\/wp-json\/wp\/v2\/media?parent=4450"}],"wp:term":[{"taxonomy":"category","embeddable":true,"href":"https:\/\/blog.protur-hotels.com\/ca\/wp-json\/wp\/v2\/categories?post=4450"},{"taxonomy":"post_tag","embeddable":true,"href":"https:\/\/blog.protur-hotels.com\/ca\/wp-json\/wp\/v2\/tags?post=4450"}],"curies":[{"name":"wp","href":"https:\/\/api.w.org\/{rel}","templated":true}]}}