{"id":6903,"date":"2025-01-23T00:01:42","date_gmt":"2025-01-23T00:01:42","guid":{"rendered":"https:\/\/blog.protur-hotels.com\/?p=6903"},"modified":"2025-01-24T10:09:17","modified_gmt":"2025-01-24T10:09:17","slug":"celebrem-25-anys-creant-records-inoblidables-a-protur-badia-park","status":"publish","type":"post","link":"https:\/\/blog.protur-hotels.com\/ca\/celebrem-25-anys-creant-records-inoblidables-a-protur-badia-park\/","title":{"rendered":"Celebrem 25 anys creant records inoblidables a Protur Badia Park!"},"content":{"rendered":"<p><strong>Ens encanta formar part dels teus records&#8230;\u00a0<\/strong><\/p>\n<p>Aquest any estem de celebraci\u00f3, i no podr\u00edem estar m\u00e9s emocionats! Complim <strong>25 anys<\/strong> oferint experi\u00e8ncies inoblidables al <strong>Protur Badia Park<\/strong>, i volem agrair a tots els nostres hostes la seva confian\u00e7a i suport al llarg d\u2019aquests anys.<\/p>\n<p>Ha passat molt de temps des de la inauguraci\u00f3 d\u2019aquest aparthotel, durant el qual el benestar dels nostres clients sempre ha estat la nostra prioritat. Durant aquest per\u00edode, hem tingut la fortuna de con\u00e8ixer clients excepcionals i de comptar amb un equip hum\u00e0 comprom\u00e8s i dedicat. Ens enorgulleix dir que alguns dels nostres treballadors formen part d\u2019aquesta fam\u00edlia des de l\u2019<strong>obertura de l\u2019hotel l\u2019any 2000<\/strong>.<\/p>\n<p>Durant els propers mesos, recordarem moments inoblidables del passat: antics directors, clients que han deixat empremta i tantes hist\u00f2ries que han format part de la nostra traject\u00f2ria.<\/p>\n<p>Per aix\u00f2, tots els clients amb una reserva per al 2025 a trav\u00e9s de la nostra web, tant noves com ja realitzades, participaran en el <strong>sorteig d\u2019una estada gratu\u00efta de 3 nits<\/strong> al nostre hotel. S\u2019hi inclouran totes les reserves fetes a <strong><a href=\"https:\/\/protur-hotels.com\/\">www.proturhotels.com<\/a><\/strong> que s\u2019hagin gaudit. Les reserves que es cancel\u00b7lin, no es gaudeixin o es facin a trav\u00e9s d\u2019altres webs o portals no entraran al sorteig. Al novembre realitzarem el sorteig i anunciarem el guanyador<\/p>\n<p>Estigues atent a les nostres xarxes socials per no perdre\u2019t cap detall i seguir sumant records inoblidables&#8230; <strong>Gr\u00e0cies per formar part de la nostra hist\u00f2ria! <\/strong><\/p>\n<p><em>Consulta les bases del sorteig <a href=\"https:\/\/protur-hotels.com\/files\/pdf\/bases-sorteo-aniversario-web.pdf\">aqu\u00ed<\/a><\/em><\/p>\n","protected":false},"excerpt":{"rendered":"<p>Ens encanta formar part dels teus records&#8230;\u00a0 Aquest any estem de celebraci\u00f3, i no podr\u00edem estar m\u00e9s emocionats! Complim 25 anys oferint experi\u00e8ncies inoblidables al Protur Badia Park, i volem&hellip;<\/p>\n","protected":false},"author":4,"featured_media":6895,"comment_status":"closed","ping_status":"open","sticky":false,"template":"","format":"standard","meta":{"_lmt_disableupdate":"","_lmt_disable":"","footnotes":""},"categories":[837,840],"tags":[1136,1112,1137,178,1138],"class_list":["post-6903","post","type-post","status-publish","format-standard","has-post-thumbnail","hentry","category-mallorca-ca","category-protur-hotels-ca","tag-aniversario-ca","tag-hotel-ca","tag-protur-badia-park-ca","tag-sa-coma","tag-sorteo-ca"],"yoast_head":"<!-- This site is optimized with the Yoast SEO plugin v26.6 - https:\/\/yoast.com\/wordpress\/plugins\/seo\/ -->\n<title>25 anys creant records inoblidables a Protur Badia Park<\/title>\n<meta name=\"description\" content=\"Aquest any estem de celebraci\u00f3, i no podr\u00edem estar m\u00e9s emocionats! Complim 25 anys oferint experi\u00e8ncies inoblidables al Protur Badia Park,\" \/>\n<meta name=\"robots\" content=\"index, follow, max-snippet:-1, max-image-preview:large, max-video-preview:-1\" \/>\n<link rel=\"canonical\" href=\"https:\/\/blog.protur-hotels.com\/ca\/celebrem-25-anys-creant-records-inoblidables-a-protur-badia-park\/\" \/>\n<meta property=\"og:locale\" content=\"ca_ES\" \/>\n<meta property=\"og:type\" content=\"article\" \/>\n<meta property=\"og:title\" content=\"25 anys creant records inoblidables a Protur Badia Park\" \/>\n<meta property=\"og:description\" content=\"Aquest any estem de celebraci\u00f3, i no podr\u00edem estar m\u00e9s emocionats! Complim 25 anys oferint experi\u00e8ncies inoblidables al Protur Badia Park,\" \/>\n<meta property=\"og:url\" content=\"https:\/\/blog.protur-hotels.com\/ca\/celebrem-25-anys-creant-records-inoblidables-a-protur-badia-park\/\" \/>\n<meta property=\"og:site_name\" content=\"Blog Protur Hotels\" \/>\n<meta property=\"article:published_time\" content=\"2025-01-23T00:01:42+00:00\" \/>\n<meta property=\"article:modified_time\" content=\"2025-01-24T10:09:17+00:00\" \/>\n<meta property=\"og:image\" content=\"https:\/\/blog.protur-hotels.com\/wp-content\/uploads\/2025\/01\/25-BADIA-PARK-Facebook.jpg\" \/>\n\t<meta property=\"og:image:width\" content=\"940\" \/>\n\t<meta property=\"og:image:height\" content=\"788\" \/>\n\t<meta property=\"og:image:type\" content=\"image\/jpeg\" \/>\n<meta name=\"author\" content=\"Jara\" \/>\n<meta name=\"twitter:card\" content=\"summary_large_image\" \/>\n<meta name=\"twitter:label1\" content=\"Escrit per\" \/>\n\t<meta name=\"twitter:data1\" content=\"Jara\" \/>\n\t<meta name=\"twitter:label2\" content=\"Temps estimat de lectura\" \/>\n\t<meta name=\"twitter:data2\" content=\"2 minuts\" \/>\n<script type=\"application\/ld+json\" class=\"yoast-schema-graph\">{\"@context\":\"https:\/\/schema.org\",\"@graph\":[{\"@type\":\"Article\",\"@id\":\"https:\/\/blog.protur-hotels.com\/ca\/celebrem-25-anys-creant-records-inoblidables-a-protur-badia-park\/#article\",\"isPartOf\":{\"@id\":\"https:\/\/blog.protur-hotels.com\/ca\/celebrem-25-anys-creant-records-inoblidables-a-protur-badia-park\/\"},\"author\":{\"name\":\"Jara\",\"@id\":\"https:\/\/blog.protur-hotels.com\/#\/schema\/person\/902a575bd3b7b15d653c623099bdb69c\"},\"headline\":\"Celebrem 25 anys creant records inoblidables a Protur Badia Park!\",\"datePublished\":\"2025-01-23T00:01:42+00:00\",\"dateModified\":\"2025-01-24T10:09:17+00:00\",\"mainEntityOfPage\":{\"@id\":\"https:\/\/blog.protur-hotels.com\/ca\/celebrem-25-anys-creant-records-inoblidables-a-protur-badia-park\/\"},\"wordCount\":278,\"publisher\":{\"@id\":\"https:\/\/blog.protur-hotels.com\/#organization\"},\"image\":{\"@id\":\"https:\/\/blog.protur-hotels.com\/ca\/celebrem-25-anys-creant-records-inoblidables-a-protur-badia-park\/#primaryimage\"},\"thumbnailUrl\":\"https:\/\/blog.protur-hotels.com\/wp-content\/uploads\/2025\/01\/25-BADIA-PARK-Facebook.jpg\",\"keywords\":[\"Aniversario\",\"hotel\",\"Protur Badia Park\",\"Sa Coma\",\"Sorteo\"],\"articleSection\":[\"Mallorca\",\"Protur Hotels\"],\"inLanguage\":\"ca\"},{\"@type\":\"WebPage\",\"@id\":\"https:\/\/blog.protur-hotels.com\/ca\/celebrem-25-anys-creant-records-inoblidables-a-protur-badia-park\/\",\"url\":\"https:\/\/blog.protur-hotels.com\/ca\/celebrem-25-anys-creant-records-inoblidables-a-protur-badia-park\/\",\"name\":\"25 anys creant records inoblidables a Protur Badia Park\",\"isPartOf\":{\"@id\":\"https:\/\/blog.protur-hotels.com\/#website\"},\"primaryImageOfPage\":{\"@id\":\"https:\/\/blog.protur-hotels.com\/ca\/celebrem-25-anys-creant-records-inoblidables-a-protur-badia-park\/#primaryimage\"},\"image\":{\"@id\":\"https:\/\/blog.protur-hotels.com\/ca\/celebrem-25-anys-creant-records-inoblidables-a-protur-badia-park\/#primaryimage\"},\"thumbnailUrl\":\"https:\/\/blog.protur-hotels.com\/wp-content\/uploads\/2025\/01\/25-BADIA-PARK-Facebook.jpg\",\"datePublished\":\"2025-01-23T00:01:42+00:00\",\"dateModified\":\"2025-01-24T10:09:17+00:00\",\"description\":\"Aquest any estem de celebraci\u00f3, i no podr\u00edem estar m\u00e9s emocionats! Complim 25 anys oferint experi\u00e8ncies inoblidables al Protur Badia Park,\",\"breadcrumb\":{\"@id\":\"https:\/\/blog.protur-hotels.com\/ca\/celebrem-25-anys-creant-records-inoblidables-a-protur-badia-park\/#breadcrumb\"},\"inLanguage\":\"ca\",\"potentialAction\":[{\"@type\":\"ReadAction\",\"target\":[\"https:\/\/blog.protur-hotels.com\/ca\/celebrem-25-anys-creant-records-inoblidables-a-protur-badia-park\/\"]}]},{\"@type\":\"ImageObject\",\"inLanguage\":\"ca\",\"@id\":\"https:\/\/blog.protur-hotels.com\/ca\/celebrem-25-anys-creant-records-inoblidables-a-protur-badia-park\/#primaryimage\",\"url\":\"https:\/\/blog.protur-hotels.com\/wp-content\/uploads\/2025\/01\/25-BADIA-PARK-Facebook.jpg\",\"contentUrl\":\"https:\/\/blog.protur-hotels.com\/wp-content\/uploads\/2025\/01\/25-BADIA-PARK-Facebook.jpg\",\"width\":940,\"height\":788},{\"@type\":\"BreadcrumbList\",\"@id\":\"https:\/\/blog.protur-hotels.com\/ca\/celebrem-25-anys-creant-records-inoblidables-a-protur-badia-park\/#breadcrumb\",\"itemListElement\":[{\"@type\":\"ListItem\",\"position\":1,\"name\":\"Portada\",\"item\":\"https:\/\/blog.protur-hotels.com\/\"},{\"@type\":\"ListItem\",\"position\":2,\"name\":\"Celebrem 25 anys creant records inoblidables a Protur Badia Park!\"}]},{\"@type\":\"WebSite\",\"@id\":\"https:\/\/blog.protur-hotels.com\/#website\",\"url\":\"https:\/\/blog.protur-hotels.com\/\",\"name\":\"Blog Protur Hotels\",\"description\":\"Un Blog para viajeros\",\"publisher\":{\"@id\":\"https:\/\/blog.protur-hotels.com\/#organization\"},\"potentialAction\":[{\"@type\":\"SearchAction\",\"target\":{\"@type\":\"EntryPoint\",\"urlTemplate\":\"https:\/\/blog.protur-hotels.com\/?s={search_term_string}\"},\"query-input\":{\"@type\":\"PropertyValueSpecification\",\"valueRequired\":true,\"valueName\":\"search_term_string\"}}],\"inLanguage\":\"ca\"},{\"@type\":\"Organization\",\"@id\":\"https:\/\/blog.protur-hotels.com\/#organization\",\"name\":\"Blog Protur Hotels\",\"url\":\"https:\/\/blog.protur-hotels.com\/\",\"logo\":{\"@type\":\"ImageObject\",\"inLanguage\":\"ca\",\"@id\":\"https:\/\/blog.protur-hotels.com\/#\/schema\/logo\/image\/\",\"url\":\"https:\/\/blog.protur-hotels.com\/wp-content\/uploads\/2020\/03\/blog-protur-hotels-mallorca.png\",\"contentUrl\":\"https:\/\/blog.protur-hotels.com\/wp-content\/uploads\/2020\/03\/blog-protur-hotels-mallorca.png\",\"width\":1422,\"height\":894,\"caption\":\"Blog Protur Hotels\"},\"image\":{\"@id\":\"https:\/\/blog.protur-hotels.com\/#\/schema\/logo\/image\/\"}},{\"@type\":\"Person\",\"@id\":\"https:\/\/blog.protur-hotels.com\/#\/schema\/person\/902a575bd3b7b15d653c623099bdb69c\",\"name\":\"Jara\"}]}<\/script>\n<!-- \/ Yoast SEO plugin. -->","yoast_head_json":{"title":"25 anys creant records inoblidables a Protur Badia Park","description":"Aquest any estem de celebraci\u00f3, i no podr\u00edem estar m\u00e9s emocionats! Complim 25 anys oferint experi\u00e8ncies inoblidables al Protur Badia Park,","robots":{"index":"index","follow":"follow","max-snippet":"max-snippet:-1","max-image-preview":"max-image-preview:large","max-video-preview":"max-video-preview:-1"},"canonical":"https:\/\/blog.protur-hotels.com\/ca\/celebrem-25-anys-creant-records-inoblidables-a-protur-badia-park\/","og_locale":"ca_ES","og_type":"article","og_title":"25 anys creant records inoblidables a Protur Badia Park","og_description":"Aquest any estem de celebraci\u00f3, i no podr\u00edem estar m\u00e9s emocionats! Complim 25 anys oferint experi\u00e8ncies inoblidables al Protur Badia Park,","og_url":"https:\/\/blog.protur-hotels.com\/ca\/celebrem-25-anys-creant-records-inoblidables-a-protur-badia-park\/","og_site_name":"Blog Protur Hotels","article_published_time":"2025-01-23T00:01:42+00:00","article_modified_time":"2025-01-24T10:09:17+00:00","og_image":[{"width":940,"height":788,"url":"https:\/\/blog.protur-hotels.com\/wp-content\/uploads\/2025\/01\/25-BADIA-PARK-Facebook.jpg","type":"image\/jpeg"}],"author":"Jara","twitter_card":"summary_large_image","twitter_misc":{"Escrit per":"Jara","Temps estimat de lectura":"2 minuts"},"schema":{"@context":"https:\/\/schema.org","@graph":[{"@type":"Article","@id":"https:\/\/blog.protur-hotels.com\/ca\/celebrem-25-anys-creant-records-inoblidables-a-protur-badia-park\/#article","isPartOf":{"@id":"https:\/\/blog.protur-hotels.com\/ca\/celebrem-25-anys-creant-records-inoblidables-a-protur-badia-park\/"},"author":{"name":"Jara","@id":"https:\/\/blog.protur-hotels.com\/#\/schema\/person\/902a575bd3b7b15d653c623099bdb69c"},"headline":"Celebrem 25 anys creant records inoblidables a Protur Badia Park!","datePublished":"2025-01-23T00:01:42+00:00","dateModified":"2025-01-24T10:09:17+00:00","mainEntityOfPage":{"@id":"https:\/\/blog.protur-hotels.com\/ca\/celebrem-25-anys-creant-records-inoblidables-a-protur-badia-park\/"},"wordCount":278,"publisher":{"@id":"https:\/\/blog.protur-hotels.com\/#organization"},"image":{"@id":"https:\/\/blog.protur-hotels.com\/ca\/celebrem-25-anys-creant-records-inoblidables-a-protur-badia-park\/#primaryimage"},"thumbnailUrl":"https:\/\/blog.protur-hotels.com\/wp-content\/uploads\/2025\/01\/25-BADIA-PARK-Facebook.jpg","keywords":["Aniversario","hotel","Protur Badia Park","Sa Coma","Sorteo"],"articleSection":["Mallorca","Protur Hotels"],"inLanguage":"ca"},{"@type":"WebPage","@id":"https:\/\/blog.protur-hotels.com\/ca\/celebrem-25-anys-creant-records-inoblidables-a-protur-badia-park\/","url":"https:\/\/blog.protur-hotels.com\/ca\/celebrem-25-anys-creant-records-inoblidables-a-protur-badia-park\/","name":"25 anys creant records inoblidables a Protur Badia Park","isPartOf":{"@id":"https:\/\/blog.protur-hotels.com\/#website"},"primaryImageOfPage":{"@id":"https:\/\/blog.protur-hotels.com\/ca\/celebrem-25-anys-creant-records-inoblidables-a-protur-badia-park\/#primaryimage"},"image":{"@id":"https:\/\/blog.protur-hotels.com\/ca\/celebrem-25-anys-creant-records-inoblidables-a-protur-badia-park\/#primaryimage"},"thumbnailUrl":"https:\/\/blog.protur-hotels.com\/wp-content\/uploads\/2025\/01\/25-BADIA-PARK-Facebook.jpg","datePublished":"2025-01-23T00:01:42+00:00","dateModified":"2025-01-24T10:09:17+00:00","description":"Aquest any estem de celebraci\u00f3, i no podr\u00edem estar m\u00e9s emocionats! Complim 25 anys oferint experi\u00e8ncies inoblidables al Protur Badia Park,","breadcrumb":{"@id":"https:\/\/blog.protur-hotels.com\/ca\/celebrem-25-anys-creant-records-inoblidables-a-protur-badia-park\/#breadcrumb"},"inLanguage":"ca","potentialAction":[{"@type":"ReadAction","target":["https:\/\/blog.protur-hotels.com\/ca\/celebrem-25-anys-creant-records-inoblidables-a-protur-badia-park\/"]}]},{"@type":"ImageObject","inLanguage":"ca","@id":"https:\/\/blog.protur-hotels.com\/ca\/celebrem-25-anys-creant-records-inoblidables-a-protur-badia-park\/#primaryimage","url":"https:\/\/blog.protur-hotels.com\/wp-content\/uploads\/2025\/01\/25-BADIA-PARK-Facebook.jpg","contentUrl":"https:\/\/blog.protur-hotels.com\/wp-content\/uploads\/2025\/01\/25-BADIA-PARK-Facebook.jpg","width":940,"height":788},{"@type":"BreadcrumbList","@id":"https:\/\/blog.protur-hotels.com\/ca\/celebrem-25-anys-creant-records-inoblidables-a-protur-badia-park\/#breadcrumb","itemListElement":[{"@type":"ListItem","position":1,"name":"Portada","item":"https:\/\/blog.protur-hotels.com\/"},{"@type":"ListItem","position":2,"name":"Celebrem 25 anys creant records inoblidables a Protur Badia Park!"}]},{"@type":"WebSite","@id":"https:\/\/blog.protur-hotels.com\/#website","url":"https:\/\/blog.protur-hotels.com\/","name":"Blog Protur Hotels","description":"Un Blog para viajeros","publisher":{"@id":"https:\/\/blog.protur-hotels.com\/#organization"},"potentialAction":[{"@type":"SearchAction","target":{"@type":"EntryPoint","urlTemplate":"https:\/\/blog.protur-hotels.com\/?s={search_term_string}"},"query-input":{"@type":"PropertyValueSpecification","valueRequired":true,"valueName":"search_term_string"}}],"inLanguage":"ca"},{"@type":"Organization","@id":"https:\/\/blog.protur-hotels.com\/#organization","name":"Blog Protur Hotels","url":"https:\/\/blog.protur-hotels.com\/","logo":{"@type":"ImageObject","inLanguage":"ca","@id":"https:\/\/blog.protur-hotels.com\/#\/schema\/logo\/image\/","url":"https:\/\/blog.protur-hotels.com\/wp-content\/uploads\/2020\/03\/blog-protur-hotels-mallorca.png","contentUrl":"https:\/\/blog.protur-hotels.com\/wp-content\/uploads\/2020\/03\/blog-protur-hotels-mallorca.png","width":1422,"height":894,"caption":"Blog Protur Hotels"},"image":{"@id":"https:\/\/blog.protur-hotels.com\/#\/schema\/logo\/image\/"}},{"@type":"Person","@id":"https:\/\/blog.protur-hotels.com\/#\/schema\/person\/902a575bd3b7b15d653c623099bdb69c","name":"Jara"}]}},"_links":{"self":[{"href":"https:\/\/blog.protur-hotels.com\/ca\/wp-json\/wp\/v2\/posts\/6903","targetHints":{"allow":["GET"]}}],"collection":[{"href":"https:\/\/blog.protur-hotels.com\/ca\/wp-json\/wp\/v2\/posts"}],"about":[{"href":"https:\/\/blog.protur-hotels.com\/ca\/wp-json\/wp\/v2\/types\/post"}],"author":[{"embeddable":true,"href":"https:\/\/blog.protur-hotels.com\/ca\/wp-json\/wp\/v2\/users\/4"}],"replies":[{"embeddable":true,"href":"https:\/\/blog.protur-hotels.com\/ca\/wp-json\/wp\/v2\/comments?post=6903"}],"version-history":[{"count":4,"href":"https:\/\/blog.protur-hotels.com\/ca\/wp-json\/wp\/v2\/posts\/6903\/revisions"}],"predecessor-version":[{"id":6962,"href":"https:\/\/blog.protur-hotels.com\/ca\/wp-json\/wp\/v2\/posts\/6903\/revisions\/6962"}],"wp:featuredmedia":[{"embeddable":true,"href":"https:\/\/blog.protur-hotels.com\/ca\/wp-json\/wp\/v2\/media\/6895"}],"wp:attachment":[{"href":"https:\/\/blog.protur-hotels.com\/ca\/wp-json\/wp\/v2\/media?parent=6903"}],"wp:term":[{"taxonomy":"category","embeddable":true,"href":"https:\/\/blog.protur-hotels.com\/ca\/wp-json\/wp\/v2\/categories?post=6903"},{"taxonomy":"post_tag","embeddable":true,"href":"https:\/\/blog.protur-hotels.com\/ca\/wp-json\/wp\/v2\/tags?post=6903"}],"curies":[{"name":"wp","href":"https:\/\/api.w.org\/{rel}","templated":true}]}}