{"id":855,"date":"2014-07-11T00:00:00","date_gmt":"2014-07-11T00:00:00","guid":{"rendered":"https:\/\/blog.protur-hotels.com\/on-menjar-a-la-costa-est-de-mallorca\/"},"modified":"2016-03-21T14:47:34","modified_gmt":"2016-03-21T14:47:34","slug":"on-menjar-a-la-costa-est-de-mallorca","status":"publish","type":"post","link":"https:\/\/blog.protur-hotels.com\/ca\/on-menjar-a-la-costa-est-de-mallorca\/","title":{"rendered":"On menjar a la costa est de Mallorca?"},"content":{"rendered":"<p>La <b>costa est de Mallorca<\/b>, degut a la seva gran tradici\u00f3 tur\u00edstica, ha desenvolupat una gran oferta gastron\u00f2mica que integra tot tipus de propostes culin\u00e0ries, des de <b>restaurant amb Estrella Michel\u00edn<\/b> a hamburgueseries internacionals, restaurants italians i petites tavernes tradicionals on degustar un t\u00edpic tremp\u00f3 o la cl\u00e0ssica porcella al forn.<\/p>\n<p>Si un est\u00e0 cercant una aut\u00e8ntica experi\u00e8ncia gourmet a Mallorca i es troba de vacances a un hotel a la <b>zona de Cala Millor, Cala Bona o Sa Coma<\/b>, \u00e9s imprescindible dedicar un dia a provar totes les del\u00edcies que el fam\u00f3s chef Tomeu Caldentey prepara a la seva cuina de l\u2019emblem\u00e0tic <a href=\"http:\/\/proturevents.com\/restaurante_es_moli_den_bou_mallorca_sa_coma.html\">restaurant Es Mol\u00ed d\u2019en Bou<\/a>, amb una merescuda <b>Estrella Michel\u00edn.<\/b><\/p>\n<p>Per aquells que cerquen un <b>restaurant amb encant tradicional a Mallorca<\/b>, a Cala Millor destaca el <a href=\"http:\/\/proturevents.com\/restaurante_son_florianan_mallorca_cala_bona.html\">restaurant Son Floriana<\/a>, que forma part d\u2019un acollidor <a href=\"http:\/\/protur-hotels.com\/ca\/hotels-mallorca\/residencia-son-floriana-restaurante\">hotel boutique prop de la platja de Cala Bona<\/a>, i on es poden degustar els plats m\u00e9s aut\u00e8ntics de la gastronomia mallorquina amb un toc original i innovador. L\u2019ambient i la bodega s\u00f3n excel\u00b7lents.<\/p>\n<p>Per menjar una <b>bona pizza o plat de pasta, <\/b>el restaurant itali\u00e0 Verona a Sa Coma \u00e9s una bona opci\u00f3 (nom\u00e9s de juny a setembre); i, per submergir-se a l\u2019aut\u00e8ntica <b>cuina mediterr\u00e0nia<\/b> de la ma del reconegut chef David Deop, el sempre agradable <a href=\"http:\/\/proturevents.com\/restaurante_azafran_mallorca_sa_coma.html\">restaurant Azafr\u00e1n a Sa Coma<\/a><b>,<\/b> que forma part del <a href=\"http:\/\/protur-hotels.com\/ca\/hotels-mallorca\/protur-biomar-gran-hotel-spa\">Protur Biomar Gran Hotel &amp; Spa<\/a>.<\/p>\n","protected":false},"excerpt":{"rendered":"<p>La costa est de Mallorca, degut a la seva gran tradici\u00f3 tur\u00edstica, ha desenvolupat una gran oferta gastron\u00f2mica que integra tot tipus de propostes culin\u00e0ries, des de restaurant amb Estrella Michel\u00edn<\/p>\n","protected":false},"author":3,"featured_media":1335,"comment_status":"closed","ping_status":"open","sticky":false,"template":"","format":"standard","meta":{"_lmt_disableupdate":"","_lmt_disable":"","footnotes":""},"categories":[837,146],"tags":[],"class_list":["post-855","post","type-post","status-publish","format-standard","has-post-thumbnail","hentry","category-mallorca-ca","category-uncategorized-ca"],"yoast_head":"<!-- This site is optimized with the Yoast SEO plugin v26.6 - https:\/\/yoast.com\/wordpress\/plugins\/seo\/ -->\n<title>On menjar a la costa est de Mallorca? - Blog Protur Hotels<\/title>\n<meta name=\"description\" content=\"La\u00a0costa est de Mallorca, degut a la seva gran tradici\u00f3 tur\u00edstica, ha desenvolupat una gran oferta gastron\u00f2mica que integra tot tipus de propostes culin\u00e0ries\" \/>\n<meta name=\"robots\" content=\"index, follow, max-snippet:-1, max-image-preview:large, max-video-preview:-1\" \/>\n<link rel=\"canonical\" href=\"https:\/\/blog.protur-hotels.com\/ca\/on-menjar-a-la-costa-est-de-mallorca\/\" \/>\n<meta property=\"og:locale\" content=\"ca_ES\" \/>\n<meta property=\"og:type\" content=\"article\" \/>\n<meta property=\"og:title\" content=\"On menjar a la costa est de Mallorca? - Blog Protur Hotels\" \/>\n<meta property=\"og:description\" content=\"La\u00a0costa est de Mallorca, degut a la seva gran tradici\u00f3 tur\u00edstica, ha desenvolupat una gran oferta gastron\u00f2mica que integra tot tipus de propostes culin\u00e0ries\" \/>\n<meta property=\"og:url\" content=\"https:\/\/blog.protur-hotels.com\/ca\/on-menjar-a-la-costa-est-de-mallorca\/\" \/>\n<meta property=\"og:site_name\" content=\"Blog Protur Hotels\" \/>\n<meta property=\"article:published_time\" content=\"2014-07-11T00:00:00+00:00\" \/>\n<meta property=\"article:modified_time\" content=\"2016-03-21T14:47:34+00:00\" \/>\n<meta property=\"og:image\" content=\"https:\/\/blog.protur-hotels.com\/wp-content\/uploads\/2014\/05\/que-comer-en-almeria-roquetas-de-mar.jpg\" \/>\n\t<meta property=\"og:image:width\" content=\"800\" \/>\n\t<meta property=\"og:image:height\" content=\"600\" \/>\n\t<meta property=\"og:image:type\" content=\"image\/jpeg\" \/>\n<meta name=\"author\" content=\"Protur Hotels\" \/>\n<meta name=\"twitter:card\" content=\"summary_large_image\" \/>\n<meta name=\"twitter:label1\" content=\"Escrit per\" \/>\n\t<meta name=\"twitter:data1\" content=\"Protur Hotels\" \/>\n\t<meta name=\"twitter:label2\" content=\"Temps estimat de lectura\" \/>\n\t<meta name=\"twitter:data2\" content=\"1 minut\" \/>\n<script type=\"application\/ld+json\" class=\"yoast-schema-graph\">{\"@context\":\"https:\/\/schema.org\",\"@graph\":[{\"@type\":\"Article\",\"@id\":\"https:\/\/blog.protur-hotels.com\/ca\/on-menjar-a-la-costa-est-de-mallorca\/#article\",\"isPartOf\":{\"@id\":\"https:\/\/blog.protur-hotels.com\/ca\/on-menjar-a-la-costa-est-de-mallorca\/\"},\"author\":{\"name\":\"Protur Hotels\",\"@id\":\"https:\/\/blog.protur-hotels.com\/#\/schema\/person\/6eac7ca6e9a32baa4716fdd5d7358326\"},\"headline\":\"On menjar a la costa est de Mallorca?\",\"datePublished\":\"2014-07-11T00:00:00+00:00\",\"dateModified\":\"2016-03-21T14:47:34+00:00\",\"mainEntityOfPage\":{\"@id\":\"https:\/\/blog.protur-hotels.com\/ca\/on-menjar-a-la-costa-est-de-mallorca\/\"},\"wordCount\":262,\"publisher\":{\"@id\":\"https:\/\/blog.protur-hotels.com\/#organization\"},\"image\":{\"@id\":\"https:\/\/blog.protur-hotels.com\/ca\/on-menjar-a-la-costa-est-de-mallorca\/#primaryimage\"},\"thumbnailUrl\":\"https:\/\/blog.protur-hotels.com\/wp-content\/uploads\/2014\/05\/que-comer-en-almeria-roquetas-de-mar.jpg\",\"articleSection\":[\"Mallorca\",\"Uncategorized @ca\"],\"inLanguage\":\"ca\"},{\"@type\":\"WebPage\",\"@id\":\"https:\/\/blog.protur-hotels.com\/ca\/on-menjar-a-la-costa-est-de-mallorca\/\",\"url\":\"https:\/\/blog.protur-hotels.com\/ca\/on-menjar-a-la-costa-est-de-mallorca\/\",\"name\":\"On menjar a la costa est de Mallorca? - Blog Protur Hotels\",\"isPartOf\":{\"@id\":\"https:\/\/blog.protur-hotels.com\/#website\"},\"primaryImageOfPage\":{\"@id\":\"https:\/\/blog.protur-hotels.com\/ca\/on-menjar-a-la-costa-est-de-mallorca\/#primaryimage\"},\"image\":{\"@id\":\"https:\/\/blog.protur-hotels.com\/ca\/on-menjar-a-la-costa-est-de-mallorca\/#primaryimage\"},\"thumbnailUrl\":\"https:\/\/blog.protur-hotels.com\/wp-content\/uploads\/2014\/05\/que-comer-en-almeria-roquetas-de-mar.jpg\",\"datePublished\":\"2014-07-11T00:00:00+00:00\",\"dateModified\":\"2016-03-21T14:47:34+00:00\",\"description\":\"La\u00a0costa est de Mallorca, degut a la seva gran tradici\u00f3 tur\u00edstica, ha desenvolupat una gran oferta gastron\u00f2mica que integra tot tipus de propostes culin\u00e0ries\",\"breadcrumb\":{\"@id\":\"https:\/\/blog.protur-hotels.com\/ca\/on-menjar-a-la-costa-est-de-mallorca\/#breadcrumb\"},\"inLanguage\":\"ca\",\"potentialAction\":[{\"@type\":\"ReadAction\",\"target\":[\"https:\/\/blog.protur-hotels.com\/ca\/on-menjar-a-la-costa-est-de-mallorca\/\"]}]},{\"@type\":\"ImageObject\",\"inLanguage\":\"ca\",\"@id\":\"https:\/\/blog.protur-hotels.com\/ca\/on-menjar-a-la-costa-est-de-mallorca\/#primaryimage\",\"url\":\"https:\/\/blog.protur-hotels.com\/wp-content\/uploads\/2014\/05\/que-comer-en-almeria-roquetas-de-mar.jpg\",\"contentUrl\":\"https:\/\/blog.protur-hotels.com\/wp-content\/uploads\/2014\/05\/que-comer-en-almeria-roquetas-de-mar.jpg\",\"width\":800,\"height\":600,\"caption\":\"Qu\u00e9 comer en Almer\u00eda\"},{\"@type\":\"BreadcrumbList\",\"@id\":\"https:\/\/blog.protur-hotels.com\/ca\/on-menjar-a-la-costa-est-de-mallorca\/#breadcrumb\",\"itemListElement\":[{\"@type\":\"ListItem\",\"position\":1,\"name\":\"Portada\",\"item\":\"https:\/\/blog.protur-hotels.com\/\"},{\"@type\":\"ListItem\",\"position\":2,\"name\":\"On menjar a la costa est de Mallorca?\"}]},{\"@type\":\"WebSite\",\"@id\":\"https:\/\/blog.protur-hotels.com\/#website\",\"url\":\"https:\/\/blog.protur-hotels.com\/\",\"name\":\"Blog Protur Hotels\",\"description\":\"Un Blog para viajeros\",\"publisher\":{\"@id\":\"https:\/\/blog.protur-hotels.com\/#organization\"},\"potentialAction\":[{\"@type\":\"SearchAction\",\"target\":{\"@type\":\"EntryPoint\",\"urlTemplate\":\"https:\/\/blog.protur-hotels.com\/?s={search_term_string}\"},\"query-input\":{\"@type\":\"PropertyValueSpecification\",\"valueRequired\":true,\"valueName\":\"search_term_string\"}}],\"inLanguage\":\"ca\"},{\"@type\":\"Organization\",\"@id\":\"https:\/\/blog.protur-hotels.com\/#organization\",\"name\":\"Blog Protur Hotels\",\"url\":\"https:\/\/blog.protur-hotels.com\/\",\"logo\":{\"@type\":\"ImageObject\",\"inLanguage\":\"ca\",\"@id\":\"https:\/\/blog.protur-hotels.com\/#\/schema\/logo\/image\/\",\"url\":\"https:\/\/blog.protur-hotels.com\/wp-content\/uploads\/2020\/03\/blog-protur-hotels-mallorca.png\",\"contentUrl\":\"https:\/\/blog.protur-hotels.com\/wp-content\/uploads\/2020\/03\/blog-protur-hotels-mallorca.png\",\"width\":1422,\"height\":894,\"caption\":\"Blog Protur Hotels\"},\"image\":{\"@id\":\"https:\/\/blog.protur-hotels.com\/#\/schema\/logo\/image\/\"}},{\"@type\":\"Person\",\"@id\":\"https:\/\/blog.protur-hotels.com\/#\/schema\/person\/6eac7ca6e9a32baa4716fdd5d7358326\",\"name\":\"Protur Hotels\"}]}<\/script>\n<!-- \/ Yoast SEO plugin. -->","yoast_head_json":{"title":"On menjar a la costa est de Mallorca? - Blog Protur Hotels","description":"La\u00a0costa est de Mallorca, degut a la seva gran tradici\u00f3 tur\u00edstica, ha desenvolupat una gran oferta gastron\u00f2mica que integra tot tipus de propostes culin\u00e0ries","robots":{"index":"index","follow":"follow","max-snippet":"max-snippet:-1","max-image-preview":"max-image-preview:large","max-video-preview":"max-video-preview:-1"},"canonical":"https:\/\/blog.protur-hotels.com\/ca\/on-menjar-a-la-costa-est-de-mallorca\/","og_locale":"ca_ES","og_type":"article","og_title":"On menjar a la costa est de Mallorca? - Blog Protur Hotels","og_description":"La\u00a0costa est de Mallorca, degut a la seva gran tradici\u00f3 tur\u00edstica, ha desenvolupat una gran oferta gastron\u00f2mica que integra tot tipus de propostes culin\u00e0ries","og_url":"https:\/\/blog.protur-hotels.com\/ca\/on-menjar-a-la-costa-est-de-mallorca\/","og_site_name":"Blog Protur Hotels","article_published_time":"2014-07-11T00:00:00+00:00","article_modified_time":"2016-03-21T14:47:34+00:00","og_image":[{"width":800,"height":600,"url":"https:\/\/blog.protur-hotels.com\/wp-content\/uploads\/2014\/05\/que-comer-en-almeria-roquetas-de-mar.jpg","type":"image\/jpeg"}],"author":"Protur Hotels","twitter_card":"summary_large_image","twitter_misc":{"Escrit per":"Protur Hotels","Temps estimat de lectura":"1 minut"},"schema":{"@context":"https:\/\/schema.org","@graph":[{"@type":"Article","@id":"https:\/\/blog.protur-hotels.com\/ca\/on-menjar-a-la-costa-est-de-mallorca\/#article","isPartOf":{"@id":"https:\/\/blog.protur-hotels.com\/ca\/on-menjar-a-la-costa-est-de-mallorca\/"},"author":{"name":"Protur Hotels","@id":"https:\/\/blog.protur-hotels.com\/#\/schema\/person\/6eac7ca6e9a32baa4716fdd5d7358326"},"headline":"On menjar a la costa est de Mallorca?","datePublished":"2014-07-11T00:00:00+00:00","dateModified":"2016-03-21T14:47:34+00:00","mainEntityOfPage":{"@id":"https:\/\/blog.protur-hotels.com\/ca\/on-menjar-a-la-costa-est-de-mallorca\/"},"wordCount":262,"publisher":{"@id":"https:\/\/blog.protur-hotels.com\/#organization"},"image":{"@id":"https:\/\/blog.protur-hotels.com\/ca\/on-menjar-a-la-costa-est-de-mallorca\/#primaryimage"},"thumbnailUrl":"https:\/\/blog.protur-hotels.com\/wp-content\/uploads\/2014\/05\/que-comer-en-almeria-roquetas-de-mar.jpg","articleSection":["Mallorca","Uncategorized @ca"],"inLanguage":"ca"},{"@type":"WebPage","@id":"https:\/\/blog.protur-hotels.com\/ca\/on-menjar-a-la-costa-est-de-mallorca\/","url":"https:\/\/blog.protur-hotels.com\/ca\/on-menjar-a-la-costa-est-de-mallorca\/","name":"On menjar a la costa est de Mallorca? - Blog Protur Hotels","isPartOf":{"@id":"https:\/\/blog.protur-hotels.com\/#website"},"primaryImageOfPage":{"@id":"https:\/\/blog.protur-hotels.com\/ca\/on-menjar-a-la-costa-est-de-mallorca\/#primaryimage"},"image":{"@id":"https:\/\/blog.protur-hotels.com\/ca\/on-menjar-a-la-costa-est-de-mallorca\/#primaryimage"},"thumbnailUrl":"https:\/\/blog.protur-hotels.com\/wp-content\/uploads\/2014\/05\/que-comer-en-almeria-roquetas-de-mar.jpg","datePublished":"2014-07-11T00:00:00+00:00","dateModified":"2016-03-21T14:47:34+00:00","description":"La\u00a0costa est de Mallorca, degut a la seva gran tradici\u00f3 tur\u00edstica, ha desenvolupat una gran oferta gastron\u00f2mica que integra tot tipus de propostes culin\u00e0ries","breadcrumb":{"@id":"https:\/\/blog.protur-hotels.com\/ca\/on-menjar-a-la-costa-est-de-mallorca\/#breadcrumb"},"inLanguage":"ca","potentialAction":[{"@type":"ReadAction","target":["https:\/\/blog.protur-hotels.com\/ca\/on-menjar-a-la-costa-est-de-mallorca\/"]}]},{"@type":"ImageObject","inLanguage":"ca","@id":"https:\/\/blog.protur-hotels.com\/ca\/on-menjar-a-la-costa-est-de-mallorca\/#primaryimage","url":"https:\/\/blog.protur-hotels.com\/wp-content\/uploads\/2014\/05\/que-comer-en-almeria-roquetas-de-mar.jpg","contentUrl":"https:\/\/blog.protur-hotels.com\/wp-content\/uploads\/2014\/05\/que-comer-en-almeria-roquetas-de-mar.jpg","width":800,"height":600,"caption":"Qu\u00e9 comer en Almer\u00eda"},{"@type":"BreadcrumbList","@id":"https:\/\/blog.protur-hotels.com\/ca\/on-menjar-a-la-costa-est-de-mallorca\/#breadcrumb","itemListElement":[{"@type":"ListItem","position":1,"name":"Portada","item":"https:\/\/blog.protur-hotels.com\/"},{"@type":"ListItem","position":2,"name":"On menjar a la costa est de Mallorca?"}]},{"@type":"WebSite","@id":"https:\/\/blog.protur-hotels.com\/#website","url":"https:\/\/blog.protur-hotels.com\/","name":"Blog Protur Hotels","description":"Un Blog para viajeros","publisher":{"@id":"https:\/\/blog.protur-hotels.com\/#organization"},"potentialAction":[{"@type":"SearchAction","target":{"@type":"EntryPoint","urlTemplate":"https:\/\/blog.protur-hotels.com\/?s={search_term_string}"},"query-input":{"@type":"PropertyValueSpecification","valueRequired":true,"valueName":"search_term_string"}}],"inLanguage":"ca"},{"@type":"Organization","@id":"https:\/\/blog.protur-hotels.com\/#organization","name":"Blog Protur Hotels","url":"https:\/\/blog.protur-hotels.com\/","logo":{"@type":"ImageObject","inLanguage":"ca","@id":"https:\/\/blog.protur-hotels.com\/#\/schema\/logo\/image\/","url":"https:\/\/blog.protur-hotels.com\/wp-content\/uploads\/2020\/03\/blog-protur-hotels-mallorca.png","contentUrl":"https:\/\/blog.protur-hotels.com\/wp-content\/uploads\/2020\/03\/blog-protur-hotels-mallorca.png","width":1422,"height":894,"caption":"Blog Protur Hotels"},"image":{"@id":"https:\/\/blog.protur-hotels.com\/#\/schema\/logo\/image\/"}},{"@type":"Person","@id":"https:\/\/blog.protur-hotels.com\/#\/schema\/person\/6eac7ca6e9a32baa4716fdd5d7358326","name":"Protur Hotels"}]}},"_links":{"self":[{"href":"https:\/\/blog.protur-hotels.com\/ca\/wp-json\/wp\/v2\/posts\/855","targetHints":{"allow":["GET"]}}],"collection":[{"href":"https:\/\/blog.protur-hotels.com\/ca\/wp-json\/wp\/v2\/posts"}],"about":[{"href":"https:\/\/blog.protur-hotels.com\/ca\/wp-json\/wp\/v2\/types\/post"}],"author":[{"embeddable":true,"href":"https:\/\/blog.protur-hotels.com\/ca\/wp-json\/wp\/v2\/users\/3"}],"replies":[{"embeddable":true,"href":"https:\/\/blog.protur-hotels.com\/ca\/wp-json\/wp\/v2\/comments?post=855"}],"version-history":[{"count":0,"href":"https:\/\/blog.protur-hotels.com\/ca\/wp-json\/wp\/v2\/posts\/855\/revisions"}],"wp:featuredmedia":[{"embeddable":true,"href":"https:\/\/blog.protur-hotels.com\/ca\/wp-json\/wp\/v2\/media\/1335"}],"wp:attachment":[{"href":"https:\/\/blog.protur-hotels.com\/ca\/wp-json\/wp\/v2\/media?parent=855"}],"wp:term":[{"taxonomy":"category","embeddable":true,"href":"https:\/\/blog.protur-hotels.com\/ca\/wp-json\/wp\/v2\/categories?post=855"},{"taxonomy":"post_tag","embeddable":true,"href":"https:\/\/blog.protur-hotels.com\/ca\/wp-json\/wp\/v2\/tags?post=855"}],"curies":[{"name":"wp","href":"https:\/\/api.w.org\/{rel}","templated":true}]}}