{"id":987,"date":"2015-05-29T00:00:00","date_gmt":"2015-05-29T00:00:00","guid":{"rendered":"https:\/\/blog.protur-hotels.com\/spa-per-a-nens\/"},"modified":"2016-03-21T11:47:10","modified_gmt":"2016-03-21T11:47:10","slug":"spa-per-a-nens","status":"publish","type":"post","link":"https:\/\/blog.protur-hotels.com\/ca\/spa-per-a-nens\/","title":{"rendered":"Spa per a nens"},"content":{"rendered":"<p>Ja gaireb\u00e9 sembla l\u2019estiu. Els dies s\u00f3n m\u00e9s llargs i la primavera ens convida a sortir a gaudir del sol, la naturalesa i la vida a l&#8217;aire lliure. Per\u00f2 abans de llevar-se la roba d&#8217;hivern, us proposem una posada a punt per a tota la fam\u00edlia: una <b>escapada de spa per a nens i grans<\/b>, un viatge de relax i salut amb la que poder recuperar forces de cara a l&#8217;estiu i cuidar aix\u00ed el cos i la ment abans de la recta final del curs.<\/p>\n<p>Els hotels a Mallorca i Almeria de Protur Hotels s\u00f3n uns dels pocs d&#8217;Espanya que ofereixen una spa per a nens. S\u00f3n centres de circuits hidrotermals especialment creats per als m\u00e9s petits de la casa que tamb\u00e9, de tant en tant, necessiten trencar amb l&#8217;estr\u00e8s quotidi\u00e0 i eliminar tensions.<\/p>\n<p>Tant els hidrocircuits com els <b>massatges infantils<\/b> ofereixen grans beneficis per a la salut dels nens. A m\u00e9s d&#8217;afavorir un correcte creixement i desenvolupament emocional, ajuda a millorar el funcionament de l&#8217;aparell digestiu, reduint problemes de c\u00f2lics i gasos, revitalitza la circulaci\u00f3, activa els sentits i augmenta la sensibilitat &#8230;<\/p>\n<p>Aquests <a href=\"http:\/\/protur-hotels.com\/ca\/vacances\/hotels-spa\/petit-spa\">spa per a nens<\/a>, que anomenam com Petit Spa, els trobar\u00e0s a Mallorca (<a href=\"http:\/\/protur-hotels.com\/ca\/hotels-mallorca\/protur-sa-coma-playa-hotel-spa\">Protur Sa Coma Playa Hotel &amp; Spa<\/a> i <a href=\"http:\/\/protur-hotels.com\/ca\/hotels-mallorca\/protur-monte-safari-aparthotel\">Protur Monte Safari<\/a>) i en Roquetas de Mar (<a href=\"http:\/\/protur-hotels.com\/ca\/hotels-almeria\/protur-roquetas-hotel-spa\">Protur Roquetas Hotel &amp; Spa<\/a>). En ells, els petits podran gaudir de tractaments especialitzats, massatges terap\u00e8utics, banys a la piscina i una infinitat de plans antiestr\u00e8s en els quals l&#8217;aigua \u00e9s la gran protagonista.<\/p>\n<p>A m\u00e9s, tots els nostres <b>spas per a nens<\/b> estan just al costat dels <a href=\"http:\/\/protur-hotels.com\/ca\/vacances\/hotels-spa\">centres wellness dels adults<\/a> que oferim a cada hotel, de manera que, mentre tu et relaxes, ells tamb\u00e9 podran fer-ho a la cura del nostre personal especialitzat en tractaments infantils. T&#8217;esperem!<\/p>\n","protected":false},"excerpt":{"rendered":"<p>Aquests spa per a nens, que anomenam com Petit Spa, els trobar\u00e0s a Mallorca (Protur Sa Coma Playa Hotel &#038; Spa i Protur Monte Safari) i en Roquetas de Mar (Protur Roquetas Hotel &#038; Spa).<\/p>\n","protected":false},"author":3,"featured_media":1341,"comment_status":"open","ping_status":"open","sticky":false,"template":"","format":"standard","meta":{"_lmt_disableupdate":"","_lmt_disable":"","footnotes":""},"categories":[146],"tags":[],"class_list":["post-987","post","type-post","status-publish","format-standard","has-post-thumbnail","hentry","category-uncategorized-ca"],"yoast_head":"<!-- This site is optimized with the Yoast SEO plugin v26.6 - https:\/\/yoast.com\/wordpress\/plugins\/seo\/ -->\n<title>Spa per a nens - Blog Protur Hotels<\/title>\n<meta name=\"description\" content=\"una\u00a0escapada de spa per a nens i grans, un viatge de relax i salut amb la que poder recuperar forces de cara a l&#039;estiu i cuidar aix\u00ed el cos i la ment abans\" \/>\n<meta name=\"robots\" content=\"index, follow, max-snippet:-1, max-image-preview:large, max-video-preview:-1\" \/>\n<link rel=\"canonical\" href=\"https:\/\/blog.protur-hotels.com\/ca\/spa-per-a-nens\/\" \/>\n<meta property=\"og:locale\" content=\"ca_ES\" \/>\n<meta property=\"og:type\" content=\"article\" \/>\n<meta property=\"og:title\" content=\"Spa per a nens - Blog Protur Hotels\" \/>\n<meta property=\"og:description\" content=\"una\u00a0escapada de spa per a nens i grans, un viatge de relax i salut amb la que poder recuperar forces de cara a l&#039;estiu i cuidar aix\u00ed el cos i la ment abans\" \/>\n<meta property=\"og:url\" content=\"https:\/\/blog.protur-hotels.com\/ca\/spa-per-a-nens\/\" \/>\n<meta property=\"og:site_name\" content=\"Blog Protur Hotels\" \/>\n<meta property=\"article:published_time\" content=\"2015-05-29T00:00:00+00:00\" \/>\n<meta property=\"article:modified_time\" content=\"2016-03-21T11:47:10+00:00\" \/>\n<meta property=\"og:image\" content=\"https:\/\/blog.protur-hotels.com\/wp-content\/uploads\/2014\/05\/spa-para-ninos-biomar-spa.jpg\" \/>\n\t<meta property=\"og:image:width\" content=\"800\" \/>\n\t<meta property=\"og:image:height\" content=\"600\" \/>\n\t<meta property=\"og:image:type\" content=\"image\/jpeg\" \/>\n<meta name=\"author\" content=\"Protur Hotels\" \/>\n<meta name=\"twitter:card\" content=\"summary_large_image\" \/>\n<meta name=\"twitter:label1\" content=\"Escrit per\" \/>\n\t<meta name=\"twitter:data1\" content=\"Protur Hotels\" \/>\n\t<meta name=\"twitter:label2\" content=\"Temps estimat de lectura\" \/>\n\t<meta name=\"twitter:data2\" content=\"2 minuts\" \/>\n<script type=\"application\/ld+json\" class=\"yoast-schema-graph\">{\"@context\":\"https:\/\/schema.org\",\"@graph\":[{\"@type\":\"Article\",\"@id\":\"https:\/\/blog.protur-hotels.com\/ca\/spa-per-a-nens\/#article\",\"isPartOf\":{\"@id\":\"https:\/\/blog.protur-hotels.com\/ca\/spa-per-a-nens\/\"},\"author\":{\"name\":\"Protur Hotels\",\"@id\":\"https:\/\/blog.protur-hotels.com\/#\/schema\/person\/6eac7ca6e9a32baa4716fdd5d7358326\"},\"headline\":\"Spa per a nens\",\"datePublished\":\"2015-05-29T00:00:00+00:00\",\"dateModified\":\"2016-03-21T11:47:10+00:00\",\"mainEntityOfPage\":{\"@id\":\"https:\/\/blog.protur-hotels.com\/ca\/spa-per-a-nens\/\"},\"wordCount\":320,\"commentCount\":0,\"publisher\":{\"@id\":\"https:\/\/blog.protur-hotels.com\/#organization\"},\"image\":{\"@id\":\"https:\/\/blog.protur-hotels.com\/ca\/spa-per-a-nens\/#primaryimage\"},\"thumbnailUrl\":\"https:\/\/blog.protur-hotels.com\/wp-content\/uploads\/2014\/05\/spa-para-ninos-biomar-spa.jpg\",\"articleSection\":[\"Uncategorized @ca\"],\"inLanguage\":\"ca\"},{\"@type\":\"WebPage\",\"@id\":\"https:\/\/blog.protur-hotels.com\/ca\/spa-per-a-nens\/\",\"url\":\"https:\/\/blog.protur-hotels.com\/ca\/spa-per-a-nens\/\",\"name\":\"Spa per a nens - Blog Protur Hotels\",\"isPartOf\":{\"@id\":\"https:\/\/blog.protur-hotels.com\/#website\"},\"primaryImageOfPage\":{\"@id\":\"https:\/\/blog.protur-hotels.com\/ca\/spa-per-a-nens\/#primaryimage\"},\"image\":{\"@id\":\"https:\/\/blog.protur-hotels.com\/ca\/spa-per-a-nens\/#primaryimage\"},\"thumbnailUrl\":\"https:\/\/blog.protur-hotels.com\/wp-content\/uploads\/2014\/05\/spa-para-ninos-biomar-spa.jpg\",\"datePublished\":\"2015-05-29T00:00:00+00:00\",\"dateModified\":\"2016-03-21T11:47:10+00:00\",\"description\":\"una\u00a0escapada de spa per a nens i grans, un viatge de relax i salut amb la que poder recuperar forces de cara a l'estiu i cuidar aix\u00ed el cos i la ment abans\",\"breadcrumb\":{\"@id\":\"https:\/\/blog.protur-hotels.com\/ca\/spa-per-a-nens\/#breadcrumb\"},\"inLanguage\":\"ca\",\"potentialAction\":[{\"@type\":\"ReadAction\",\"target\":[\"https:\/\/blog.protur-hotels.com\/ca\/spa-per-a-nens\/\"]}]},{\"@type\":\"ImageObject\",\"inLanguage\":\"ca\",\"@id\":\"https:\/\/blog.protur-hotels.com\/ca\/spa-per-a-nens\/#primaryimage\",\"url\":\"https:\/\/blog.protur-hotels.com\/wp-content\/uploads\/2014\/05\/spa-para-ninos-biomar-spa.jpg\",\"contentUrl\":\"https:\/\/blog.protur-hotels.com\/wp-content\/uploads\/2014\/05\/spa-para-ninos-biomar-spa.jpg\",\"width\":800,\"height\":600,\"caption\":\"Spa para ni\u00f1os\"},{\"@type\":\"BreadcrumbList\",\"@id\":\"https:\/\/blog.protur-hotels.com\/ca\/spa-per-a-nens\/#breadcrumb\",\"itemListElement\":[{\"@type\":\"ListItem\",\"position\":1,\"name\":\"Portada\",\"item\":\"https:\/\/blog.protur-hotels.com\/\"},{\"@type\":\"ListItem\",\"position\":2,\"name\":\"Spa per a nens\"}]},{\"@type\":\"WebSite\",\"@id\":\"https:\/\/blog.protur-hotels.com\/#website\",\"url\":\"https:\/\/blog.protur-hotels.com\/\",\"name\":\"Blog Protur Hotels\",\"description\":\"Un Blog para viajeros\",\"publisher\":{\"@id\":\"https:\/\/blog.protur-hotels.com\/#organization\"},\"potentialAction\":[{\"@type\":\"SearchAction\",\"target\":{\"@type\":\"EntryPoint\",\"urlTemplate\":\"https:\/\/blog.protur-hotels.com\/?s={search_term_string}\"},\"query-input\":{\"@type\":\"PropertyValueSpecification\",\"valueRequired\":true,\"valueName\":\"search_term_string\"}}],\"inLanguage\":\"ca\"},{\"@type\":\"Organization\",\"@id\":\"https:\/\/blog.protur-hotels.com\/#organization\",\"name\":\"Blog Protur Hotels\",\"url\":\"https:\/\/blog.protur-hotels.com\/\",\"logo\":{\"@type\":\"ImageObject\",\"inLanguage\":\"ca\",\"@id\":\"https:\/\/blog.protur-hotels.com\/#\/schema\/logo\/image\/\",\"url\":\"https:\/\/blog.protur-hotels.com\/wp-content\/uploads\/2020\/03\/blog-protur-hotels-mallorca.png\",\"contentUrl\":\"https:\/\/blog.protur-hotels.com\/wp-content\/uploads\/2020\/03\/blog-protur-hotels-mallorca.png\",\"width\":1422,\"height\":894,\"caption\":\"Blog Protur Hotels\"},\"image\":{\"@id\":\"https:\/\/blog.protur-hotels.com\/#\/schema\/logo\/image\/\"}},{\"@type\":\"Person\",\"@id\":\"https:\/\/blog.protur-hotels.com\/#\/schema\/person\/6eac7ca6e9a32baa4716fdd5d7358326\",\"name\":\"Protur Hotels\"}]}<\/script>\n<!-- \/ Yoast SEO plugin. -->","yoast_head_json":{"title":"Spa per a nens - Blog Protur Hotels","description":"una\u00a0escapada de spa per a nens i grans, un viatge de relax i salut amb la que poder recuperar forces de cara a l'estiu i cuidar aix\u00ed el cos i la ment abans","robots":{"index":"index","follow":"follow","max-snippet":"max-snippet:-1","max-image-preview":"max-image-preview:large","max-video-preview":"max-video-preview:-1"},"canonical":"https:\/\/blog.protur-hotels.com\/ca\/spa-per-a-nens\/","og_locale":"ca_ES","og_type":"article","og_title":"Spa per a nens - Blog Protur Hotels","og_description":"una\u00a0escapada de spa per a nens i grans, un viatge de relax i salut amb la que poder recuperar forces de cara a l'estiu i cuidar aix\u00ed el cos i la ment abans","og_url":"https:\/\/blog.protur-hotels.com\/ca\/spa-per-a-nens\/","og_site_name":"Blog Protur Hotels","article_published_time":"2015-05-29T00:00:00+00:00","article_modified_time":"2016-03-21T11:47:10+00:00","og_image":[{"width":800,"height":600,"url":"https:\/\/blog.protur-hotels.com\/wp-content\/uploads\/2014\/05\/spa-para-ninos-biomar-spa.jpg","type":"image\/jpeg"}],"author":"Protur Hotels","twitter_card":"summary_large_image","twitter_misc":{"Escrit per":"Protur Hotels","Temps estimat de lectura":"2 minuts"},"schema":{"@context":"https:\/\/schema.org","@graph":[{"@type":"Article","@id":"https:\/\/blog.protur-hotels.com\/ca\/spa-per-a-nens\/#article","isPartOf":{"@id":"https:\/\/blog.protur-hotels.com\/ca\/spa-per-a-nens\/"},"author":{"name":"Protur Hotels","@id":"https:\/\/blog.protur-hotels.com\/#\/schema\/person\/6eac7ca6e9a32baa4716fdd5d7358326"},"headline":"Spa per a nens","datePublished":"2015-05-29T00:00:00+00:00","dateModified":"2016-03-21T11:47:10+00:00","mainEntityOfPage":{"@id":"https:\/\/blog.protur-hotels.com\/ca\/spa-per-a-nens\/"},"wordCount":320,"commentCount":0,"publisher":{"@id":"https:\/\/blog.protur-hotels.com\/#organization"},"image":{"@id":"https:\/\/blog.protur-hotels.com\/ca\/spa-per-a-nens\/#primaryimage"},"thumbnailUrl":"https:\/\/blog.protur-hotels.com\/wp-content\/uploads\/2014\/05\/spa-para-ninos-biomar-spa.jpg","articleSection":["Uncategorized @ca"],"inLanguage":"ca"},{"@type":"WebPage","@id":"https:\/\/blog.protur-hotels.com\/ca\/spa-per-a-nens\/","url":"https:\/\/blog.protur-hotels.com\/ca\/spa-per-a-nens\/","name":"Spa per a nens - Blog Protur Hotels","isPartOf":{"@id":"https:\/\/blog.protur-hotels.com\/#website"},"primaryImageOfPage":{"@id":"https:\/\/blog.protur-hotels.com\/ca\/spa-per-a-nens\/#primaryimage"},"image":{"@id":"https:\/\/blog.protur-hotels.com\/ca\/spa-per-a-nens\/#primaryimage"},"thumbnailUrl":"https:\/\/blog.protur-hotels.com\/wp-content\/uploads\/2014\/05\/spa-para-ninos-biomar-spa.jpg","datePublished":"2015-05-29T00:00:00+00:00","dateModified":"2016-03-21T11:47:10+00:00","description":"una\u00a0escapada de spa per a nens i grans, un viatge de relax i salut amb la que poder recuperar forces de cara a l'estiu i cuidar aix\u00ed el cos i la ment abans","breadcrumb":{"@id":"https:\/\/blog.protur-hotels.com\/ca\/spa-per-a-nens\/#breadcrumb"},"inLanguage":"ca","potentialAction":[{"@type":"ReadAction","target":["https:\/\/blog.protur-hotels.com\/ca\/spa-per-a-nens\/"]}]},{"@type":"ImageObject","inLanguage":"ca","@id":"https:\/\/blog.protur-hotels.com\/ca\/spa-per-a-nens\/#primaryimage","url":"https:\/\/blog.protur-hotels.com\/wp-content\/uploads\/2014\/05\/spa-para-ninos-biomar-spa.jpg","contentUrl":"https:\/\/blog.protur-hotels.com\/wp-content\/uploads\/2014\/05\/spa-para-ninos-biomar-spa.jpg","width":800,"height":600,"caption":"Spa para ni\u00f1os"},{"@type":"BreadcrumbList","@id":"https:\/\/blog.protur-hotels.com\/ca\/spa-per-a-nens\/#breadcrumb","itemListElement":[{"@type":"ListItem","position":1,"name":"Portada","item":"https:\/\/blog.protur-hotels.com\/"},{"@type":"ListItem","position":2,"name":"Spa per a nens"}]},{"@type":"WebSite","@id":"https:\/\/blog.protur-hotels.com\/#website","url":"https:\/\/blog.protur-hotels.com\/","name":"Blog Protur Hotels","description":"Un Blog para viajeros","publisher":{"@id":"https:\/\/blog.protur-hotels.com\/#organization"},"potentialAction":[{"@type":"SearchAction","target":{"@type":"EntryPoint","urlTemplate":"https:\/\/blog.protur-hotels.com\/?s={search_term_string}"},"query-input":{"@type":"PropertyValueSpecification","valueRequired":true,"valueName":"search_term_string"}}],"inLanguage":"ca"},{"@type":"Organization","@id":"https:\/\/blog.protur-hotels.com\/#organization","name":"Blog Protur Hotels","url":"https:\/\/blog.protur-hotels.com\/","logo":{"@type":"ImageObject","inLanguage":"ca","@id":"https:\/\/blog.protur-hotels.com\/#\/schema\/logo\/image\/","url":"https:\/\/blog.protur-hotels.com\/wp-content\/uploads\/2020\/03\/blog-protur-hotels-mallorca.png","contentUrl":"https:\/\/blog.protur-hotels.com\/wp-content\/uploads\/2020\/03\/blog-protur-hotels-mallorca.png","width":1422,"height":894,"caption":"Blog Protur Hotels"},"image":{"@id":"https:\/\/blog.protur-hotels.com\/#\/schema\/logo\/image\/"}},{"@type":"Person","@id":"https:\/\/blog.protur-hotels.com\/#\/schema\/person\/6eac7ca6e9a32baa4716fdd5d7358326","name":"Protur Hotels"}]}},"_links":{"self":[{"href":"https:\/\/blog.protur-hotels.com\/ca\/wp-json\/wp\/v2\/posts\/987","targetHints":{"allow":["GET"]}}],"collection":[{"href":"https:\/\/blog.protur-hotels.com\/ca\/wp-json\/wp\/v2\/posts"}],"about":[{"href":"https:\/\/blog.protur-hotels.com\/ca\/wp-json\/wp\/v2\/types\/post"}],"author":[{"embeddable":true,"href":"https:\/\/blog.protur-hotels.com\/ca\/wp-json\/wp\/v2\/users\/3"}],"replies":[{"embeddable":true,"href":"https:\/\/blog.protur-hotels.com\/ca\/wp-json\/wp\/v2\/comments?post=987"}],"version-history":[{"count":0,"href":"https:\/\/blog.protur-hotels.com\/ca\/wp-json\/wp\/v2\/posts\/987\/revisions"}],"wp:featuredmedia":[{"embeddable":true,"href":"https:\/\/blog.protur-hotels.com\/ca\/wp-json\/wp\/v2\/media\/1341"}],"wp:attachment":[{"href":"https:\/\/blog.protur-hotels.com\/ca\/wp-json\/wp\/v2\/media?parent=987"}],"wp:term":[{"taxonomy":"category","embeddable":true,"href":"https:\/\/blog.protur-hotels.com\/ca\/wp-json\/wp\/v2\/categories?post=987"},{"taxonomy":"post_tag","embeddable":true,"href":"https:\/\/blog.protur-hotels.com\/ca\/wp-json\/wp\/v2\/tags?post=987"}],"curies":[{"name":"wp","href":"https:\/\/api.w.org\/{rel}","templated":true}]}}