{"id":993,"date":"2015-05-14T00:00:00","date_gmt":"2015-05-14T00:00:00","guid":{"rendered":"https:\/\/blog.protur-hotels.com\/espanya-aconsegueix-577-banderes-blaves\/"},"modified":"2016-03-21T11:49:33","modified_gmt":"2016-03-21T11:49:33","slug":"espanya-aconsegueix-577-banderes-blaves","status":"publish","type":"post","link":"https:\/\/blog.protur-hotels.com\/ca\/espanya-aconsegueix-577-banderes-blaves\/","title":{"rendered":"Espanya aconsegueix 577 Banderes Blaves"},"content":{"rendered":"<p>Espanya segueix creixent i ha aconseguit <b>577 banderes Blaves <\/b>per a aquest estiu 2015. A Balears podrem gaudir de 57 platges, en les quals s&#8217;inclouen la platja de Sa Coma, Cala Millor , \u00c9s Ribell-Sa Marjal i Cala Agulla.<\/p>\n<p>Els clients allotjats en <b>Protur Roquetas Hotel &amp; Spa\u00a0<\/b>tamb\u00e9 podran gaudir de la bandera blava aconseguida per a la Urb. Playa Serena..<\/p>\n<p>Les banderes acrediten el compliment d&#8217;alguns est\u00e0ndards com la qualitat de l&#8217;aigua o l&#8217;adequada ordenaci\u00f3 ambiental, per\u00f2 tamb\u00e9 l&#8217;accessibilitat a aquests espais per a persones amb mobilitat redu\u00efda i l&#8217;exist\u00e8ncia de serveis sanitaris i de salvament.<\/p>\n<p>Descobreixi aquestes meravelloses platja allotjant-se en qualsevol dels nostres hotels de <b><a href=\"http:\/\/protur-hotels.com\/ca\/hotels-mallorca\">Mallorca o Roquetas de Mar<\/a>. LI ESPEREM !!! <\/b>www.protur-hotels.com<\/p>\n","protected":false},"excerpt":{"rendered":"<p>Espanya segueix creixent i ha aconseguit 577 banderes Blaves per a aquest estiu 2015. A Balears podrem gaudir de 57 platges, en les quals s&#8217;inclouen la platja de Sa Coma, Cala Millor , \u00c9s Ribell-Sa Marjal i Cala Agulla. <\/p>\n","protected":false},"author":3,"featured_media":1312,"comment_status":"open","ping_status":"open","sticky":false,"template":"","format":"standard","meta":{"_lmt_disableupdate":"","_lmt_disable":"","footnotes":""},"categories":[146],"tags":[],"class_list":["post-993","post","type-post","status-publish","format-standard","has-post-thumbnail","hentry","category-uncategorized-ca"],"yoast_head":"<!-- This site is optimized with the Yoast SEO plugin v26.6 - https:\/\/yoast.com\/wordpress\/plugins\/seo\/ -->\n<title>Espanya aconsegueix 577 Banderes Blaves - Blog Protur Hotels<\/title>\n<meta name=\"description\" content=\"577 banderes Blaves\u00a0per a aquest estiu 2015. A Balears podrem gaudir de 57 platges, en les quals s&#039;inclouen la platja de Sa Coma, Cala Millor, \u00c9s Ribell-Sa\u00a0\" \/>\n<meta name=\"robots\" content=\"index, follow, max-snippet:-1, max-image-preview:large, max-video-preview:-1\" \/>\n<link rel=\"canonical\" href=\"https:\/\/blog.protur-hotels.com\/ca\/espanya-aconsegueix-577-banderes-blaves\/\" \/>\n<meta property=\"og:locale\" content=\"ca_ES\" \/>\n<meta property=\"og:type\" content=\"article\" \/>\n<meta property=\"og:title\" content=\"Espanya aconsegueix 577 Banderes Blaves - Blog Protur Hotels\" \/>\n<meta property=\"og:description\" content=\"577 banderes Blaves\u00a0per a aquest estiu 2015. A Balears podrem gaudir de 57 platges, en les quals s&#039;inclouen la platja de Sa Coma, Cala Millor, \u00c9s Ribell-Sa\u00a0\" \/>\n<meta property=\"og:url\" content=\"https:\/\/blog.protur-hotels.com\/ca\/espanya-aconsegueix-577-banderes-blaves\/\" \/>\n<meta property=\"og:site_name\" content=\"Blog Protur Hotels\" \/>\n<meta property=\"article:published_time\" content=\"2015-05-14T00:00:00+00:00\" \/>\n<meta property=\"article:modified_time\" content=\"2016-03-21T11:49:33+00:00\" \/>\n<meta property=\"og:image\" content=\"https:\/\/blog.protur-hotels.com\/wp-content\/uploads\/2014\/05\/Espana-consigue-577-Banderas-Azules.jpg\" \/>\n\t<meta property=\"og:image:width\" content=\"800\" \/>\n\t<meta property=\"og:image:height\" content=\"600\" \/>\n\t<meta property=\"og:image:type\" content=\"image\/jpeg\" \/>\n<meta name=\"author\" content=\"Protur Hotels\" \/>\n<meta name=\"twitter:card\" content=\"summary_large_image\" \/>\n<meta name=\"twitter:label1\" content=\"Escrit per\" \/>\n\t<meta name=\"twitter:data1\" content=\"Protur Hotels\" \/>\n\t<meta name=\"twitter:label2\" content=\"Temps estimat de lectura\" \/>\n\t<meta name=\"twitter:data2\" content=\"1 minut\" \/>\n<script type=\"application\/ld+json\" class=\"yoast-schema-graph\">{\"@context\":\"https:\/\/schema.org\",\"@graph\":[{\"@type\":\"Article\",\"@id\":\"https:\/\/blog.protur-hotels.com\/ca\/espanya-aconsegueix-577-banderes-blaves\/#article\",\"isPartOf\":{\"@id\":\"https:\/\/blog.protur-hotels.com\/ca\/espanya-aconsegueix-577-banderes-blaves\/\"},\"author\":{\"name\":\"Protur Hotels\",\"@id\":\"https:\/\/blog.protur-hotels.com\/#\/schema\/person\/6eac7ca6e9a32baa4716fdd5d7358326\"},\"headline\":\"Espanya aconsegueix 577 Banderes Blaves\",\"datePublished\":\"2015-05-14T00:00:00+00:00\",\"dateModified\":\"2016-03-21T11:49:33+00:00\",\"mainEntityOfPage\":{\"@id\":\"https:\/\/blog.protur-hotels.com\/ca\/espanya-aconsegueix-577-banderes-blaves\/\"},\"wordCount\":128,\"commentCount\":0,\"publisher\":{\"@id\":\"https:\/\/blog.protur-hotels.com\/#organization\"},\"image\":{\"@id\":\"https:\/\/blog.protur-hotels.com\/ca\/espanya-aconsegueix-577-banderes-blaves\/#primaryimage\"},\"thumbnailUrl\":\"https:\/\/blog.protur-hotels.com\/wp-content\/uploads\/2014\/05\/Espana-consigue-577-Banderas-Azules.jpg\",\"articleSection\":[\"Uncategorized @ca\"],\"inLanguage\":\"ca\"},{\"@type\":\"WebPage\",\"@id\":\"https:\/\/blog.protur-hotels.com\/ca\/espanya-aconsegueix-577-banderes-blaves\/\",\"url\":\"https:\/\/blog.protur-hotels.com\/ca\/espanya-aconsegueix-577-banderes-blaves\/\",\"name\":\"Espanya aconsegueix 577 Banderes Blaves - Blog Protur Hotels\",\"isPartOf\":{\"@id\":\"https:\/\/blog.protur-hotels.com\/#website\"},\"primaryImageOfPage\":{\"@id\":\"https:\/\/blog.protur-hotels.com\/ca\/espanya-aconsegueix-577-banderes-blaves\/#primaryimage\"},\"image\":{\"@id\":\"https:\/\/blog.protur-hotels.com\/ca\/espanya-aconsegueix-577-banderes-blaves\/#primaryimage\"},\"thumbnailUrl\":\"https:\/\/blog.protur-hotels.com\/wp-content\/uploads\/2014\/05\/Espana-consigue-577-Banderas-Azules.jpg\",\"datePublished\":\"2015-05-14T00:00:00+00:00\",\"dateModified\":\"2016-03-21T11:49:33+00:00\",\"description\":\"577 banderes Blaves\u00a0per a aquest estiu 2015. A Balears podrem gaudir de 57 platges, en les quals s'inclouen la platja de Sa Coma, Cala Millor, \u00c9s Ribell-Sa\u00a0\",\"breadcrumb\":{\"@id\":\"https:\/\/blog.protur-hotels.com\/ca\/espanya-aconsegueix-577-banderes-blaves\/#breadcrumb\"},\"inLanguage\":\"ca\",\"potentialAction\":[{\"@type\":\"ReadAction\",\"target\":[\"https:\/\/blog.protur-hotels.com\/ca\/espanya-aconsegueix-577-banderes-blaves\/\"]}]},{\"@type\":\"ImageObject\",\"inLanguage\":\"ca\",\"@id\":\"https:\/\/blog.protur-hotels.com\/ca\/espanya-aconsegueix-577-banderes-blaves\/#primaryimage\",\"url\":\"https:\/\/blog.protur-hotels.com\/wp-content\/uploads\/2014\/05\/Espana-consigue-577-Banderas-Azules.jpg\",\"contentUrl\":\"https:\/\/blog.protur-hotels.com\/wp-content\/uploads\/2014\/05\/Espana-consigue-577-Banderas-Azules.jpg\",\"width\":800,\"height\":600,\"caption\":\"Espa\u00f1a consigue 577 Banderas Azules\"},{\"@type\":\"BreadcrumbList\",\"@id\":\"https:\/\/blog.protur-hotels.com\/ca\/espanya-aconsegueix-577-banderes-blaves\/#breadcrumb\",\"itemListElement\":[{\"@type\":\"ListItem\",\"position\":1,\"name\":\"Portada\",\"item\":\"https:\/\/blog.protur-hotels.com\/\"},{\"@type\":\"ListItem\",\"position\":2,\"name\":\"Espanya aconsegueix 577 Banderes Blaves\"}]},{\"@type\":\"WebSite\",\"@id\":\"https:\/\/blog.protur-hotels.com\/#website\",\"url\":\"https:\/\/blog.protur-hotels.com\/\",\"name\":\"Blog Protur Hotels\",\"description\":\"Un Blog para viajeros\",\"publisher\":{\"@id\":\"https:\/\/blog.protur-hotels.com\/#organization\"},\"potentialAction\":[{\"@type\":\"SearchAction\",\"target\":{\"@type\":\"EntryPoint\",\"urlTemplate\":\"https:\/\/blog.protur-hotels.com\/?s={search_term_string}\"},\"query-input\":{\"@type\":\"PropertyValueSpecification\",\"valueRequired\":true,\"valueName\":\"search_term_string\"}}],\"inLanguage\":\"ca\"},{\"@type\":\"Organization\",\"@id\":\"https:\/\/blog.protur-hotels.com\/#organization\",\"name\":\"Blog Protur Hotels\",\"url\":\"https:\/\/blog.protur-hotels.com\/\",\"logo\":{\"@type\":\"ImageObject\",\"inLanguage\":\"ca\",\"@id\":\"https:\/\/blog.protur-hotels.com\/#\/schema\/logo\/image\/\",\"url\":\"https:\/\/blog.protur-hotels.com\/wp-content\/uploads\/2020\/03\/blog-protur-hotels-mallorca.png\",\"contentUrl\":\"https:\/\/blog.protur-hotels.com\/wp-content\/uploads\/2020\/03\/blog-protur-hotels-mallorca.png\",\"width\":1422,\"height\":894,\"caption\":\"Blog Protur Hotels\"},\"image\":{\"@id\":\"https:\/\/blog.protur-hotels.com\/#\/schema\/logo\/image\/\"}},{\"@type\":\"Person\",\"@id\":\"https:\/\/blog.protur-hotels.com\/#\/schema\/person\/6eac7ca6e9a32baa4716fdd5d7358326\",\"name\":\"Protur Hotels\"}]}<\/script>\n<!-- \/ Yoast SEO plugin. -->","yoast_head_json":{"title":"Espanya aconsegueix 577 Banderes Blaves - Blog Protur Hotels","description":"577 banderes Blaves\u00a0per a aquest estiu 2015. A Balears podrem gaudir de 57 platges, en les quals s'inclouen la platja de Sa Coma, Cala Millor, \u00c9s Ribell-Sa\u00a0","robots":{"index":"index","follow":"follow","max-snippet":"max-snippet:-1","max-image-preview":"max-image-preview:large","max-video-preview":"max-video-preview:-1"},"canonical":"https:\/\/blog.protur-hotels.com\/ca\/espanya-aconsegueix-577-banderes-blaves\/","og_locale":"ca_ES","og_type":"article","og_title":"Espanya aconsegueix 577 Banderes Blaves - Blog Protur Hotels","og_description":"577 banderes Blaves\u00a0per a aquest estiu 2015. A Balears podrem gaudir de 57 platges, en les quals s'inclouen la platja de Sa Coma, Cala Millor, \u00c9s Ribell-Sa\u00a0","og_url":"https:\/\/blog.protur-hotels.com\/ca\/espanya-aconsegueix-577-banderes-blaves\/","og_site_name":"Blog Protur Hotels","article_published_time":"2015-05-14T00:00:00+00:00","article_modified_time":"2016-03-21T11:49:33+00:00","og_image":[{"width":800,"height":600,"url":"https:\/\/blog.protur-hotels.com\/wp-content\/uploads\/2014\/05\/Espana-consigue-577-Banderas-Azules.jpg","type":"image\/jpeg"}],"author":"Protur Hotels","twitter_card":"summary_large_image","twitter_misc":{"Escrit per":"Protur Hotels","Temps estimat de lectura":"1 minut"},"schema":{"@context":"https:\/\/schema.org","@graph":[{"@type":"Article","@id":"https:\/\/blog.protur-hotels.com\/ca\/espanya-aconsegueix-577-banderes-blaves\/#article","isPartOf":{"@id":"https:\/\/blog.protur-hotels.com\/ca\/espanya-aconsegueix-577-banderes-blaves\/"},"author":{"name":"Protur Hotels","@id":"https:\/\/blog.protur-hotels.com\/#\/schema\/person\/6eac7ca6e9a32baa4716fdd5d7358326"},"headline":"Espanya aconsegueix 577 Banderes Blaves","datePublished":"2015-05-14T00:00:00+00:00","dateModified":"2016-03-21T11:49:33+00:00","mainEntityOfPage":{"@id":"https:\/\/blog.protur-hotels.com\/ca\/espanya-aconsegueix-577-banderes-blaves\/"},"wordCount":128,"commentCount":0,"publisher":{"@id":"https:\/\/blog.protur-hotels.com\/#organization"},"image":{"@id":"https:\/\/blog.protur-hotels.com\/ca\/espanya-aconsegueix-577-banderes-blaves\/#primaryimage"},"thumbnailUrl":"https:\/\/blog.protur-hotels.com\/wp-content\/uploads\/2014\/05\/Espana-consigue-577-Banderas-Azules.jpg","articleSection":["Uncategorized @ca"],"inLanguage":"ca"},{"@type":"WebPage","@id":"https:\/\/blog.protur-hotels.com\/ca\/espanya-aconsegueix-577-banderes-blaves\/","url":"https:\/\/blog.protur-hotels.com\/ca\/espanya-aconsegueix-577-banderes-blaves\/","name":"Espanya aconsegueix 577 Banderes Blaves - Blog Protur Hotels","isPartOf":{"@id":"https:\/\/blog.protur-hotels.com\/#website"},"primaryImageOfPage":{"@id":"https:\/\/blog.protur-hotels.com\/ca\/espanya-aconsegueix-577-banderes-blaves\/#primaryimage"},"image":{"@id":"https:\/\/blog.protur-hotels.com\/ca\/espanya-aconsegueix-577-banderes-blaves\/#primaryimage"},"thumbnailUrl":"https:\/\/blog.protur-hotels.com\/wp-content\/uploads\/2014\/05\/Espana-consigue-577-Banderas-Azules.jpg","datePublished":"2015-05-14T00:00:00+00:00","dateModified":"2016-03-21T11:49:33+00:00","description":"577 banderes Blaves\u00a0per a aquest estiu 2015. A Balears podrem gaudir de 57 platges, en les quals s'inclouen la platja de Sa Coma, Cala Millor, \u00c9s Ribell-Sa\u00a0","breadcrumb":{"@id":"https:\/\/blog.protur-hotels.com\/ca\/espanya-aconsegueix-577-banderes-blaves\/#breadcrumb"},"inLanguage":"ca","potentialAction":[{"@type":"ReadAction","target":["https:\/\/blog.protur-hotels.com\/ca\/espanya-aconsegueix-577-banderes-blaves\/"]}]},{"@type":"ImageObject","inLanguage":"ca","@id":"https:\/\/blog.protur-hotels.com\/ca\/espanya-aconsegueix-577-banderes-blaves\/#primaryimage","url":"https:\/\/blog.protur-hotels.com\/wp-content\/uploads\/2014\/05\/Espana-consigue-577-Banderas-Azules.jpg","contentUrl":"https:\/\/blog.protur-hotels.com\/wp-content\/uploads\/2014\/05\/Espana-consigue-577-Banderas-Azules.jpg","width":800,"height":600,"caption":"Espa\u00f1a consigue 577 Banderas Azules"},{"@type":"BreadcrumbList","@id":"https:\/\/blog.protur-hotels.com\/ca\/espanya-aconsegueix-577-banderes-blaves\/#breadcrumb","itemListElement":[{"@type":"ListItem","position":1,"name":"Portada","item":"https:\/\/blog.protur-hotels.com\/"},{"@type":"ListItem","position":2,"name":"Espanya aconsegueix 577 Banderes Blaves"}]},{"@type":"WebSite","@id":"https:\/\/blog.protur-hotels.com\/#website","url":"https:\/\/blog.protur-hotels.com\/","name":"Blog Protur Hotels","description":"Un Blog para viajeros","publisher":{"@id":"https:\/\/blog.protur-hotels.com\/#organization"},"potentialAction":[{"@type":"SearchAction","target":{"@type":"EntryPoint","urlTemplate":"https:\/\/blog.protur-hotels.com\/?s={search_term_string}"},"query-input":{"@type":"PropertyValueSpecification","valueRequired":true,"valueName":"search_term_string"}}],"inLanguage":"ca"},{"@type":"Organization","@id":"https:\/\/blog.protur-hotels.com\/#organization","name":"Blog Protur Hotels","url":"https:\/\/blog.protur-hotels.com\/","logo":{"@type":"ImageObject","inLanguage":"ca","@id":"https:\/\/blog.protur-hotels.com\/#\/schema\/logo\/image\/","url":"https:\/\/blog.protur-hotels.com\/wp-content\/uploads\/2020\/03\/blog-protur-hotels-mallorca.png","contentUrl":"https:\/\/blog.protur-hotels.com\/wp-content\/uploads\/2020\/03\/blog-protur-hotels-mallorca.png","width":1422,"height":894,"caption":"Blog Protur Hotels"},"image":{"@id":"https:\/\/blog.protur-hotels.com\/#\/schema\/logo\/image\/"}},{"@type":"Person","@id":"https:\/\/blog.protur-hotels.com\/#\/schema\/person\/6eac7ca6e9a32baa4716fdd5d7358326","name":"Protur Hotels"}]}},"_links":{"self":[{"href":"https:\/\/blog.protur-hotels.com\/ca\/wp-json\/wp\/v2\/posts\/993","targetHints":{"allow":["GET"]}}],"collection":[{"href":"https:\/\/blog.protur-hotels.com\/ca\/wp-json\/wp\/v2\/posts"}],"about":[{"href":"https:\/\/blog.protur-hotels.com\/ca\/wp-json\/wp\/v2\/types\/post"}],"author":[{"embeddable":true,"href":"https:\/\/blog.protur-hotels.com\/ca\/wp-json\/wp\/v2\/users\/3"}],"replies":[{"embeddable":true,"href":"https:\/\/blog.protur-hotels.com\/ca\/wp-json\/wp\/v2\/comments?post=993"}],"version-history":[{"count":0,"href":"https:\/\/blog.protur-hotels.com\/ca\/wp-json\/wp\/v2\/posts\/993\/revisions"}],"wp:featuredmedia":[{"embeddable":true,"href":"https:\/\/blog.protur-hotels.com\/ca\/wp-json\/wp\/v2\/media\/1312"}],"wp:attachment":[{"href":"https:\/\/blog.protur-hotels.com\/ca\/wp-json\/wp\/v2\/media?parent=993"}],"wp:term":[{"taxonomy":"category","embeddable":true,"href":"https:\/\/blog.protur-hotels.com\/ca\/wp-json\/wp\/v2\/categories?post=993"},{"taxonomy":"post_tag","embeddable":true,"href":"https:\/\/blog.protur-hotels.com\/ca\/wp-json\/wp\/v2\/tags?post=993"}],"curies":[{"name":"wp","href":"https:\/\/api.w.org\/{rel}","templated":true}]}}