{"id":3143,"date":"2017-02-01T15:24:20","date_gmt":"2017-02-01T15:24:20","guid":{"rendered":"https:\/\/blog.protur-hotels.com\/de\/?p=3143"},"modified":"2017-02-01T15:24:20","modified_gmt":"2017-02-01T15:24:20","slug":"cala-ratjada-ein-privilegierter-ort-auf-mallorca","status":"publish","type":"post","link":"https:\/\/blog.protur-hotels.com\/de\/cala-ratjada-ein-privilegierter-ort-auf-mallorca\/","title":{"rendered":"Cala Ratjada, ein privilegierter Ort auf Mallorca"},"content":{"rendered":"<p>Cala Ratjada, <strong>ein privilegierter Ort auf M<\/strong><strong>allorca <\/strong>mit seinen vielf\u00e4ltigen M\u00f6glichkeiten.<\/p>\n<p>Wenn Sie diesen Ort f\u00fcr Ihren Urlaub ausw\u00e4hlen werden Sie Str\u00e4nde und reizvolle Buchten entdecken:<\/p>\n<p><strong>Cala Agulla <\/strong><strong>und<\/strong><strong> Cala Molt\u00f3<\/strong>: Diese beiden Str\u00e4nde wurden schon im Jahre 1991 unter Naturschutz gestellt. Die sch\u00f6nen Str\u00e4nde sind von Pinienw\u00e4ldern mit grossen B\u00e4umen umgeben. Ein kostenpflichtiger Parkplatz ist vorhanden.<\/p>\n<p><strong>Son Moll <\/strong>: Ist ein Strand mit Sand und Felsen am Ortseingang von Cala Ratjada gelegen. Er geh\u00f6rt zu einem Meeresschutzgebiet.<\/p>\n<p><strong>Cala Gat:<\/strong> Dieser kleine Strand, ruhig und sch\u00f6n gelegen von Tamarinden und Palmpflanzen umgeben l\u00e4dt ein im kristallklaren Wasser zu schwimmen.<\/p>\n<p><strong>Font de Sa Cala:<\/strong> Nur ca. zwei Kilometer von Cala Ratjada entfernt. Einfacher Zugang, klares und flaches Wasser laden ein.<\/p>\n<p><strong>Cala Mesquida: <\/strong><strong>E<\/strong>benfalls seit 1991 unter Naturschutz stehend bietet der breite Strand feinsten Sand und D\u00fcnen im Hintergrund, hervorzuheben ist die D\u00fcne Munt Gros-, die von Pinien bewachsen ist.<\/p>\n<p>Eine weitere Option sind <strong>kulturelle Besuche<\/strong> in der n\u00e4heren Umgebung:<\/p>\n<p><strong>Burg von C<\/strong><strong>apdepera<\/strong>: Ist eine ummauerte Festung aus dem 14. Jahrhundert. Die Burg steht strategisch gut und erlaubt einen Blick \u00fcber einen Grossteil des Nordostens Mallorcas und Teile der K\u00fcste Menorcas.<\/p>\n<p><strong>H\u00f6hlen von <\/strong><strong>Art\u00e0:<\/strong> Liegen im K\u00fcstenbereich Capdeperas am Cap Vermell umgeben von Bergen, und sind schon sind vielen vielen Jahrne ein Besuchermagnet.<\/p>\n<p><strong>Turm von<\/strong><strong> Cany<\/strong><strong>a<\/strong><strong>mel<\/strong>: Im Gemeindegebiet von Capdepera gelegen, an der Strasse nach Canyamel befindet sich dieser alte Wachturm, bedeutend f\u00fcr ganz Mallorca aufgrund seiner guten Erhaltung trotz des hohen Alters.<\/p>\n<p>All diese sch\u00f6nen Ecken k\u00f6nnen Sie von unserem exklusiven Hotel in Cala Ratjada <a href=\"http:\/\/proturturopinshotel.com\/de\" target=\"_blank\">Protur Turo Pins Hotel *****<\/a>\u00a0entdecken! Lassen Sie sich verzaubern!<\/p>\n","protected":false},"excerpt":{"rendered":"<p>Cala Ratjada, ein privilegierter Ort auf Mallorca mit seinen vielf\u00e4ltigen M\u00f6glichkeiten. Wenn Sie diesen Ort f\u00fcr Ihren Urlaub ausw\u00e4hlen werden Sie Str\u00e4nde und reizvolle Buchten entdecken: Cala Agulla und Cala&hellip;<\/p>\n","protected":false},"author":3,"featured_media":3117,"comment_status":"closed","ping_status":"open","sticky":false,"template":"","format":"gallery","meta":{"_lmt_disableupdate":"","_lmt_disable":"","footnotes":""},"categories":[102,1064,110],"tags":[684,155,695],"class_list":["post-3143","post","type-post","status-publish","format-gallery","has-post-thumbnail","hentry","category-mallorca-de","category-mallorca-de-2","category-relax-de","tag-cala-ratjada","tag-mallorca","tag-privilegierter","post_format-post-format-gallery"],"yoast_head":"<!-- This site is optimized with the Yoast SEO plugin v26.6 - https:\/\/yoast.com\/wordpress\/plugins\/seo\/ -->\n<title>cala-ratjada-ein-privilegierter-ort-auf-mallorca<\/title>\n<meta name=\"description\" content=\"Cala Ratjada, ein privilegierter Ort auf Mallorca mit seinen vielf\u00e4ltigen M\u00f6glichkeiten. Wenn Sie diesen Ort f\u00fcr Ihren Urlaub ausw\u00e4hlen werden Sie\" \/>\n<meta name=\"robots\" content=\"index, follow, max-snippet:-1, max-image-preview:large, max-video-preview:-1\" \/>\n<link rel=\"canonical\" href=\"https:\/\/blog.protur-hotels.com\/de\/cala-ratjada-ein-privilegierter-ort-auf-mallorca\/\" \/>\n<meta property=\"og:locale\" content=\"de_DE\" \/>\n<meta property=\"og:type\" content=\"article\" \/>\n<meta property=\"og:title\" content=\"cala-ratjada-ein-privilegierter-ort-auf-mallorca\" \/>\n<meta property=\"og:description\" content=\"Cala Ratjada, ein privilegierter Ort auf Mallorca mit seinen vielf\u00e4ltigen M\u00f6glichkeiten. Wenn Sie diesen Ort f\u00fcr Ihren Urlaub ausw\u00e4hlen werden Sie\" \/>\n<meta property=\"og:url\" content=\"https:\/\/blog.protur-hotels.com\/de\/cala-ratjada-ein-privilegierter-ort-auf-mallorca\/\" \/>\n<meta property=\"og:site_name\" content=\"Blog Protur Hotels\" \/>\n<meta property=\"article:published_time\" content=\"2017-02-01T15:24:20+00:00\" \/>\n<meta property=\"og:image\" content=\"https:\/\/blog.protur-hotels.com\/wp-content\/uploads\/2016\/12\/cala-ratjada-cala-rajada.jpg\" \/>\n\t<meta property=\"og:image:width\" content=\"800\" \/>\n\t<meta property=\"og:image:height\" content=\"550\" \/>\n\t<meta property=\"og:image:type\" content=\"image\/jpeg\" \/>\n<meta name=\"author\" content=\"Protur Hotels\" \/>\n<meta name=\"twitter:card\" content=\"summary_large_image\" \/>\n<meta name=\"twitter:label1\" content=\"Verfasst von\" \/>\n\t<meta name=\"twitter:data1\" content=\"Protur Hotels\" \/>\n\t<meta name=\"twitter:label2\" content=\"Gesch\u00e4tzte Lesezeit\" \/>\n\t<meta name=\"twitter:data2\" content=\"1\u00a0Minute\" \/>\n<script type=\"application\/ld+json\" class=\"yoast-schema-graph\">{\"@context\":\"https:\/\/schema.org\",\"@graph\":[{\"@type\":\"Article\",\"@id\":\"https:\/\/blog.protur-hotels.com\/de\/cala-ratjada-ein-privilegierter-ort-auf-mallorca\/#article\",\"isPartOf\":{\"@id\":\"https:\/\/blog.protur-hotels.com\/de\/cala-ratjada-ein-privilegierter-ort-auf-mallorca\/\"},\"author\":{\"name\":\"Protur Hotels\",\"@id\":\"https:\/\/blog.protur-hotels.com\/#\/schema\/person\/6eac7ca6e9a32baa4716fdd5d7358326\"},\"headline\":\"Cala Ratjada, ein privilegierter Ort auf Mallorca\",\"datePublished\":\"2017-02-01T15:24:20+00:00\",\"mainEntityOfPage\":{\"@id\":\"https:\/\/blog.protur-hotels.com\/de\/cala-ratjada-ein-privilegierter-ort-auf-mallorca\/\"},\"wordCount\":292,\"publisher\":{\"@id\":\"https:\/\/blog.protur-hotels.com\/#organization\"},\"image\":{\"@id\":\"https:\/\/blog.protur-hotels.com\/de\/cala-ratjada-ein-privilegierter-ort-auf-mallorca\/#primaryimage\"},\"thumbnailUrl\":\"https:\/\/blog.protur-hotels.com\/wp-content\/uploads\/2016\/12\/cala-ratjada-cala-rajada.jpg\",\"keywords\":[\"Cala Ratjada\",\"mallorca\",\"privilegierter\"],\"articleSection\":[\"Mallorca\",\"Mallorca\",\"Relax\"],\"inLanguage\":\"de\"},{\"@type\":\"WebPage\",\"@id\":\"https:\/\/blog.protur-hotels.com\/de\/cala-ratjada-ein-privilegierter-ort-auf-mallorca\/\",\"url\":\"https:\/\/blog.protur-hotels.com\/de\/cala-ratjada-ein-privilegierter-ort-auf-mallorca\/\",\"name\":\"cala-ratjada-ein-privilegierter-ort-auf-mallorca\",\"isPartOf\":{\"@id\":\"https:\/\/blog.protur-hotels.com\/#website\"},\"primaryImageOfPage\":{\"@id\":\"https:\/\/blog.protur-hotels.com\/de\/cala-ratjada-ein-privilegierter-ort-auf-mallorca\/#primaryimage\"},\"image\":{\"@id\":\"https:\/\/blog.protur-hotels.com\/de\/cala-ratjada-ein-privilegierter-ort-auf-mallorca\/#primaryimage\"},\"thumbnailUrl\":\"https:\/\/blog.protur-hotels.com\/wp-content\/uploads\/2016\/12\/cala-ratjada-cala-rajada.jpg\",\"datePublished\":\"2017-02-01T15:24:20+00:00\",\"description\":\"Cala Ratjada, ein privilegierter Ort auf Mallorca mit seinen vielf\u00e4ltigen M\u00f6glichkeiten. Wenn Sie diesen Ort f\u00fcr Ihren Urlaub ausw\u00e4hlen werden Sie\",\"breadcrumb\":{\"@id\":\"https:\/\/blog.protur-hotels.com\/de\/cala-ratjada-ein-privilegierter-ort-auf-mallorca\/#breadcrumb\"},\"inLanguage\":\"de\",\"potentialAction\":[{\"@type\":\"ReadAction\",\"target\":[\"https:\/\/blog.protur-hotels.com\/de\/cala-ratjada-ein-privilegierter-ort-auf-mallorca\/\"]}]},{\"@type\":\"ImageObject\",\"inLanguage\":\"de\",\"@id\":\"https:\/\/blog.protur-hotels.com\/de\/cala-ratjada-ein-privilegierter-ort-auf-mallorca\/#primaryimage\",\"url\":\"https:\/\/blog.protur-hotels.com\/wp-content\/uploads\/2016\/12\/cala-ratjada-cala-rajada.jpg\",\"contentUrl\":\"https:\/\/blog.protur-hotels.com\/wp-content\/uploads\/2016\/12\/cala-ratjada-cala-rajada.jpg\",\"width\":800,\"height\":550,\"caption\":\"privilegierter -calaratjada-cala-rajada.\u041a\u0430\u043b\u0430 \u0420\u0430\u0439\u0430\u0434\u0430 -privileged\"},{\"@type\":\"BreadcrumbList\",\"@id\":\"https:\/\/blog.protur-hotels.com\/de\/cala-ratjada-ein-privilegierter-ort-auf-mallorca\/#breadcrumb\",\"itemListElement\":[{\"@type\":\"ListItem\",\"position\":1,\"name\":\"Portada\",\"item\":\"https:\/\/blog.protur-hotels.com\/\"},{\"@type\":\"ListItem\",\"position\":2,\"name\":\"Cala Ratjada, ein privilegierter Ort auf Mallorca\"}]},{\"@type\":\"WebSite\",\"@id\":\"https:\/\/blog.protur-hotels.com\/#website\",\"url\":\"https:\/\/blog.protur-hotels.com\/\",\"name\":\"Blog Protur Hotels\",\"description\":\"Un Blog para viajeros\",\"publisher\":{\"@id\":\"https:\/\/blog.protur-hotels.com\/#organization\"},\"potentialAction\":[{\"@type\":\"SearchAction\",\"target\":{\"@type\":\"EntryPoint\",\"urlTemplate\":\"https:\/\/blog.protur-hotels.com\/?s={search_term_string}\"},\"query-input\":{\"@type\":\"PropertyValueSpecification\",\"valueRequired\":true,\"valueName\":\"search_term_string\"}}],\"inLanguage\":\"de\"},{\"@type\":\"Organization\",\"@id\":\"https:\/\/blog.protur-hotels.com\/#organization\",\"name\":\"Blog Protur Hotels\",\"url\":\"https:\/\/blog.protur-hotels.com\/\",\"logo\":{\"@type\":\"ImageObject\",\"inLanguage\":\"de\",\"@id\":\"https:\/\/blog.protur-hotels.com\/#\/schema\/logo\/image\/\",\"url\":\"https:\/\/blog.protur-hotels.com\/wp-content\/uploads\/2020\/03\/blog-protur-hotels-mallorca.png\",\"contentUrl\":\"https:\/\/blog.protur-hotels.com\/wp-content\/uploads\/2020\/03\/blog-protur-hotels-mallorca.png\",\"width\":1422,\"height\":894,\"caption\":\"Blog Protur Hotels\"},\"image\":{\"@id\":\"https:\/\/blog.protur-hotels.com\/#\/schema\/logo\/image\/\"}},{\"@type\":\"Person\",\"@id\":\"https:\/\/blog.protur-hotels.com\/#\/schema\/person\/6eac7ca6e9a32baa4716fdd5d7358326\",\"name\":\"Protur Hotels\"}]}<\/script>\n<!-- \/ Yoast SEO plugin. -->","yoast_head_json":{"title":"cala-ratjada-ein-privilegierter-ort-auf-mallorca","description":"Cala Ratjada, ein privilegierter Ort auf Mallorca mit seinen vielf\u00e4ltigen M\u00f6glichkeiten. Wenn Sie diesen Ort f\u00fcr Ihren Urlaub ausw\u00e4hlen werden Sie","robots":{"index":"index","follow":"follow","max-snippet":"max-snippet:-1","max-image-preview":"max-image-preview:large","max-video-preview":"max-video-preview:-1"},"canonical":"https:\/\/blog.protur-hotels.com\/de\/cala-ratjada-ein-privilegierter-ort-auf-mallorca\/","og_locale":"de_DE","og_type":"article","og_title":"cala-ratjada-ein-privilegierter-ort-auf-mallorca","og_description":"Cala Ratjada, ein privilegierter Ort auf Mallorca mit seinen vielf\u00e4ltigen M\u00f6glichkeiten. Wenn Sie diesen Ort f\u00fcr Ihren Urlaub ausw\u00e4hlen werden Sie","og_url":"https:\/\/blog.protur-hotels.com\/de\/cala-ratjada-ein-privilegierter-ort-auf-mallorca\/","og_site_name":"Blog Protur Hotels","article_published_time":"2017-02-01T15:24:20+00:00","og_image":[{"width":800,"height":550,"url":"https:\/\/blog.protur-hotels.com\/wp-content\/uploads\/2016\/12\/cala-ratjada-cala-rajada.jpg","type":"image\/jpeg"}],"author":"Protur Hotels","twitter_card":"summary_large_image","twitter_misc":{"Verfasst von":"Protur Hotels","Gesch\u00e4tzte Lesezeit":"1\u00a0Minute"},"schema":{"@context":"https:\/\/schema.org","@graph":[{"@type":"Article","@id":"https:\/\/blog.protur-hotels.com\/de\/cala-ratjada-ein-privilegierter-ort-auf-mallorca\/#article","isPartOf":{"@id":"https:\/\/blog.protur-hotels.com\/de\/cala-ratjada-ein-privilegierter-ort-auf-mallorca\/"},"author":{"name":"Protur Hotels","@id":"https:\/\/blog.protur-hotels.com\/#\/schema\/person\/6eac7ca6e9a32baa4716fdd5d7358326"},"headline":"Cala Ratjada, ein privilegierter Ort auf Mallorca","datePublished":"2017-02-01T15:24:20+00:00","mainEntityOfPage":{"@id":"https:\/\/blog.protur-hotels.com\/de\/cala-ratjada-ein-privilegierter-ort-auf-mallorca\/"},"wordCount":292,"publisher":{"@id":"https:\/\/blog.protur-hotels.com\/#organization"},"image":{"@id":"https:\/\/blog.protur-hotels.com\/de\/cala-ratjada-ein-privilegierter-ort-auf-mallorca\/#primaryimage"},"thumbnailUrl":"https:\/\/blog.protur-hotels.com\/wp-content\/uploads\/2016\/12\/cala-ratjada-cala-rajada.jpg","keywords":["Cala Ratjada","mallorca","privilegierter"],"articleSection":["Mallorca","Mallorca","Relax"],"inLanguage":"de"},{"@type":"WebPage","@id":"https:\/\/blog.protur-hotels.com\/de\/cala-ratjada-ein-privilegierter-ort-auf-mallorca\/","url":"https:\/\/blog.protur-hotels.com\/de\/cala-ratjada-ein-privilegierter-ort-auf-mallorca\/","name":"cala-ratjada-ein-privilegierter-ort-auf-mallorca","isPartOf":{"@id":"https:\/\/blog.protur-hotels.com\/#website"},"primaryImageOfPage":{"@id":"https:\/\/blog.protur-hotels.com\/de\/cala-ratjada-ein-privilegierter-ort-auf-mallorca\/#primaryimage"},"image":{"@id":"https:\/\/blog.protur-hotels.com\/de\/cala-ratjada-ein-privilegierter-ort-auf-mallorca\/#primaryimage"},"thumbnailUrl":"https:\/\/blog.protur-hotels.com\/wp-content\/uploads\/2016\/12\/cala-ratjada-cala-rajada.jpg","datePublished":"2017-02-01T15:24:20+00:00","description":"Cala Ratjada, ein privilegierter Ort auf Mallorca mit seinen vielf\u00e4ltigen M\u00f6glichkeiten. Wenn Sie diesen Ort f\u00fcr Ihren Urlaub ausw\u00e4hlen werden Sie","breadcrumb":{"@id":"https:\/\/blog.protur-hotels.com\/de\/cala-ratjada-ein-privilegierter-ort-auf-mallorca\/#breadcrumb"},"inLanguage":"de","potentialAction":[{"@type":"ReadAction","target":["https:\/\/blog.protur-hotels.com\/de\/cala-ratjada-ein-privilegierter-ort-auf-mallorca\/"]}]},{"@type":"ImageObject","inLanguage":"de","@id":"https:\/\/blog.protur-hotels.com\/de\/cala-ratjada-ein-privilegierter-ort-auf-mallorca\/#primaryimage","url":"https:\/\/blog.protur-hotels.com\/wp-content\/uploads\/2016\/12\/cala-ratjada-cala-rajada.jpg","contentUrl":"https:\/\/blog.protur-hotels.com\/wp-content\/uploads\/2016\/12\/cala-ratjada-cala-rajada.jpg","width":800,"height":550,"caption":"privilegierter -calaratjada-cala-rajada.\u041a\u0430\u043b\u0430 \u0420\u0430\u0439\u0430\u0434\u0430 -privileged"},{"@type":"BreadcrumbList","@id":"https:\/\/blog.protur-hotels.com\/de\/cala-ratjada-ein-privilegierter-ort-auf-mallorca\/#breadcrumb","itemListElement":[{"@type":"ListItem","position":1,"name":"Portada","item":"https:\/\/blog.protur-hotels.com\/"},{"@type":"ListItem","position":2,"name":"Cala Ratjada, ein privilegierter Ort auf Mallorca"}]},{"@type":"WebSite","@id":"https:\/\/blog.protur-hotels.com\/#website","url":"https:\/\/blog.protur-hotels.com\/","name":"Blog Protur Hotels","description":"Un Blog para viajeros","publisher":{"@id":"https:\/\/blog.protur-hotels.com\/#organization"},"potentialAction":[{"@type":"SearchAction","target":{"@type":"EntryPoint","urlTemplate":"https:\/\/blog.protur-hotels.com\/?s={search_term_string}"},"query-input":{"@type":"PropertyValueSpecification","valueRequired":true,"valueName":"search_term_string"}}],"inLanguage":"de"},{"@type":"Organization","@id":"https:\/\/blog.protur-hotels.com\/#organization","name":"Blog Protur Hotels","url":"https:\/\/blog.protur-hotels.com\/","logo":{"@type":"ImageObject","inLanguage":"de","@id":"https:\/\/blog.protur-hotels.com\/#\/schema\/logo\/image\/","url":"https:\/\/blog.protur-hotels.com\/wp-content\/uploads\/2020\/03\/blog-protur-hotels-mallorca.png","contentUrl":"https:\/\/blog.protur-hotels.com\/wp-content\/uploads\/2020\/03\/blog-protur-hotels-mallorca.png","width":1422,"height":894,"caption":"Blog Protur Hotels"},"image":{"@id":"https:\/\/blog.protur-hotels.com\/#\/schema\/logo\/image\/"}},{"@type":"Person","@id":"https:\/\/blog.protur-hotels.com\/#\/schema\/person\/6eac7ca6e9a32baa4716fdd5d7358326","name":"Protur Hotels"}]}},"_links":{"self":[{"href":"https:\/\/blog.protur-hotels.com\/de\/wp-json\/wp\/v2\/posts\/3143","targetHints":{"allow":["GET"]}}],"collection":[{"href":"https:\/\/blog.protur-hotels.com\/de\/wp-json\/wp\/v2\/posts"}],"about":[{"href":"https:\/\/blog.protur-hotels.com\/de\/wp-json\/wp\/v2\/types\/post"}],"author":[{"embeddable":true,"href":"https:\/\/blog.protur-hotels.com\/de\/wp-json\/wp\/v2\/users\/3"}],"replies":[{"embeddable":true,"href":"https:\/\/blog.protur-hotels.com\/de\/wp-json\/wp\/v2\/comments?post=3143"}],"version-history":[{"count":0,"href":"https:\/\/blog.protur-hotels.com\/de\/wp-json\/wp\/v2\/posts\/3143\/revisions"}],"wp:featuredmedia":[{"embeddable":true,"href":"https:\/\/blog.protur-hotels.com\/de\/wp-json\/wp\/v2\/media\/3117"}],"wp:attachment":[{"href":"https:\/\/blog.protur-hotels.com\/de\/wp-json\/wp\/v2\/media?parent=3143"}],"wp:term":[{"taxonomy":"category","embeddable":true,"href":"https:\/\/blog.protur-hotels.com\/de\/wp-json\/wp\/v2\/categories?post=3143"},{"taxonomy":"post_tag","embeddable":true,"href":"https:\/\/blog.protur-hotels.com\/de\/wp-json\/wp\/v2\/tags?post=3143"}],"curies":[{"name":"wp","href":"https:\/\/api.w.org\/{rel}","templated":true}]}}