{"id":3153,"date":"2017-02-07T08:35:34","date_gmt":"2017-02-07T08:35:34","guid":{"rendered":"https:\/\/blog.protur-hotels.com\/de\/?p=3153"},"modified":"2017-02-07T08:35:34","modified_gmt":"2017-02-07T08:35:34","slug":"und-im-februar-karneval-zum-entspannen","status":"publish","type":"post","link":"https:\/\/blog.protur-hotels.com\/de\/und-im-februar-karneval-zum-entspannen\/","title":{"rendered":"Und im Februar \u2013 Karneval zum Entspannen!"},"content":{"rendered":"<p><strong>Und im Februar \u2013 Karneval zum Entspannen! <\/strong><\/p>\n<p><strong>Wer will schon wieder an Feiern denken, <\/strong>wo doch Weihnachten gerade erst vorbei ist? Wir ben\u00f6tigen zuerst Entspannung, Erholung und Ablenkung mit vielen Streicheleinheiten in dieser Jahreszeit der K\u00e4lte, des Regens, der Viren und der Erk\u00e4ltungen! Wenn Sie zu den Gl\u00fccklichen geh\u00f6ren, die Karneval mit ein paar freien Tagen feiern k\u00f6nnen, sollten Sie nicht z\u00f6gern: Erkundigen Sie sich nach unseren <a href=\"http:\/\/protur-hotels.com\/de\/urlaub\/hotel-spa\">Angeboten f\u00fcr Wellnesshotels auf Mallorca<\/a> und nehmen Sie an einem Detox-Programm, an Hydrotherapie und an unseren gesunden Anregungen teil.<\/p>\n<p>Jetzt, in der Tiefsaison, k\u00f6nnen Sie au\u00dferdem die absolute Ruhe in unseren <strong>Einrichtungen ohne Menschenmengen und Stress genie\u00dfen<\/strong>.<strong> Nur Sie und unser Fachteam.<\/strong> G\u00f6nnen Sie sich einen Relaxabstecher im <a href=\"http:\/\/protur-hotels.com\/de\/hotels-auf-mallorca\/protur-biomar-gran-hotel-spa\">Protur Biomar Gran Hotel &amp; Spa<\/a> auf einfachste Art: W\u00e4hlen Sie hier auf unserer offiziellen Homepage unter unseren Geschenkgutscheinen f\u00fcr Hotel und Wellnessanlage und g\u00f6nnen Sie sich ein paar Tage nur f\u00fcr sich. Oder teilen Sie sie mit der Person, die Sie m\u00f6gen.<a name=\"_GoBack\"><\/a><\/p>\n<p>Wasserrundg\u00e4nge, Erlebnisduschen, <strong>Saunen, Whirlpool, beheizte Pools<\/strong>, Doppel- und Einzelbehandlungskabinen, Kosmetikstudio, Entspannungsraum&#8230;<\/p>\n<p>Und nat\u00fcrlich die au\u00dfergew\u00f6hnlichen und hochwertigen lokalen und internationalen Gerichte und 5-Sterne-Zimmer, damit Ihr Aufenthalt komplett abgerundet wird.<\/p>\n<p>Mallorca ist in dieser Jahreszeit das ideale Reiseziel f\u00fcr <strong>einen Abstecher mit Natur, Sport und Wohlbefinden.<\/strong> Verbinden Sie die milden Temperaturen des scheidenden Winters mit mediterraner Landschaft, die Harmonie und Frieden ausstrahlt. Die menschenleeren Buchten und Str\u00e4nde sind nun die ideale Zufluchtsst\u00e4tte, um in aller Ruhe am Meer zu liegen und zu lesen. Das Baden mag wahrscheinlich vorerst noch den ganz Mutigen vorbehalten sein&#8230;<\/p>\n<p>Erkundigen Sie sich nach der Verf\u00fcgbarkeit und nach den Preisen in den verschiedenen Wellnesshotels der Protur Hotels auf dieser <strong>herrlichen Mittelmeerinsel<\/strong> und erleben Sie den Februar geb\u00fchrend! Vergessen Sie nicht, dass es jetzt auch Fr\u00fchbucherrabatte f\u00fcr die Sommersaison gibt. Wenn Sie also schon vom Februar begeistert sind, dann besteht f\u00fcr Juni, Juli und August kein Zweifel mehr! Buchen Sie schnell, solange das Angebot reicht!\u263a<\/p>\n<p><em>Erleben Sie Ihre sch\u00f6nsten Momente in bester Gesellschaft bei <a href=\"http:\/\/protur-hotels.com\/de\/\">Protur Hotels<\/a>.<\/em><\/p>\n<p>&nbsp;<\/p>\n","protected":false},"excerpt":{"rendered":"<p>Und im Februar \u2013 Karneval zum Entspannen! Wer will schon wieder an Feiern denken, wo doch Weihnachten gerade erst vorbei ist? Wir ben\u00f6tigen zuerst Entspannung, Erholung und Ablenkung mit vielen&hellip;<\/p>\n","protected":false},"author":3,"featured_media":5874,"comment_status":"closed","ping_status":"closed","sticky":false,"template":"","format":"standard","meta":{"_lmt_disableupdate":"","_lmt_disable":"","footnotes":""},"categories":[1063,701,102,1064,107],"tags":[703,702,161],"class_list":["post-3153","post","type-post","status-publish","format-standard","has-post-thumbnail","hentry","category-fiestas-de","category-karneval","category-mallorca-de","category-mallorca-de-2","category-protur-biomar-gran-hotel-spa-de","tag-februar","tag-karneval","tag-relax"],"yoast_head":"<!-- This site is optimized with the Yoast SEO plugin v26.6 - https:\/\/yoast.com\/wordpress\/plugins\/seo\/ -->\n<title>Und im Februar \u2013 Karneval zum Entspannen! - Blog Protur Hotels<\/title>\n<meta name=\"description\" content=\"Und im Februar \u2013 Karneval zum Entspannen! Wer will schon wieder an Feiern denken, wo doch Weihnachten gerade erst vorbei ist?\" \/>\n<meta name=\"robots\" content=\"index, follow, max-snippet:-1, max-image-preview:large, max-video-preview:-1\" \/>\n<link rel=\"canonical\" href=\"https:\/\/blog.protur-hotels.com\/de\/und-im-februar-karneval-zum-entspannen\/\" \/>\n<meta property=\"og:locale\" content=\"de_DE\" \/>\n<meta property=\"og:type\" content=\"article\" \/>\n<meta property=\"og:title\" content=\"Und im Februar \u2013 Karneval zum Entspannen! - Blog Protur Hotels\" \/>\n<meta property=\"og:description\" content=\"Und im Februar \u2013 Karneval zum Entspannen! Wer will schon wieder an Feiern denken, wo doch Weihnachten gerade erst vorbei ist?\" \/>\n<meta property=\"og:url\" content=\"https:\/\/blog.protur-hotels.com\/de\/und-im-februar-karneval-zum-entspannen\/\" \/>\n<meta property=\"og:site_name\" content=\"Blog Protur Hotels\" \/>\n<meta property=\"article:published_time\" content=\"2017-02-07T08:35:34+00:00\" \/>\n<meta property=\"og:image\" content=\"https:\/\/blog.protur-hotels.com\/wp-content\/uploads\/2017\/02\/carnaval-Febrero-Mallorca-Sa-Coma-Cinco-Estrellas.jpg\" \/>\n\t<meta property=\"og:image:width\" content=\"800\" \/>\n\t<meta property=\"og:image:height\" content=\"550\" \/>\n\t<meta property=\"og:image:type\" content=\"image\/jpeg\" \/>\n<meta name=\"author\" content=\"Protur Hotels\" \/>\n<meta name=\"twitter:card\" content=\"summary_large_image\" \/>\n<meta name=\"twitter:label1\" content=\"Verfasst von\" \/>\n\t<meta name=\"twitter:data1\" content=\"Protur Hotels\" \/>\n\t<meta name=\"twitter:label2\" content=\"Gesch\u00e4tzte Lesezeit\" \/>\n\t<meta name=\"twitter:data2\" content=\"2\u00a0Minuten\" \/>\n<script type=\"application\/ld+json\" class=\"yoast-schema-graph\">{\"@context\":\"https:\/\/schema.org\",\"@graph\":[{\"@type\":\"Article\",\"@id\":\"https:\/\/blog.protur-hotels.com\/de\/und-im-februar-karneval-zum-entspannen\/#article\",\"isPartOf\":{\"@id\":\"https:\/\/blog.protur-hotels.com\/de\/und-im-februar-karneval-zum-entspannen\/\"},\"author\":{\"name\":\"Protur Hotels\",\"@id\":\"https:\/\/blog.protur-hotels.com\/#\/schema\/person\/6eac7ca6e9a32baa4716fdd5d7358326\"},\"headline\":\"Und im Februar \u2013 Karneval zum Entspannen!\",\"datePublished\":\"2017-02-07T08:35:34+00:00\",\"mainEntityOfPage\":{\"@id\":\"https:\/\/blog.protur-hotels.com\/de\/und-im-februar-karneval-zum-entspannen\/\"},\"wordCount\":362,\"publisher\":{\"@id\":\"https:\/\/blog.protur-hotels.com\/#organization\"},\"image\":{\"@id\":\"https:\/\/blog.protur-hotels.com\/de\/und-im-februar-karneval-zum-entspannen\/#primaryimage\"},\"thumbnailUrl\":\"https:\/\/blog.protur-hotels.com\/wp-content\/uploads\/2017\/02\/carnaval-Febrero-Mallorca-Sa-Coma-Cinco-Estrellas.jpg\",\"keywords\":[\"Februar\",\"Karneval\",\"relax\"],\"articleSection\":[\"Fiestas\",\"Karneval\",\"Mallorca\",\"Mallorca\",\"Protur Biomar Gran Hotel &amp; Spa\"],\"inLanguage\":\"de\"},{\"@type\":\"WebPage\",\"@id\":\"https:\/\/blog.protur-hotels.com\/de\/und-im-februar-karneval-zum-entspannen\/\",\"url\":\"https:\/\/blog.protur-hotels.com\/de\/und-im-februar-karneval-zum-entspannen\/\",\"name\":\"Und im Februar \u2013 Karneval zum Entspannen! - Blog Protur Hotels\",\"isPartOf\":{\"@id\":\"https:\/\/blog.protur-hotels.com\/#website\"},\"primaryImageOfPage\":{\"@id\":\"https:\/\/blog.protur-hotels.com\/de\/und-im-februar-karneval-zum-entspannen\/#primaryimage\"},\"image\":{\"@id\":\"https:\/\/blog.protur-hotels.com\/de\/und-im-februar-karneval-zum-entspannen\/#primaryimage\"},\"thumbnailUrl\":\"https:\/\/blog.protur-hotels.com\/wp-content\/uploads\/2017\/02\/carnaval-Febrero-Mallorca-Sa-Coma-Cinco-Estrellas.jpg\",\"datePublished\":\"2017-02-07T08:35:34+00:00\",\"description\":\"Und im Februar \u2013 Karneval zum Entspannen! Wer will schon wieder an Feiern denken, wo doch Weihnachten gerade erst vorbei ist?\",\"breadcrumb\":{\"@id\":\"https:\/\/blog.protur-hotels.com\/de\/und-im-februar-karneval-zum-entspannen\/#breadcrumb\"},\"inLanguage\":\"de\",\"potentialAction\":[{\"@type\":\"ReadAction\",\"target\":[\"https:\/\/blog.protur-hotels.com\/de\/und-im-februar-karneval-zum-entspannen\/\"]}]},{\"@type\":\"ImageObject\",\"inLanguage\":\"de\",\"@id\":\"https:\/\/blog.protur-hotels.com\/de\/und-im-februar-karneval-zum-entspannen\/#primaryimage\",\"url\":\"https:\/\/blog.protur-hotels.com\/wp-content\/uploads\/2017\/02\/carnaval-Febrero-Mallorca-Sa-Coma-Cinco-Estrellas.jpg\",\"contentUrl\":\"https:\/\/blog.protur-hotels.com\/wp-content\/uploads\/2017\/02\/carnaval-Febrero-Mallorca-Sa-Coma-Cinco-Estrellas.jpg\",\"width\":800,\"height\":550,\"caption\":\"Carnestoltes-Karneval-\u041a\u0430\u0440\u043d\u0430\u0432\u0430\u043b-Carnival -carnaval-Febrero-Mallorca-Sa-Coma-Cinco-Estrellas\"},{\"@type\":\"BreadcrumbList\",\"@id\":\"https:\/\/blog.protur-hotels.com\/de\/und-im-februar-karneval-zum-entspannen\/#breadcrumb\",\"itemListElement\":[{\"@type\":\"ListItem\",\"position\":1,\"name\":\"Portada\",\"item\":\"https:\/\/blog.protur-hotels.com\/\"},{\"@type\":\"ListItem\",\"position\":2,\"name\":\"Und im Februar \u2013 Karneval zum Entspannen!\"}]},{\"@type\":\"WebSite\",\"@id\":\"https:\/\/blog.protur-hotels.com\/#website\",\"url\":\"https:\/\/blog.protur-hotels.com\/\",\"name\":\"Blog Protur Hotels\",\"description\":\"Un Blog para viajeros\",\"publisher\":{\"@id\":\"https:\/\/blog.protur-hotels.com\/#organization\"},\"potentialAction\":[{\"@type\":\"SearchAction\",\"target\":{\"@type\":\"EntryPoint\",\"urlTemplate\":\"https:\/\/blog.protur-hotels.com\/?s={search_term_string}\"},\"query-input\":{\"@type\":\"PropertyValueSpecification\",\"valueRequired\":true,\"valueName\":\"search_term_string\"}}],\"inLanguage\":\"de\"},{\"@type\":\"Organization\",\"@id\":\"https:\/\/blog.protur-hotels.com\/#organization\",\"name\":\"Blog Protur Hotels\",\"url\":\"https:\/\/blog.protur-hotels.com\/\",\"logo\":{\"@type\":\"ImageObject\",\"inLanguage\":\"de\",\"@id\":\"https:\/\/blog.protur-hotels.com\/#\/schema\/logo\/image\/\",\"url\":\"https:\/\/blog.protur-hotels.com\/wp-content\/uploads\/2020\/03\/blog-protur-hotels-mallorca.png\",\"contentUrl\":\"https:\/\/blog.protur-hotels.com\/wp-content\/uploads\/2020\/03\/blog-protur-hotels-mallorca.png\",\"width\":1422,\"height\":894,\"caption\":\"Blog Protur Hotels\"},\"image\":{\"@id\":\"https:\/\/blog.protur-hotels.com\/#\/schema\/logo\/image\/\"}},{\"@type\":\"Person\",\"@id\":\"https:\/\/blog.protur-hotels.com\/#\/schema\/person\/6eac7ca6e9a32baa4716fdd5d7358326\",\"name\":\"Protur Hotels\"}]}<\/script>\n<!-- \/ Yoast SEO plugin. -->","yoast_head_json":{"title":"Und im Februar \u2013 Karneval zum Entspannen! - Blog Protur Hotels","description":"Und im Februar \u2013 Karneval zum Entspannen! Wer will schon wieder an Feiern denken, wo doch Weihnachten gerade erst vorbei ist?","robots":{"index":"index","follow":"follow","max-snippet":"max-snippet:-1","max-image-preview":"max-image-preview:large","max-video-preview":"max-video-preview:-1"},"canonical":"https:\/\/blog.protur-hotels.com\/de\/und-im-februar-karneval-zum-entspannen\/","og_locale":"de_DE","og_type":"article","og_title":"Und im Februar \u2013 Karneval zum Entspannen! - Blog Protur Hotels","og_description":"Und im Februar \u2013 Karneval zum Entspannen! Wer will schon wieder an Feiern denken, wo doch Weihnachten gerade erst vorbei ist?","og_url":"https:\/\/blog.protur-hotels.com\/de\/und-im-februar-karneval-zum-entspannen\/","og_site_name":"Blog Protur Hotels","article_published_time":"2017-02-07T08:35:34+00:00","og_image":[{"width":800,"height":550,"url":"https:\/\/blog.protur-hotels.com\/wp-content\/uploads\/2017\/02\/carnaval-Febrero-Mallorca-Sa-Coma-Cinco-Estrellas.jpg","type":"image\/jpeg"}],"author":"Protur Hotels","twitter_card":"summary_large_image","twitter_misc":{"Verfasst von":"Protur Hotels","Gesch\u00e4tzte Lesezeit":"2\u00a0Minuten"},"schema":{"@context":"https:\/\/schema.org","@graph":[{"@type":"Article","@id":"https:\/\/blog.protur-hotels.com\/de\/und-im-februar-karneval-zum-entspannen\/#article","isPartOf":{"@id":"https:\/\/blog.protur-hotels.com\/de\/und-im-februar-karneval-zum-entspannen\/"},"author":{"name":"Protur Hotels","@id":"https:\/\/blog.protur-hotels.com\/#\/schema\/person\/6eac7ca6e9a32baa4716fdd5d7358326"},"headline":"Und im Februar \u2013 Karneval zum Entspannen!","datePublished":"2017-02-07T08:35:34+00:00","mainEntityOfPage":{"@id":"https:\/\/blog.protur-hotels.com\/de\/und-im-februar-karneval-zum-entspannen\/"},"wordCount":362,"publisher":{"@id":"https:\/\/blog.protur-hotels.com\/#organization"},"image":{"@id":"https:\/\/blog.protur-hotels.com\/de\/und-im-februar-karneval-zum-entspannen\/#primaryimage"},"thumbnailUrl":"https:\/\/blog.protur-hotels.com\/wp-content\/uploads\/2017\/02\/carnaval-Febrero-Mallorca-Sa-Coma-Cinco-Estrellas.jpg","keywords":["Februar","Karneval","relax"],"articleSection":["Fiestas","Karneval","Mallorca","Mallorca","Protur Biomar Gran Hotel &amp; Spa"],"inLanguage":"de"},{"@type":"WebPage","@id":"https:\/\/blog.protur-hotels.com\/de\/und-im-februar-karneval-zum-entspannen\/","url":"https:\/\/blog.protur-hotels.com\/de\/und-im-februar-karneval-zum-entspannen\/","name":"Und im Februar \u2013 Karneval zum Entspannen! - Blog Protur Hotels","isPartOf":{"@id":"https:\/\/blog.protur-hotels.com\/#website"},"primaryImageOfPage":{"@id":"https:\/\/blog.protur-hotels.com\/de\/und-im-februar-karneval-zum-entspannen\/#primaryimage"},"image":{"@id":"https:\/\/blog.protur-hotels.com\/de\/und-im-februar-karneval-zum-entspannen\/#primaryimage"},"thumbnailUrl":"https:\/\/blog.protur-hotels.com\/wp-content\/uploads\/2017\/02\/carnaval-Febrero-Mallorca-Sa-Coma-Cinco-Estrellas.jpg","datePublished":"2017-02-07T08:35:34+00:00","description":"Und im Februar \u2013 Karneval zum Entspannen! Wer will schon wieder an Feiern denken, wo doch Weihnachten gerade erst vorbei ist?","breadcrumb":{"@id":"https:\/\/blog.protur-hotels.com\/de\/und-im-februar-karneval-zum-entspannen\/#breadcrumb"},"inLanguage":"de","potentialAction":[{"@type":"ReadAction","target":["https:\/\/blog.protur-hotels.com\/de\/und-im-februar-karneval-zum-entspannen\/"]}]},{"@type":"ImageObject","inLanguage":"de","@id":"https:\/\/blog.protur-hotels.com\/de\/und-im-februar-karneval-zum-entspannen\/#primaryimage","url":"https:\/\/blog.protur-hotels.com\/wp-content\/uploads\/2017\/02\/carnaval-Febrero-Mallorca-Sa-Coma-Cinco-Estrellas.jpg","contentUrl":"https:\/\/blog.protur-hotels.com\/wp-content\/uploads\/2017\/02\/carnaval-Febrero-Mallorca-Sa-Coma-Cinco-Estrellas.jpg","width":800,"height":550,"caption":"Carnestoltes-Karneval-\u041a\u0430\u0440\u043d\u0430\u0432\u0430\u043b-Carnival -carnaval-Febrero-Mallorca-Sa-Coma-Cinco-Estrellas"},{"@type":"BreadcrumbList","@id":"https:\/\/blog.protur-hotels.com\/de\/und-im-februar-karneval-zum-entspannen\/#breadcrumb","itemListElement":[{"@type":"ListItem","position":1,"name":"Portada","item":"https:\/\/blog.protur-hotels.com\/"},{"@type":"ListItem","position":2,"name":"Und im Februar \u2013 Karneval zum Entspannen!"}]},{"@type":"WebSite","@id":"https:\/\/blog.protur-hotels.com\/#website","url":"https:\/\/blog.protur-hotels.com\/","name":"Blog Protur Hotels","description":"Un Blog para viajeros","publisher":{"@id":"https:\/\/blog.protur-hotels.com\/#organization"},"potentialAction":[{"@type":"SearchAction","target":{"@type":"EntryPoint","urlTemplate":"https:\/\/blog.protur-hotels.com\/?s={search_term_string}"},"query-input":{"@type":"PropertyValueSpecification","valueRequired":true,"valueName":"search_term_string"}}],"inLanguage":"de"},{"@type":"Organization","@id":"https:\/\/blog.protur-hotels.com\/#organization","name":"Blog Protur Hotels","url":"https:\/\/blog.protur-hotels.com\/","logo":{"@type":"ImageObject","inLanguage":"de","@id":"https:\/\/blog.protur-hotels.com\/#\/schema\/logo\/image\/","url":"https:\/\/blog.protur-hotels.com\/wp-content\/uploads\/2020\/03\/blog-protur-hotels-mallorca.png","contentUrl":"https:\/\/blog.protur-hotels.com\/wp-content\/uploads\/2020\/03\/blog-protur-hotels-mallorca.png","width":1422,"height":894,"caption":"Blog Protur Hotels"},"image":{"@id":"https:\/\/blog.protur-hotels.com\/#\/schema\/logo\/image\/"}},{"@type":"Person","@id":"https:\/\/blog.protur-hotels.com\/#\/schema\/person\/6eac7ca6e9a32baa4716fdd5d7358326","name":"Protur Hotels"}]}},"_links":{"self":[{"href":"https:\/\/blog.protur-hotels.com\/de\/wp-json\/wp\/v2\/posts\/3153","targetHints":{"allow":["GET"]}}],"collection":[{"href":"https:\/\/blog.protur-hotels.com\/de\/wp-json\/wp\/v2\/posts"}],"about":[{"href":"https:\/\/blog.protur-hotels.com\/de\/wp-json\/wp\/v2\/types\/post"}],"author":[{"embeddable":true,"href":"https:\/\/blog.protur-hotels.com\/de\/wp-json\/wp\/v2\/users\/3"}],"replies":[{"embeddable":true,"href":"https:\/\/blog.protur-hotels.com\/de\/wp-json\/wp\/v2\/comments?post=3153"}],"version-history":[{"count":0,"href":"https:\/\/blog.protur-hotels.com\/de\/wp-json\/wp\/v2\/posts\/3153\/revisions"}],"wp:featuredmedia":[{"embeddable":true,"href":"https:\/\/blog.protur-hotels.com\/de\/wp-json\/wp\/v2\/media\/5874"}],"wp:attachment":[{"href":"https:\/\/blog.protur-hotels.com\/de\/wp-json\/wp\/v2\/media?parent=3153"}],"wp:term":[{"taxonomy":"category","embeddable":true,"href":"https:\/\/blog.protur-hotels.com\/de\/wp-json\/wp\/v2\/categories?post=3153"},{"taxonomy":"post_tag","embeddable":true,"href":"https:\/\/blog.protur-hotels.com\/de\/wp-json\/wp\/v2\/tags?post=3153"}],"curies":[{"name":"wp","href":"https:\/\/api.w.org\/{rel}","templated":true}]}}