{"id":3184,"date":"2017-03-07T10:27:22","date_gmt":"2017-03-07T10:27:22","guid":{"rendered":"https:\/\/blog.protur-hotels.com\/de\/?p=3184"},"modified":"2017-02-21T15:47:01","modified_gmt":"2017-02-21T15:47:01","slug":"gourmetabstecher-der-wahre-geschmack-mallorcas","status":"publish","type":"post","link":"https:\/\/blog.protur-hotels.com\/de\/gourmetabstecher-der-wahre-geschmack-mallorcas\/","title":{"rendered":"Gourmetabstecher: der wahre Geschmack Mallorcas"},"content":{"rendered":"<p><strong>Gourmetabstecher: der wahre Geschmack Mallorcas<\/strong><\/p>\n<p><strong>Aufgepasst Hobbyk\u00f6che: <\/strong>Protur Hotels schl\u00e4gt einen k\u00f6stlichen Gourmetabstecher auf Mallorca vor! Genau dort, wo althergebrachte Zutaten auf exotische Erzeugnisse treffen, die aus allen Enden der Welt kommen. Und auch dort, wo die Rezepte der Gro\u00dfm\u00fctter mit denen revolution\u00e4rer und innovativer Chefk\u00f6che zusammentreffen.<\/p>\n<p>Protur Hotels bietet dieses <strong>erlesene Erlebnis der Gaumenfreuden<\/strong> f\u00fcr <strong>anspruchsvolle Gourmets<\/strong> an, die immer einen Schritt vorausgehen m\u00f6chten. Es wird in den All-inclusive-Restaurants wie auch auf der Karte unserer Hotels angeboten.<\/p>\n<p>F\u00fcr einen wahren Gourmet geht jedoch nichts \u00fcber das Erlebnis in unserem gem\u00fctlichen <a href=\"http:\/\/protur-hotels.com\/de\/hotels-auf-mallorca\/residencia-son-floriana-restaurante\"><u>Residencia Son Floriana Hotel in Cala Bona<\/u><\/a>. Dieses herrliche Hotel besitzt nur <strong>8 Zimmer<\/strong> und geh\u00f6rt zu einem stilvollen Landgut. Hier haben Sie die M\u00f6glichkeit, die typischsten Gerichte Mallorcas in ihrer wahren l\u00e4ndlichen Umgebung kosten zu k\u00f6nnen. Dazu geh\u00f6ren <em>Tumbet, Arr\u00f3s Brut,<\/em> Auberginen und weitere Erzeugnisse aus dem Gem\u00fcsegarten zusammen mit ausgezeichneten K\u00f6stlichkeiten des Meeres und der <em>Schlachtfeste<\/em>, die in den Wintermonaten zur Tradition geh\u00f6ren.<\/p>\n<p>Es sind traditionelle Rezepte, die den bodenst\u00e4ndigen Geschmack Mallorcas widerspiegeln. Sie werden an den <strong>Herden im Son Floriana<\/strong> auf ganz besondere Art zubereitet, sodass die G\u00e4ste \u2013 und sogar die Einheimischen der Insel \u2013 von ihrem Geschmack \u00fcberrascht sind: Alle Gerichte haben etwas Einzigartiges und Originelles, das sie so au\u00dferordentlich macht.<\/p>\n<p>Protur Hotels empfiehlt das <a href=\"http:\/\/protur-hotels.com\/de\/hotels-auf-mallorca\/residencia-son-floriana-restaurante\/gastronomie\"><u>Angebot f\u00fcr Gourmets<\/u><\/a> mit einer \u00dcbernachtung im Residencia Son Floriana Hotel und einem Degustationsmen\u00fc mit <strong>Vorspeise, einem Fischgericht, einem Fleischgericht und einer Nachspeise<\/strong>. Das alles inmitten der beeindruckenden Umgebung, die das Essen auf diesem typisch mallorquinischen Landgut ganz besonders macht. Es handelt sich um ein \u201epossessi\u00f3\u201c Landgut mit seinen Vorhallen, G\u00e4rten, typischen Fenstern und den Mar\u00e9s-Trockensteinmauern, die ihm seinen unvergleichlichen mediterranen Stil verleihen.<\/p>\n<p><em>Buchen Sie jetzt und kosten Sie bei <\/em><a href=\"http:\/\/protur-hotels.com\/de\/\"><em><u>Protur Hotels<\/u><\/em><\/a><em> Ihren Abstecher maximal aus.<\/em><\/p>\n<p>&nbsp;<\/p>\n","protected":false},"excerpt":{"rendered":"<p>Gourmetabstecher: der wahre Geschmack Mallorcas Aufgepasst Hobbyk\u00f6che: Protur Hotels schl\u00e4gt einen k\u00f6stlichen Gourmetabstecher auf Mallorca vor! Genau dort, wo althergebrachte Zutaten auf exotische Erzeugnisse treffen, die aus allen Enden der&hellip;<\/p>\n","protected":false},"author":3,"featured_media":3178,"comment_status":"open","ping_status":"open","sticky":false,"template":"","format":"standard","meta":{"_lmt_disableupdate":"","_lmt_disable":"","footnotes":""},"categories":[606,99,102],"tags":[720,721,155],"class_list":["post-3184","post","type-post","status-publish","format-standard","has-post-thumbnail","hentry","category-cala-bona","category-gastronomia-de","category-mallorca-de","tag-gourmetabstecher","tag-hobbykoeche","tag-mallorca"],"yoast_head":"<!-- This site is optimized with the Yoast SEO plugin v26.6 - https:\/\/yoast.com\/wordpress\/plugins\/seo\/ -->\n<title>Gourmetabstecher: der wahre Geschmack Mallorcas - Blog Protur Hotels<\/title>\n<meta name=\"description\" content=\"Gourmetabstecher: der wahre Geschmack Mallorcas Aufgepasst Hobbyk\u00f6che: Protur Hotels schl\u00e4gt einen k\u00f6stlichen Gourmetabstecher auf Mallorca vor!\" \/>\n<meta name=\"robots\" content=\"index, follow, max-snippet:-1, max-image-preview:large, max-video-preview:-1\" \/>\n<link rel=\"canonical\" href=\"https:\/\/blog.protur-hotels.com\/de\/gourmetabstecher-der-wahre-geschmack-mallorcas\/\" \/>\n<meta property=\"og:locale\" content=\"de_DE\" \/>\n<meta property=\"og:type\" content=\"article\" \/>\n<meta property=\"og:title\" content=\"Gourmetabstecher: der wahre Geschmack Mallorcas - Blog Protur Hotels\" \/>\n<meta property=\"og:description\" content=\"Gourmetabstecher: der wahre Geschmack Mallorcas Aufgepasst Hobbyk\u00f6che: Protur Hotels schl\u00e4gt einen k\u00f6stlichen Gourmetabstecher auf Mallorca vor!\" \/>\n<meta property=\"og:url\" content=\"https:\/\/blog.protur-hotels.com\/de\/gourmetabstecher-der-wahre-geschmack-mallorcas\/\" \/>\n<meta property=\"og:site_name\" content=\"Blog Protur Hotels\" \/>\n<meta property=\"article:published_time\" content=\"2017-03-07T10:27:22+00:00\" \/>\n<meta property=\"og:image\" content=\"https:\/\/blog.protur-hotels.com\/wp-content\/uploads\/2017\/02\/Escapada-gourmet_-el-aute\u0301ntico-sabor-de-Mallorca.jpg\" \/>\n\t<meta property=\"og:image:width\" content=\"800\" \/>\n\t<meta property=\"og:image:height\" content=\"550\" \/>\n\t<meta property=\"og:image:type\" content=\"image\/jpeg\" \/>\n<meta name=\"author\" content=\"Protur Hotels\" \/>\n<meta name=\"twitter:card\" content=\"summary_large_image\" \/>\n<meta name=\"twitter:label1\" content=\"Verfasst von\" \/>\n\t<meta name=\"twitter:data1\" content=\"Protur Hotels\" \/>\n\t<meta name=\"twitter:label2\" content=\"Gesch\u00e4tzte Lesezeit\" \/>\n\t<meta name=\"twitter:data2\" content=\"2\u00a0Minuten\" \/>\n<script type=\"application\/ld+json\" class=\"yoast-schema-graph\">{\"@context\":\"https:\/\/schema.org\",\"@graph\":[{\"@type\":\"Article\",\"@id\":\"https:\/\/blog.protur-hotels.com\/de\/gourmetabstecher-der-wahre-geschmack-mallorcas\/#article\",\"isPartOf\":{\"@id\":\"https:\/\/blog.protur-hotels.com\/de\/gourmetabstecher-der-wahre-geschmack-mallorcas\/\"},\"author\":{\"name\":\"Protur Hotels\",\"@id\":\"https:\/\/blog.protur-hotels.com\/#\/schema\/person\/6eac7ca6e9a32baa4716fdd5d7358326\"},\"headline\":\"Gourmetabstecher: der wahre Geschmack Mallorcas\",\"datePublished\":\"2017-03-07T10:27:22+00:00\",\"mainEntityOfPage\":{\"@id\":\"https:\/\/blog.protur-hotels.com\/de\/gourmetabstecher-der-wahre-geschmack-mallorcas\/\"},\"wordCount\":316,\"commentCount\":0,\"publisher\":{\"@id\":\"https:\/\/blog.protur-hotels.com\/#organization\"},\"image\":{\"@id\":\"https:\/\/blog.protur-hotels.com\/de\/gourmetabstecher-der-wahre-geschmack-mallorcas\/#primaryimage\"},\"thumbnailUrl\":\"https:\/\/blog.protur-hotels.com\/wp-content\/uploads\/2017\/02\/Escapada-gourmet_-el-aute\u0301ntico-sabor-de-Mallorca.jpg\",\"keywords\":[\"Gourmetabstecher\",\"Hobbyk\u00f6che\",\"mallorca\"],\"articleSection\":[\"Cala Bona\",\"Gastronomie\",\"Mallorca\"],\"inLanguage\":\"de\"},{\"@type\":\"WebPage\",\"@id\":\"https:\/\/blog.protur-hotels.com\/de\/gourmetabstecher-der-wahre-geschmack-mallorcas\/\",\"url\":\"https:\/\/blog.protur-hotels.com\/de\/gourmetabstecher-der-wahre-geschmack-mallorcas\/\",\"name\":\"Gourmetabstecher: der wahre Geschmack Mallorcas - Blog Protur Hotels\",\"isPartOf\":{\"@id\":\"https:\/\/blog.protur-hotels.com\/#website\"},\"primaryImageOfPage\":{\"@id\":\"https:\/\/blog.protur-hotels.com\/de\/gourmetabstecher-der-wahre-geschmack-mallorcas\/#primaryimage\"},\"image\":{\"@id\":\"https:\/\/blog.protur-hotels.com\/de\/gourmetabstecher-der-wahre-geschmack-mallorcas\/#primaryimage\"},\"thumbnailUrl\":\"https:\/\/blog.protur-hotels.com\/wp-content\/uploads\/2017\/02\/Escapada-gourmet_-el-aute\u0301ntico-sabor-de-Mallorca.jpg\",\"datePublished\":\"2017-03-07T10:27:22+00:00\",\"description\":\"Gourmetabstecher: der wahre Geschmack Mallorcas Aufgepasst Hobbyk\u00f6che: Protur Hotels schl\u00e4gt einen k\u00f6stlichen Gourmetabstecher auf Mallorca vor!\",\"breadcrumb\":{\"@id\":\"https:\/\/blog.protur-hotels.com\/de\/gourmetabstecher-der-wahre-geschmack-mallorcas\/#breadcrumb\"},\"inLanguage\":\"de\",\"potentialAction\":[{\"@type\":\"ReadAction\",\"target\":[\"https:\/\/blog.protur-hotels.com\/de\/gourmetabstecher-der-wahre-geschmack-mallorcas\/\"]}]},{\"@type\":\"ImageObject\",\"inLanguage\":\"de\",\"@id\":\"https:\/\/blog.protur-hotels.com\/de\/gourmetabstecher-der-wahre-geschmack-mallorcas\/#primaryimage\",\"url\":\"https:\/\/blog.protur-hotels.com\/wp-content\/uploads\/2017\/02\/Escapada-gourmet_-el-aute\u0301ntico-sabor-de-Mallorca.jpg\",\"contentUrl\":\"https:\/\/blog.protur-hotels.com\/wp-content\/uploads\/2017\/02\/Escapada-gourmet_-el-aute\u0301ntico-sabor-de-Mallorca.jpg\",\"width\":800,\"height\":550,\"caption\":\"\u041f\u043e\u0435\u0437\u0434\u043a\u0430-Gourmetabstecher-getaway-Escapade -Escapada gourmet_ el aute\u0301ntico sabor de Mallorca\"},{\"@type\":\"BreadcrumbList\",\"@id\":\"https:\/\/blog.protur-hotels.com\/de\/gourmetabstecher-der-wahre-geschmack-mallorcas\/#breadcrumb\",\"itemListElement\":[{\"@type\":\"ListItem\",\"position\":1,\"name\":\"Portada\",\"item\":\"https:\/\/blog.protur-hotels.com\/\"},{\"@type\":\"ListItem\",\"position\":2,\"name\":\"Gourmetabstecher: der wahre Geschmack Mallorcas\"}]},{\"@type\":\"WebSite\",\"@id\":\"https:\/\/blog.protur-hotels.com\/#website\",\"url\":\"https:\/\/blog.protur-hotels.com\/\",\"name\":\"Blog Protur Hotels\",\"description\":\"Un Blog para viajeros\",\"publisher\":{\"@id\":\"https:\/\/blog.protur-hotels.com\/#organization\"},\"potentialAction\":[{\"@type\":\"SearchAction\",\"target\":{\"@type\":\"EntryPoint\",\"urlTemplate\":\"https:\/\/blog.protur-hotels.com\/?s={search_term_string}\"},\"query-input\":{\"@type\":\"PropertyValueSpecification\",\"valueRequired\":true,\"valueName\":\"search_term_string\"}}],\"inLanguage\":\"de\"},{\"@type\":\"Organization\",\"@id\":\"https:\/\/blog.protur-hotels.com\/#organization\",\"name\":\"Blog Protur Hotels\",\"url\":\"https:\/\/blog.protur-hotels.com\/\",\"logo\":{\"@type\":\"ImageObject\",\"inLanguage\":\"de\",\"@id\":\"https:\/\/blog.protur-hotels.com\/#\/schema\/logo\/image\/\",\"url\":\"https:\/\/blog.protur-hotels.com\/wp-content\/uploads\/2020\/03\/blog-protur-hotels-mallorca.png\",\"contentUrl\":\"https:\/\/blog.protur-hotels.com\/wp-content\/uploads\/2020\/03\/blog-protur-hotels-mallorca.png\",\"width\":1422,\"height\":894,\"caption\":\"Blog Protur Hotels\"},\"image\":{\"@id\":\"https:\/\/blog.protur-hotels.com\/#\/schema\/logo\/image\/\"}},{\"@type\":\"Person\",\"@id\":\"https:\/\/blog.protur-hotels.com\/#\/schema\/person\/6eac7ca6e9a32baa4716fdd5d7358326\",\"name\":\"Protur Hotels\"}]}<\/script>\n<!-- \/ Yoast SEO plugin. -->","yoast_head_json":{"title":"Gourmetabstecher: der wahre Geschmack Mallorcas - Blog Protur Hotels","description":"Gourmetabstecher: der wahre Geschmack Mallorcas Aufgepasst Hobbyk\u00f6che: Protur Hotels schl\u00e4gt einen k\u00f6stlichen Gourmetabstecher auf Mallorca vor!","robots":{"index":"index","follow":"follow","max-snippet":"max-snippet:-1","max-image-preview":"max-image-preview:large","max-video-preview":"max-video-preview:-1"},"canonical":"https:\/\/blog.protur-hotels.com\/de\/gourmetabstecher-der-wahre-geschmack-mallorcas\/","og_locale":"de_DE","og_type":"article","og_title":"Gourmetabstecher: der wahre Geschmack Mallorcas - Blog Protur Hotels","og_description":"Gourmetabstecher: der wahre Geschmack Mallorcas Aufgepasst Hobbyk\u00f6che: Protur Hotels schl\u00e4gt einen k\u00f6stlichen Gourmetabstecher auf Mallorca vor!","og_url":"https:\/\/blog.protur-hotels.com\/de\/gourmetabstecher-der-wahre-geschmack-mallorcas\/","og_site_name":"Blog Protur Hotels","article_published_time":"2017-03-07T10:27:22+00:00","og_image":[{"width":800,"height":550,"url":"https:\/\/blog.protur-hotels.com\/wp-content\/uploads\/2017\/02\/Escapada-gourmet_-el-aute\u0301ntico-sabor-de-Mallorca.jpg","type":"image\/jpeg"}],"author":"Protur Hotels","twitter_card":"summary_large_image","twitter_misc":{"Verfasst von":"Protur Hotels","Gesch\u00e4tzte Lesezeit":"2\u00a0Minuten"},"schema":{"@context":"https:\/\/schema.org","@graph":[{"@type":"Article","@id":"https:\/\/blog.protur-hotels.com\/de\/gourmetabstecher-der-wahre-geschmack-mallorcas\/#article","isPartOf":{"@id":"https:\/\/blog.protur-hotels.com\/de\/gourmetabstecher-der-wahre-geschmack-mallorcas\/"},"author":{"name":"Protur Hotels","@id":"https:\/\/blog.protur-hotels.com\/#\/schema\/person\/6eac7ca6e9a32baa4716fdd5d7358326"},"headline":"Gourmetabstecher: der wahre Geschmack Mallorcas","datePublished":"2017-03-07T10:27:22+00:00","mainEntityOfPage":{"@id":"https:\/\/blog.protur-hotels.com\/de\/gourmetabstecher-der-wahre-geschmack-mallorcas\/"},"wordCount":316,"commentCount":0,"publisher":{"@id":"https:\/\/blog.protur-hotels.com\/#organization"},"image":{"@id":"https:\/\/blog.protur-hotels.com\/de\/gourmetabstecher-der-wahre-geschmack-mallorcas\/#primaryimage"},"thumbnailUrl":"https:\/\/blog.protur-hotels.com\/wp-content\/uploads\/2017\/02\/Escapada-gourmet_-el-aute\u0301ntico-sabor-de-Mallorca.jpg","keywords":["Gourmetabstecher","Hobbyk\u00f6che","mallorca"],"articleSection":["Cala Bona","Gastronomie","Mallorca"],"inLanguage":"de"},{"@type":"WebPage","@id":"https:\/\/blog.protur-hotels.com\/de\/gourmetabstecher-der-wahre-geschmack-mallorcas\/","url":"https:\/\/blog.protur-hotels.com\/de\/gourmetabstecher-der-wahre-geschmack-mallorcas\/","name":"Gourmetabstecher: der wahre Geschmack Mallorcas - Blog Protur Hotels","isPartOf":{"@id":"https:\/\/blog.protur-hotels.com\/#website"},"primaryImageOfPage":{"@id":"https:\/\/blog.protur-hotels.com\/de\/gourmetabstecher-der-wahre-geschmack-mallorcas\/#primaryimage"},"image":{"@id":"https:\/\/blog.protur-hotels.com\/de\/gourmetabstecher-der-wahre-geschmack-mallorcas\/#primaryimage"},"thumbnailUrl":"https:\/\/blog.protur-hotels.com\/wp-content\/uploads\/2017\/02\/Escapada-gourmet_-el-aute\u0301ntico-sabor-de-Mallorca.jpg","datePublished":"2017-03-07T10:27:22+00:00","description":"Gourmetabstecher: der wahre Geschmack Mallorcas Aufgepasst Hobbyk\u00f6che: Protur Hotels schl\u00e4gt einen k\u00f6stlichen Gourmetabstecher auf Mallorca vor!","breadcrumb":{"@id":"https:\/\/blog.protur-hotels.com\/de\/gourmetabstecher-der-wahre-geschmack-mallorcas\/#breadcrumb"},"inLanguage":"de","potentialAction":[{"@type":"ReadAction","target":["https:\/\/blog.protur-hotels.com\/de\/gourmetabstecher-der-wahre-geschmack-mallorcas\/"]}]},{"@type":"ImageObject","inLanguage":"de","@id":"https:\/\/blog.protur-hotels.com\/de\/gourmetabstecher-der-wahre-geschmack-mallorcas\/#primaryimage","url":"https:\/\/blog.protur-hotels.com\/wp-content\/uploads\/2017\/02\/Escapada-gourmet_-el-aute\u0301ntico-sabor-de-Mallorca.jpg","contentUrl":"https:\/\/blog.protur-hotels.com\/wp-content\/uploads\/2017\/02\/Escapada-gourmet_-el-aute\u0301ntico-sabor-de-Mallorca.jpg","width":800,"height":550,"caption":"\u041f\u043e\u0435\u0437\u0434\u043a\u0430-Gourmetabstecher-getaway-Escapade -Escapada gourmet_ el aute\u0301ntico sabor de Mallorca"},{"@type":"BreadcrumbList","@id":"https:\/\/blog.protur-hotels.com\/de\/gourmetabstecher-der-wahre-geschmack-mallorcas\/#breadcrumb","itemListElement":[{"@type":"ListItem","position":1,"name":"Portada","item":"https:\/\/blog.protur-hotels.com\/"},{"@type":"ListItem","position":2,"name":"Gourmetabstecher: der wahre Geschmack Mallorcas"}]},{"@type":"WebSite","@id":"https:\/\/blog.protur-hotels.com\/#website","url":"https:\/\/blog.protur-hotels.com\/","name":"Blog Protur Hotels","description":"Un Blog para viajeros","publisher":{"@id":"https:\/\/blog.protur-hotels.com\/#organization"},"potentialAction":[{"@type":"SearchAction","target":{"@type":"EntryPoint","urlTemplate":"https:\/\/blog.protur-hotels.com\/?s={search_term_string}"},"query-input":{"@type":"PropertyValueSpecification","valueRequired":true,"valueName":"search_term_string"}}],"inLanguage":"de"},{"@type":"Organization","@id":"https:\/\/blog.protur-hotels.com\/#organization","name":"Blog Protur Hotels","url":"https:\/\/blog.protur-hotels.com\/","logo":{"@type":"ImageObject","inLanguage":"de","@id":"https:\/\/blog.protur-hotels.com\/#\/schema\/logo\/image\/","url":"https:\/\/blog.protur-hotels.com\/wp-content\/uploads\/2020\/03\/blog-protur-hotels-mallorca.png","contentUrl":"https:\/\/blog.protur-hotels.com\/wp-content\/uploads\/2020\/03\/blog-protur-hotels-mallorca.png","width":1422,"height":894,"caption":"Blog Protur Hotels"},"image":{"@id":"https:\/\/blog.protur-hotels.com\/#\/schema\/logo\/image\/"}},{"@type":"Person","@id":"https:\/\/blog.protur-hotels.com\/#\/schema\/person\/6eac7ca6e9a32baa4716fdd5d7358326","name":"Protur Hotels"}]}},"_links":{"self":[{"href":"https:\/\/blog.protur-hotels.com\/de\/wp-json\/wp\/v2\/posts\/3184","targetHints":{"allow":["GET"]}}],"collection":[{"href":"https:\/\/blog.protur-hotels.com\/de\/wp-json\/wp\/v2\/posts"}],"about":[{"href":"https:\/\/blog.protur-hotels.com\/de\/wp-json\/wp\/v2\/types\/post"}],"author":[{"embeddable":true,"href":"https:\/\/blog.protur-hotels.com\/de\/wp-json\/wp\/v2\/users\/3"}],"replies":[{"embeddable":true,"href":"https:\/\/blog.protur-hotels.com\/de\/wp-json\/wp\/v2\/comments?post=3184"}],"version-history":[{"count":0,"href":"https:\/\/blog.protur-hotels.com\/de\/wp-json\/wp\/v2\/posts\/3184\/revisions"}],"wp:featuredmedia":[{"embeddable":true,"href":"https:\/\/blog.protur-hotels.com\/de\/wp-json\/wp\/v2\/media\/3178"}],"wp:attachment":[{"href":"https:\/\/blog.protur-hotels.com\/de\/wp-json\/wp\/v2\/media?parent=3184"}],"wp:term":[{"taxonomy":"category","embeddable":true,"href":"https:\/\/blog.protur-hotels.com\/de\/wp-json\/wp\/v2\/categories?post=3184"},{"taxonomy":"post_tag","embeddable":true,"href":"https:\/\/blog.protur-hotels.com\/de\/wp-json\/wp\/v2\/tags?post=3184"}],"curies":[{"name":"wp","href":"https:\/\/api.w.org\/{rel}","templated":true}]}}