{"id":3710,"date":"2017-10-13T14:41:15","date_gmt":"2017-10-13T14:41:15","guid":{"rendered":"https:\/\/blog.protur-hotels.com\/de\/?p=3710"},"modified":"2017-10-13T14:41:15","modified_gmt":"2017-10-13T14:41:15","slug":"der-geschmack-des-urlaubs","status":"publish","type":"post","link":"https:\/\/blog.protur-hotels.com\/de\/der-geschmack-des-urlaubs\/","title":{"rendered":"Der Geschmack des Urlaubs"},"content":{"rendered":"<p><strong>Der Geschmack des Urlaubs<\/strong><\/p>\n<p>Die Gastronomie geh\u00f6rt zu den Gen\u00fcssen, mit denen man vom Tisch aus durch die ganze Welt reisen kann. Bei einer Reise ist sie ein ausschlaggebender Bestandteil, um das Reiseziel richtig kennenlernen zu k\u00f6nnen. Sie ist au\u00dferdem eine gute Gelegenheit, um mit Einheimischen angenehme Momente und Geschichten auszutauschen. W\u00e4hrend man die Geschm\u00e4cker genie\u00dft, kommt man ihrer Kultur und ihren Traditionen n\u00e4her und kann die Essenz ihres Alltags oftmals besser begreifen.<\/p>\n<p>Wir von Protur Hotels sind wahre Liebhaber der Gastronomie. Wenn Sie schon einmal in einem unserer Hotels auf Mallorca oder in Almer\u00eda waren, dann wissen Sie, dass wir ganz gro\u00dfen Wert auf diese Serviceleistung legen. Wir haben sogar Hotels, die komplett darauf eingestellt sind, mit besten lokalen Erzeugnissen zu experimentieren, um sogar anspruchsvollsten Gourmets einmalige Erlebnisse bieten zu k\u00f6nnen.<\/p>\n<p><strong>Mallorquinische K\u00fcche<\/strong><\/p>\n<p>Einer unserer Bezugspunkte in diesem Sinne ist das Son Floriana Restaurant in der sch\u00f6nen Gegend von Cala Bona, an der Ostk\u00fcste Mallorcas. Dieser Ort steckt \u2013 nicht nur aufgrund seiner Gastronomie &#8211; voller Tradition und Charme, es handelt sich n\u00e4mlich ein antikes mallorquinisches Gut im traditionellen Stil inmitten von herrlichen und typischen Feldern dieser Insel.<\/p>\n<p>Viele w\u00e4hlen diesen Ort f\u00fcr besondere Anl\u00e4sse und Hochzeiten aus. Zahlreiche G\u00e4ste haben ihn schon zu ihrem Zufluchtsort f\u00fcr den Urlaub gemacht. Die Gerichte im Son Floriana Restaurant tragen das unverwechselbare Kennzeichen des ber\u00fchmten Chefkochs Sebasti\u00e0 Bonet und die Garantie, dass alle Gerichte aus erstklassigen Zutaten zubereitet werden.<\/p>\n<p>Das BOU Restaurant im Protur Sa Coma Playa Hotel &amp; Spa mit einem Michelin-Stern ist eine weitere unserer Optionen f\u00fcr Gourmets. Es bietet sich insbesondere f\u00fcr alle G\u00e4ste an, die auf ihrer Reise Entspannung, Wellness und Gastronomie vereinen m\u00f6chten.<\/p>\n<p><strong>Andalusische Geschm\u00e4cker<\/strong><\/p>\n<p>Ohne das Mittelmeer zu verlassen, kommen wir in unser Hotel in Almer\u00eda. Hier kommt die andalusische K\u00fcche zum Zug, sodass die Gerichte den Rhythmus und die einzigartigen Farben dieser einmaligen Region widerspiegeln.<\/p>\n<p>Das Protur Roquetas Hotel &amp; Spa ist ein All-inclusive-5-Sterne-Hotel mit komplettem Buffet und mehreren Themenrestaurants. Bei diesem Angebot und dieser Vielfalt k\u00f6nnen unsere G\u00e4ste w\u00e4hrend ihres Urlaubs verschiedene Geschm\u00e4cker probieren und nat\u00fcrlich die bodenst\u00e4ndigsten Gerichte der andalusischen Gastronomie kennenlernen.<\/p>\n<p>Exotischen Feinschmeckern empfehlen wir, unser La Sal Restaurant in Roquetas, das exklusivste italienische K\u00fcche anbietet, zu besuchen. In unserem Asian Restaurant erwarten sie Gerichte der japanischen, chinesischen, thail\u00e4ndischen oder indischen K\u00fcche.<\/p>\n<p><em>Verleihen Sie Ihren Abstechern Geschmack bei <\/em><a href=\"http:\/\/protur-hotels.com\/de\/\"><em>Protur Hotels<\/em><\/a><em>!<\/em><\/p>\n","protected":false},"excerpt":{"rendered":"<p>Der Geschmack des Urlaubs Die Gastronomie geh\u00f6rt zu den Gen\u00fcssen, mit denen man vom Tisch aus durch die ganze Welt reisen kann. Bei einer Reise ist sie ein ausschlaggebender Bestandteil,&hellip;<\/p>\n","protected":false},"author":3,"featured_media":3705,"comment_status":"open","ping_status":"open","sticky":false,"template":"","format":"standard","meta":{"_lmt_disableupdate":"","_lmt_disable":"","footnotes":""},"categories":[30,99,102],"tags":[589,436,237],"class_list":["post-3710","post","type-post","status-publish","format-standard","has-post-thumbnail","hentry","category-almeria-de","category-gastronomia-de","category-mallorca-de","tag-geschmack","tag-mallorcas","tag-urlaub"],"yoast_head":"<!-- This site is optimized with the Yoast SEO plugin v26.6 - https:\/\/yoast.com\/wordpress\/plugins\/seo\/ -->\n<title>Der Geschmack des Urlaubs - Blog Protur Hotels<\/title>\n<meta name=\"description\" content=\"Der Geschmack des Urlaubs Die Gastronomie geh\u00f6rt zu den Gen\u00fcssen, mit denen man vom Tisch aus durch die ganze Welt reisen kann.\" \/>\n<meta name=\"robots\" content=\"index, follow, max-snippet:-1, max-image-preview:large, max-video-preview:-1\" \/>\n<link rel=\"canonical\" href=\"https:\/\/blog.protur-hotels.com\/de\/der-geschmack-des-urlaubs\/\" \/>\n<meta property=\"og:locale\" content=\"de_DE\" \/>\n<meta property=\"og:type\" content=\"article\" \/>\n<meta property=\"og:title\" content=\"Der Geschmack des Urlaubs - Blog Protur Hotels\" \/>\n<meta property=\"og:description\" content=\"Der Geschmack des Urlaubs Die Gastronomie geh\u00f6rt zu den Gen\u00fcssen, mit denen man vom Tisch aus durch die ganze Welt reisen kann.\" \/>\n<meta property=\"og:url\" content=\"https:\/\/blog.protur-hotels.com\/de\/der-geschmack-des-urlaubs\/\" \/>\n<meta property=\"og:site_name\" content=\"Blog Protur Hotels\" \/>\n<meta property=\"article:published_time\" content=\"2017-10-13T14:41:15+00:00\" \/>\n<meta property=\"og:image\" content=\"https:\/\/blog.protur-hotels.com\/wp-content\/uploads\/2017\/10\/El-sabor-de-la-vacaciones.jpg\" \/>\n\t<meta property=\"og:image:width\" content=\"800\" \/>\n\t<meta property=\"og:image:height\" content=\"650\" \/>\n\t<meta property=\"og:image:type\" content=\"image\/jpeg\" \/>\n<meta name=\"author\" content=\"Protur Hotels\" \/>\n<meta name=\"twitter:card\" content=\"summary_large_image\" \/>\n<meta name=\"twitter:label1\" content=\"Verfasst von\" \/>\n\t<meta name=\"twitter:data1\" content=\"Protur Hotels\" \/>\n\t<meta name=\"twitter:label2\" content=\"Gesch\u00e4tzte Lesezeit\" \/>\n\t<meta name=\"twitter:data2\" content=\"2\u00a0Minuten\" \/>\n<script type=\"application\/ld+json\" class=\"yoast-schema-graph\">{\"@context\":\"https:\/\/schema.org\",\"@graph\":[{\"@type\":\"Article\",\"@id\":\"https:\/\/blog.protur-hotels.com\/de\/der-geschmack-des-urlaubs\/#article\",\"isPartOf\":{\"@id\":\"https:\/\/blog.protur-hotels.com\/de\/der-geschmack-des-urlaubs\/\"},\"author\":{\"name\":\"Protur Hotels\",\"@id\":\"https:\/\/blog.protur-hotels.com\/#\/schema\/person\/6eac7ca6e9a32baa4716fdd5d7358326\"},\"headline\":\"Der Geschmack des Urlaubs\",\"datePublished\":\"2017-10-13T14:41:15+00:00\",\"mainEntityOfPage\":{\"@id\":\"https:\/\/blog.protur-hotels.com\/de\/der-geschmack-des-urlaubs\/\"},\"wordCount\":429,\"commentCount\":0,\"publisher\":{\"@id\":\"https:\/\/blog.protur-hotels.com\/#organization\"},\"image\":{\"@id\":\"https:\/\/blog.protur-hotels.com\/de\/der-geschmack-des-urlaubs\/#primaryimage\"},\"thumbnailUrl\":\"https:\/\/blog.protur-hotels.com\/wp-content\/uploads\/2017\/10\/El-sabor-de-la-vacaciones.jpg\",\"keywords\":[\"geschmack\",\"Mallorcas\",\"URLAUB\"],\"articleSection\":[\"Almer\u00eda\",\"Gastronomie\",\"Mallorca\"],\"inLanguage\":\"de\"},{\"@type\":\"WebPage\",\"@id\":\"https:\/\/blog.protur-hotels.com\/de\/der-geschmack-des-urlaubs\/\",\"url\":\"https:\/\/blog.protur-hotels.com\/de\/der-geschmack-des-urlaubs\/\",\"name\":\"Der Geschmack des Urlaubs - Blog Protur Hotels\",\"isPartOf\":{\"@id\":\"https:\/\/blog.protur-hotels.com\/#website\"},\"primaryImageOfPage\":{\"@id\":\"https:\/\/blog.protur-hotels.com\/de\/der-geschmack-des-urlaubs\/#primaryimage\"},\"image\":{\"@id\":\"https:\/\/blog.protur-hotels.com\/de\/der-geschmack-des-urlaubs\/#primaryimage\"},\"thumbnailUrl\":\"https:\/\/blog.protur-hotels.com\/wp-content\/uploads\/2017\/10\/El-sabor-de-la-vacaciones.jpg\",\"datePublished\":\"2017-10-13T14:41:15+00:00\",\"description\":\"Der Geschmack des Urlaubs Die Gastronomie geh\u00f6rt zu den Gen\u00fcssen, mit denen man vom Tisch aus durch die ganze Welt reisen kann.\",\"breadcrumb\":{\"@id\":\"https:\/\/blog.protur-hotels.com\/de\/der-geschmack-des-urlaubs\/#breadcrumb\"},\"inLanguage\":\"de\",\"potentialAction\":[{\"@type\":\"ReadAction\",\"target\":[\"https:\/\/blog.protur-hotels.com\/de\/der-geschmack-des-urlaubs\/\"]}]},{\"@type\":\"ImageObject\",\"inLanguage\":\"de\",\"@id\":\"https:\/\/blog.protur-hotels.com\/de\/der-geschmack-des-urlaubs\/#primaryimage\",\"url\":\"https:\/\/blog.protur-hotels.com\/wp-content\/uploads\/2017\/10\/El-sabor-de-la-vacaciones.jpg\",\"contentUrl\":\"https:\/\/blog.protur-hotels.com\/wp-content\/uploads\/2017\/10\/El-sabor-de-la-vacaciones.jpg\",\"width\":800,\"height\":650,\"caption\":\"El-sabor-de-la- vacaciones-Geschmack-flavours-saveur-\u043f\u0443\u0442\u0435\u0448\u0435\u0441\u0442\u0432\u0438\u044f\"},{\"@type\":\"BreadcrumbList\",\"@id\":\"https:\/\/blog.protur-hotels.com\/de\/der-geschmack-des-urlaubs\/#breadcrumb\",\"itemListElement\":[{\"@type\":\"ListItem\",\"position\":1,\"name\":\"Portada\",\"item\":\"https:\/\/blog.protur-hotels.com\/\"},{\"@type\":\"ListItem\",\"position\":2,\"name\":\"Der Geschmack des Urlaubs\"}]},{\"@type\":\"WebSite\",\"@id\":\"https:\/\/blog.protur-hotels.com\/#website\",\"url\":\"https:\/\/blog.protur-hotels.com\/\",\"name\":\"Blog Protur Hotels\",\"description\":\"Un Blog para viajeros\",\"publisher\":{\"@id\":\"https:\/\/blog.protur-hotels.com\/#organization\"},\"potentialAction\":[{\"@type\":\"SearchAction\",\"target\":{\"@type\":\"EntryPoint\",\"urlTemplate\":\"https:\/\/blog.protur-hotels.com\/?s={search_term_string}\"},\"query-input\":{\"@type\":\"PropertyValueSpecification\",\"valueRequired\":true,\"valueName\":\"search_term_string\"}}],\"inLanguage\":\"de\"},{\"@type\":\"Organization\",\"@id\":\"https:\/\/blog.protur-hotels.com\/#organization\",\"name\":\"Blog Protur Hotels\",\"url\":\"https:\/\/blog.protur-hotels.com\/\",\"logo\":{\"@type\":\"ImageObject\",\"inLanguage\":\"de\",\"@id\":\"https:\/\/blog.protur-hotels.com\/#\/schema\/logo\/image\/\",\"url\":\"https:\/\/blog.protur-hotels.com\/wp-content\/uploads\/2020\/03\/blog-protur-hotels-mallorca.png\",\"contentUrl\":\"https:\/\/blog.protur-hotels.com\/wp-content\/uploads\/2020\/03\/blog-protur-hotels-mallorca.png\",\"width\":1422,\"height\":894,\"caption\":\"Blog Protur Hotels\"},\"image\":{\"@id\":\"https:\/\/blog.protur-hotels.com\/#\/schema\/logo\/image\/\"}},{\"@type\":\"Person\",\"@id\":\"https:\/\/blog.protur-hotels.com\/#\/schema\/person\/6eac7ca6e9a32baa4716fdd5d7358326\",\"name\":\"Protur Hotels\"}]}<\/script>\n<!-- \/ Yoast SEO plugin. -->","yoast_head_json":{"title":"Der Geschmack des Urlaubs - Blog Protur Hotels","description":"Der Geschmack des Urlaubs Die Gastronomie geh\u00f6rt zu den Gen\u00fcssen, mit denen man vom Tisch aus durch die ganze Welt reisen kann.","robots":{"index":"index","follow":"follow","max-snippet":"max-snippet:-1","max-image-preview":"max-image-preview:large","max-video-preview":"max-video-preview:-1"},"canonical":"https:\/\/blog.protur-hotels.com\/de\/der-geschmack-des-urlaubs\/","og_locale":"de_DE","og_type":"article","og_title":"Der Geschmack des Urlaubs - Blog Protur Hotels","og_description":"Der Geschmack des Urlaubs Die Gastronomie geh\u00f6rt zu den Gen\u00fcssen, mit denen man vom Tisch aus durch die ganze Welt reisen kann.","og_url":"https:\/\/blog.protur-hotels.com\/de\/der-geschmack-des-urlaubs\/","og_site_name":"Blog Protur Hotels","article_published_time":"2017-10-13T14:41:15+00:00","og_image":[{"width":800,"height":650,"url":"https:\/\/blog.protur-hotels.com\/wp-content\/uploads\/2017\/10\/El-sabor-de-la-vacaciones.jpg","type":"image\/jpeg"}],"author":"Protur Hotels","twitter_card":"summary_large_image","twitter_misc":{"Verfasst von":"Protur Hotels","Gesch\u00e4tzte Lesezeit":"2\u00a0Minuten"},"schema":{"@context":"https:\/\/schema.org","@graph":[{"@type":"Article","@id":"https:\/\/blog.protur-hotels.com\/de\/der-geschmack-des-urlaubs\/#article","isPartOf":{"@id":"https:\/\/blog.protur-hotels.com\/de\/der-geschmack-des-urlaubs\/"},"author":{"name":"Protur Hotels","@id":"https:\/\/blog.protur-hotels.com\/#\/schema\/person\/6eac7ca6e9a32baa4716fdd5d7358326"},"headline":"Der Geschmack des Urlaubs","datePublished":"2017-10-13T14:41:15+00:00","mainEntityOfPage":{"@id":"https:\/\/blog.protur-hotels.com\/de\/der-geschmack-des-urlaubs\/"},"wordCount":429,"commentCount":0,"publisher":{"@id":"https:\/\/blog.protur-hotels.com\/#organization"},"image":{"@id":"https:\/\/blog.protur-hotels.com\/de\/der-geschmack-des-urlaubs\/#primaryimage"},"thumbnailUrl":"https:\/\/blog.protur-hotels.com\/wp-content\/uploads\/2017\/10\/El-sabor-de-la-vacaciones.jpg","keywords":["geschmack","Mallorcas","URLAUB"],"articleSection":["Almer\u00eda","Gastronomie","Mallorca"],"inLanguage":"de"},{"@type":"WebPage","@id":"https:\/\/blog.protur-hotels.com\/de\/der-geschmack-des-urlaubs\/","url":"https:\/\/blog.protur-hotels.com\/de\/der-geschmack-des-urlaubs\/","name":"Der Geschmack des Urlaubs - Blog Protur Hotels","isPartOf":{"@id":"https:\/\/blog.protur-hotels.com\/#website"},"primaryImageOfPage":{"@id":"https:\/\/blog.protur-hotels.com\/de\/der-geschmack-des-urlaubs\/#primaryimage"},"image":{"@id":"https:\/\/blog.protur-hotels.com\/de\/der-geschmack-des-urlaubs\/#primaryimage"},"thumbnailUrl":"https:\/\/blog.protur-hotels.com\/wp-content\/uploads\/2017\/10\/El-sabor-de-la-vacaciones.jpg","datePublished":"2017-10-13T14:41:15+00:00","description":"Der Geschmack des Urlaubs Die Gastronomie geh\u00f6rt zu den Gen\u00fcssen, mit denen man vom Tisch aus durch die ganze Welt reisen kann.","breadcrumb":{"@id":"https:\/\/blog.protur-hotels.com\/de\/der-geschmack-des-urlaubs\/#breadcrumb"},"inLanguage":"de","potentialAction":[{"@type":"ReadAction","target":["https:\/\/blog.protur-hotels.com\/de\/der-geschmack-des-urlaubs\/"]}]},{"@type":"ImageObject","inLanguage":"de","@id":"https:\/\/blog.protur-hotels.com\/de\/der-geschmack-des-urlaubs\/#primaryimage","url":"https:\/\/blog.protur-hotels.com\/wp-content\/uploads\/2017\/10\/El-sabor-de-la-vacaciones.jpg","contentUrl":"https:\/\/blog.protur-hotels.com\/wp-content\/uploads\/2017\/10\/El-sabor-de-la-vacaciones.jpg","width":800,"height":650,"caption":"El-sabor-de-la- vacaciones-Geschmack-flavours-saveur-\u043f\u0443\u0442\u0435\u0448\u0435\u0441\u0442\u0432\u0438\u044f"},{"@type":"BreadcrumbList","@id":"https:\/\/blog.protur-hotels.com\/de\/der-geschmack-des-urlaubs\/#breadcrumb","itemListElement":[{"@type":"ListItem","position":1,"name":"Portada","item":"https:\/\/blog.protur-hotels.com\/"},{"@type":"ListItem","position":2,"name":"Der Geschmack des Urlaubs"}]},{"@type":"WebSite","@id":"https:\/\/blog.protur-hotels.com\/#website","url":"https:\/\/blog.protur-hotels.com\/","name":"Blog Protur Hotels","description":"Un Blog para viajeros","publisher":{"@id":"https:\/\/blog.protur-hotels.com\/#organization"},"potentialAction":[{"@type":"SearchAction","target":{"@type":"EntryPoint","urlTemplate":"https:\/\/blog.protur-hotels.com\/?s={search_term_string}"},"query-input":{"@type":"PropertyValueSpecification","valueRequired":true,"valueName":"search_term_string"}}],"inLanguage":"de"},{"@type":"Organization","@id":"https:\/\/blog.protur-hotels.com\/#organization","name":"Blog Protur Hotels","url":"https:\/\/blog.protur-hotels.com\/","logo":{"@type":"ImageObject","inLanguage":"de","@id":"https:\/\/blog.protur-hotels.com\/#\/schema\/logo\/image\/","url":"https:\/\/blog.protur-hotels.com\/wp-content\/uploads\/2020\/03\/blog-protur-hotels-mallorca.png","contentUrl":"https:\/\/blog.protur-hotels.com\/wp-content\/uploads\/2020\/03\/blog-protur-hotels-mallorca.png","width":1422,"height":894,"caption":"Blog Protur Hotels"},"image":{"@id":"https:\/\/blog.protur-hotels.com\/#\/schema\/logo\/image\/"}},{"@type":"Person","@id":"https:\/\/blog.protur-hotels.com\/#\/schema\/person\/6eac7ca6e9a32baa4716fdd5d7358326","name":"Protur Hotels"}]}},"_links":{"self":[{"href":"https:\/\/blog.protur-hotels.com\/de\/wp-json\/wp\/v2\/posts\/3710","targetHints":{"allow":["GET"]}}],"collection":[{"href":"https:\/\/blog.protur-hotels.com\/de\/wp-json\/wp\/v2\/posts"}],"about":[{"href":"https:\/\/blog.protur-hotels.com\/de\/wp-json\/wp\/v2\/types\/post"}],"author":[{"embeddable":true,"href":"https:\/\/blog.protur-hotels.com\/de\/wp-json\/wp\/v2\/users\/3"}],"replies":[{"embeddable":true,"href":"https:\/\/blog.protur-hotels.com\/de\/wp-json\/wp\/v2\/comments?post=3710"}],"version-history":[{"count":0,"href":"https:\/\/blog.protur-hotels.com\/de\/wp-json\/wp\/v2\/posts\/3710\/revisions"}],"wp:featuredmedia":[{"embeddable":true,"href":"https:\/\/blog.protur-hotels.com\/de\/wp-json\/wp\/v2\/media\/3705"}],"wp:attachment":[{"href":"https:\/\/blog.protur-hotels.com\/de\/wp-json\/wp\/v2\/media?parent=3710"}],"wp:term":[{"taxonomy":"category","embeddable":true,"href":"https:\/\/blog.protur-hotels.com\/de\/wp-json\/wp\/v2\/categories?post=3710"},{"taxonomy":"post_tag","embeddable":true,"href":"https:\/\/blog.protur-hotels.com\/de\/wp-json\/wp\/v2\/tags?post=3710"}],"curies":[{"name":"wp","href":"https:\/\/api.w.org\/{rel}","templated":true}]}}