{"id":3730,"date":"2017-10-31T07:56:24","date_gmt":"2017-10-31T07:56:24","guid":{"rendered":"https:\/\/blog.protur-hotels.com\/de\/?p=3730"},"modified":"2017-10-31T07:56:24","modified_gmt":"2017-10-31T07:56:24","slug":"feiern-sie-dieses-jahr-halloween-auf-mallorca","status":"publish","type":"post","link":"https:\/\/blog.protur-hotels.com\/de\/feiern-sie-dieses-jahr-halloween-auf-mallorca\/","title":{"rendered":"Feiern Sie dieses Jahr Halloween auf Mallorca"},"content":{"rendered":"<p><strong>Feiern Sie dieses Jahr Halloween auf Mallorca<\/strong><\/p>\n<p>Suchen Sie noch nach einer Ausrede, um im Herbst den Alltagstrott hinter sich zu lassen? Dann geben wir Ihnen eine Empfehlung: Kommen Sie zu uns auf Mallorca, um Halloween zu feiern! Buchen Sie Ende Oktober ein paar Tage bei uns und feiern Sie diese magische, mysteri\u00f6se und schaurige Nacht mit viel Humor bei uns!<\/p>\n<p>Die ber\u00fchmte Hexennacht, Totennacht, Samhain oder die Nacht vor Allerheiligen ist weltweit durch die angels\u00e4chsische Tradition von Halloween \u2013 das sich von <em>All<\/em> <em>Hallows Eve<\/em> ableitet und nichts anderes als \u201eNacht vor Allerheiligen\u201c bedeutet &#8211; bekannt. Ihr Ursprung scheint in der Verbindung der christlichen Tradition, an einem Tag alle Verstorbenen zu ehren, und dem keltischen Gebrauch der Feier des Sommerendes zu liegen.<\/p>\n<p>Das Ergebnis aus dieser eigenartigen Mischung ist ein Fest mit sehr eigenartigen Wesen. Es ist wie Karneval, nur dass in diesem Fall nur diejenigen mitmachen d\u00fcrfen, die als Vampire, Gespenster, Zombies und mysteri\u00f6se Wesen auf der Suche nach Bonbons und Vergn\u00fcgen verkleidet sind. Diese lustige Art, diese Anl\u00e4sse anzugehen, scheint sich auf der ganzen Welt durchgesetzt zu haben und Halloween geh\u00f6rt einfach dazu &#8211; egal wo man sich gerade befindet und insbesondere dann, wenn man Kinder hat.<\/p>\n<p>Wir bei Protur Hotels m\u00f6chten, dass Sie diesen besonderen Termin zum Anlass nehmen, sich 4 oder 5 Tage freizunehmen und das herrliche Klima auf unserer Insel zu genie\u00dfen. Ruhe, einsame Str\u00e4nde f\u00fcr Sie ganz allein und die beeindruckende Natur im Tramuntana Hochland! Unsere Hotels auf Mallorcas bieten Ihnen und Ihren Lieben alle Programme und Geheimnisse, um sich vom Sommer zu verabschieden und die Wesen im Jenseits zu ehren.<\/p>\n<p>Um es unseren Protur-Klubg\u00e4sten noch einfacher zu machen, bieten wir ein exklusives Herbstangebot mit 15\u00a0% Rabatt auf den \u00fcblichen Hotelpreis bei einer Mindestbuchung von 4 N\u00e4chten in folgenden Hotels:<\/p>\n<p><a href=\"http:\/\/protur-hotels.com\/hoteles-en-mallorca\/protur-biomar-gran-hotel-spa\">Protur Biomar Gran Hotel &amp; Spa<\/a><\/p>\n<p><a href=\"http:\/\/protur-hotels.com\/hoteles-en-mallorca\/protur-sa-coma-playa-hotel-spa\">Protur Sa Coma Playa Hotel &amp; Spa<\/a><\/p>\n<p><a href=\"http:\/\/protur-hotels.com\/hoteles-en-mallorca\/protur-palmeras-playa-hotel\">Protur Palmeras Playa Aparthotel<\/a><\/p>\n<p><a href=\"http:\/\/protur-hotels.com\/hoteles-en-mallorca\/protur-vista-badia-aparthotel\">Protur Vista Bad\u00eda Aparthotel<\/a><\/p>\n<p><a href=\"http:\/\/protur-hotels.com\/hoteles-en-mallorca\/protur-safari-park-aparthotel\">Protur Safari Park Aparthotel<\/a><\/p>\n<p><a href=\"http:\/\/protur-hotels.com\/hoteles-en-mallorca\/protur-bonamar-hotel\">Protur Bonamar Hotel <\/a><\/p>\n<p><a href=\"http:\/\/protur-hotels.com\/hoteles-en-mallorca\/protur-turo-pins-hotel-spa\">Protur Tur\u00f3 Pins Aparthotel<\/a><\/p>\n<p><a href=\"http:\/\/protur-hotels.com\/hoteles-en-mallorca\/residencia-son-floriana-restaurante\">Residencia Restaurant Son Floriana<\/a><\/p>\n<p>Protur Floriana Resort Aparthotel<\/p>\n<p>Sollten Sie noch nicht Klubmitglied von Protur sein, k\u00f6nnen Sie sich jetzt anmelden und sich den wohlverdienten Abschied vom Sommer g\u00f6nnen. Denken Sie bitte daran, dass dieses Angebot nur f\u00fcr direkte Buchungen auf unserer Homepage wie auch nur bis zum 31.\u00a0Oktober f\u00fcr Buchungen mit mindestens 4 \u00dcbernachtungen gilt.<\/p>\n<p>Wir freuen uns auf Ihren Besuch auf Mallorca!<\/p>\n<p><em>Feiern Sie Halloween&#8230; bei <\/em><a href=\"http:\/\/protur-hotels.com\/de\/\"><em>Protur Hotels<\/em><\/a><em><u>!<\/u><\/em><\/p>\n","protected":false},"excerpt":{"rendered":"<p>Feiern Sie dieses Jahr Halloween auf Mallorca Suchen Sie noch nach einer Ausrede, um im Herbst den Alltagstrott hinter sich zu lassen? Dann geben wir Ihnen eine Empfehlung: Kommen Sie&hellip;<\/p>\n","protected":false},"author":3,"featured_media":3722,"comment_status":"open","ping_status":"open","sticky":false,"template":"","format":"standard","meta":{"_lmt_disableupdate":"","_lmt_disable":"","footnotes":""},"categories":[132,102,782,78,83],"tags":[880,160,344],"class_list":["post-3730","post","type-post","status-publish","format-standard","has-post-thumbnail","hentry","category-ninos-de","category-mallorca-de","category-urlaub","category-evento-de","category-ferias-de","tag-halloween","tag-holidays","tag-kindern"],"yoast_head":"<!-- This site is optimized with the Yoast SEO plugin v26.6 - https:\/\/yoast.com\/wordpress\/plugins\/seo\/ -->\n<title>Feiern Sie dieses Jahr Halloween auf Mallorca - Blog Protur Hotels<\/title>\n<meta name=\"description\" content=\"Feiern Sie dieses Jahr Halloween Suchen Sie noch nach einer Ausrede, um im Herbst den Alltagstrott hinter sich zu lassen?\" \/>\n<meta name=\"robots\" content=\"index, follow, max-snippet:-1, max-image-preview:large, max-video-preview:-1\" \/>\n<link rel=\"canonical\" href=\"https:\/\/blog.protur-hotels.com\/de\/feiern-sie-dieses-jahr-halloween-auf-mallorca\/\" \/>\n<meta property=\"og:locale\" content=\"de_DE\" \/>\n<meta property=\"og:type\" content=\"article\" \/>\n<meta property=\"og:title\" content=\"Feiern Sie dieses Jahr Halloween auf Mallorca - Blog Protur Hotels\" \/>\n<meta property=\"og:description\" content=\"Feiern Sie dieses Jahr Halloween Suchen Sie noch nach einer Ausrede, um im Herbst den Alltagstrott hinter sich zu lassen?\" \/>\n<meta property=\"og:url\" content=\"https:\/\/blog.protur-hotels.com\/de\/feiern-sie-dieses-jahr-halloween-auf-mallorca\/\" \/>\n<meta property=\"og:site_name\" content=\"Blog Protur Hotels\" \/>\n<meta property=\"article:published_time\" content=\"2017-10-31T07:56:24+00:00\" \/>\n<meta property=\"og:image\" content=\"https:\/\/blog.protur-hotels.com\/wp-content\/uploads\/2017\/10\/Sin-nombre.png\" \/>\n\t<meta property=\"og:image:width\" content=\"800\" \/>\n\t<meta property=\"og:image:height\" content=\"650\" \/>\n\t<meta property=\"og:image:type\" content=\"image\/png\" \/>\n<meta name=\"author\" content=\"Protur Hotels\" \/>\n<meta name=\"twitter:card\" content=\"summary_large_image\" \/>\n<meta name=\"twitter:label1\" content=\"Verfasst von\" \/>\n\t<meta name=\"twitter:data1\" content=\"Protur Hotels\" \/>\n\t<meta name=\"twitter:label2\" content=\"Gesch\u00e4tzte Lesezeit\" \/>\n\t<meta name=\"twitter:data2\" content=\"2\u00a0Minuten\" \/>\n<script type=\"application\/ld+json\" class=\"yoast-schema-graph\">{\"@context\":\"https:\/\/schema.org\",\"@graph\":[{\"@type\":\"Article\",\"@id\":\"https:\/\/blog.protur-hotels.com\/de\/feiern-sie-dieses-jahr-halloween-auf-mallorca\/#article\",\"isPartOf\":{\"@id\":\"https:\/\/blog.protur-hotels.com\/de\/feiern-sie-dieses-jahr-halloween-auf-mallorca\/\"},\"author\":{\"name\":\"Protur Hotels\",\"@id\":\"https:\/\/blog.protur-hotels.com\/#\/schema\/person\/6eac7ca6e9a32baa4716fdd5d7358326\"},\"headline\":\"Feiern Sie dieses Jahr Halloween auf Mallorca\",\"datePublished\":\"2017-10-31T07:56:24+00:00\",\"mainEntityOfPage\":{\"@id\":\"https:\/\/blog.protur-hotels.com\/de\/feiern-sie-dieses-jahr-halloween-auf-mallorca\/\"},\"wordCount\":419,\"commentCount\":0,\"publisher\":{\"@id\":\"https:\/\/blog.protur-hotels.com\/#organization\"},\"image\":{\"@id\":\"https:\/\/blog.protur-hotels.com\/de\/feiern-sie-dieses-jahr-halloween-auf-mallorca\/#primaryimage\"},\"thumbnailUrl\":\"https:\/\/blog.protur-hotels.com\/wp-content\/uploads\/2017\/10\/Sin-nombre.png\",\"keywords\":[\"Halloween\",\"Holidays\",\"Kindern\"],\"articleSection\":[\"Kinder\",\"Mallorca\",\"urlaub\",\"Veranstaltungen\",\"Volksfeste\"],\"inLanguage\":\"de\"},{\"@type\":\"WebPage\",\"@id\":\"https:\/\/blog.protur-hotels.com\/de\/feiern-sie-dieses-jahr-halloween-auf-mallorca\/\",\"url\":\"https:\/\/blog.protur-hotels.com\/de\/feiern-sie-dieses-jahr-halloween-auf-mallorca\/\",\"name\":\"Feiern Sie dieses Jahr Halloween auf Mallorca - Blog Protur Hotels\",\"isPartOf\":{\"@id\":\"https:\/\/blog.protur-hotels.com\/#website\"},\"primaryImageOfPage\":{\"@id\":\"https:\/\/blog.protur-hotels.com\/de\/feiern-sie-dieses-jahr-halloween-auf-mallorca\/#primaryimage\"},\"image\":{\"@id\":\"https:\/\/blog.protur-hotels.com\/de\/feiern-sie-dieses-jahr-halloween-auf-mallorca\/#primaryimage\"},\"thumbnailUrl\":\"https:\/\/blog.protur-hotels.com\/wp-content\/uploads\/2017\/10\/Sin-nombre.png\",\"datePublished\":\"2017-10-31T07:56:24+00:00\",\"description\":\"Feiern Sie dieses Jahr Halloween Suchen Sie noch nach einer Ausrede, um im Herbst den Alltagstrott hinter sich zu lassen?\",\"breadcrumb\":{\"@id\":\"https:\/\/blog.protur-hotels.com\/de\/feiern-sie-dieses-jahr-halloween-auf-mallorca\/#breadcrumb\"},\"inLanguage\":\"de\",\"potentialAction\":[{\"@type\":\"ReadAction\",\"target\":[\"https:\/\/blog.protur-hotels.com\/de\/feiern-sie-dieses-jahr-halloween-auf-mallorca\/\"]}]},{\"@type\":\"ImageObject\",\"inLanguage\":\"de\",\"@id\":\"https:\/\/blog.protur-hotels.com\/de\/feiern-sie-dieses-jahr-halloween-auf-mallorca\/#primaryimage\",\"url\":\"https:\/\/blog.protur-hotels.com\/wp-content\/uploads\/2017\/10\/Sin-nombre.png\",\"contentUrl\":\"https:\/\/blog.protur-hotels.com\/wp-content\/uploads\/2017\/10\/Sin-nombre.png\",\"width\":800,\"height\":650,\"caption\":\"Celebra este Halloween en Mallorca - \u0425\u044d\u043b\u043b\u043e\u0443\u0438\u043d\"},{\"@type\":\"BreadcrumbList\",\"@id\":\"https:\/\/blog.protur-hotels.com\/de\/feiern-sie-dieses-jahr-halloween-auf-mallorca\/#breadcrumb\",\"itemListElement\":[{\"@type\":\"ListItem\",\"position\":1,\"name\":\"Portada\",\"item\":\"https:\/\/blog.protur-hotels.com\/\"},{\"@type\":\"ListItem\",\"position\":2,\"name\":\"Feiern Sie dieses Jahr Halloween auf Mallorca\"}]},{\"@type\":\"WebSite\",\"@id\":\"https:\/\/blog.protur-hotels.com\/#website\",\"url\":\"https:\/\/blog.protur-hotels.com\/\",\"name\":\"Blog Protur Hotels\",\"description\":\"Un Blog para viajeros\",\"publisher\":{\"@id\":\"https:\/\/blog.protur-hotels.com\/#organization\"},\"potentialAction\":[{\"@type\":\"SearchAction\",\"target\":{\"@type\":\"EntryPoint\",\"urlTemplate\":\"https:\/\/blog.protur-hotels.com\/?s={search_term_string}\"},\"query-input\":{\"@type\":\"PropertyValueSpecification\",\"valueRequired\":true,\"valueName\":\"search_term_string\"}}],\"inLanguage\":\"de\"},{\"@type\":\"Organization\",\"@id\":\"https:\/\/blog.protur-hotels.com\/#organization\",\"name\":\"Blog Protur Hotels\",\"url\":\"https:\/\/blog.protur-hotels.com\/\",\"logo\":{\"@type\":\"ImageObject\",\"inLanguage\":\"de\",\"@id\":\"https:\/\/blog.protur-hotels.com\/#\/schema\/logo\/image\/\",\"url\":\"https:\/\/blog.protur-hotels.com\/wp-content\/uploads\/2020\/03\/blog-protur-hotels-mallorca.png\",\"contentUrl\":\"https:\/\/blog.protur-hotels.com\/wp-content\/uploads\/2020\/03\/blog-protur-hotels-mallorca.png\",\"width\":1422,\"height\":894,\"caption\":\"Blog Protur Hotels\"},\"image\":{\"@id\":\"https:\/\/blog.protur-hotels.com\/#\/schema\/logo\/image\/\"}},{\"@type\":\"Person\",\"@id\":\"https:\/\/blog.protur-hotels.com\/#\/schema\/person\/6eac7ca6e9a32baa4716fdd5d7358326\",\"name\":\"Protur Hotels\"}]}<\/script>\n<!-- \/ Yoast SEO plugin. -->","yoast_head_json":{"title":"Feiern Sie dieses Jahr Halloween auf Mallorca - Blog Protur Hotels","description":"Feiern Sie dieses Jahr Halloween Suchen Sie noch nach einer Ausrede, um im Herbst den Alltagstrott hinter sich zu lassen?","robots":{"index":"index","follow":"follow","max-snippet":"max-snippet:-1","max-image-preview":"max-image-preview:large","max-video-preview":"max-video-preview:-1"},"canonical":"https:\/\/blog.protur-hotels.com\/de\/feiern-sie-dieses-jahr-halloween-auf-mallorca\/","og_locale":"de_DE","og_type":"article","og_title":"Feiern Sie dieses Jahr Halloween auf Mallorca - Blog Protur Hotels","og_description":"Feiern Sie dieses Jahr Halloween Suchen Sie noch nach einer Ausrede, um im Herbst den Alltagstrott hinter sich zu lassen?","og_url":"https:\/\/blog.protur-hotels.com\/de\/feiern-sie-dieses-jahr-halloween-auf-mallorca\/","og_site_name":"Blog Protur Hotels","article_published_time":"2017-10-31T07:56:24+00:00","og_image":[{"width":800,"height":650,"url":"https:\/\/blog.protur-hotels.com\/wp-content\/uploads\/2017\/10\/Sin-nombre.png","type":"image\/png"}],"author":"Protur Hotels","twitter_card":"summary_large_image","twitter_misc":{"Verfasst von":"Protur Hotels","Gesch\u00e4tzte Lesezeit":"2\u00a0Minuten"},"schema":{"@context":"https:\/\/schema.org","@graph":[{"@type":"Article","@id":"https:\/\/blog.protur-hotels.com\/de\/feiern-sie-dieses-jahr-halloween-auf-mallorca\/#article","isPartOf":{"@id":"https:\/\/blog.protur-hotels.com\/de\/feiern-sie-dieses-jahr-halloween-auf-mallorca\/"},"author":{"name":"Protur Hotels","@id":"https:\/\/blog.protur-hotels.com\/#\/schema\/person\/6eac7ca6e9a32baa4716fdd5d7358326"},"headline":"Feiern Sie dieses Jahr Halloween auf Mallorca","datePublished":"2017-10-31T07:56:24+00:00","mainEntityOfPage":{"@id":"https:\/\/blog.protur-hotels.com\/de\/feiern-sie-dieses-jahr-halloween-auf-mallorca\/"},"wordCount":419,"commentCount":0,"publisher":{"@id":"https:\/\/blog.protur-hotels.com\/#organization"},"image":{"@id":"https:\/\/blog.protur-hotels.com\/de\/feiern-sie-dieses-jahr-halloween-auf-mallorca\/#primaryimage"},"thumbnailUrl":"https:\/\/blog.protur-hotels.com\/wp-content\/uploads\/2017\/10\/Sin-nombre.png","keywords":["Halloween","Holidays","Kindern"],"articleSection":["Kinder","Mallorca","urlaub","Veranstaltungen","Volksfeste"],"inLanguage":"de"},{"@type":"WebPage","@id":"https:\/\/blog.protur-hotels.com\/de\/feiern-sie-dieses-jahr-halloween-auf-mallorca\/","url":"https:\/\/blog.protur-hotels.com\/de\/feiern-sie-dieses-jahr-halloween-auf-mallorca\/","name":"Feiern Sie dieses Jahr Halloween auf Mallorca - Blog Protur Hotels","isPartOf":{"@id":"https:\/\/blog.protur-hotels.com\/#website"},"primaryImageOfPage":{"@id":"https:\/\/blog.protur-hotels.com\/de\/feiern-sie-dieses-jahr-halloween-auf-mallorca\/#primaryimage"},"image":{"@id":"https:\/\/blog.protur-hotels.com\/de\/feiern-sie-dieses-jahr-halloween-auf-mallorca\/#primaryimage"},"thumbnailUrl":"https:\/\/blog.protur-hotels.com\/wp-content\/uploads\/2017\/10\/Sin-nombre.png","datePublished":"2017-10-31T07:56:24+00:00","description":"Feiern Sie dieses Jahr Halloween Suchen Sie noch nach einer Ausrede, um im Herbst den Alltagstrott hinter sich zu lassen?","breadcrumb":{"@id":"https:\/\/blog.protur-hotels.com\/de\/feiern-sie-dieses-jahr-halloween-auf-mallorca\/#breadcrumb"},"inLanguage":"de","potentialAction":[{"@type":"ReadAction","target":["https:\/\/blog.protur-hotels.com\/de\/feiern-sie-dieses-jahr-halloween-auf-mallorca\/"]}]},{"@type":"ImageObject","inLanguage":"de","@id":"https:\/\/blog.protur-hotels.com\/de\/feiern-sie-dieses-jahr-halloween-auf-mallorca\/#primaryimage","url":"https:\/\/blog.protur-hotels.com\/wp-content\/uploads\/2017\/10\/Sin-nombre.png","contentUrl":"https:\/\/blog.protur-hotels.com\/wp-content\/uploads\/2017\/10\/Sin-nombre.png","width":800,"height":650,"caption":"Celebra este Halloween en Mallorca - \u0425\u044d\u043b\u043b\u043e\u0443\u0438\u043d"},{"@type":"BreadcrumbList","@id":"https:\/\/blog.protur-hotels.com\/de\/feiern-sie-dieses-jahr-halloween-auf-mallorca\/#breadcrumb","itemListElement":[{"@type":"ListItem","position":1,"name":"Portada","item":"https:\/\/blog.protur-hotels.com\/"},{"@type":"ListItem","position":2,"name":"Feiern Sie dieses Jahr Halloween auf Mallorca"}]},{"@type":"WebSite","@id":"https:\/\/blog.protur-hotels.com\/#website","url":"https:\/\/blog.protur-hotels.com\/","name":"Blog Protur Hotels","description":"Un Blog para viajeros","publisher":{"@id":"https:\/\/blog.protur-hotels.com\/#organization"},"potentialAction":[{"@type":"SearchAction","target":{"@type":"EntryPoint","urlTemplate":"https:\/\/blog.protur-hotels.com\/?s={search_term_string}"},"query-input":{"@type":"PropertyValueSpecification","valueRequired":true,"valueName":"search_term_string"}}],"inLanguage":"de"},{"@type":"Organization","@id":"https:\/\/blog.protur-hotels.com\/#organization","name":"Blog Protur Hotels","url":"https:\/\/blog.protur-hotels.com\/","logo":{"@type":"ImageObject","inLanguage":"de","@id":"https:\/\/blog.protur-hotels.com\/#\/schema\/logo\/image\/","url":"https:\/\/blog.protur-hotels.com\/wp-content\/uploads\/2020\/03\/blog-protur-hotels-mallorca.png","contentUrl":"https:\/\/blog.protur-hotels.com\/wp-content\/uploads\/2020\/03\/blog-protur-hotels-mallorca.png","width":1422,"height":894,"caption":"Blog Protur Hotels"},"image":{"@id":"https:\/\/blog.protur-hotels.com\/#\/schema\/logo\/image\/"}},{"@type":"Person","@id":"https:\/\/blog.protur-hotels.com\/#\/schema\/person\/6eac7ca6e9a32baa4716fdd5d7358326","name":"Protur Hotels"}]}},"_links":{"self":[{"href":"https:\/\/blog.protur-hotels.com\/de\/wp-json\/wp\/v2\/posts\/3730","targetHints":{"allow":["GET"]}}],"collection":[{"href":"https:\/\/blog.protur-hotels.com\/de\/wp-json\/wp\/v2\/posts"}],"about":[{"href":"https:\/\/blog.protur-hotels.com\/de\/wp-json\/wp\/v2\/types\/post"}],"author":[{"embeddable":true,"href":"https:\/\/blog.protur-hotels.com\/de\/wp-json\/wp\/v2\/users\/3"}],"replies":[{"embeddable":true,"href":"https:\/\/blog.protur-hotels.com\/de\/wp-json\/wp\/v2\/comments?post=3730"}],"version-history":[{"count":0,"href":"https:\/\/blog.protur-hotels.com\/de\/wp-json\/wp\/v2\/posts\/3730\/revisions"}],"wp:featuredmedia":[{"embeddable":true,"href":"https:\/\/blog.protur-hotels.com\/de\/wp-json\/wp\/v2\/media\/3722"}],"wp:attachment":[{"href":"https:\/\/blog.protur-hotels.com\/de\/wp-json\/wp\/v2\/media?parent=3730"}],"wp:term":[{"taxonomy":"category","embeddable":true,"href":"https:\/\/blog.protur-hotels.com\/de\/wp-json\/wp\/v2\/categories?post=3730"},{"taxonomy":"post_tag","embeddable":true,"href":"https:\/\/blog.protur-hotels.com\/de\/wp-json\/wp\/v2\/tags?post=3730"}],"curies":[{"name":"wp","href":"https:\/\/api.w.org\/{rel}","templated":true}]}}