{"id":3880,"date":"2018-02-22T11:52:57","date_gmt":"2018-02-22T11:52:57","guid":{"rendered":"https:\/\/blog.protur-hotels.com\/de\/?p=3880"},"modified":"2018-02-23T08:25:13","modified_gmt":"2018-02-23T08:25:13","slug":"elf-autonome-regionen-bewerben-sich-fuer-den-kochloeffel","status":"publish","type":"post","link":"https:\/\/blog.protur-hotels.com\/de\/elf-autonome-regionen-bewerben-sich-fuer-den-kochloeffel\/","title":{"rendered":"Elf autonome Regionen bewerben sich f\u00fcr den Kochl\u00f6ffel"},"content":{"rendered":"<p>Elf autonome Regionen bewerben sich f\u00fcr den Kochl\u00f6ffel<\/p>\n<p>DER NATIONALE KOCHWETTBEWERB, DER F\u00dcR 4 TAGE DIE INSEL MALLORCA ZU EINEM BEDEUTENDEN TERMIN F\u00dcR DIE BESTEN K\u00dcCHENSCHULEN WANDELT<\/p>\n<p>Palma de Mallorca am, 21. Februar 2018, nach dem Erfolg in der ersten Auflage des Nationalen Kochwettbewerbs Protur Chef hat dieser sich schon zu einem wichtigen Termin im nationalen Kalender der renommiertesten Kochschulen konsolidiert, Teilnehmer aus elf autonomen Regionen haben sich f\u00fcr die Teilnahme an dieser zweiten Ausgabe angemeldet.<\/p>\n<p>Am 15., 16., 17. und 18. M\u00e4rz wird Sa Coma, Balearen, f\u00fcr ein paar Tage die gastronomische Hauptstadt des Landes sein, unter den Bewerbern wird die Staff des Wettbewerbs 18 Teilnehmer gem\u00e4ss vorgegebenen Qualit\u00e4ts- und Pr\u00e4sentationskriterien ausw\u00e4hlen.<\/p>\n<p>Ein Wettbewerb f\u00fcr Sch\u00fcler im 2. Lehrjahr oder h\u00f6her, mit kostenloser Teilnahme, bei dem den drei Finalisten ein bezahltes Praktikum in einem Protur Hotel sowie ein Geldpreis und ein kostenloser einw\u00f6chiger Aufenthalt f\u00fcr 2 Personen winkt.<\/p>\n<p>In der letzten Ausgabe gewann ein Kochsch\u00fcler der Hotelschule Sant Pol de Mar den ersten Platz.<\/p>\n<p>Dieses Jahr sind unter den Teilnehmern Sch\u00fcler des Basque Culinay Centre, der prestigetr\u00e4chtigen Hotelschule Sant Pol de MAR, Hotelschule Santa Cruz de Tenerife, Hotellerie und Tourismus Master D de Valencia , Madrid und Mallorca, IES aus Menorca, CIFP aus Pontevedra, ESHAEX-SEXPE aus Badajoz, Hotellerieschule der Illes Balears und ESHOB aus Barcelona. Diese wurden ausgew\u00e4hlt unter allen Bewerbern, wobei zu bemerken ist, dass sich die Bewerberzahl im zweiten Jahr verdoppelt hat. Das Produkt um welches es sich diesmal dreht ist die mallorquinische Lammkeule.<\/p>\n<p lang=\"de-DE\">Der Wettbewerb wird vom angesehenen Koch der Insel Herr Tomeu Caldentey geleitet, der erste Mallorquiner, der mit seinem Restaurant Es Mol\u00ed den Bou einen Michelin-Stern erhalten hat.<\/p>\n<p>Caldentey hat schon bekannt gegeben, dass der Wettbewerb wieder mit einer Super-Jury aus renommierten K\u00f6chen, Michelin-Sterntr\u00e4ger sowie bedeutenden Gastro-Kritikern z\u00e4hlen kann.<\/p>\n<p>Vier Tage lang werden die Einrichtungen des <a href=\"http:\/\/www.proturbiomargranhotel.com\/de\/\" target=\"_blank\">Protur Biomar Gran Hotel &amp; Spa ***** in Sa Coma,<\/a> Mallorca, uns ein Programm mit Workshops, Vortr\u00e4gen und Aktivit\u00e4ten bieten, die uns zu geniessen und erfreuen lassen und ein wahres Muss f\u00fcr Liebhaber der guten K\u00fcche sind.<\/p>\n<p>Wir hoffen, dass diese Informationen f\u00fcr Sie von Interesse sind.<\/p>\n<p><iframe width=\"1170\" height=\"658\" src=\"https:\/\/www.youtube.com\/embed\/G2PmdTQEShU?feature=oembed\" frameborder=\"0\" allow=\"autoplay; encrypted-media\" allowfullscreen><\/iframe><\/p>\n","protected":false},"excerpt":{"rendered":"<p>Elf autonome Regionen bewerben sich f\u00fcr den Kochl\u00f6ffel DER NATIONALE KOCHWETTBEWERB, DER F\u00dcR 4 TAGE DIE INSEL MALLORCA ZU EINEM BEDEUTENDEN TERMIN F\u00dcR DIE BESTEN K\u00dcCHENSCHULEN WANDELT Palma de Mallorca&hellip;<\/p>\n","protected":false},"author":3,"featured_media":3875,"comment_status":"open","ping_status":"open","sticky":false,"template":"","format":"standard","meta":{"_lmt_disableupdate":"","_lmt_disable":"","footnotes":""},"categories":[99,102,107],"tags":[440,926,729],"class_list":["post-3880","post","type-post","status-publish","format-standard","has-post-thumbnail","hentry","category-gastronomia-de","category-mallorca-de","category-protur-biomar-gran-hotel-spa-de","tag-biomar","tag-kochloeffel","tag-protur-chef"],"yoast_head":"<!-- This site is optimized with the Yoast SEO plugin v26.6 - https:\/\/yoast.com\/wordpress\/plugins\/seo\/ -->\n<title>Elf autonome Regionen bewerben sich f\u00fcr den Kochl\u00f6ffel - Blog Protur Hotels<\/title>\n<meta name=\"description\" content=\"Elf autonome Regionen bewerben sich f\u00fcr den Kochl\u00f6ffel DER NATIONALE KOCHWETTBEWERB, DER F\u00dcR 4 TAGE DIE INSEL MALLORCA ZU EINEM BEDEUTENDEN TERMIN\" \/>\n<meta name=\"robots\" content=\"index, follow, max-snippet:-1, max-image-preview:large, max-video-preview:-1\" \/>\n<link rel=\"canonical\" href=\"https:\/\/blog.protur-hotels.com\/de\/elf-autonome-regionen-bewerben-sich-fuer-den-kochloeffel\/\" \/>\n<meta property=\"og:locale\" content=\"de_DE\" \/>\n<meta property=\"og:type\" content=\"article\" \/>\n<meta property=\"og:title\" content=\"Elf autonome Regionen bewerben sich f\u00fcr den Kochl\u00f6ffel - Blog Protur Hotels\" \/>\n<meta property=\"og:description\" content=\"Elf autonome Regionen bewerben sich f\u00fcr den Kochl\u00f6ffel DER NATIONALE KOCHWETTBEWERB, DER F\u00dcR 4 TAGE DIE INSEL MALLORCA ZU EINEM BEDEUTENDEN TERMIN\" \/>\n<meta property=\"og:url\" content=\"https:\/\/blog.protur-hotels.com\/de\/elf-autonome-regionen-bewerben-sich-fuer-den-kochloeffel\/\" \/>\n<meta property=\"og:site_name\" content=\"Blog Protur Hotels\" \/>\n<meta property=\"article:published_time\" content=\"2018-02-22T11:52:57+00:00\" \/>\n<meta property=\"article:modified_time\" content=\"2018-02-23T08:25:13+00:00\" \/>\n<meta property=\"og:image\" content=\"https:\/\/blog.protur-hotels.com\/wp-content\/uploads\/2018\/02\/ONCE-COMUNIDADES-AUTONOMAS.jpg\" \/>\n\t<meta property=\"og:image:width\" content=\"800\" \/>\n\t<meta property=\"og:image:height\" content=\"650\" \/>\n\t<meta property=\"og:image:type\" content=\"image\/jpeg\" \/>\n<meta name=\"author\" content=\"Protur Hotels\" \/>\n<meta name=\"twitter:card\" content=\"summary_large_image\" \/>\n<meta name=\"twitter:label1\" content=\"Verfasst von\" \/>\n\t<meta name=\"twitter:data1\" content=\"Protur Hotels\" \/>\n\t<meta name=\"twitter:label2\" content=\"Gesch\u00e4tzte Lesezeit\" \/>\n\t<meta name=\"twitter:data2\" content=\"2\u00a0Minuten\" \/>\n<script type=\"application\/ld+json\" class=\"yoast-schema-graph\">{\"@context\":\"https:\/\/schema.org\",\"@graph\":[{\"@type\":\"Article\",\"@id\":\"https:\/\/blog.protur-hotels.com\/de\/elf-autonome-regionen-bewerben-sich-fuer-den-kochloeffel\/#article\",\"isPartOf\":{\"@id\":\"https:\/\/blog.protur-hotels.com\/de\/elf-autonome-regionen-bewerben-sich-fuer-den-kochloeffel\/\"},\"author\":{\"name\":\"Protur Hotels\",\"@id\":\"https:\/\/blog.protur-hotels.com\/#\/schema\/person\/6eac7ca6e9a32baa4716fdd5d7358326\"},\"headline\":\"Elf autonome Regionen bewerben sich f\u00fcr den Kochl\u00f6ffel\",\"datePublished\":\"2018-02-22T11:52:57+00:00\",\"dateModified\":\"2018-02-23T08:25:13+00:00\",\"mainEntityOfPage\":{\"@id\":\"https:\/\/blog.protur-hotels.com\/de\/elf-autonome-regionen-bewerben-sich-fuer-den-kochloeffel\/\"},\"wordCount\":383,\"commentCount\":0,\"publisher\":{\"@id\":\"https:\/\/blog.protur-hotels.com\/#organization\"},\"image\":{\"@id\":\"https:\/\/blog.protur-hotels.com\/de\/elf-autonome-regionen-bewerben-sich-fuer-den-kochloeffel\/#primaryimage\"},\"thumbnailUrl\":\"https:\/\/blog.protur-hotels.com\/wp-content\/uploads\/2018\/02\/ONCE-COMUNIDADES-AUTONOMAS.jpg\",\"keywords\":[\"Biomar\",\"Kochl\u00f6ffel\",\"Protur Chef Concurso de escuelas de cocina\"],\"articleSection\":[\"Gastronomie\",\"Mallorca\",\"Protur Biomar Gran Hotel &amp; Spa\"],\"inLanguage\":\"de\"},{\"@type\":\"WebPage\",\"@id\":\"https:\/\/blog.protur-hotels.com\/de\/elf-autonome-regionen-bewerben-sich-fuer-den-kochloeffel\/\",\"url\":\"https:\/\/blog.protur-hotels.com\/de\/elf-autonome-regionen-bewerben-sich-fuer-den-kochloeffel\/\",\"name\":\"Elf autonome Regionen bewerben sich f\u00fcr den Kochl\u00f6ffel - Blog Protur Hotels\",\"isPartOf\":{\"@id\":\"https:\/\/blog.protur-hotels.com\/#website\"},\"primaryImageOfPage\":{\"@id\":\"https:\/\/blog.protur-hotels.com\/de\/elf-autonome-regionen-bewerben-sich-fuer-den-kochloeffel\/#primaryimage\"},\"image\":{\"@id\":\"https:\/\/blog.protur-hotels.com\/de\/elf-autonome-regionen-bewerben-sich-fuer-den-kochloeffel\/#primaryimage\"},\"thumbnailUrl\":\"https:\/\/blog.protur-hotels.com\/wp-content\/uploads\/2018\/02\/ONCE-COMUNIDADES-AUTONOMAS.jpg\",\"datePublished\":\"2018-02-22T11:52:57+00:00\",\"dateModified\":\"2018-02-23T08:25:13+00:00\",\"description\":\"Elf autonome Regionen bewerben sich f\u00fcr den Kochl\u00f6ffel DER NATIONALE KOCHWETTBEWERB, DER F\u00dcR 4 TAGE DIE INSEL MALLORCA ZU EINEM BEDEUTENDEN TERMIN\",\"breadcrumb\":{\"@id\":\"https:\/\/blog.protur-hotels.com\/de\/elf-autonome-regionen-bewerben-sich-fuer-den-kochloeffel\/#breadcrumb\"},\"inLanguage\":\"de\",\"potentialAction\":[{\"@type\":\"ReadAction\",\"target\":[\"https:\/\/blog.protur-hotels.com\/de\/elf-autonome-regionen-bewerben-sich-fuer-den-kochloeffel\/\"]}]},{\"@type\":\"ImageObject\",\"inLanguage\":\"de\",\"@id\":\"https:\/\/blog.protur-hotels.com\/de\/elf-autonome-regionen-bewerben-sich-fuer-den-kochloeffel\/#primaryimage\",\"url\":\"https:\/\/blog.protur-hotels.com\/wp-content\/uploads\/2018\/02\/ONCE-COMUNIDADES-AUTONOMAS.jpg\",\"contentUrl\":\"https:\/\/blog.protur-hotels.com\/wp-content\/uploads\/2018\/02\/ONCE-COMUNIDADES-AUTONOMAS.jpg\",\"width\":800,\"height\":650,\"caption\":\"ONCE-COMUNIDADES-AUTONOMAS-Kochl\u00f6ffel- LA LOUCHE-AUTONOMOUS REGIONS\"},{\"@type\":\"BreadcrumbList\",\"@id\":\"https:\/\/blog.protur-hotels.com\/de\/elf-autonome-regionen-bewerben-sich-fuer-den-kochloeffel\/#breadcrumb\",\"itemListElement\":[{\"@type\":\"ListItem\",\"position\":1,\"name\":\"Portada\",\"item\":\"https:\/\/blog.protur-hotels.com\/\"},{\"@type\":\"ListItem\",\"position\":2,\"name\":\"Elf autonome Regionen bewerben sich f\u00fcr den Kochl\u00f6ffel\"}]},{\"@type\":\"WebSite\",\"@id\":\"https:\/\/blog.protur-hotels.com\/#website\",\"url\":\"https:\/\/blog.protur-hotels.com\/\",\"name\":\"Blog Protur Hotels\",\"description\":\"Un Blog para viajeros\",\"publisher\":{\"@id\":\"https:\/\/blog.protur-hotels.com\/#organization\"},\"potentialAction\":[{\"@type\":\"SearchAction\",\"target\":{\"@type\":\"EntryPoint\",\"urlTemplate\":\"https:\/\/blog.protur-hotels.com\/?s={search_term_string}\"},\"query-input\":{\"@type\":\"PropertyValueSpecification\",\"valueRequired\":true,\"valueName\":\"search_term_string\"}}],\"inLanguage\":\"de\"},{\"@type\":\"Organization\",\"@id\":\"https:\/\/blog.protur-hotels.com\/#organization\",\"name\":\"Blog Protur Hotels\",\"url\":\"https:\/\/blog.protur-hotels.com\/\",\"logo\":{\"@type\":\"ImageObject\",\"inLanguage\":\"de\",\"@id\":\"https:\/\/blog.protur-hotels.com\/#\/schema\/logo\/image\/\",\"url\":\"https:\/\/blog.protur-hotels.com\/wp-content\/uploads\/2020\/03\/blog-protur-hotels-mallorca.png\",\"contentUrl\":\"https:\/\/blog.protur-hotels.com\/wp-content\/uploads\/2020\/03\/blog-protur-hotels-mallorca.png\",\"width\":1422,\"height\":894,\"caption\":\"Blog Protur Hotels\"},\"image\":{\"@id\":\"https:\/\/blog.protur-hotels.com\/#\/schema\/logo\/image\/\"}},{\"@type\":\"Person\",\"@id\":\"https:\/\/blog.protur-hotels.com\/#\/schema\/person\/6eac7ca6e9a32baa4716fdd5d7358326\",\"name\":\"Protur Hotels\"}]}<\/script>\n<!-- \/ Yoast SEO plugin. -->","yoast_head_json":{"title":"Elf autonome Regionen bewerben sich f\u00fcr den Kochl\u00f6ffel - Blog Protur Hotels","description":"Elf autonome Regionen bewerben sich f\u00fcr den Kochl\u00f6ffel DER NATIONALE KOCHWETTBEWERB, DER F\u00dcR 4 TAGE DIE INSEL MALLORCA ZU EINEM BEDEUTENDEN TERMIN","robots":{"index":"index","follow":"follow","max-snippet":"max-snippet:-1","max-image-preview":"max-image-preview:large","max-video-preview":"max-video-preview:-1"},"canonical":"https:\/\/blog.protur-hotels.com\/de\/elf-autonome-regionen-bewerben-sich-fuer-den-kochloeffel\/","og_locale":"de_DE","og_type":"article","og_title":"Elf autonome Regionen bewerben sich f\u00fcr den Kochl\u00f6ffel - Blog Protur Hotels","og_description":"Elf autonome Regionen bewerben sich f\u00fcr den Kochl\u00f6ffel DER NATIONALE KOCHWETTBEWERB, DER F\u00dcR 4 TAGE DIE INSEL MALLORCA ZU EINEM BEDEUTENDEN TERMIN","og_url":"https:\/\/blog.protur-hotels.com\/de\/elf-autonome-regionen-bewerben-sich-fuer-den-kochloeffel\/","og_site_name":"Blog Protur Hotels","article_published_time":"2018-02-22T11:52:57+00:00","article_modified_time":"2018-02-23T08:25:13+00:00","og_image":[{"width":800,"height":650,"url":"https:\/\/blog.protur-hotels.com\/wp-content\/uploads\/2018\/02\/ONCE-COMUNIDADES-AUTONOMAS.jpg","type":"image\/jpeg"}],"author":"Protur Hotels","twitter_card":"summary_large_image","twitter_misc":{"Verfasst von":"Protur Hotels","Gesch\u00e4tzte Lesezeit":"2\u00a0Minuten"},"schema":{"@context":"https:\/\/schema.org","@graph":[{"@type":"Article","@id":"https:\/\/blog.protur-hotels.com\/de\/elf-autonome-regionen-bewerben-sich-fuer-den-kochloeffel\/#article","isPartOf":{"@id":"https:\/\/blog.protur-hotels.com\/de\/elf-autonome-regionen-bewerben-sich-fuer-den-kochloeffel\/"},"author":{"name":"Protur Hotels","@id":"https:\/\/blog.protur-hotels.com\/#\/schema\/person\/6eac7ca6e9a32baa4716fdd5d7358326"},"headline":"Elf autonome Regionen bewerben sich f\u00fcr den Kochl\u00f6ffel","datePublished":"2018-02-22T11:52:57+00:00","dateModified":"2018-02-23T08:25:13+00:00","mainEntityOfPage":{"@id":"https:\/\/blog.protur-hotels.com\/de\/elf-autonome-regionen-bewerben-sich-fuer-den-kochloeffel\/"},"wordCount":383,"commentCount":0,"publisher":{"@id":"https:\/\/blog.protur-hotels.com\/#organization"},"image":{"@id":"https:\/\/blog.protur-hotels.com\/de\/elf-autonome-regionen-bewerben-sich-fuer-den-kochloeffel\/#primaryimage"},"thumbnailUrl":"https:\/\/blog.protur-hotels.com\/wp-content\/uploads\/2018\/02\/ONCE-COMUNIDADES-AUTONOMAS.jpg","keywords":["Biomar","Kochl\u00f6ffel","Protur Chef Concurso de escuelas de cocina"],"articleSection":["Gastronomie","Mallorca","Protur Biomar Gran Hotel &amp; Spa"],"inLanguage":"de"},{"@type":"WebPage","@id":"https:\/\/blog.protur-hotels.com\/de\/elf-autonome-regionen-bewerben-sich-fuer-den-kochloeffel\/","url":"https:\/\/blog.protur-hotels.com\/de\/elf-autonome-regionen-bewerben-sich-fuer-den-kochloeffel\/","name":"Elf autonome Regionen bewerben sich f\u00fcr den Kochl\u00f6ffel - Blog Protur Hotels","isPartOf":{"@id":"https:\/\/blog.protur-hotels.com\/#website"},"primaryImageOfPage":{"@id":"https:\/\/blog.protur-hotels.com\/de\/elf-autonome-regionen-bewerben-sich-fuer-den-kochloeffel\/#primaryimage"},"image":{"@id":"https:\/\/blog.protur-hotels.com\/de\/elf-autonome-regionen-bewerben-sich-fuer-den-kochloeffel\/#primaryimage"},"thumbnailUrl":"https:\/\/blog.protur-hotels.com\/wp-content\/uploads\/2018\/02\/ONCE-COMUNIDADES-AUTONOMAS.jpg","datePublished":"2018-02-22T11:52:57+00:00","dateModified":"2018-02-23T08:25:13+00:00","description":"Elf autonome Regionen bewerben sich f\u00fcr den Kochl\u00f6ffel DER NATIONALE KOCHWETTBEWERB, DER F\u00dcR 4 TAGE DIE INSEL MALLORCA ZU EINEM BEDEUTENDEN TERMIN","breadcrumb":{"@id":"https:\/\/blog.protur-hotels.com\/de\/elf-autonome-regionen-bewerben-sich-fuer-den-kochloeffel\/#breadcrumb"},"inLanguage":"de","potentialAction":[{"@type":"ReadAction","target":["https:\/\/blog.protur-hotels.com\/de\/elf-autonome-regionen-bewerben-sich-fuer-den-kochloeffel\/"]}]},{"@type":"ImageObject","inLanguage":"de","@id":"https:\/\/blog.protur-hotels.com\/de\/elf-autonome-regionen-bewerben-sich-fuer-den-kochloeffel\/#primaryimage","url":"https:\/\/blog.protur-hotels.com\/wp-content\/uploads\/2018\/02\/ONCE-COMUNIDADES-AUTONOMAS.jpg","contentUrl":"https:\/\/blog.protur-hotels.com\/wp-content\/uploads\/2018\/02\/ONCE-COMUNIDADES-AUTONOMAS.jpg","width":800,"height":650,"caption":"ONCE-COMUNIDADES-AUTONOMAS-Kochl\u00f6ffel- LA LOUCHE-AUTONOMOUS REGIONS"},{"@type":"BreadcrumbList","@id":"https:\/\/blog.protur-hotels.com\/de\/elf-autonome-regionen-bewerben-sich-fuer-den-kochloeffel\/#breadcrumb","itemListElement":[{"@type":"ListItem","position":1,"name":"Portada","item":"https:\/\/blog.protur-hotels.com\/"},{"@type":"ListItem","position":2,"name":"Elf autonome Regionen bewerben sich f\u00fcr den Kochl\u00f6ffel"}]},{"@type":"WebSite","@id":"https:\/\/blog.protur-hotels.com\/#website","url":"https:\/\/blog.protur-hotels.com\/","name":"Blog Protur Hotels","description":"Un Blog para viajeros","publisher":{"@id":"https:\/\/blog.protur-hotels.com\/#organization"},"potentialAction":[{"@type":"SearchAction","target":{"@type":"EntryPoint","urlTemplate":"https:\/\/blog.protur-hotels.com\/?s={search_term_string}"},"query-input":{"@type":"PropertyValueSpecification","valueRequired":true,"valueName":"search_term_string"}}],"inLanguage":"de"},{"@type":"Organization","@id":"https:\/\/blog.protur-hotels.com\/#organization","name":"Blog Protur Hotels","url":"https:\/\/blog.protur-hotels.com\/","logo":{"@type":"ImageObject","inLanguage":"de","@id":"https:\/\/blog.protur-hotels.com\/#\/schema\/logo\/image\/","url":"https:\/\/blog.protur-hotels.com\/wp-content\/uploads\/2020\/03\/blog-protur-hotels-mallorca.png","contentUrl":"https:\/\/blog.protur-hotels.com\/wp-content\/uploads\/2020\/03\/blog-protur-hotels-mallorca.png","width":1422,"height":894,"caption":"Blog Protur Hotels"},"image":{"@id":"https:\/\/blog.protur-hotels.com\/#\/schema\/logo\/image\/"}},{"@type":"Person","@id":"https:\/\/blog.protur-hotels.com\/#\/schema\/person\/6eac7ca6e9a32baa4716fdd5d7358326","name":"Protur Hotels"}]}},"_links":{"self":[{"href":"https:\/\/blog.protur-hotels.com\/de\/wp-json\/wp\/v2\/posts\/3880","targetHints":{"allow":["GET"]}}],"collection":[{"href":"https:\/\/blog.protur-hotels.com\/de\/wp-json\/wp\/v2\/posts"}],"about":[{"href":"https:\/\/blog.protur-hotels.com\/de\/wp-json\/wp\/v2\/types\/post"}],"author":[{"embeddable":true,"href":"https:\/\/blog.protur-hotels.com\/de\/wp-json\/wp\/v2\/users\/3"}],"replies":[{"embeddable":true,"href":"https:\/\/blog.protur-hotels.com\/de\/wp-json\/wp\/v2\/comments?post=3880"}],"version-history":[{"count":0,"href":"https:\/\/blog.protur-hotels.com\/de\/wp-json\/wp\/v2\/posts\/3880\/revisions"}],"wp:featuredmedia":[{"embeddable":true,"href":"https:\/\/blog.protur-hotels.com\/de\/wp-json\/wp\/v2\/media\/3875"}],"wp:attachment":[{"href":"https:\/\/blog.protur-hotels.com\/de\/wp-json\/wp\/v2\/media?parent=3880"}],"wp:term":[{"taxonomy":"category","embeddable":true,"href":"https:\/\/blog.protur-hotels.com\/de\/wp-json\/wp\/v2\/categories?post=3880"},{"taxonomy":"post_tag","embeddable":true,"href":"https:\/\/blog.protur-hotels.com\/de\/wp-json\/wp\/v2\/tags?post=3880"}],"curies":[{"name":"wp","href":"https:\/\/api.w.org\/{rel}","templated":true}]}}