{"id":3886,"date":"2018-02-26T11:04:49","date_gmt":"2018-02-26T11:04:49","guid":{"rendered":"https:\/\/blog.protur-hotels.com\/de\/?p=3886"},"modified":"2018-02-26T11:04:49","modified_gmt":"2018-02-26T11:04:49","slug":"mallorca-feiert-2018-ihre-golfsaison","status":"publish","type":"post","link":"https:\/\/blog.protur-hotels.com\/de\/mallorca-feiert-2018-ihre-golfsaison\/","title":{"rendered":"Mallorca feiert 2018 ihre Golfsaison"},"content":{"rendered":"<p><strong>Mallorca feiert 2018 ihre Golfsaison<\/strong><\/p>\n<p>Die Golfzeit auf Mallorca steht vor der T\u00fcr und die Insel beginnt die Saison 2018 mit Rekordzahlen. Das ausgezeichnete Klima wie auch die immer kompletteren und verfeinerten Anlagen machen die Insel f\u00fcr alle Liebhaber dieser herrlichen Sportart zum Bezugspunkt. Mallorcas Golfpl\u00e4tze wie auch die Golfhotels mit Greenfee-Erm\u00e4\u00dfigungen bem\u00fchen sich darum, ihren G\u00e4sten nur beste Betreuung zu bieten. Die Zeit eilt, aber noch sind Sie rechtzeitig dran, um diesen Genuss wahrnehmen zu k\u00f6nnen.<\/p>\n<p>Damit Ihnen \u00fcberhaupt keine Ausrede mehr bleibt, hat Protur Hotels ein besonderes Angebot mit bis zu 40\u00a0% Erm\u00e4\u00dfigung (je nach Hotel und Terminen) in den <u>Golfhotels auf Mallorca<\/u> zusammengestellt. Nun k\u00f6nnen Sie Ihre Termine ausw\u00e4hlen, Ihren Abstecher planen und Ihr Hotel mit kompletten Greenfees auf den besten Golfpl\u00e4tzen Mallorcas buchen.<\/p>\n<p>Unseren Hotelg\u00e4sten stehen die Vall d\u2019Or Golf, Golf Alcanada, Golf Capdepera, Pula Golf, Golf Park Puntir\u00f3, Canyamel Golf und Son Servera Golf Golfpl\u00e4tze mit individuellen Golfpauschalen zur Verf\u00fcgung. Dazu muss die Greenfee-Buchung aber mindestens 48 Stunden vorher mit Angebot des Handicaps der Spieler und der gew\u00fcnschten Uhrzeit erfolgen.<\/p>\n<p>Wenn Sie eine dieser Golfpauschalen zum besten Preis erhalten m\u00f6chten, m\u00fcssen Sie direkt in einem unserer Hotels buchen, die aufgrund ihrer Lage ausgew\u00e4hlt wurden: im Protur Biomar Gran Hotel &amp; Spa und im Protur Sa Coma Playa Hotel &amp; Spa, die beide in Sa Coma liegen; im Protur Tur\u00f3 Pins Aparthotel im Fischerort Cala Ratjada im Nordosten der Insel wie auch im Residencia Son Floriana Hotel \u2013 einem unserer ganz besonderen Hotels mit Charme in Cala Bona mit einmaliger Gastronomie.<\/p>\n<p>In allen unseren Golfhotels auf Mallorca erwarten Sie besondere Extraleistungen, die Ihren Aufenthalt noch attraktiver machen sollen. Die Beliebtesten darunter sind Themenabendessen, Wellness- und Kosmetikanwendungen, der freie und kostenlose Zugang zum Driving Range des Hotels und die M\u00f6glichkeit des Late-Check-Outs. Alle Extraleistungen f\u00fcr Golf, die in den Pauschalen enthalten sind, finden Sie auf unserer Homepage unter der Sonderrubrik <u>Golf auf Mallorca<\/u>.<\/p>\n<p><em>Genie\u00dfen Sie Ihre Golfleidenschaft bei <\/em><em><u>Protur Hotels.<\/u><\/em><\/p>\n","protected":false},"excerpt":{"rendered":"<p>Mallorca feiert 2018 ihre Golfsaison Die Golfzeit auf Mallorca steht vor der T\u00fcr und die Insel beginnt die Saison 2018 mit Rekordzahlen. Das ausgezeichnete Klima wie auch die immer kompletteren&hellip;<\/p>\n","protected":false},"author":3,"featured_media":3861,"comment_status":"open","ping_status":"open","sticky":false,"template":"","format":"standard","meta":{"_lmt_disableupdate":"","_lmt_disable":"","footnotes":""},"categories":[102,1064,1066,759,782],"tags":[358,917,928],"class_list":["post-3886","post","type-post","status-publish","format-standard","has-post-thumbnail","hentry","category-mallorca-de","category-mallorca-de-2","category-protur-hotels-de-2","category-sports","category-urlaub","tag-club-protur-sa-coma-resort","tag-golf","tag-golfsaison"],"yoast_head":"<!-- This site is optimized with the Yoast SEO plugin v26.6 - https:\/\/yoast.com\/wordpress\/plugins\/seo\/ -->\n<title>Mallorca feiert 2018 ihre Golfsaison - Blog Protur Hotels<\/title>\n<meta name=\"description\" content=\"Mallorca feiert 2018 ihre Golfsaison Die Golfzeit auf Mallorca steht vor der T\u00fcr und die Insel beginnt die Saison 2018 mit Rekordzahlen.\" \/>\n<meta name=\"robots\" content=\"index, follow, max-snippet:-1, max-image-preview:large, max-video-preview:-1\" \/>\n<link rel=\"canonical\" href=\"https:\/\/blog.protur-hotels.com\/de\/mallorca-feiert-2018-ihre-golfsaison\/\" \/>\n<meta property=\"og:locale\" content=\"de_DE\" \/>\n<meta property=\"og:type\" content=\"article\" \/>\n<meta property=\"og:title\" content=\"Mallorca feiert 2018 ihre Golfsaison - Blog Protur Hotels\" \/>\n<meta property=\"og:description\" content=\"Mallorca feiert 2018 ihre Golfsaison Die Golfzeit auf Mallorca steht vor der T\u00fcr und die Insel beginnt die Saison 2018 mit Rekordzahlen.\" \/>\n<meta property=\"og:url\" content=\"https:\/\/blog.protur-hotels.com\/de\/mallorca-feiert-2018-ihre-golfsaison\/\" \/>\n<meta property=\"og:site_name\" content=\"Blog Protur Hotels\" \/>\n<meta property=\"article:published_time\" content=\"2018-02-26T11:04:49+00:00\" \/>\n<meta property=\"og:image\" content=\"https:\/\/blog.protur-hotels.com\/wp-content\/uploads\/2018\/02\/mallorca-celebra-temporada-golf-2018.jpg\" \/>\n\t<meta property=\"og:image:width\" content=\"800\" \/>\n\t<meta property=\"og:image:height\" content=\"650\" \/>\n\t<meta property=\"og:image:type\" content=\"image\/jpeg\" \/>\n<meta name=\"author\" content=\"Protur Hotels\" \/>\n<meta name=\"twitter:card\" content=\"summary_large_image\" \/>\n<meta name=\"twitter:label1\" content=\"Verfasst von\" \/>\n\t<meta name=\"twitter:data1\" content=\"Protur Hotels\" \/>\n\t<meta name=\"twitter:label2\" content=\"Gesch\u00e4tzte Lesezeit\" \/>\n\t<meta name=\"twitter:data2\" content=\"2\u00a0Minuten\" \/>\n<script type=\"application\/ld+json\" class=\"yoast-schema-graph\">{\"@context\":\"https:\/\/schema.org\",\"@graph\":[{\"@type\":\"Article\",\"@id\":\"https:\/\/blog.protur-hotels.com\/de\/mallorca-feiert-2018-ihre-golfsaison\/#article\",\"isPartOf\":{\"@id\":\"https:\/\/blog.protur-hotels.com\/de\/mallorca-feiert-2018-ihre-golfsaison\/\"},\"author\":{\"name\":\"Protur Hotels\",\"@id\":\"https:\/\/blog.protur-hotels.com\/#\/schema\/person\/6eac7ca6e9a32baa4716fdd5d7358326\"},\"headline\":\"Mallorca feiert 2018 ihre Golfsaison\",\"datePublished\":\"2018-02-26T11:04:49+00:00\",\"mainEntityOfPage\":{\"@id\":\"https:\/\/blog.protur-hotels.com\/de\/mallorca-feiert-2018-ihre-golfsaison\/\"},\"wordCount\":344,\"commentCount\":0,\"publisher\":{\"@id\":\"https:\/\/blog.protur-hotels.com\/#organization\"},\"image\":{\"@id\":\"https:\/\/blog.protur-hotels.com\/de\/mallorca-feiert-2018-ihre-golfsaison\/#primaryimage\"},\"thumbnailUrl\":\"https:\/\/blog.protur-hotels.com\/wp-content\/uploads\/2018\/02\/mallorca-celebra-temporada-golf-2018.jpg\",\"keywords\":[\"Club Protur Sa Coma Resort\",\"golf\",\"Golfsaison\"],\"articleSection\":[\"Mallorca\",\"Mallorca\",\"Protur Hotels\",\"Sports\",\"urlaub\"],\"inLanguage\":\"de\"},{\"@type\":\"WebPage\",\"@id\":\"https:\/\/blog.protur-hotels.com\/de\/mallorca-feiert-2018-ihre-golfsaison\/\",\"url\":\"https:\/\/blog.protur-hotels.com\/de\/mallorca-feiert-2018-ihre-golfsaison\/\",\"name\":\"Mallorca feiert 2018 ihre Golfsaison - Blog Protur Hotels\",\"isPartOf\":{\"@id\":\"https:\/\/blog.protur-hotels.com\/#website\"},\"primaryImageOfPage\":{\"@id\":\"https:\/\/blog.protur-hotels.com\/de\/mallorca-feiert-2018-ihre-golfsaison\/#primaryimage\"},\"image\":{\"@id\":\"https:\/\/blog.protur-hotels.com\/de\/mallorca-feiert-2018-ihre-golfsaison\/#primaryimage\"},\"thumbnailUrl\":\"https:\/\/blog.protur-hotels.com\/wp-content\/uploads\/2018\/02\/mallorca-celebra-temporada-golf-2018.jpg\",\"datePublished\":\"2018-02-26T11:04:49+00:00\",\"description\":\"Mallorca feiert 2018 ihre Golfsaison Die Golfzeit auf Mallorca steht vor der T\u00fcr und die Insel beginnt die Saison 2018 mit Rekordzahlen.\",\"breadcrumb\":{\"@id\":\"https:\/\/blog.protur-hotels.com\/de\/mallorca-feiert-2018-ihre-golfsaison\/#breadcrumb\"},\"inLanguage\":\"de\",\"potentialAction\":[{\"@type\":\"ReadAction\",\"target\":[\"https:\/\/blog.protur-hotels.com\/de\/mallorca-feiert-2018-ihre-golfsaison\/\"]}]},{\"@type\":\"ImageObject\",\"inLanguage\":\"de\",\"@id\":\"https:\/\/blog.protur-hotels.com\/de\/mallorca-feiert-2018-ihre-golfsaison\/#primaryimage\",\"url\":\"https:\/\/blog.protur-hotels.com\/wp-content\/uploads\/2018\/02\/mallorca-celebra-temporada-golf-2018.jpg\",\"contentUrl\":\"https:\/\/blog.protur-hotels.com\/wp-content\/uploads\/2018\/02\/mallorca-celebra-temporada-golf-2018.jpg\",\"width\":800,\"height\":650,\"caption\":\"mallorca-celebra-temporada-golf-2018-golf season Golfsaison\"},{\"@type\":\"BreadcrumbList\",\"@id\":\"https:\/\/blog.protur-hotels.com\/de\/mallorca-feiert-2018-ihre-golfsaison\/#breadcrumb\",\"itemListElement\":[{\"@type\":\"ListItem\",\"position\":1,\"name\":\"Portada\",\"item\":\"https:\/\/blog.protur-hotels.com\/\"},{\"@type\":\"ListItem\",\"position\":2,\"name\":\"Mallorca feiert 2018 ihre Golfsaison\"}]},{\"@type\":\"WebSite\",\"@id\":\"https:\/\/blog.protur-hotels.com\/#website\",\"url\":\"https:\/\/blog.protur-hotels.com\/\",\"name\":\"Blog Protur Hotels\",\"description\":\"Un Blog para viajeros\",\"publisher\":{\"@id\":\"https:\/\/blog.protur-hotels.com\/#organization\"},\"potentialAction\":[{\"@type\":\"SearchAction\",\"target\":{\"@type\":\"EntryPoint\",\"urlTemplate\":\"https:\/\/blog.protur-hotels.com\/?s={search_term_string}\"},\"query-input\":{\"@type\":\"PropertyValueSpecification\",\"valueRequired\":true,\"valueName\":\"search_term_string\"}}],\"inLanguage\":\"de\"},{\"@type\":\"Organization\",\"@id\":\"https:\/\/blog.protur-hotels.com\/#organization\",\"name\":\"Blog Protur Hotels\",\"url\":\"https:\/\/blog.protur-hotels.com\/\",\"logo\":{\"@type\":\"ImageObject\",\"inLanguage\":\"de\",\"@id\":\"https:\/\/blog.protur-hotels.com\/#\/schema\/logo\/image\/\",\"url\":\"https:\/\/blog.protur-hotels.com\/wp-content\/uploads\/2020\/03\/blog-protur-hotels-mallorca.png\",\"contentUrl\":\"https:\/\/blog.protur-hotels.com\/wp-content\/uploads\/2020\/03\/blog-protur-hotels-mallorca.png\",\"width\":1422,\"height\":894,\"caption\":\"Blog Protur Hotels\"},\"image\":{\"@id\":\"https:\/\/blog.protur-hotels.com\/#\/schema\/logo\/image\/\"}},{\"@type\":\"Person\",\"@id\":\"https:\/\/blog.protur-hotels.com\/#\/schema\/person\/6eac7ca6e9a32baa4716fdd5d7358326\",\"name\":\"Protur Hotels\"}]}<\/script>\n<!-- \/ Yoast SEO plugin. -->","yoast_head_json":{"title":"Mallorca feiert 2018 ihre Golfsaison - Blog Protur Hotels","description":"Mallorca feiert 2018 ihre Golfsaison Die Golfzeit auf Mallorca steht vor der T\u00fcr und die Insel beginnt die Saison 2018 mit Rekordzahlen.","robots":{"index":"index","follow":"follow","max-snippet":"max-snippet:-1","max-image-preview":"max-image-preview:large","max-video-preview":"max-video-preview:-1"},"canonical":"https:\/\/blog.protur-hotels.com\/de\/mallorca-feiert-2018-ihre-golfsaison\/","og_locale":"de_DE","og_type":"article","og_title":"Mallorca feiert 2018 ihre Golfsaison - Blog Protur Hotels","og_description":"Mallorca feiert 2018 ihre Golfsaison Die Golfzeit auf Mallorca steht vor der T\u00fcr und die Insel beginnt die Saison 2018 mit Rekordzahlen.","og_url":"https:\/\/blog.protur-hotels.com\/de\/mallorca-feiert-2018-ihre-golfsaison\/","og_site_name":"Blog Protur Hotels","article_published_time":"2018-02-26T11:04:49+00:00","og_image":[{"width":800,"height":650,"url":"https:\/\/blog.protur-hotels.com\/wp-content\/uploads\/2018\/02\/mallorca-celebra-temporada-golf-2018.jpg","type":"image\/jpeg"}],"author":"Protur Hotels","twitter_card":"summary_large_image","twitter_misc":{"Verfasst von":"Protur Hotels","Gesch\u00e4tzte Lesezeit":"2\u00a0Minuten"},"schema":{"@context":"https:\/\/schema.org","@graph":[{"@type":"Article","@id":"https:\/\/blog.protur-hotels.com\/de\/mallorca-feiert-2018-ihre-golfsaison\/#article","isPartOf":{"@id":"https:\/\/blog.protur-hotels.com\/de\/mallorca-feiert-2018-ihre-golfsaison\/"},"author":{"name":"Protur Hotels","@id":"https:\/\/blog.protur-hotels.com\/#\/schema\/person\/6eac7ca6e9a32baa4716fdd5d7358326"},"headline":"Mallorca feiert 2018 ihre Golfsaison","datePublished":"2018-02-26T11:04:49+00:00","mainEntityOfPage":{"@id":"https:\/\/blog.protur-hotels.com\/de\/mallorca-feiert-2018-ihre-golfsaison\/"},"wordCount":344,"commentCount":0,"publisher":{"@id":"https:\/\/blog.protur-hotels.com\/#organization"},"image":{"@id":"https:\/\/blog.protur-hotels.com\/de\/mallorca-feiert-2018-ihre-golfsaison\/#primaryimage"},"thumbnailUrl":"https:\/\/blog.protur-hotels.com\/wp-content\/uploads\/2018\/02\/mallorca-celebra-temporada-golf-2018.jpg","keywords":["Club Protur Sa Coma Resort","golf","Golfsaison"],"articleSection":["Mallorca","Mallorca","Protur Hotels","Sports","urlaub"],"inLanguage":"de"},{"@type":"WebPage","@id":"https:\/\/blog.protur-hotels.com\/de\/mallorca-feiert-2018-ihre-golfsaison\/","url":"https:\/\/blog.protur-hotels.com\/de\/mallorca-feiert-2018-ihre-golfsaison\/","name":"Mallorca feiert 2018 ihre Golfsaison - Blog Protur Hotels","isPartOf":{"@id":"https:\/\/blog.protur-hotels.com\/#website"},"primaryImageOfPage":{"@id":"https:\/\/blog.protur-hotels.com\/de\/mallorca-feiert-2018-ihre-golfsaison\/#primaryimage"},"image":{"@id":"https:\/\/blog.protur-hotels.com\/de\/mallorca-feiert-2018-ihre-golfsaison\/#primaryimage"},"thumbnailUrl":"https:\/\/blog.protur-hotels.com\/wp-content\/uploads\/2018\/02\/mallorca-celebra-temporada-golf-2018.jpg","datePublished":"2018-02-26T11:04:49+00:00","description":"Mallorca feiert 2018 ihre Golfsaison Die Golfzeit auf Mallorca steht vor der T\u00fcr und die Insel beginnt die Saison 2018 mit Rekordzahlen.","breadcrumb":{"@id":"https:\/\/blog.protur-hotels.com\/de\/mallorca-feiert-2018-ihre-golfsaison\/#breadcrumb"},"inLanguage":"de","potentialAction":[{"@type":"ReadAction","target":["https:\/\/blog.protur-hotels.com\/de\/mallorca-feiert-2018-ihre-golfsaison\/"]}]},{"@type":"ImageObject","inLanguage":"de","@id":"https:\/\/blog.protur-hotels.com\/de\/mallorca-feiert-2018-ihre-golfsaison\/#primaryimage","url":"https:\/\/blog.protur-hotels.com\/wp-content\/uploads\/2018\/02\/mallorca-celebra-temporada-golf-2018.jpg","contentUrl":"https:\/\/blog.protur-hotels.com\/wp-content\/uploads\/2018\/02\/mallorca-celebra-temporada-golf-2018.jpg","width":800,"height":650,"caption":"mallorca-celebra-temporada-golf-2018-golf season Golfsaison"},{"@type":"BreadcrumbList","@id":"https:\/\/blog.protur-hotels.com\/de\/mallorca-feiert-2018-ihre-golfsaison\/#breadcrumb","itemListElement":[{"@type":"ListItem","position":1,"name":"Portada","item":"https:\/\/blog.protur-hotels.com\/"},{"@type":"ListItem","position":2,"name":"Mallorca feiert 2018 ihre Golfsaison"}]},{"@type":"WebSite","@id":"https:\/\/blog.protur-hotels.com\/#website","url":"https:\/\/blog.protur-hotels.com\/","name":"Blog Protur Hotels","description":"Un Blog para viajeros","publisher":{"@id":"https:\/\/blog.protur-hotels.com\/#organization"},"potentialAction":[{"@type":"SearchAction","target":{"@type":"EntryPoint","urlTemplate":"https:\/\/blog.protur-hotels.com\/?s={search_term_string}"},"query-input":{"@type":"PropertyValueSpecification","valueRequired":true,"valueName":"search_term_string"}}],"inLanguage":"de"},{"@type":"Organization","@id":"https:\/\/blog.protur-hotels.com\/#organization","name":"Blog Protur Hotels","url":"https:\/\/blog.protur-hotels.com\/","logo":{"@type":"ImageObject","inLanguage":"de","@id":"https:\/\/blog.protur-hotels.com\/#\/schema\/logo\/image\/","url":"https:\/\/blog.protur-hotels.com\/wp-content\/uploads\/2020\/03\/blog-protur-hotels-mallorca.png","contentUrl":"https:\/\/blog.protur-hotels.com\/wp-content\/uploads\/2020\/03\/blog-protur-hotels-mallorca.png","width":1422,"height":894,"caption":"Blog Protur Hotels"},"image":{"@id":"https:\/\/blog.protur-hotels.com\/#\/schema\/logo\/image\/"}},{"@type":"Person","@id":"https:\/\/blog.protur-hotels.com\/#\/schema\/person\/6eac7ca6e9a32baa4716fdd5d7358326","name":"Protur Hotels"}]}},"_links":{"self":[{"href":"https:\/\/blog.protur-hotels.com\/de\/wp-json\/wp\/v2\/posts\/3886","targetHints":{"allow":["GET"]}}],"collection":[{"href":"https:\/\/blog.protur-hotels.com\/de\/wp-json\/wp\/v2\/posts"}],"about":[{"href":"https:\/\/blog.protur-hotels.com\/de\/wp-json\/wp\/v2\/types\/post"}],"author":[{"embeddable":true,"href":"https:\/\/blog.protur-hotels.com\/de\/wp-json\/wp\/v2\/users\/3"}],"replies":[{"embeddable":true,"href":"https:\/\/blog.protur-hotels.com\/de\/wp-json\/wp\/v2\/comments?post=3886"}],"version-history":[{"count":0,"href":"https:\/\/blog.protur-hotels.com\/de\/wp-json\/wp\/v2\/posts\/3886\/revisions"}],"wp:featuredmedia":[{"embeddable":true,"href":"https:\/\/blog.protur-hotels.com\/de\/wp-json\/wp\/v2\/media\/3861"}],"wp:attachment":[{"href":"https:\/\/blog.protur-hotels.com\/de\/wp-json\/wp\/v2\/media?parent=3886"}],"wp:term":[{"taxonomy":"category","embeddable":true,"href":"https:\/\/blog.protur-hotels.com\/de\/wp-json\/wp\/v2\/categories?post=3886"},{"taxonomy":"post_tag","embeddable":true,"href":"https:\/\/blog.protur-hotels.com\/de\/wp-json\/wp\/v2\/tags?post=3886"}],"curies":[{"name":"wp","href":"https:\/\/api.w.org\/{rel}","templated":true}]}}