{"id":4265,"date":"2018-10-08T10:34:39","date_gmt":"2018-10-08T10:34:39","guid":{"rendered":"https:\/\/blog.protur-hotels.com\/de\/?p=4265"},"modified":"2018-10-08T10:34:39","modified_gmt":"2018-10-08T10:34:39","slug":"fira-sa-llampuga-mallorca-von-der-koestlichsten-seite","status":"publish","type":"post","link":"https:\/\/blog.protur-hotels.com\/de\/fira-sa-llampuga-mallorca-von-der-koestlichsten-seite\/","title":{"rendered":"Fira de sa Llampuga: Mallorca von der k\u00f6stlichsten Seite"},"content":{"rendered":"<p><strong>Fira de sa Llampuga: Mallorca von der k\u00f6stlichsten Seite<\/strong><\/p>\n<p>Haben Sie schon Pl\u00e4ne f\u00fcr den Oktober? <strong>Mallorca <\/strong>bietet im Herbst eine F\u00fclle an Aktivit\u00e4ten, kulturellen Veranstaltungen, Ausstellungen und M\u00e4rkten aller Art, die den Besuchern einen Teil der Essenz der Insel zeigen. Dazu geh\u00f6rt auch der <strong>Fira de Sa Llampuga 2018<\/strong> Markt im Ort Cala Ratjada. Hierbei handelt es sich einen der ber\u00fchmtesten <strong>gastronomischen M\u00e4rkte auf Mallorca<\/strong>. Er vereint den Geschmack des Mittelmeers mit zahlreichen Getr\u00e4nken und Unterhaltung im herrlichen Hafen dieses kleinen Ortes &#8211; und das alles nur wenige Meter von unserem <a href=\"https:\/\/protur-hotels.com\/de\/hotels-auf-mallorca\/protur-turo-pins-hotel-spa\">5-Sterne-Hotel in Cala Ratjada<\/a> und 15 Minuten von unseren<a href=\"https:\/\/protur-hotels.com\/de\/mallorca\/cala-bona\"> Hotels in Cala Bona<\/a> entfernt.<\/p>\n<p>Dieser Markt findet am Wochenende vom 12. bis zum 14. Oktober statt. Jedes Jahr kommen mehr Besucher, um die k\u00f6stlichen Gerichte und Snacks zu probieren, die die Restaurants und St\u00e4nde mit &#8222;Llampuga&#8220; (Goldmakrele) in der Hauptrolle zubereiten. Paella, Frito de llampuga, Fideus secs amb llampuga (trockene Nudeln mit Goldmakrele) und Llampuga amb prebes (Goldmakrele mit Paprika)&#8230; Es gibt zahlreiche Anregungen, mit denen die Besucher im Hafen \u00fcberrascht werden. Die Besonderheit der Goldmakrele besteht darin, dass es sich um einen Fisch handelt, der an der mallorquinischen K\u00fcste lebt und der sich hervorragend zu zahlreichen Gerichten anbietet. Die beste Option besteht in einem romantischen Abendessen im Hafen von Cala Ratjada oder in einem Essen mit der Familie bei angenehm warmen Temperaturen.<\/p>\n<p>Diese Veranstaltung ist au\u00dferdem eine gute Ausrede, um einige typische mallorquinische Nachspeisen wie Cardenal de Lloseta (ein mit Baiser gef\u00fcllter Kuchen), Gat\u00f3 con Helado, Coca de Cuarto (ein lockerer Kuchen aus Ei und Mehl) wie auch die bekannte Ensaimada &#8211; der Star der <strong>typischen Gastronomie Mallorcas<\/strong> &#8211; zu probieren, die mit Creme, Sahne und sogar mit Sobrasada gef\u00fcllt wird.<\/p>\n<p>Auf dem Markt kann man einige der besten Landweine Mallorcas und selbstgebrauten Biere probieren, w\u00e4hrend man die Konzerte, Shows und &#8222;Habanera&#8220;-Darbietungen besucht, die jedes Jahr zur Unterhaltung angeboten werden.<\/p>\n<p>Und zum Abschluss sollten Sie sich bei uns entspannen! Unsere 5-Sterne-Hotels sind ideal, um den Fira de Sa Llampuga Markt zu erleben, ohne gro\u00dfe Strecken zur\u00fccklegen zu m\u00fcssen. Sie bieten au\u00dferdem eine Vielzahl an Serviceleistungen, um Ihren Aufenthalt auf der Insel noch angenehmer zu gestalten. Kommen Sie auf den Fira de Sa Llampuga Markt und starten Sie gut in Herbst auf Mallorca!<\/p>\n<p><em>Bei <\/em><a href=\"https:\/\/protur-hotels.com\/de\/\"><em>Protur Hotels<\/em><\/a><em> hat der gute Geschmack Vorrang!<\/em><\/p>\n","protected":false},"excerpt":{"rendered":"<p>Fira de sa Llampuga: Mallorca von der k\u00f6stlichsten Seite Haben Sie schon Pl\u00e4ne f\u00fcr den Oktober? Mallorca bietet im Herbst eine F\u00fclle an Aktivit\u00e4ten, kulturellen Veranstaltungen, Ausstellungen und M\u00e4rkten aller&hellip;<\/p>\n","protected":false},"author":3,"featured_media":4266,"comment_status":"open","ping_status":"open","sticky":false,"template":"","format":"standard","meta":{"_lmt_disableupdate":"","_lmt_disable":"","footnotes":""},"categories":[102,108,83],"tags":[1018],"class_list":["post-4265","post","type-post","status-publish","format-standard","has-post-thumbnail","hentry","category-mallorca-de","category-protur-hotels-de","category-ferias-de","tag-llampuga"],"yoast_head":"<!-- This site is optimized with the Yoast SEO plugin v26.6 - https:\/\/yoast.com\/wordpress\/plugins\/seo\/ -->\n<title>Fira de sa Llampuga: Mallorca von der k\u00f6stlichsten Seite - Blog Protur Hotels<\/title>\n<meta name=\"description\" content=\"Fira de sa Llampuga: Mallorca von der k\u00f6stlichsten Seite Haben Sie schon Pl\u00e4ne f\u00fcr den Oktober? Mallorca bietet im Herbst eine F\u00fclle an Aktivit\u00e4ten,\" \/>\n<meta name=\"robots\" content=\"index, follow, max-snippet:-1, max-image-preview:large, max-video-preview:-1\" \/>\n<link rel=\"canonical\" href=\"https:\/\/blog.protur-hotels.com\/de\/fira-sa-llampuga-mallorca-von-der-koestlichsten-seite\/\" \/>\n<meta property=\"og:locale\" content=\"de_DE\" \/>\n<meta property=\"og:type\" content=\"article\" \/>\n<meta property=\"og:title\" content=\"Fira de sa Llampuga: Mallorca von der k\u00f6stlichsten Seite - Blog Protur Hotels\" \/>\n<meta property=\"og:description\" content=\"Fira de sa Llampuga: Mallorca von der k\u00f6stlichsten Seite Haben Sie schon Pl\u00e4ne f\u00fcr den Oktober? Mallorca bietet im Herbst eine F\u00fclle an Aktivit\u00e4ten,\" \/>\n<meta property=\"og:url\" content=\"https:\/\/blog.protur-hotels.com\/de\/fira-sa-llampuga-mallorca-von-der-koestlichsten-seite\/\" \/>\n<meta property=\"og:site_name\" content=\"Blog Protur Hotels\" \/>\n<meta property=\"article:published_time\" content=\"2018-10-08T10:34:39+00:00\" \/>\n<meta property=\"og:image\" content=\"https:\/\/blog.protur-hotels.com\/wp-content\/uploads\/2018\/10\/fira-llampuga-cala-rajada-2018-Protur-hotels.jpg\" \/>\n\t<meta property=\"og:image:width\" content=\"800\" \/>\n\t<meta property=\"og:image:height\" content=\"650\" \/>\n\t<meta property=\"og:image:type\" content=\"image\/jpeg\" \/>\n<meta name=\"author\" content=\"Protur Hotels\" \/>\n<meta name=\"twitter:card\" content=\"summary_large_image\" \/>\n<meta name=\"twitter:label1\" content=\"Verfasst von\" \/>\n\t<meta name=\"twitter:data1\" content=\"Protur Hotels\" \/>\n\t<meta name=\"twitter:label2\" content=\"Gesch\u00e4tzte Lesezeit\" \/>\n\t<meta name=\"twitter:data2\" content=\"2\u00a0Minuten\" \/>\n<script type=\"application\/ld+json\" class=\"yoast-schema-graph\">{\"@context\":\"https:\/\/schema.org\",\"@graph\":[{\"@type\":\"Article\",\"@id\":\"https:\/\/blog.protur-hotels.com\/de\/fira-sa-llampuga-mallorca-von-der-koestlichsten-seite\/#article\",\"isPartOf\":{\"@id\":\"https:\/\/blog.protur-hotels.com\/de\/fira-sa-llampuga-mallorca-von-der-koestlichsten-seite\/\"},\"author\":{\"name\":\"Protur Hotels\",\"@id\":\"https:\/\/blog.protur-hotels.com\/#\/schema\/person\/6eac7ca6e9a32baa4716fdd5d7358326\"},\"headline\":\"Fira de sa Llampuga: Mallorca von der k\u00f6stlichsten Seite\",\"datePublished\":\"2018-10-08T10:34:39+00:00\",\"mainEntityOfPage\":{\"@id\":\"https:\/\/blog.protur-hotels.com\/de\/fira-sa-llampuga-mallorca-von-der-koestlichsten-seite\/\"},\"wordCount\":411,\"commentCount\":0,\"publisher\":{\"@id\":\"https:\/\/blog.protur-hotels.com\/#organization\"},\"image\":{\"@id\":\"https:\/\/blog.protur-hotels.com\/de\/fira-sa-llampuga-mallorca-von-der-koestlichsten-seite\/#primaryimage\"},\"thumbnailUrl\":\"https:\/\/blog.protur-hotels.com\/wp-content\/uploads\/2018\/10\/fira-llampuga-cala-rajada-2018-Protur-hotels.jpg\",\"keywords\":[\"Llampuga\"],\"articleSection\":[\"Mallorca\",\"Protur Hotels\",\"Volksfeste\"],\"inLanguage\":\"de\"},{\"@type\":\"WebPage\",\"@id\":\"https:\/\/blog.protur-hotels.com\/de\/fira-sa-llampuga-mallorca-von-der-koestlichsten-seite\/\",\"url\":\"https:\/\/blog.protur-hotels.com\/de\/fira-sa-llampuga-mallorca-von-der-koestlichsten-seite\/\",\"name\":\"Fira de sa Llampuga: Mallorca von der k\u00f6stlichsten Seite - Blog Protur Hotels\",\"isPartOf\":{\"@id\":\"https:\/\/blog.protur-hotels.com\/#website\"},\"primaryImageOfPage\":{\"@id\":\"https:\/\/blog.protur-hotels.com\/de\/fira-sa-llampuga-mallorca-von-der-koestlichsten-seite\/#primaryimage\"},\"image\":{\"@id\":\"https:\/\/blog.protur-hotels.com\/de\/fira-sa-llampuga-mallorca-von-der-koestlichsten-seite\/#primaryimage\"},\"thumbnailUrl\":\"https:\/\/blog.protur-hotels.com\/wp-content\/uploads\/2018\/10\/fira-llampuga-cala-rajada-2018-Protur-hotels.jpg\",\"datePublished\":\"2018-10-08T10:34:39+00:00\",\"description\":\"Fira de sa Llampuga: Mallorca von der k\u00f6stlichsten Seite Haben Sie schon Pl\u00e4ne f\u00fcr den Oktober? Mallorca bietet im Herbst eine F\u00fclle an Aktivit\u00e4ten,\",\"breadcrumb\":{\"@id\":\"https:\/\/blog.protur-hotels.com\/de\/fira-sa-llampuga-mallorca-von-der-koestlichsten-seite\/#breadcrumb\"},\"inLanguage\":\"de\",\"potentialAction\":[{\"@type\":\"ReadAction\",\"target\":[\"https:\/\/blog.protur-hotels.com\/de\/fira-sa-llampuga-mallorca-von-der-koestlichsten-seite\/\"]}]},{\"@type\":\"ImageObject\",\"inLanguage\":\"de\",\"@id\":\"https:\/\/blog.protur-hotels.com\/de\/fira-sa-llampuga-mallorca-von-der-koestlichsten-seite\/#primaryimage\",\"url\":\"https:\/\/blog.protur-hotels.com\/wp-content\/uploads\/2018\/10\/fira-llampuga-cala-rajada-2018-Protur-hotels.jpg\",\"contentUrl\":\"https:\/\/blog.protur-hotels.com\/wp-content\/uploads\/2018\/10\/fira-llampuga-cala-rajada-2018-Protur-hotels.jpg\",\"width\":800,\"height\":650,\"caption\":\"fira-llampuga-cala-rajada-\"},{\"@type\":\"BreadcrumbList\",\"@id\":\"https:\/\/blog.protur-hotels.com\/de\/fira-sa-llampuga-mallorca-von-der-koestlichsten-seite\/#breadcrumb\",\"itemListElement\":[{\"@type\":\"ListItem\",\"position\":1,\"name\":\"Portada\",\"item\":\"https:\/\/blog.protur-hotels.com\/\"},{\"@type\":\"ListItem\",\"position\":2,\"name\":\"Fira de sa Llampuga: Mallorca von der k\u00f6stlichsten Seite\"}]},{\"@type\":\"WebSite\",\"@id\":\"https:\/\/blog.protur-hotels.com\/#website\",\"url\":\"https:\/\/blog.protur-hotels.com\/\",\"name\":\"Blog Protur Hotels\",\"description\":\"Un Blog para viajeros\",\"publisher\":{\"@id\":\"https:\/\/blog.protur-hotels.com\/#organization\"},\"potentialAction\":[{\"@type\":\"SearchAction\",\"target\":{\"@type\":\"EntryPoint\",\"urlTemplate\":\"https:\/\/blog.protur-hotels.com\/?s={search_term_string}\"},\"query-input\":{\"@type\":\"PropertyValueSpecification\",\"valueRequired\":true,\"valueName\":\"search_term_string\"}}],\"inLanguage\":\"de\"},{\"@type\":\"Organization\",\"@id\":\"https:\/\/blog.protur-hotels.com\/#organization\",\"name\":\"Blog Protur Hotels\",\"url\":\"https:\/\/blog.protur-hotels.com\/\",\"logo\":{\"@type\":\"ImageObject\",\"inLanguage\":\"de\",\"@id\":\"https:\/\/blog.protur-hotels.com\/#\/schema\/logo\/image\/\",\"url\":\"https:\/\/blog.protur-hotels.com\/wp-content\/uploads\/2020\/03\/blog-protur-hotels-mallorca.png\",\"contentUrl\":\"https:\/\/blog.protur-hotels.com\/wp-content\/uploads\/2020\/03\/blog-protur-hotels-mallorca.png\",\"width\":1422,\"height\":894,\"caption\":\"Blog Protur Hotels\"},\"image\":{\"@id\":\"https:\/\/blog.protur-hotels.com\/#\/schema\/logo\/image\/\"}},{\"@type\":\"Person\",\"@id\":\"https:\/\/blog.protur-hotels.com\/#\/schema\/person\/6eac7ca6e9a32baa4716fdd5d7358326\",\"name\":\"Protur Hotels\"}]}<\/script>\n<!-- \/ Yoast SEO plugin. -->","yoast_head_json":{"title":"Fira de sa Llampuga: Mallorca von der k\u00f6stlichsten Seite - Blog Protur Hotels","description":"Fira de sa Llampuga: Mallorca von der k\u00f6stlichsten Seite Haben Sie schon Pl\u00e4ne f\u00fcr den Oktober? Mallorca bietet im Herbst eine F\u00fclle an Aktivit\u00e4ten,","robots":{"index":"index","follow":"follow","max-snippet":"max-snippet:-1","max-image-preview":"max-image-preview:large","max-video-preview":"max-video-preview:-1"},"canonical":"https:\/\/blog.protur-hotels.com\/de\/fira-sa-llampuga-mallorca-von-der-koestlichsten-seite\/","og_locale":"de_DE","og_type":"article","og_title":"Fira de sa Llampuga: Mallorca von der k\u00f6stlichsten Seite - Blog Protur Hotels","og_description":"Fira de sa Llampuga: Mallorca von der k\u00f6stlichsten Seite Haben Sie schon Pl\u00e4ne f\u00fcr den Oktober? Mallorca bietet im Herbst eine F\u00fclle an Aktivit\u00e4ten,","og_url":"https:\/\/blog.protur-hotels.com\/de\/fira-sa-llampuga-mallorca-von-der-koestlichsten-seite\/","og_site_name":"Blog Protur Hotels","article_published_time":"2018-10-08T10:34:39+00:00","og_image":[{"width":800,"height":650,"url":"https:\/\/blog.protur-hotels.com\/wp-content\/uploads\/2018\/10\/fira-llampuga-cala-rajada-2018-Protur-hotels.jpg","type":"image\/jpeg"}],"author":"Protur Hotels","twitter_card":"summary_large_image","twitter_misc":{"Verfasst von":"Protur Hotels","Gesch\u00e4tzte Lesezeit":"2\u00a0Minuten"},"schema":{"@context":"https:\/\/schema.org","@graph":[{"@type":"Article","@id":"https:\/\/blog.protur-hotels.com\/de\/fira-sa-llampuga-mallorca-von-der-koestlichsten-seite\/#article","isPartOf":{"@id":"https:\/\/blog.protur-hotels.com\/de\/fira-sa-llampuga-mallorca-von-der-koestlichsten-seite\/"},"author":{"name":"Protur Hotels","@id":"https:\/\/blog.protur-hotels.com\/#\/schema\/person\/6eac7ca6e9a32baa4716fdd5d7358326"},"headline":"Fira de sa Llampuga: Mallorca von der k\u00f6stlichsten Seite","datePublished":"2018-10-08T10:34:39+00:00","mainEntityOfPage":{"@id":"https:\/\/blog.protur-hotels.com\/de\/fira-sa-llampuga-mallorca-von-der-koestlichsten-seite\/"},"wordCount":411,"commentCount":0,"publisher":{"@id":"https:\/\/blog.protur-hotels.com\/#organization"},"image":{"@id":"https:\/\/blog.protur-hotels.com\/de\/fira-sa-llampuga-mallorca-von-der-koestlichsten-seite\/#primaryimage"},"thumbnailUrl":"https:\/\/blog.protur-hotels.com\/wp-content\/uploads\/2018\/10\/fira-llampuga-cala-rajada-2018-Protur-hotels.jpg","keywords":["Llampuga"],"articleSection":["Mallorca","Protur Hotels","Volksfeste"],"inLanguage":"de"},{"@type":"WebPage","@id":"https:\/\/blog.protur-hotels.com\/de\/fira-sa-llampuga-mallorca-von-der-koestlichsten-seite\/","url":"https:\/\/blog.protur-hotels.com\/de\/fira-sa-llampuga-mallorca-von-der-koestlichsten-seite\/","name":"Fira de sa Llampuga: Mallorca von der k\u00f6stlichsten Seite - Blog Protur Hotels","isPartOf":{"@id":"https:\/\/blog.protur-hotels.com\/#website"},"primaryImageOfPage":{"@id":"https:\/\/blog.protur-hotels.com\/de\/fira-sa-llampuga-mallorca-von-der-koestlichsten-seite\/#primaryimage"},"image":{"@id":"https:\/\/blog.protur-hotels.com\/de\/fira-sa-llampuga-mallorca-von-der-koestlichsten-seite\/#primaryimage"},"thumbnailUrl":"https:\/\/blog.protur-hotels.com\/wp-content\/uploads\/2018\/10\/fira-llampuga-cala-rajada-2018-Protur-hotels.jpg","datePublished":"2018-10-08T10:34:39+00:00","description":"Fira de sa Llampuga: Mallorca von der k\u00f6stlichsten Seite Haben Sie schon Pl\u00e4ne f\u00fcr den Oktober? Mallorca bietet im Herbst eine F\u00fclle an Aktivit\u00e4ten,","breadcrumb":{"@id":"https:\/\/blog.protur-hotels.com\/de\/fira-sa-llampuga-mallorca-von-der-koestlichsten-seite\/#breadcrumb"},"inLanguage":"de","potentialAction":[{"@type":"ReadAction","target":["https:\/\/blog.protur-hotels.com\/de\/fira-sa-llampuga-mallorca-von-der-koestlichsten-seite\/"]}]},{"@type":"ImageObject","inLanguage":"de","@id":"https:\/\/blog.protur-hotels.com\/de\/fira-sa-llampuga-mallorca-von-der-koestlichsten-seite\/#primaryimage","url":"https:\/\/blog.protur-hotels.com\/wp-content\/uploads\/2018\/10\/fira-llampuga-cala-rajada-2018-Protur-hotels.jpg","contentUrl":"https:\/\/blog.protur-hotels.com\/wp-content\/uploads\/2018\/10\/fira-llampuga-cala-rajada-2018-Protur-hotels.jpg","width":800,"height":650,"caption":"fira-llampuga-cala-rajada-"},{"@type":"BreadcrumbList","@id":"https:\/\/blog.protur-hotels.com\/de\/fira-sa-llampuga-mallorca-von-der-koestlichsten-seite\/#breadcrumb","itemListElement":[{"@type":"ListItem","position":1,"name":"Portada","item":"https:\/\/blog.protur-hotels.com\/"},{"@type":"ListItem","position":2,"name":"Fira de sa Llampuga: Mallorca von der k\u00f6stlichsten Seite"}]},{"@type":"WebSite","@id":"https:\/\/blog.protur-hotels.com\/#website","url":"https:\/\/blog.protur-hotels.com\/","name":"Blog Protur Hotels","description":"Un Blog para viajeros","publisher":{"@id":"https:\/\/blog.protur-hotels.com\/#organization"},"potentialAction":[{"@type":"SearchAction","target":{"@type":"EntryPoint","urlTemplate":"https:\/\/blog.protur-hotels.com\/?s={search_term_string}"},"query-input":{"@type":"PropertyValueSpecification","valueRequired":true,"valueName":"search_term_string"}}],"inLanguage":"de"},{"@type":"Organization","@id":"https:\/\/blog.protur-hotels.com\/#organization","name":"Blog Protur Hotels","url":"https:\/\/blog.protur-hotels.com\/","logo":{"@type":"ImageObject","inLanguage":"de","@id":"https:\/\/blog.protur-hotels.com\/#\/schema\/logo\/image\/","url":"https:\/\/blog.protur-hotels.com\/wp-content\/uploads\/2020\/03\/blog-protur-hotels-mallorca.png","contentUrl":"https:\/\/blog.protur-hotels.com\/wp-content\/uploads\/2020\/03\/blog-protur-hotels-mallorca.png","width":1422,"height":894,"caption":"Blog Protur Hotels"},"image":{"@id":"https:\/\/blog.protur-hotels.com\/#\/schema\/logo\/image\/"}},{"@type":"Person","@id":"https:\/\/blog.protur-hotels.com\/#\/schema\/person\/6eac7ca6e9a32baa4716fdd5d7358326","name":"Protur Hotels"}]}},"_links":{"self":[{"href":"https:\/\/blog.protur-hotels.com\/de\/wp-json\/wp\/v2\/posts\/4265","targetHints":{"allow":["GET"]}}],"collection":[{"href":"https:\/\/blog.protur-hotels.com\/de\/wp-json\/wp\/v2\/posts"}],"about":[{"href":"https:\/\/blog.protur-hotels.com\/de\/wp-json\/wp\/v2\/types\/post"}],"author":[{"embeddable":true,"href":"https:\/\/blog.protur-hotels.com\/de\/wp-json\/wp\/v2\/users\/3"}],"replies":[{"embeddable":true,"href":"https:\/\/blog.protur-hotels.com\/de\/wp-json\/wp\/v2\/comments?post=4265"}],"version-history":[{"count":0,"href":"https:\/\/blog.protur-hotels.com\/de\/wp-json\/wp\/v2\/posts\/4265\/revisions"}],"wp:featuredmedia":[{"embeddable":true,"href":"https:\/\/blog.protur-hotels.com\/de\/wp-json\/wp\/v2\/media\/4266"}],"wp:attachment":[{"href":"https:\/\/blog.protur-hotels.com\/de\/wp-json\/wp\/v2\/media?parent=4265"}],"wp:term":[{"taxonomy":"category","embeddable":true,"href":"https:\/\/blog.protur-hotels.com\/de\/wp-json\/wp\/v2\/categories?post=4265"},{"taxonomy":"post_tag","embeddable":true,"href":"https:\/\/blog.protur-hotels.com\/de\/wp-json\/wp\/v2\/tags?post=4265"}],"curies":[{"name":"wp","href":"https:\/\/api.w.org\/{rel}","templated":true}]}}