{"id":4289,"date":"2018-10-29T16:16:14","date_gmt":"2018-10-29T16:16:14","guid":{"rendered":"https:\/\/blog.protur-hotels.com\/de\/?p=4289"},"modified":"2018-10-29T16:16:14","modified_gmt":"2018-10-29T16:16:14","slug":"wie-heissen-die-schoensten-buchten-im-osten","status":"publish","type":"post","link":"https:\/\/blog.protur-hotels.com\/de\/wie-heissen-die-schoensten-buchten-im-osten\/","title":{"rendered":"Wie hei\u00dfen die sch\u00f6nsten Buchten im Osten?"},"content":{"rendered":"<p><strong>Wie hei\u00dfen die sch\u00f6nsten Buchten im Osten?<\/strong><\/p>\n<p>Der Osten Mallorcas ist eine der sch\u00f6nsten Gegenden auf der Insel, die Sie in Ihrem Urlaub unbedingt kennenlernen sollten. Herrliche Str\u00e4nde und Buchten verleihen der K\u00fcste ihre Formen und zeigen die Insel je nach Jahreszeit in wechselnden Farben. Kiefernw\u00e4lder grenzen an beeindruckende wei\u00dfe Sandstr\u00e4nde und bieten wahre Bilderbuchbilder. Mallorcas Buchten locken jedes Jahr zahlreiche Besucher an, die diese paradiesischen Gegenden kennenlernen m\u00f6chten. Zwar sind schon viele dieser Buchten sehr bekannt, aber es gibt noch ein paar kleine, vom Massentourismus abgelegene Sch\u00e4tze wie die folgenden 7 exklusiven Buchten, die Sie besuchen sollten, wenn Sie Mallorcas Essenz kennenlernen m\u00f6chten.<\/p>\n<ul>\n<li><strong>Cala Rom\u00e1ntica:<\/strong> Diese bezaubernde Bucht mit glasklarem Wasser und wei\u00dfen Sandstr\u00e4nden liegt ganz in der N\u00e4he der ber\u00fchmten Cuevas del Drach Tropfsteinh\u00f6hlen. In Cala Rom\u00e1ntica herrscht ruhiges Ambiente und es besteht die M\u00f6glichkeit, erfrischende Getr\u00e4nke an ihrer Strandbar zu sich zu nehmen.<\/li>\n<li><strong>Cala Murada:.<\/strong> Dieser kleine Strand mit seinen zahlreichen Serviceleistungen ist ideal f\u00fcr Familien. Er liegt im Ort Manacor und hat seinen Namen von dem malerischen Fischerort, zu dem er geh\u00f6rt und von dem Sie begeistert sein werden.<\/li>\n<li><strong>Cala Varques:<\/strong> Dieses einmalige Paradies liegt nur eine halbe Autostunde von unseren <a href=\"https:\/\/protur-hotels.com\/de\/mallorca\/sa-coma\">Hotels in Sa Coma<\/a> entfernt. Cala Varques ist mit ihrer Ungest\u00f6rtheit ideal, um sich in der Mittelmeersonne zu entspannen.<\/li>\n<li><strong>Cala Morlanda:<\/strong> Diese Bucht mit kleinen Steinen hat einen ganz besonderen Charme. Ihr seichtes, t\u00fcrkisblaues Wasser l\u00e4dt zum Baden und zum Erkunden der sch\u00f6nen Meeresgr\u00fcnde ein.<\/li>\n<\/ul>\n<ul>\n<li><strong>Cal\u00f3 des Moro: <\/strong>Diese Bucht inmitten von Kiefern und sehr abwechslungsreicher Vegetation ist herrlich. Sie ist nach einem kleinen Ausflug in dieser Gegend mit herrlicher Meereslandschaft gut zu Fu\u00df zu erreichen.<\/li>\n<li><strong>Cala Mondrago:<\/strong> Dieser kleine, von Kiefern und Felsen umgebene Strand liegt in der N\u00e4he des Ortes Santany\u00ed. Die Bucht wurde 1992 vom Parlament der Baleareninseln zum Naturpark und 1995 von der Europ\u00e4ischen Gemeinschaft als Naturgebiet von besonderem Interesse erkl\u00e4rt. Sie ist ein kleines Paradies, das Sie w\u00e4hrend Ihres Urlaubs nicht vers\u00e4umen sollten.<\/li>\n<li><strong>Es Trenc:<\/strong> Dieser sch\u00f6ne und unber\u00fchrte Strand liegt etwas weiter weg als die anderen. Er geh\u00f6rt zu den gut erhaltenen Gebieten auf Mallorca, die Sie beeindrucken werden. Nur wenige Kilometer davon entfernt liegt <strong>Ses Salines, <\/strong>einer der Salinen auf Mallorca, in der Sie den Herstellungsablauf der ber\u00fchmten<strong> Fleur de Sel <\/strong>kennenlernen k\u00f6nnen.<\/li>\n<\/ul>\n<p>Im Osten Mallorcas, wo diese beeindruckende Natursch\u00e4tze liegen, erwartet Sie die Essenz der Insel.<\/p>\n<p>Entdecken Sie Mallorca mit <a href=\"https:\/\/protur-hotels.com\/de\/\">Protur Hotels.<\/a><\/p>\n","protected":false},"excerpt":{"rendered":"<p>Wie hei\u00dfen die sch\u00f6nsten Buchten im Osten? Der Osten Mallorcas ist eine der sch\u00f6nsten Gegenden auf der Insel, die Sie in Ihrem Urlaub unbedingt kennenlernen sollten. Herrliche Str\u00e4nde und Buchten&hellip;<\/p>\n","protected":false},"author":3,"featured_media":4285,"comment_status":"open","ping_status":"open","sticky":false,"template":"","format":"standard","meta":{"_lmt_disableupdate":"","_lmt_disable":"","footnotes":""},"categories":[102,1064,108,103],"tags":[1027,291,237],"class_list":["post-4289","post","type-post","status-publish","format-standard","has-post-thumbnail","hentry","category-mallorca-de","category-mallorca-de-2","category-protur-hotels-de","category-playas-de","tag-osten","tag-sommer","tag-urlaub"],"yoast_head":"<!-- This site is optimized with the Yoast SEO plugin v26.6 - https:\/\/yoast.com\/wordpress\/plugins\/seo\/ -->\n<title>Wie hei\u00dfen die sch\u00f6nsten Buchten im Osten? - Blog Protur Hotels<\/title>\n<meta name=\"description\" content=\"Wie hei\u00dfen die sch\u00f6nsten Buchten im Osten? Der Osten Mallorcas ist eine der sch\u00f6nsten Gegenden auf der Insel, die Sie in Ihrem Urlaub unbedingt\" \/>\n<meta name=\"robots\" content=\"index, follow, max-snippet:-1, max-image-preview:large, max-video-preview:-1\" \/>\n<link rel=\"canonical\" href=\"https:\/\/blog.protur-hotels.com\/de\/wie-heissen-die-schoensten-buchten-im-osten\/\" \/>\n<meta property=\"og:locale\" content=\"de_DE\" \/>\n<meta property=\"og:type\" content=\"article\" \/>\n<meta property=\"og:title\" content=\"Wie hei\u00dfen die sch\u00f6nsten Buchten im Osten? - Blog Protur Hotels\" \/>\n<meta property=\"og:description\" content=\"Wie hei\u00dfen die sch\u00f6nsten Buchten im Osten? Der Osten Mallorcas ist eine der sch\u00f6nsten Gegenden auf der Insel, die Sie in Ihrem Urlaub unbedingt\" \/>\n<meta property=\"og:url\" content=\"https:\/\/blog.protur-hotels.com\/de\/wie-heissen-die-schoensten-buchten-im-osten\/\" \/>\n<meta property=\"og:site_name\" content=\"Blog Protur Hotels\" \/>\n<meta property=\"article:published_time\" content=\"2018-10-29T16:16:14+00:00\" \/>\n<meta property=\"og:image\" content=\"https:\/\/blog.protur-hotels.com\/wp-content\/uploads\/2018\/10\/cuales-las-mejores-calas-levante.jpg\" \/>\n\t<meta property=\"og:image:width\" content=\"800\" \/>\n\t<meta property=\"og:image:height\" content=\"650\" \/>\n\t<meta property=\"og:image:type\" content=\"image\/jpeg\" \/>\n<meta name=\"author\" content=\"Protur Hotels\" \/>\n<meta name=\"twitter:card\" content=\"summary_large_image\" \/>\n<meta name=\"twitter:label1\" content=\"Verfasst von\" \/>\n\t<meta name=\"twitter:data1\" content=\"Protur Hotels\" \/>\n\t<meta name=\"twitter:label2\" content=\"Gesch\u00e4tzte Lesezeit\" \/>\n\t<meta name=\"twitter:data2\" content=\"2\u00a0Minuten\" \/>\n<script type=\"application\/ld+json\" class=\"yoast-schema-graph\">{\"@context\":\"https:\/\/schema.org\",\"@graph\":[{\"@type\":\"Article\",\"@id\":\"https:\/\/blog.protur-hotels.com\/de\/wie-heissen-die-schoensten-buchten-im-osten\/#article\",\"isPartOf\":{\"@id\":\"https:\/\/blog.protur-hotels.com\/de\/wie-heissen-die-schoensten-buchten-im-osten\/\"},\"author\":{\"name\":\"Protur Hotels\",\"@id\":\"https:\/\/blog.protur-hotels.com\/#\/schema\/person\/6eac7ca6e9a32baa4716fdd5d7358326\"},\"headline\":\"Wie hei\u00dfen die sch\u00f6nsten Buchten im Osten?\",\"datePublished\":\"2018-10-29T16:16:14+00:00\",\"mainEntityOfPage\":{\"@id\":\"https:\/\/blog.protur-hotels.com\/de\/wie-heissen-die-schoensten-buchten-im-osten\/\"},\"wordCount\":439,\"commentCount\":0,\"publisher\":{\"@id\":\"https:\/\/blog.protur-hotels.com\/#organization\"},\"image\":{\"@id\":\"https:\/\/blog.protur-hotels.com\/de\/wie-heissen-die-schoensten-buchten-im-osten\/#primaryimage\"},\"thumbnailUrl\":\"https:\/\/blog.protur-hotels.com\/wp-content\/uploads\/2018\/10\/cuales-las-mejores-calas-levante.jpg\",\"keywords\":[\"Osten\",\"Sommer\",\"URLAUB\"],\"articleSection\":[\"Mallorca\",\"Mallorca\",\"Protur Hotels\",\"Str\u00e4nde\"],\"inLanguage\":\"de\"},{\"@type\":\"WebPage\",\"@id\":\"https:\/\/blog.protur-hotels.com\/de\/wie-heissen-die-schoensten-buchten-im-osten\/\",\"url\":\"https:\/\/blog.protur-hotels.com\/de\/wie-heissen-die-schoensten-buchten-im-osten\/\",\"name\":\"Wie hei\u00dfen die sch\u00f6nsten Buchten im Osten? - Blog Protur Hotels\",\"isPartOf\":{\"@id\":\"https:\/\/blog.protur-hotels.com\/#website\"},\"primaryImageOfPage\":{\"@id\":\"https:\/\/blog.protur-hotels.com\/de\/wie-heissen-die-schoensten-buchten-im-osten\/#primaryimage\"},\"image\":{\"@id\":\"https:\/\/blog.protur-hotels.com\/de\/wie-heissen-die-schoensten-buchten-im-osten\/#primaryimage\"},\"thumbnailUrl\":\"https:\/\/blog.protur-hotels.com\/wp-content\/uploads\/2018\/10\/cuales-las-mejores-calas-levante.jpg\",\"datePublished\":\"2018-10-29T16:16:14+00:00\",\"description\":\"Wie hei\u00dfen die sch\u00f6nsten Buchten im Osten? Der Osten Mallorcas ist eine der sch\u00f6nsten Gegenden auf der Insel, die Sie in Ihrem Urlaub unbedingt\",\"breadcrumb\":{\"@id\":\"https:\/\/blog.protur-hotels.com\/de\/wie-heissen-die-schoensten-buchten-im-osten\/#breadcrumb\"},\"inLanguage\":\"de\",\"potentialAction\":[{\"@type\":\"ReadAction\",\"target\":[\"https:\/\/blog.protur-hotels.com\/de\/wie-heissen-die-schoensten-buchten-im-osten\/\"]}]},{\"@type\":\"ImageObject\",\"inLanguage\":\"de\",\"@id\":\"https:\/\/blog.protur-hotels.com\/de\/wie-heissen-die-schoensten-buchten-im-osten\/#primaryimage\",\"url\":\"https:\/\/blog.protur-hotels.com\/wp-content\/uploads\/2018\/10\/cuales-las-mejores-calas-levante.jpg\",\"contentUrl\":\"https:\/\/blog.protur-hotels.com\/wp-content\/uploads\/2018\/10\/cuales-las-mejores-calas-levante.jpg\",\"width\":800,\"height\":650,\"caption\":\"Llevant-Osten-Levante-\u041a\u0430\u043a\u0438\u0435\"},{\"@type\":\"BreadcrumbList\",\"@id\":\"https:\/\/blog.protur-hotels.com\/de\/wie-heissen-die-schoensten-buchten-im-osten\/#breadcrumb\",\"itemListElement\":[{\"@type\":\"ListItem\",\"position\":1,\"name\":\"Portada\",\"item\":\"https:\/\/blog.protur-hotels.com\/\"},{\"@type\":\"ListItem\",\"position\":2,\"name\":\"Wie hei\u00dfen die sch\u00f6nsten Buchten im Osten?\"}]},{\"@type\":\"WebSite\",\"@id\":\"https:\/\/blog.protur-hotels.com\/#website\",\"url\":\"https:\/\/blog.protur-hotels.com\/\",\"name\":\"Blog Protur Hotels\",\"description\":\"Un Blog para viajeros\",\"publisher\":{\"@id\":\"https:\/\/blog.protur-hotels.com\/#organization\"},\"potentialAction\":[{\"@type\":\"SearchAction\",\"target\":{\"@type\":\"EntryPoint\",\"urlTemplate\":\"https:\/\/blog.protur-hotels.com\/?s={search_term_string}\"},\"query-input\":{\"@type\":\"PropertyValueSpecification\",\"valueRequired\":true,\"valueName\":\"search_term_string\"}}],\"inLanguage\":\"de\"},{\"@type\":\"Organization\",\"@id\":\"https:\/\/blog.protur-hotels.com\/#organization\",\"name\":\"Blog Protur Hotels\",\"url\":\"https:\/\/blog.protur-hotels.com\/\",\"logo\":{\"@type\":\"ImageObject\",\"inLanguage\":\"de\",\"@id\":\"https:\/\/blog.protur-hotels.com\/#\/schema\/logo\/image\/\",\"url\":\"https:\/\/blog.protur-hotels.com\/wp-content\/uploads\/2020\/03\/blog-protur-hotels-mallorca.png\",\"contentUrl\":\"https:\/\/blog.protur-hotels.com\/wp-content\/uploads\/2020\/03\/blog-protur-hotels-mallorca.png\",\"width\":1422,\"height\":894,\"caption\":\"Blog Protur Hotels\"},\"image\":{\"@id\":\"https:\/\/blog.protur-hotels.com\/#\/schema\/logo\/image\/\"}},{\"@type\":\"Person\",\"@id\":\"https:\/\/blog.protur-hotels.com\/#\/schema\/person\/6eac7ca6e9a32baa4716fdd5d7358326\",\"name\":\"Protur Hotels\"}]}<\/script>\n<!-- \/ Yoast SEO plugin. -->","yoast_head_json":{"title":"Wie hei\u00dfen die sch\u00f6nsten Buchten im Osten? - Blog Protur Hotels","description":"Wie hei\u00dfen die sch\u00f6nsten Buchten im Osten? Der Osten Mallorcas ist eine der sch\u00f6nsten Gegenden auf der Insel, die Sie in Ihrem Urlaub unbedingt","robots":{"index":"index","follow":"follow","max-snippet":"max-snippet:-1","max-image-preview":"max-image-preview:large","max-video-preview":"max-video-preview:-1"},"canonical":"https:\/\/blog.protur-hotels.com\/de\/wie-heissen-die-schoensten-buchten-im-osten\/","og_locale":"de_DE","og_type":"article","og_title":"Wie hei\u00dfen die sch\u00f6nsten Buchten im Osten? - Blog Protur Hotels","og_description":"Wie hei\u00dfen die sch\u00f6nsten Buchten im Osten? Der Osten Mallorcas ist eine der sch\u00f6nsten Gegenden auf der Insel, die Sie in Ihrem Urlaub unbedingt","og_url":"https:\/\/blog.protur-hotels.com\/de\/wie-heissen-die-schoensten-buchten-im-osten\/","og_site_name":"Blog Protur Hotels","article_published_time":"2018-10-29T16:16:14+00:00","og_image":[{"width":800,"height":650,"url":"https:\/\/blog.protur-hotels.com\/wp-content\/uploads\/2018\/10\/cuales-las-mejores-calas-levante.jpg","type":"image\/jpeg"}],"author":"Protur Hotels","twitter_card":"summary_large_image","twitter_misc":{"Verfasst von":"Protur Hotels","Gesch\u00e4tzte Lesezeit":"2\u00a0Minuten"},"schema":{"@context":"https:\/\/schema.org","@graph":[{"@type":"Article","@id":"https:\/\/blog.protur-hotels.com\/de\/wie-heissen-die-schoensten-buchten-im-osten\/#article","isPartOf":{"@id":"https:\/\/blog.protur-hotels.com\/de\/wie-heissen-die-schoensten-buchten-im-osten\/"},"author":{"name":"Protur Hotels","@id":"https:\/\/blog.protur-hotels.com\/#\/schema\/person\/6eac7ca6e9a32baa4716fdd5d7358326"},"headline":"Wie hei\u00dfen die sch\u00f6nsten Buchten im Osten?","datePublished":"2018-10-29T16:16:14+00:00","mainEntityOfPage":{"@id":"https:\/\/blog.protur-hotels.com\/de\/wie-heissen-die-schoensten-buchten-im-osten\/"},"wordCount":439,"commentCount":0,"publisher":{"@id":"https:\/\/blog.protur-hotels.com\/#organization"},"image":{"@id":"https:\/\/blog.protur-hotels.com\/de\/wie-heissen-die-schoensten-buchten-im-osten\/#primaryimage"},"thumbnailUrl":"https:\/\/blog.protur-hotels.com\/wp-content\/uploads\/2018\/10\/cuales-las-mejores-calas-levante.jpg","keywords":["Osten","Sommer","URLAUB"],"articleSection":["Mallorca","Mallorca","Protur Hotels","Str\u00e4nde"],"inLanguage":"de"},{"@type":"WebPage","@id":"https:\/\/blog.protur-hotels.com\/de\/wie-heissen-die-schoensten-buchten-im-osten\/","url":"https:\/\/blog.protur-hotels.com\/de\/wie-heissen-die-schoensten-buchten-im-osten\/","name":"Wie hei\u00dfen die sch\u00f6nsten Buchten im Osten? - Blog Protur Hotels","isPartOf":{"@id":"https:\/\/blog.protur-hotels.com\/#website"},"primaryImageOfPage":{"@id":"https:\/\/blog.protur-hotels.com\/de\/wie-heissen-die-schoensten-buchten-im-osten\/#primaryimage"},"image":{"@id":"https:\/\/blog.protur-hotels.com\/de\/wie-heissen-die-schoensten-buchten-im-osten\/#primaryimage"},"thumbnailUrl":"https:\/\/blog.protur-hotels.com\/wp-content\/uploads\/2018\/10\/cuales-las-mejores-calas-levante.jpg","datePublished":"2018-10-29T16:16:14+00:00","description":"Wie hei\u00dfen die sch\u00f6nsten Buchten im Osten? Der Osten Mallorcas ist eine der sch\u00f6nsten Gegenden auf der Insel, die Sie in Ihrem Urlaub unbedingt","breadcrumb":{"@id":"https:\/\/blog.protur-hotels.com\/de\/wie-heissen-die-schoensten-buchten-im-osten\/#breadcrumb"},"inLanguage":"de","potentialAction":[{"@type":"ReadAction","target":["https:\/\/blog.protur-hotels.com\/de\/wie-heissen-die-schoensten-buchten-im-osten\/"]}]},{"@type":"ImageObject","inLanguage":"de","@id":"https:\/\/blog.protur-hotels.com\/de\/wie-heissen-die-schoensten-buchten-im-osten\/#primaryimage","url":"https:\/\/blog.protur-hotels.com\/wp-content\/uploads\/2018\/10\/cuales-las-mejores-calas-levante.jpg","contentUrl":"https:\/\/blog.protur-hotels.com\/wp-content\/uploads\/2018\/10\/cuales-las-mejores-calas-levante.jpg","width":800,"height":650,"caption":"Llevant-Osten-Levante-\u041a\u0430\u043a\u0438\u0435"},{"@type":"BreadcrumbList","@id":"https:\/\/blog.protur-hotels.com\/de\/wie-heissen-die-schoensten-buchten-im-osten\/#breadcrumb","itemListElement":[{"@type":"ListItem","position":1,"name":"Portada","item":"https:\/\/blog.protur-hotels.com\/"},{"@type":"ListItem","position":2,"name":"Wie hei\u00dfen die sch\u00f6nsten Buchten im Osten?"}]},{"@type":"WebSite","@id":"https:\/\/blog.protur-hotels.com\/#website","url":"https:\/\/blog.protur-hotels.com\/","name":"Blog Protur Hotels","description":"Un Blog para viajeros","publisher":{"@id":"https:\/\/blog.protur-hotels.com\/#organization"},"potentialAction":[{"@type":"SearchAction","target":{"@type":"EntryPoint","urlTemplate":"https:\/\/blog.protur-hotels.com\/?s={search_term_string}"},"query-input":{"@type":"PropertyValueSpecification","valueRequired":true,"valueName":"search_term_string"}}],"inLanguage":"de"},{"@type":"Organization","@id":"https:\/\/blog.protur-hotels.com\/#organization","name":"Blog Protur Hotels","url":"https:\/\/blog.protur-hotels.com\/","logo":{"@type":"ImageObject","inLanguage":"de","@id":"https:\/\/blog.protur-hotels.com\/#\/schema\/logo\/image\/","url":"https:\/\/blog.protur-hotels.com\/wp-content\/uploads\/2020\/03\/blog-protur-hotels-mallorca.png","contentUrl":"https:\/\/blog.protur-hotels.com\/wp-content\/uploads\/2020\/03\/blog-protur-hotels-mallorca.png","width":1422,"height":894,"caption":"Blog Protur Hotels"},"image":{"@id":"https:\/\/blog.protur-hotels.com\/#\/schema\/logo\/image\/"}},{"@type":"Person","@id":"https:\/\/blog.protur-hotels.com\/#\/schema\/person\/6eac7ca6e9a32baa4716fdd5d7358326","name":"Protur Hotels"}]}},"_links":{"self":[{"href":"https:\/\/blog.protur-hotels.com\/de\/wp-json\/wp\/v2\/posts\/4289","targetHints":{"allow":["GET"]}}],"collection":[{"href":"https:\/\/blog.protur-hotels.com\/de\/wp-json\/wp\/v2\/posts"}],"about":[{"href":"https:\/\/blog.protur-hotels.com\/de\/wp-json\/wp\/v2\/types\/post"}],"author":[{"embeddable":true,"href":"https:\/\/blog.protur-hotels.com\/de\/wp-json\/wp\/v2\/users\/3"}],"replies":[{"embeddable":true,"href":"https:\/\/blog.protur-hotels.com\/de\/wp-json\/wp\/v2\/comments?post=4289"}],"version-history":[{"count":0,"href":"https:\/\/blog.protur-hotels.com\/de\/wp-json\/wp\/v2\/posts\/4289\/revisions"}],"wp:featuredmedia":[{"embeddable":true,"href":"https:\/\/blog.protur-hotels.com\/de\/wp-json\/wp\/v2\/media\/4285"}],"wp:attachment":[{"href":"https:\/\/blog.protur-hotels.com\/de\/wp-json\/wp\/v2\/media?parent=4289"}],"wp:term":[{"taxonomy":"category","embeddable":true,"href":"https:\/\/blog.protur-hotels.com\/de\/wp-json\/wp\/v2\/categories?post=4289"},{"taxonomy":"post_tag","embeddable":true,"href":"https:\/\/blog.protur-hotels.com\/de\/wp-json\/wp\/v2\/tags?post=4289"}],"curies":[{"name":"wp","href":"https:\/\/api.w.org\/{rel}","templated":true}]}}