{"id":4309,"date":"2018-11-08T08:18:03","date_gmt":"2018-11-08T08:18:03","guid":{"rendered":"https:\/\/blog.protur-hotels.com\/de\/?p=4309"},"modified":"2019-02-15T08:44:08","modified_gmt":"2019-02-15T08:44:08","slug":"oeffnungen-unserer-hoteles-sommersaison-2019","status":"publish","type":"post","link":"https:\/\/blog.protur-hotels.com\/de\/oeffnungen-unserer-hoteles-sommersaison-2019\/","title":{"rendered":"\u00d6ffnungen Protur Hotels Saison 2019"},"content":{"rendered":"<p>Hotel\u00f6ffnungen f\u00fcr 2019 der Hotels, Aparthotels und Appartements von<a href=\"https:\/\/protur-hotels.com\/de\/hotels-auf-mallorca\"> Protur Hotels auf Mallorca und in Almer\u00eda.<\/a> Hier finden Sie die Termine ab wann Sie unsere Anlagen wieder besuchen k\u00f6nnen.<\/p>\n<p>Hervorzuheben ist in diesem Jahr die Er\u00f6ffnung im Januar 2019 unseres neuen<a href=\"https:\/\/protur-hotels.com\/de\/hotels-auf-mallorca\/protur-naisa-palma\"><strong> Hotels Protur Naisa Palma,<\/strong> <\/a>unserem ersten Stadthotel.<\/p>\n<p>Zum 1. M\u00e4rz \u00f6ffnen das <strong>Protur Biomar Gran Hotel &amp; Spa *****<\/strong> und das P<strong>rotur Bonaire Aparthotel ****<\/strong> (Protur Bonaire Buchungen nur \u00fcber den Veranstalter TUI UK) ihre T\u00fcren.<\/p>\n<p>Ab Mitte M\u00e4rz k\u00f6nnen Sie unsere Unterk\u00fcnfte nur f\u00fcr Erwachsene im <strong>Protur Alicia Hotel ****,<\/strong> <strong>Protur Bonamar Hotel ****<\/strong> und im <strong>Protur Playa Cala Millor Hotel **** <\/strong>genie\u00dfen.<\/p>\n<p>Zu Ostern bieten wir dann das <strong>Protur Sa Coma Playa Hotel &amp; Spa **** <\/strong><strong>(Mallorca) und das Protur Roquetas Hot<\/strong><strong>el <\/strong><strong>&amp; Spa<\/strong><strong> ***** <\/strong><strong>in Almeria<\/strong>\u00a0.<\/p>\n<p>Ab dem 1. Mai stehen die verbleibenden Hotels unserer Kette bereit und freuen sich auf neue G\u00e4ste.<\/p>\n<p>Wir sehen uns wieder in 2019! Hier nochmal die Liste der vorhergesehenen \u00d6ffnungstermine:<\/p>\n<p><strong><strong>Almer\u00eda,<br \/>\nRoquetas de Mar:<br \/>\n<\/strong><\/strong>Protur Roquetas Hotel &amp; Spa 15.04.19<\/p>\n<p><strong><strong>Mallorca,<br \/>\n<\/strong><\/strong><strong><strong>Palma<\/strong><\/strong><\/p>\n<p><strong>Protur Naisa Palma Hotel 02.01.19<\/strong><\/p>\n<p><strong><strong>Sa Coma<br \/>\n<\/strong><\/strong>Protur Biomar Gran Hotel &amp; Spa 01.03.19<br \/>\nProtur Sa Coma Playa Hotel &amp; Spa 06.04.19<br \/>\nProtur Vista Bad\u00eda Aparthotel 01.05.19<br \/>\nProtur Bad\u00eda Park Aparthotel 27.04.19<br \/>\nProtur Safari Park Aparthotel 01.05.19<br \/>\nProtur Palmeras Playa Hotel 01.05.19<\/p>\n<p><strong><strong>Cala Millor:<br \/>\n<\/strong><\/strong>Protur Monte Safari Aparthotel 01.05.19<br \/>\nProtur Bonamar Hotel 22.03.19<br \/>\nProtur Playa Cala Millor Hotel 15.03.19<\/p>\n<p><strong><strong>Cala Bona:<br \/>\n<\/strong><\/strong>Protur Bonaire Aparthotel 01.03.19<br \/>\nProtur Alicia Hotel 15.03.19<br \/>\nProtur Floriana Aparthotel 01.05.19<br \/>\nProtur Bahia Azul Apartamentos 01.05.19<br \/>\n<strong><strong>Residencia Restaurante Son Floriana\u00a0Vom 07.01. Bis 31.01.2019 geschlossen<\/strong><\/strong><\/p>\n<p><strong><strong>Cala Ratjada:<br \/>\n<\/strong><\/strong>Protur Tur\u00f3 Pins Hotel 01.05.19 (neue Kategorie 4 Sterne)<\/p>\n","protected":false},"excerpt":{"rendered":"<p>Hotel\u00f6ffnungen f\u00fcr 2019 der Hotels, Aparthotels und Appartements von Protur Hotels auf Mallorca und in Almer\u00eda. Hier finden Sie die Termine ab wann Sie unsere Anlagen wieder besuchen k\u00f6nnen. Hervorzuheben&hellip;<\/p>\n","protected":false},"author":3,"featured_media":4300,"comment_status":"open","ping_status":"open","sticky":false,"template":"","format":"standard","meta":{"_lmt_disableupdate":"","_lmt_disable":"","footnotes":""},"categories":[30,102,1064,108],"tags":[1030,291,237],"class_list":["post-4309","post","type-post","status-publish","format-standard","has-post-thumbnail","hentry","category-almeria-de","category-mallorca-de","category-mallorca-de-2","category-protur-hotels-de","tag-1030","tag-sommer","tag-urlaub"],"yoast_head":"<!-- This site is optimized with the Yoast SEO plugin v26.6 - https:\/\/yoast.com\/wordpress\/plugins\/seo\/ -->\n<title>\u00d6ffnungen Protur Hotels Saison 2019 - Blog Protur Hotels<\/title>\n<meta name=\"description\" content=\"Hotel\u00f6ffnungen f\u00fcr 2019 der Hotels, Aparthotels und Appartements von Protur Hotels auf Mallorca und in Almer\u00eda. Hier finden Sie die Termine\" \/>\n<meta name=\"robots\" content=\"index, follow, max-snippet:-1, max-image-preview:large, max-video-preview:-1\" \/>\n<link rel=\"canonical\" href=\"https:\/\/blog.protur-hotels.com\/de\/oeffnungen-unserer-hoteles-sommersaison-2019\/\" \/>\n<meta property=\"og:locale\" content=\"de_DE\" \/>\n<meta property=\"og:type\" content=\"article\" \/>\n<meta property=\"og:title\" content=\"\u00d6ffnungen Protur Hotels Saison 2019 - Blog Protur Hotels\" \/>\n<meta property=\"og:description\" content=\"Hotel\u00f6ffnungen f\u00fcr 2019 der Hotels, Aparthotels und Appartements von Protur Hotels auf Mallorca und in Almer\u00eda. Hier finden Sie die Termine\" \/>\n<meta property=\"og:url\" content=\"https:\/\/blog.protur-hotels.com\/de\/oeffnungen-unserer-hoteles-sommersaison-2019\/\" \/>\n<meta property=\"og:site_name\" content=\"Blog Protur Hotels\" \/>\n<meta property=\"article:published_time\" content=\"2018-11-08T08:18:03+00:00\" \/>\n<meta property=\"article:modified_time\" content=\"2019-02-15T08:44:08+00:00\" \/>\n<meta property=\"og:image\" content=\"https:\/\/blog.protur-hotels.com\/wp-content\/uploads\/2018\/11\/2019-aperturas-protur-hotels.jpg\" \/>\n\t<meta property=\"og:image:width\" content=\"800\" \/>\n\t<meta property=\"og:image:height\" content=\"650\" \/>\n\t<meta property=\"og:image:type\" content=\"image\/jpeg\" \/>\n<meta name=\"author\" content=\"Protur Hotels\" \/>\n<meta name=\"twitter:card\" content=\"summary_large_image\" \/>\n<meta name=\"twitter:label1\" content=\"Verfasst von\" \/>\n\t<meta name=\"twitter:data1\" content=\"Protur Hotels\" \/>\n\t<meta name=\"twitter:label2\" content=\"Gesch\u00e4tzte Lesezeit\" \/>\n\t<meta name=\"twitter:data2\" content=\"1\u00a0Minute\" \/>\n<script type=\"application\/ld+json\" class=\"yoast-schema-graph\">{\"@context\":\"https:\/\/schema.org\",\"@graph\":[{\"@type\":\"Article\",\"@id\":\"https:\/\/blog.protur-hotels.com\/de\/oeffnungen-unserer-hoteles-sommersaison-2019\/#article\",\"isPartOf\":{\"@id\":\"https:\/\/blog.protur-hotels.com\/de\/oeffnungen-unserer-hoteles-sommersaison-2019\/\"},\"author\":{\"name\":\"Protur Hotels\",\"@id\":\"https:\/\/blog.protur-hotels.com\/#\/schema\/person\/6eac7ca6e9a32baa4716fdd5d7358326\"},\"headline\":\"\u00d6ffnungen Protur Hotels Saison 2019\",\"datePublished\":\"2018-11-08T08:18:03+00:00\",\"dateModified\":\"2019-02-15T08:44:08+00:00\",\"mainEntityOfPage\":{\"@id\":\"https:\/\/blog.protur-hotels.com\/de\/oeffnungen-unserer-hoteles-sommersaison-2019\/\"},\"wordCount\":260,\"commentCount\":0,\"publisher\":{\"@id\":\"https:\/\/blog.protur-hotels.com\/#organization\"},\"image\":{\"@id\":\"https:\/\/blog.protur-hotels.com\/de\/oeffnungen-unserer-hoteles-sommersaison-2019\/#primaryimage\"},\"thumbnailUrl\":\"https:\/\/blog.protur-hotels.com\/wp-content\/uploads\/2018\/11\/2019-aperturas-protur-hotels.jpg\",\"keywords\":[\"2019\",\"Sommer\",\"URLAUB\"],\"articleSection\":[\"Almer\u00eda\",\"Mallorca\",\"Mallorca\",\"Protur Hotels\"],\"inLanguage\":\"de\"},{\"@type\":\"WebPage\",\"@id\":\"https:\/\/blog.protur-hotels.com\/de\/oeffnungen-unserer-hoteles-sommersaison-2019\/\",\"url\":\"https:\/\/blog.protur-hotels.com\/de\/oeffnungen-unserer-hoteles-sommersaison-2019\/\",\"name\":\"\u00d6ffnungen Protur Hotels Saison 2019 - Blog Protur Hotels\",\"isPartOf\":{\"@id\":\"https:\/\/blog.protur-hotels.com\/#website\"},\"primaryImageOfPage\":{\"@id\":\"https:\/\/blog.protur-hotels.com\/de\/oeffnungen-unserer-hoteles-sommersaison-2019\/#primaryimage\"},\"image\":{\"@id\":\"https:\/\/blog.protur-hotels.com\/de\/oeffnungen-unserer-hoteles-sommersaison-2019\/#primaryimage\"},\"thumbnailUrl\":\"https:\/\/blog.protur-hotels.com\/wp-content\/uploads\/2018\/11\/2019-aperturas-protur-hotels.jpg\",\"datePublished\":\"2018-11-08T08:18:03+00:00\",\"dateModified\":\"2019-02-15T08:44:08+00:00\",\"description\":\"Hotel\u00f6ffnungen f\u00fcr 2019 der Hotels, Aparthotels und Appartements von Protur Hotels auf Mallorca und in Almer\u00eda. Hier finden Sie die Termine\",\"breadcrumb\":{\"@id\":\"https:\/\/blog.protur-hotels.com\/de\/oeffnungen-unserer-hoteles-sommersaison-2019\/#breadcrumb\"},\"inLanguage\":\"de\",\"potentialAction\":[{\"@type\":\"ReadAction\",\"target\":[\"https:\/\/blog.protur-hotels.com\/de\/oeffnungen-unserer-hoteles-sommersaison-2019\/\"]}]},{\"@type\":\"ImageObject\",\"inLanguage\":\"de\",\"@id\":\"https:\/\/blog.protur-hotels.com\/de\/oeffnungen-unserer-hoteles-sommersaison-2019\/#primaryimage\",\"url\":\"https:\/\/blog.protur-hotels.com\/wp-content\/uploads\/2018\/11\/2019-aperturas-protur-hotels.jpg\",\"contentUrl\":\"https:\/\/blog.protur-hotels.com\/wp-content\/uploads\/2018\/11\/2019-aperturas-protur-hotels.jpg\",\"width\":800,\"height\":650,\"caption\":\"2019-aperturas-protur-hotels - Obertures Estiu 2019 a Protur hotels \u041e\u0442\u043a\u0440\u044b\u0442\u0438\u0435\"},{\"@type\":\"BreadcrumbList\",\"@id\":\"https:\/\/blog.protur-hotels.com\/de\/oeffnungen-unserer-hoteles-sommersaison-2019\/#breadcrumb\",\"itemListElement\":[{\"@type\":\"ListItem\",\"position\":1,\"name\":\"Portada\",\"item\":\"https:\/\/blog.protur-hotels.com\/\"},{\"@type\":\"ListItem\",\"position\":2,\"name\":\"\u00d6ffnungen Protur Hotels Saison 2019\"}]},{\"@type\":\"WebSite\",\"@id\":\"https:\/\/blog.protur-hotels.com\/#website\",\"url\":\"https:\/\/blog.protur-hotels.com\/\",\"name\":\"Blog Protur Hotels\",\"description\":\"Un Blog para viajeros\",\"publisher\":{\"@id\":\"https:\/\/blog.protur-hotels.com\/#organization\"},\"potentialAction\":[{\"@type\":\"SearchAction\",\"target\":{\"@type\":\"EntryPoint\",\"urlTemplate\":\"https:\/\/blog.protur-hotels.com\/?s={search_term_string}\"},\"query-input\":{\"@type\":\"PropertyValueSpecification\",\"valueRequired\":true,\"valueName\":\"search_term_string\"}}],\"inLanguage\":\"de\"},{\"@type\":\"Organization\",\"@id\":\"https:\/\/blog.protur-hotels.com\/#organization\",\"name\":\"Blog Protur Hotels\",\"url\":\"https:\/\/blog.protur-hotels.com\/\",\"logo\":{\"@type\":\"ImageObject\",\"inLanguage\":\"de\",\"@id\":\"https:\/\/blog.protur-hotels.com\/#\/schema\/logo\/image\/\",\"url\":\"https:\/\/blog.protur-hotels.com\/wp-content\/uploads\/2020\/03\/blog-protur-hotels-mallorca.png\",\"contentUrl\":\"https:\/\/blog.protur-hotels.com\/wp-content\/uploads\/2020\/03\/blog-protur-hotels-mallorca.png\",\"width\":1422,\"height\":894,\"caption\":\"Blog Protur Hotels\"},\"image\":{\"@id\":\"https:\/\/blog.protur-hotels.com\/#\/schema\/logo\/image\/\"}},{\"@type\":\"Person\",\"@id\":\"https:\/\/blog.protur-hotels.com\/#\/schema\/person\/6eac7ca6e9a32baa4716fdd5d7358326\",\"name\":\"Protur Hotels\"}]}<\/script>\n<!-- \/ Yoast SEO plugin. -->","yoast_head_json":{"title":"\u00d6ffnungen Protur Hotels Saison 2019 - Blog Protur Hotels","description":"Hotel\u00f6ffnungen f\u00fcr 2019 der Hotels, Aparthotels und Appartements von Protur Hotels auf Mallorca und in Almer\u00eda. Hier finden Sie die Termine","robots":{"index":"index","follow":"follow","max-snippet":"max-snippet:-1","max-image-preview":"max-image-preview:large","max-video-preview":"max-video-preview:-1"},"canonical":"https:\/\/blog.protur-hotels.com\/de\/oeffnungen-unserer-hoteles-sommersaison-2019\/","og_locale":"de_DE","og_type":"article","og_title":"\u00d6ffnungen Protur Hotels Saison 2019 - Blog Protur Hotels","og_description":"Hotel\u00f6ffnungen f\u00fcr 2019 der Hotels, Aparthotels und Appartements von Protur Hotels auf Mallorca und in Almer\u00eda. Hier finden Sie die Termine","og_url":"https:\/\/blog.protur-hotels.com\/de\/oeffnungen-unserer-hoteles-sommersaison-2019\/","og_site_name":"Blog Protur Hotels","article_published_time":"2018-11-08T08:18:03+00:00","article_modified_time":"2019-02-15T08:44:08+00:00","og_image":[{"width":800,"height":650,"url":"https:\/\/blog.protur-hotels.com\/wp-content\/uploads\/2018\/11\/2019-aperturas-protur-hotels.jpg","type":"image\/jpeg"}],"author":"Protur Hotels","twitter_card":"summary_large_image","twitter_misc":{"Verfasst von":"Protur Hotels","Gesch\u00e4tzte Lesezeit":"1\u00a0Minute"},"schema":{"@context":"https:\/\/schema.org","@graph":[{"@type":"Article","@id":"https:\/\/blog.protur-hotels.com\/de\/oeffnungen-unserer-hoteles-sommersaison-2019\/#article","isPartOf":{"@id":"https:\/\/blog.protur-hotels.com\/de\/oeffnungen-unserer-hoteles-sommersaison-2019\/"},"author":{"name":"Protur Hotels","@id":"https:\/\/blog.protur-hotels.com\/#\/schema\/person\/6eac7ca6e9a32baa4716fdd5d7358326"},"headline":"\u00d6ffnungen Protur Hotels Saison 2019","datePublished":"2018-11-08T08:18:03+00:00","dateModified":"2019-02-15T08:44:08+00:00","mainEntityOfPage":{"@id":"https:\/\/blog.protur-hotels.com\/de\/oeffnungen-unserer-hoteles-sommersaison-2019\/"},"wordCount":260,"commentCount":0,"publisher":{"@id":"https:\/\/blog.protur-hotels.com\/#organization"},"image":{"@id":"https:\/\/blog.protur-hotels.com\/de\/oeffnungen-unserer-hoteles-sommersaison-2019\/#primaryimage"},"thumbnailUrl":"https:\/\/blog.protur-hotels.com\/wp-content\/uploads\/2018\/11\/2019-aperturas-protur-hotels.jpg","keywords":["2019","Sommer","URLAUB"],"articleSection":["Almer\u00eda","Mallorca","Mallorca","Protur Hotels"],"inLanguage":"de"},{"@type":"WebPage","@id":"https:\/\/blog.protur-hotels.com\/de\/oeffnungen-unserer-hoteles-sommersaison-2019\/","url":"https:\/\/blog.protur-hotels.com\/de\/oeffnungen-unserer-hoteles-sommersaison-2019\/","name":"\u00d6ffnungen Protur Hotels Saison 2019 - Blog Protur Hotels","isPartOf":{"@id":"https:\/\/blog.protur-hotels.com\/#website"},"primaryImageOfPage":{"@id":"https:\/\/blog.protur-hotels.com\/de\/oeffnungen-unserer-hoteles-sommersaison-2019\/#primaryimage"},"image":{"@id":"https:\/\/blog.protur-hotels.com\/de\/oeffnungen-unserer-hoteles-sommersaison-2019\/#primaryimage"},"thumbnailUrl":"https:\/\/blog.protur-hotels.com\/wp-content\/uploads\/2018\/11\/2019-aperturas-protur-hotels.jpg","datePublished":"2018-11-08T08:18:03+00:00","dateModified":"2019-02-15T08:44:08+00:00","description":"Hotel\u00f6ffnungen f\u00fcr 2019 der Hotels, Aparthotels und Appartements von Protur Hotels auf Mallorca und in Almer\u00eda. Hier finden Sie die Termine","breadcrumb":{"@id":"https:\/\/blog.protur-hotels.com\/de\/oeffnungen-unserer-hoteles-sommersaison-2019\/#breadcrumb"},"inLanguage":"de","potentialAction":[{"@type":"ReadAction","target":["https:\/\/blog.protur-hotels.com\/de\/oeffnungen-unserer-hoteles-sommersaison-2019\/"]}]},{"@type":"ImageObject","inLanguage":"de","@id":"https:\/\/blog.protur-hotels.com\/de\/oeffnungen-unserer-hoteles-sommersaison-2019\/#primaryimage","url":"https:\/\/blog.protur-hotels.com\/wp-content\/uploads\/2018\/11\/2019-aperturas-protur-hotels.jpg","contentUrl":"https:\/\/blog.protur-hotels.com\/wp-content\/uploads\/2018\/11\/2019-aperturas-protur-hotels.jpg","width":800,"height":650,"caption":"2019-aperturas-protur-hotels - Obertures Estiu 2019 a Protur hotels \u041e\u0442\u043a\u0440\u044b\u0442\u0438\u0435"},{"@type":"BreadcrumbList","@id":"https:\/\/blog.protur-hotels.com\/de\/oeffnungen-unserer-hoteles-sommersaison-2019\/#breadcrumb","itemListElement":[{"@type":"ListItem","position":1,"name":"Portada","item":"https:\/\/blog.protur-hotels.com\/"},{"@type":"ListItem","position":2,"name":"\u00d6ffnungen Protur Hotels Saison 2019"}]},{"@type":"WebSite","@id":"https:\/\/blog.protur-hotels.com\/#website","url":"https:\/\/blog.protur-hotels.com\/","name":"Blog Protur Hotels","description":"Un Blog para viajeros","publisher":{"@id":"https:\/\/blog.protur-hotels.com\/#organization"},"potentialAction":[{"@type":"SearchAction","target":{"@type":"EntryPoint","urlTemplate":"https:\/\/blog.protur-hotels.com\/?s={search_term_string}"},"query-input":{"@type":"PropertyValueSpecification","valueRequired":true,"valueName":"search_term_string"}}],"inLanguage":"de"},{"@type":"Organization","@id":"https:\/\/blog.protur-hotels.com\/#organization","name":"Blog Protur Hotels","url":"https:\/\/blog.protur-hotels.com\/","logo":{"@type":"ImageObject","inLanguage":"de","@id":"https:\/\/blog.protur-hotels.com\/#\/schema\/logo\/image\/","url":"https:\/\/blog.protur-hotels.com\/wp-content\/uploads\/2020\/03\/blog-protur-hotels-mallorca.png","contentUrl":"https:\/\/blog.protur-hotels.com\/wp-content\/uploads\/2020\/03\/blog-protur-hotels-mallorca.png","width":1422,"height":894,"caption":"Blog Protur Hotels"},"image":{"@id":"https:\/\/blog.protur-hotels.com\/#\/schema\/logo\/image\/"}},{"@type":"Person","@id":"https:\/\/blog.protur-hotels.com\/#\/schema\/person\/6eac7ca6e9a32baa4716fdd5d7358326","name":"Protur Hotels"}]}},"_links":{"self":[{"href":"https:\/\/blog.protur-hotels.com\/de\/wp-json\/wp\/v2\/posts\/4309","targetHints":{"allow":["GET"]}}],"collection":[{"href":"https:\/\/blog.protur-hotels.com\/de\/wp-json\/wp\/v2\/posts"}],"about":[{"href":"https:\/\/blog.protur-hotels.com\/de\/wp-json\/wp\/v2\/types\/post"}],"author":[{"embeddable":true,"href":"https:\/\/blog.protur-hotels.com\/de\/wp-json\/wp\/v2\/users\/3"}],"replies":[{"embeddable":true,"href":"https:\/\/blog.protur-hotels.com\/de\/wp-json\/wp\/v2\/comments?post=4309"}],"version-history":[{"count":0,"href":"https:\/\/blog.protur-hotels.com\/de\/wp-json\/wp\/v2\/posts\/4309\/revisions"}],"wp:featuredmedia":[{"embeddable":true,"href":"https:\/\/blog.protur-hotels.com\/de\/wp-json\/wp\/v2\/media\/4300"}],"wp:attachment":[{"href":"https:\/\/blog.protur-hotels.com\/de\/wp-json\/wp\/v2\/media?parent=4309"}],"wp:term":[{"taxonomy":"category","embeddable":true,"href":"https:\/\/blog.protur-hotels.com\/de\/wp-json\/wp\/v2\/categories?post=4309"},{"taxonomy":"post_tag","embeddable":true,"href":"https:\/\/blog.protur-hotels.com\/de\/wp-json\/wp\/v2\/tags?post=4309"}],"curies":[{"name":"wp","href":"https:\/\/api.w.org\/{rel}","templated":true}]}}