{"id":4322,"date":"2018-11-09T11:05:51","date_gmt":"2018-11-09T11:05:51","guid":{"rendered":"https:\/\/blog.protur-hotels.com\/de\/?p=4322"},"modified":"2018-11-09T11:05:51","modified_gmt":"2018-11-09T11:05:51","slug":"5-fahrradstrecken-zur-entdeckung-mallorcas-kueste","status":"publish","type":"post","link":"https:\/\/blog.protur-hotels.com\/de\/5-fahrradstrecken-zur-entdeckung-mallorcas-kueste\/","title":{"rendered":"5 Fahrradstrecken zur Entdeckung Mallorcas K\u00fcste"},"content":{"rendered":"<p><strong>5 Fahrradstrecken zur Entdeckung Mallorcas K\u00fcste<\/strong><\/p>\n<p>Mallorcas Ostk\u00fcste geh\u00f6rt zu den Landschaften, die begeistern. Sie l\u00e4dt geradezu ein, sich in ihren Kiefernw\u00e4ldern und in den versteckten Buchten zu verlieren. Diese Gegend Mallorcas bietet im Sommer wie auch im Winter die M\u00f6glichkeit, zahlreiche Sportarten zu treiben und gleichzeitig die besondere Magie zu entdecken, die die Natur der Insel birgt. Diese lernt man am besten auf einer angenehmen Spazierfahrt mit dem Fahrrad auf dem langen Radweg kennen, der die Orte im Osten verbindet. Erfahrene Radfahrer k\u00f6nnen sich auch auf die Bergwege wagen, die es in dieser Gegend gibt. Wenn Sie Ihren Erholungsurlaub mit etwas Sport verbinden m\u00f6chten, empfehlen wir Ihnen die folgenden <strong>5 Radstrecken auf Mallorca<\/strong>, auf denen Sie die sch\u00f6ne Mittelmeerk\u00fcste der Insel entdecken k\u00f6nnen.<\/p>\n<p><strong>Sa Coma &#8211; Costa des Pins<\/strong>. Eine ausgezeichnete Strecke f\u00fcr Anf\u00e4nger, die durch einen Teil der Ostk\u00fcste f\u00fchrt. Man kann sie in unseren <a href=\"https:\/\/protur-hotels.com\/de\/mallorca\/sa-coma\">Hotels in Sa Coma<\/a> beginnen. Sie f\u00fchrt an den verschiedenen Str\u00e4nden malerischer Orte wie Sa Coma, Cala Millor, Cala Bona und Costa des Pins vorbei. Wer etwas weiter fahren m\u00f6chte, kann bis in den Ort Son Servera fahren und die Route mit einem traditionellen &#8222;Pa am oli&#8220; auf dem &#8222;Plaza Mayor&#8220; Platz beenden.<\/p>\n<p><strong>Puig de sa Font<\/strong>. Diese Strecke wird insbesondere f\u00fcr Mountainbike-Freunde empfohlen, die eine nicht anspruchsvolle Strecke genie\u00dfen m\u00f6chten. Die Strecke beginnt auf dem Fahrradweg von Cala Millor in Richtung Son Servera. Auf dem Weg kommt man an Sehensw\u00fcrdigkeiten wie der Sant Joan Baptista Kirche, der &#8222;Es Pastoret&#8220; Skulptur und der Neuen Kirche vorbei. Das Ende der Strecke liegt an einem Bergpfad, der zum Gipfel des Puig de sa Font, einem der ber\u00fchmten Gipfel im Osten, hinauff\u00fchrt.<\/p>\n<p><strong>Puig de Son Corb<\/strong>. Diese Bergstrecke f\u00fchrt bis auf einen weiteren interessanten Gipfel dieser Gegend hinauf. Auf der H\u00e4lfte der Strecke gibt es eine Abzweigung zu einem Aussichtspunkt, von dem aus man einen herrlichen Panoramablick hat.<\/p>\n<p><strong>Cala Millor &#8211; Sant Lloren\u00e7<\/strong>. Diese mittelschwere Strecke f\u00fchrt auf der Landstra\u00dfe bis in einen der sch\u00f6nsten K\u00fcstenorte Mallorcas. Sie ist 43 Kilometer lang und bietet besondere Bereiche zum Ausruhen. Auf dem Weg gibt es auch zahlreiche Kiefernw\u00e4lder und herrliche Aussicht auf das Meer.<\/p>\n<p><strong>BTT Route Marga Fullana<\/strong>. Diese Strecke ist f\u00fcr wahre Biker gedacht. Sie f\u00fchrt durch den Osten und durch Mallorcas Inland und bietet je nach Anzahl der geplanten Tageskilometer verschiedene Optionen und Kombinationen. Die ideale Strecke, um Mallorcas sch\u00f6nen Osten zu entdecken.<\/p>\n<p><em>Entdecken Sie Mallorca mit <\/em><a href=\"https:\/\/protur-hotels.com\/de\/\"><em>Protur Hotels<\/em><\/a><em>.<\/em><\/p>\n","protected":false},"excerpt":{"rendered":"<p>5 Fahrradstrecken zur Entdeckung Mallorcas K\u00fcste Mallorcas Ostk\u00fcste geh\u00f6rt zu den Landschaften, die begeistern. Sie l\u00e4dt geradezu ein, sich in ihren Kiefernw\u00e4ldern und in den versteckten Buchten zu verlieren. Diese&hellip;<\/p>\n","protected":false},"author":3,"featured_media":4318,"comment_status":"open","ping_status":"open","sticky":false,"template":"","format":"standard","meta":{"_lmt_disableupdate":"","_lmt_disable":"","footnotes":""},"categories":[102,108,1066,759],"tags":[1033,345,237],"class_list":["post-4322","post","type-post","status-publish","format-standard","has-post-thumbnail","hentry","category-mallorca-de","category-protur-hotels-de","category-protur-hotels-de-2","category-sports","tag-fahrradstrecken","tag-reisen","tag-urlaub"],"yoast_head":"<!-- This site is optimized with the Yoast SEO plugin v26.6 - https:\/\/yoast.com\/wordpress\/plugins\/seo\/ -->\n<title>5 Fahrradstrecken zur Entdeckung Mallorcas K\u00fcste - Blog Protur Hotels<\/title>\n<meta name=\"description\" content=\"5 Fahrradstrecken zur Entdeckung Mallorcas K\u00fcste Mallorcas Ostk\u00fcste geh\u00f6rt zu den Landschaften, die begeistern. Sie l\u00e4dt geradezu ein,\" \/>\n<meta name=\"robots\" content=\"index, follow, max-snippet:-1, max-image-preview:large, max-video-preview:-1\" \/>\n<link rel=\"canonical\" href=\"https:\/\/blog.protur-hotels.com\/de\/5-fahrradstrecken-zur-entdeckung-mallorcas-kueste\/\" \/>\n<meta property=\"og:locale\" content=\"de_DE\" \/>\n<meta property=\"og:type\" content=\"article\" \/>\n<meta property=\"og:title\" content=\"5 Fahrradstrecken zur Entdeckung Mallorcas K\u00fcste - Blog Protur Hotels\" \/>\n<meta property=\"og:description\" content=\"5 Fahrradstrecken zur Entdeckung Mallorcas K\u00fcste Mallorcas Ostk\u00fcste geh\u00f6rt zu den Landschaften, die begeistern. Sie l\u00e4dt geradezu ein,\" \/>\n<meta property=\"og:url\" content=\"https:\/\/blog.protur-hotels.com\/de\/5-fahrradstrecken-zur-entdeckung-mallorcas-kueste\/\" \/>\n<meta property=\"og:site_name\" content=\"Blog Protur Hotels\" \/>\n<meta property=\"article:published_time\" content=\"2018-11-09T11:05:51+00:00\" \/>\n<meta property=\"og:image\" content=\"https:\/\/blog.protur-hotels.com\/wp-content\/uploads\/2018\/11\/5-Rutas-ciclistas-para-descubrir-la-costa-de-Mallorca.jpg\" \/>\n\t<meta property=\"og:image:width\" content=\"800\" \/>\n\t<meta property=\"og:image:height\" content=\"650\" \/>\n\t<meta property=\"og:image:type\" content=\"image\/jpeg\" \/>\n<meta name=\"author\" content=\"Protur Hotels\" \/>\n<meta name=\"twitter:card\" content=\"summary_large_image\" \/>\n<meta name=\"twitter:label1\" content=\"Verfasst von\" \/>\n\t<meta name=\"twitter:data1\" content=\"Protur Hotels\" \/>\n\t<meta name=\"twitter:label2\" content=\"Gesch\u00e4tzte Lesezeit\" \/>\n\t<meta name=\"twitter:data2\" content=\"2\u00a0Minuten\" \/>\n<script type=\"application\/ld+json\" class=\"yoast-schema-graph\">{\"@context\":\"https:\/\/schema.org\",\"@graph\":[{\"@type\":\"Article\",\"@id\":\"https:\/\/blog.protur-hotels.com\/de\/5-fahrradstrecken-zur-entdeckung-mallorcas-kueste\/#article\",\"isPartOf\":{\"@id\":\"https:\/\/blog.protur-hotels.com\/de\/5-fahrradstrecken-zur-entdeckung-mallorcas-kueste\/\"},\"author\":{\"name\":\"Protur Hotels\",\"@id\":\"https:\/\/blog.protur-hotels.com\/#\/schema\/person\/6eac7ca6e9a32baa4716fdd5d7358326\"},\"headline\":\"5 Fahrradstrecken zur Entdeckung Mallorcas K\u00fcste\",\"datePublished\":\"2018-11-09T11:05:51+00:00\",\"mainEntityOfPage\":{\"@id\":\"https:\/\/blog.protur-hotels.com\/de\/5-fahrradstrecken-zur-entdeckung-mallorcas-kueste\/\"},\"wordCount\":440,\"commentCount\":0,\"publisher\":{\"@id\":\"https:\/\/blog.protur-hotels.com\/#organization\"},\"image\":{\"@id\":\"https:\/\/blog.protur-hotels.com\/de\/5-fahrradstrecken-zur-entdeckung-mallorcas-kueste\/#primaryimage\"},\"thumbnailUrl\":\"https:\/\/blog.protur-hotels.com\/wp-content\/uploads\/2018\/11\/5-Rutas-ciclistas-para-descubrir-la-costa-de-Mallorca.jpg\",\"keywords\":[\"Fahrradstrecken\",\"reisen\",\"URLAUB\"],\"articleSection\":[\"Mallorca\",\"Protur Hotels\",\"Protur Hotels\",\"Sports\"],\"inLanguage\":\"de\"},{\"@type\":\"WebPage\",\"@id\":\"https:\/\/blog.protur-hotels.com\/de\/5-fahrradstrecken-zur-entdeckung-mallorcas-kueste\/\",\"url\":\"https:\/\/blog.protur-hotels.com\/de\/5-fahrradstrecken-zur-entdeckung-mallorcas-kueste\/\",\"name\":\"5 Fahrradstrecken zur Entdeckung Mallorcas K\u00fcste - Blog Protur Hotels\",\"isPartOf\":{\"@id\":\"https:\/\/blog.protur-hotels.com\/#website\"},\"primaryImageOfPage\":{\"@id\":\"https:\/\/blog.protur-hotels.com\/de\/5-fahrradstrecken-zur-entdeckung-mallorcas-kueste\/#primaryimage\"},\"image\":{\"@id\":\"https:\/\/blog.protur-hotels.com\/de\/5-fahrradstrecken-zur-entdeckung-mallorcas-kueste\/#primaryimage\"},\"thumbnailUrl\":\"https:\/\/blog.protur-hotels.com\/wp-content\/uploads\/2018\/11\/5-Rutas-ciclistas-para-descubrir-la-costa-de-Mallorca.jpg\",\"datePublished\":\"2018-11-09T11:05:51+00:00\",\"description\":\"5 Fahrradstrecken zur Entdeckung Mallorcas K\u00fcste Mallorcas Ostk\u00fcste geh\u00f6rt zu den Landschaften, die begeistern. Sie l\u00e4dt geradezu ein,\",\"breadcrumb\":{\"@id\":\"https:\/\/blog.protur-hotels.com\/de\/5-fahrradstrecken-zur-entdeckung-mallorcas-kueste\/#breadcrumb\"},\"inLanguage\":\"de\",\"potentialAction\":[{\"@type\":\"ReadAction\",\"target\":[\"https:\/\/blog.protur-hotels.com\/de\/5-fahrradstrecken-zur-entdeckung-mallorcas-kueste\/\"]}]},{\"@type\":\"ImageObject\",\"inLanguage\":\"de\",\"@id\":\"https:\/\/blog.protur-hotels.com\/de\/5-fahrradstrecken-zur-entdeckung-mallorcas-kueste\/#primaryimage\",\"url\":\"https:\/\/blog.protur-hotels.com\/wp-content\/uploads\/2018\/11\/5-Rutas-ciclistas-para-descubrir-la-costa-de-Mallorca.jpg\",\"contentUrl\":\"https:\/\/blog.protur-hotels.com\/wp-content\/uploads\/2018\/11\/5-Rutas-ciclistas-para-descubrir-la-costa-de-Mallorca.jpg\",\"width\":800,\"height\":650,\"caption\":\"ciclistes - Fahrradstrecken - Cycling - cyclistes - \u0432\u0435\u043b\u043e\u0441\u0438\u043f\u0435\u0434\u043d\u044b\u0445\"},{\"@type\":\"BreadcrumbList\",\"@id\":\"https:\/\/blog.protur-hotels.com\/de\/5-fahrradstrecken-zur-entdeckung-mallorcas-kueste\/#breadcrumb\",\"itemListElement\":[{\"@type\":\"ListItem\",\"position\":1,\"name\":\"Portada\",\"item\":\"https:\/\/blog.protur-hotels.com\/\"},{\"@type\":\"ListItem\",\"position\":2,\"name\":\"5 Fahrradstrecken zur Entdeckung Mallorcas K\u00fcste\"}]},{\"@type\":\"WebSite\",\"@id\":\"https:\/\/blog.protur-hotels.com\/#website\",\"url\":\"https:\/\/blog.protur-hotels.com\/\",\"name\":\"Blog Protur Hotels\",\"description\":\"Un Blog para viajeros\",\"publisher\":{\"@id\":\"https:\/\/blog.protur-hotels.com\/#organization\"},\"potentialAction\":[{\"@type\":\"SearchAction\",\"target\":{\"@type\":\"EntryPoint\",\"urlTemplate\":\"https:\/\/blog.protur-hotels.com\/?s={search_term_string}\"},\"query-input\":{\"@type\":\"PropertyValueSpecification\",\"valueRequired\":true,\"valueName\":\"search_term_string\"}}],\"inLanguage\":\"de\"},{\"@type\":\"Organization\",\"@id\":\"https:\/\/blog.protur-hotels.com\/#organization\",\"name\":\"Blog Protur Hotels\",\"url\":\"https:\/\/blog.protur-hotels.com\/\",\"logo\":{\"@type\":\"ImageObject\",\"inLanguage\":\"de\",\"@id\":\"https:\/\/blog.protur-hotels.com\/#\/schema\/logo\/image\/\",\"url\":\"https:\/\/blog.protur-hotels.com\/wp-content\/uploads\/2020\/03\/blog-protur-hotels-mallorca.png\",\"contentUrl\":\"https:\/\/blog.protur-hotels.com\/wp-content\/uploads\/2020\/03\/blog-protur-hotels-mallorca.png\",\"width\":1422,\"height\":894,\"caption\":\"Blog Protur Hotels\"},\"image\":{\"@id\":\"https:\/\/blog.protur-hotels.com\/#\/schema\/logo\/image\/\"}},{\"@type\":\"Person\",\"@id\":\"https:\/\/blog.protur-hotels.com\/#\/schema\/person\/6eac7ca6e9a32baa4716fdd5d7358326\",\"name\":\"Protur Hotels\"}]}<\/script>\n<!-- \/ Yoast SEO plugin. -->","yoast_head_json":{"title":"5 Fahrradstrecken zur Entdeckung Mallorcas K\u00fcste - Blog Protur Hotels","description":"5 Fahrradstrecken zur Entdeckung Mallorcas K\u00fcste Mallorcas Ostk\u00fcste geh\u00f6rt zu den Landschaften, die begeistern. Sie l\u00e4dt geradezu ein,","robots":{"index":"index","follow":"follow","max-snippet":"max-snippet:-1","max-image-preview":"max-image-preview:large","max-video-preview":"max-video-preview:-1"},"canonical":"https:\/\/blog.protur-hotels.com\/de\/5-fahrradstrecken-zur-entdeckung-mallorcas-kueste\/","og_locale":"de_DE","og_type":"article","og_title":"5 Fahrradstrecken zur Entdeckung Mallorcas K\u00fcste - Blog Protur Hotels","og_description":"5 Fahrradstrecken zur Entdeckung Mallorcas K\u00fcste Mallorcas Ostk\u00fcste geh\u00f6rt zu den Landschaften, die begeistern. Sie l\u00e4dt geradezu ein,","og_url":"https:\/\/blog.protur-hotels.com\/de\/5-fahrradstrecken-zur-entdeckung-mallorcas-kueste\/","og_site_name":"Blog Protur Hotels","article_published_time":"2018-11-09T11:05:51+00:00","og_image":[{"width":800,"height":650,"url":"https:\/\/blog.protur-hotels.com\/wp-content\/uploads\/2018\/11\/5-Rutas-ciclistas-para-descubrir-la-costa-de-Mallorca.jpg","type":"image\/jpeg"}],"author":"Protur Hotels","twitter_card":"summary_large_image","twitter_misc":{"Verfasst von":"Protur Hotels","Gesch\u00e4tzte Lesezeit":"2\u00a0Minuten"},"schema":{"@context":"https:\/\/schema.org","@graph":[{"@type":"Article","@id":"https:\/\/blog.protur-hotels.com\/de\/5-fahrradstrecken-zur-entdeckung-mallorcas-kueste\/#article","isPartOf":{"@id":"https:\/\/blog.protur-hotels.com\/de\/5-fahrradstrecken-zur-entdeckung-mallorcas-kueste\/"},"author":{"name":"Protur Hotels","@id":"https:\/\/blog.protur-hotels.com\/#\/schema\/person\/6eac7ca6e9a32baa4716fdd5d7358326"},"headline":"5 Fahrradstrecken zur Entdeckung Mallorcas K\u00fcste","datePublished":"2018-11-09T11:05:51+00:00","mainEntityOfPage":{"@id":"https:\/\/blog.protur-hotels.com\/de\/5-fahrradstrecken-zur-entdeckung-mallorcas-kueste\/"},"wordCount":440,"commentCount":0,"publisher":{"@id":"https:\/\/blog.protur-hotels.com\/#organization"},"image":{"@id":"https:\/\/blog.protur-hotels.com\/de\/5-fahrradstrecken-zur-entdeckung-mallorcas-kueste\/#primaryimage"},"thumbnailUrl":"https:\/\/blog.protur-hotels.com\/wp-content\/uploads\/2018\/11\/5-Rutas-ciclistas-para-descubrir-la-costa-de-Mallorca.jpg","keywords":["Fahrradstrecken","reisen","URLAUB"],"articleSection":["Mallorca","Protur Hotels","Protur Hotels","Sports"],"inLanguage":"de"},{"@type":"WebPage","@id":"https:\/\/blog.protur-hotels.com\/de\/5-fahrradstrecken-zur-entdeckung-mallorcas-kueste\/","url":"https:\/\/blog.protur-hotels.com\/de\/5-fahrradstrecken-zur-entdeckung-mallorcas-kueste\/","name":"5 Fahrradstrecken zur Entdeckung Mallorcas K\u00fcste - Blog Protur Hotels","isPartOf":{"@id":"https:\/\/blog.protur-hotels.com\/#website"},"primaryImageOfPage":{"@id":"https:\/\/blog.protur-hotels.com\/de\/5-fahrradstrecken-zur-entdeckung-mallorcas-kueste\/#primaryimage"},"image":{"@id":"https:\/\/blog.protur-hotels.com\/de\/5-fahrradstrecken-zur-entdeckung-mallorcas-kueste\/#primaryimage"},"thumbnailUrl":"https:\/\/blog.protur-hotels.com\/wp-content\/uploads\/2018\/11\/5-Rutas-ciclistas-para-descubrir-la-costa-de-Mallorca.jpg","datePublished":"2018-11-09T11:05:51+00:00","description":"5 Fahrradstrecken zur Entdeckung Mallorcas K\u00fcste Mallorcas Ostk\u00fcste geh\u00f6rt zu den Landschaften, die begeistern. Sie l\u00e4dt geradezu ein,","breadcrumb":{"@id":"https:\/\/blog.protur-hotels.com\/de\/5-fahrradstrecken-zur-entdeckung-mallorcas-kueste\/#breadcrumb"},"inLanguage":"de","potentialAction":[{"@type":"ReadAction","target":["https:\/\/blog.protur-hotels.com\/de\/5-fahrradstrecken-zur-entdeckung-mallorcas-kueste\/"]}]},{"@type":"ImageObject","inLanguage":"de","@id":"https:\/\/blog.protur-hotels.com\/de\/5-fahrradstrecken-zur-entdeckung-mallorcas-kueste\/#primaryimage","url":"https:\/\/blog.protur-hotels.com\/wp-content\/uploads\/2018\/11\/5-Rutas-ciclistas-para-descubrir-la-costa-de-Mallorca.jpg","contentUrl":"https:\/\/blog.protur-hotels.com\/wp-content\/uploads\/2018\/11\/5-Rutas-ciclistas-para-descubrir-la-costa-de-Mallorca.jpg","width":800,"height":650,"caption":"ciclistes - Fahrradstrecken - Cycling - cyclistes - \u0432\u0435\u043b\u043e\u0441\u0438\u043f\u0435\u0434\u043d\u044b\u0445"},{"@type":"BreadcrumbList","@id":"https:\/\/blog.protur-hotels.com\/de\/5-fahrradstrecken-zur-entdeckung-mallorcas-kueste\/#breadcrumb","itemListElement":[{"@type":"ListItem","position":1,"name":"Portada","item":"https:\/\/blog.protur-hotels.com\/"},{"@type":"ListItem","position":2,"name":"5 Fahrradstrecken zur Entdeckung Mallorcas K\u00fcste"}]},{"@type":"WebSite","@id":"https:\/\/blog.protur-hotels.com\/#website","url":"https:\/\/blog.protur-hotels.com\/","name":"Blog Protur Hotels","description":"Un Blog para viajeros","publisher":{"@id":"https:\/\/blog.protur-hotels.com\/#organization"},"potentialAction":[{"@type":"SearchAction","target":{"@type":"EntryPoint","urlTemplate":"https:\/\/blog.protur-hotels.com\/?s={search_term_string}"},"query-input":{"@type":"PropertyValueSpecification","valueRequired":true,"valueName":"search_term_string"}}],"inLanguage":"de"},{"@type":"Organization","@id":"https:\/\/blog.protur-hotels.com\/#organization","name":"Blog Protur Hotels","url":"https:\/\/blog.protur-hotels.com\/","logo":{"@type":"ImageObject","inLanguage":"de","@id":"https:\/\/blog.protur-hotels.com\/#\/schema\/logo\/image\/","url":"https:\/\/blog.protur-hotels.com\/wp-content\/uploads\/2020\/03\/blog-protur-hotels-mallorca.png","contentUrl":"https:\/\/blog.protur-hotels.com\/wp-content\/uploads\/2020\/03\/blog-protur-hotels-mallorca.png","width":1422,"height":894,"caption":"Blog Protur Hotels"},"image":{"@id":"https:\/\/blog.protur-hotels.com\/#\/schema\/logo\/image\/"}},{"@type":"Person","@id":"https:\/\/blog.protur-hotels.com\/#\/schema\/person\/6eac7ca6e9a32baa4716fdd5d7358326","name":"Protur Hotels"}]}},"_links":{"self":[{"href":"https:\/\/blog.protur-hotels.com\/de\/wp-json\/wp\/v2\/posts\/4322","targetHints":{"allow":["GET"]}}],"collection":[{"href":"https:\/\/blog.protur-hotels.com\/de\/wp-json\/wp\/v2\/posts"}],"about":[{"href":"https:\/\/blog.protur-hotels.com\/de\/wp-json\/wp\/v2\/types\/post"}],"author":[{"embeddable":true,"href":"https:\/\/blog.protur-hotels.com\/de\/wp-json\/wp\/v2\/users\/3"}],"replies":[{"embeddable":true,"href":"https:\/\/blog.protur-hotels.com\/de\/wp-json\/wp\/v2\/comments?post=4322"}],"version-history":[{"count":0,"href":"https:\/\/blog.protur-hotels.com\/de\/wp-json\/wp\/v2\/posts\/4322\/revisions"}],"wp:featuredmedia":[{"embeddable":true,"href":"https:\/\/blog.protur-hotels.com\/de\/wp-json\/wp\/v2\/media\/4318"}],"wp:attachment":[{"href":"https:\/\/blog.protur-hotels.com\/de\/wp-json\/wp\/v2\/media?parent=4322"}],"wp:term":[{"taxonomy":"category","embeddable":true,"href":"https:\/\/blog.protur-hotels.com\/de\/wp-json\/wp\/v2\/categories?post=4322"},{"taxonomy":"post_tag","embeddable":true,"href":"https:\/\/blog.protur-hotels.com\/de\/wp-json\/wp\/v2\/tags?post=4322"}],"curies":[{"name":"wp","href":"https:\/\/api.w.org\/{rel}","templated":true}]}}