{"id":4380,"date":"2018-12-21T15:45:07","date_gmt":"2018-12-21T15:45:07","guid":{"rendered":"https:\/\/blog.protur-hotels.com\/de\/?p=4380"},"modified":"2018-12-21T15:45:07","modified_gmt":"2018-12-21T15:45:07","slug":"5-weihnachtsmaerkte-in-palma","status":"publish","type":"post","link":"https:\/\/blog.protur-hotels.com\/de\/5-weihnachtsmaerkte-in-palma\/","title":{"rendered":"5 Weihnachtsm\u00e4rkte in Palma"},"content":{"rendered":"<p><strong>5 Weihnachtsm\u00e4rkte in Palma<\/strong><\/p>\n<p>Lichter, Farben, Vorfreude \u2013 an Weihnachten strahlt Mallorca mit einem besonderen Charme, der die Insel einzigartig macht! Fr\u00f6hliche Feststimmung f\u00fcllt jeden Winkel der Insel und macht sie an diesen Tagen zum idealen Reiseziel. Und das nicht nur aufgrund der W\u00e4rme und des Ambientes in allen D\u00f6rfern und in der Hauptstadt, sondern auch wegen der zahlreichen Aktivit\u00e4ten, die Sie und Ihre Lieben hier erwarten.<\/p>\n<p>Die Mallorquiner freuen sich ganz besonders auf die Weihnachtsm\u00e4rkte, die auf der ganzen Insel veranstaltet werden. Fast alle D\u00f6rfer Mallorca haben ihre eigenen M\u00e4rkte, aber in der Hauptstadt findet man die repr\u00e4sentativsten darunter. <strong>Protur Hotels<\/strong> m\u00f6chte, dass Sie die Weihnachtsstimmung der Insel entdecken. Wenn Sie an <strong>Weihnachten eine Reise auf Mallorca planen<\/strong>, d\u00fcrfen Sie deshalb bei Ihrem Besuch in Palma die folgenden M\u00e4rkte nicht vers\u00e4umen:<\/p>\n<ul>\n<li><strong>Markt auf Ramblas:<\/strong> Machen Sie einen Spaziergang auf den ber\u00fchmten <strong>Ramblas in Palma.<\/strong> Die B\u00e4ume dieser Allee sind mit Weihnachtsbeleuchtung geschm\u00fcckt und au\u00dferdem wird jedes Jahr ein bezaubernder Weihnachtsmarkt aufgebaut. Dort kann man Kunsthandwerk von den Inseln und aus anderen Orten Spaniens wie z. B. Modeschmuck aus Silber, Dekorationsgegenst\u00e4nde, Bilder, alte Fotos und Accessoires erwerben. Er bietet sich w\u00e4hrend Ihres Aufenthalts in der Innenstadt Palmas hervorragend f\u00fcr einen Besuch an.<\/li>\n<li><strong>Plaza de Espa\u00f1a Platz:<\/strong> Der Plaza de Espa\u00f1a Platz ist der Knotenpunkt der Stadt und gleichzeitig der Treffpunkt par excellence f\u00fcr die Mallorquiner, wodurch er einer der meistbesuchten Pl\u00e4tze Palmas ist. Auf dem hier veranstalteten Weihnachtsmarkt werden typisch mallorquinische und spanische Erzeugnisse wie z. B. Wurstwaren, K\u00e4se und handgemachte Winterbekleidung ausgestellt.<\/li>\n<li><strong>Pueblo Espa\u00f1ol:<\/strong> In diesem beeindruckenden Freilichtmuseum sind die wichtigsten Eigenschaften der spanischen Orte dargestellt. Im Laufe des Jahres finden hier zahlreiche Veranstaltungen statt. Eine dieser Veranstaltungen ist einer der s\u00fc\u00dfesten Weihnachtsm\u00e4rkte auf der Insel mit Zuckerwatte, Schokolade, Weingummi, Tapas, gastronomische Darbietungen usw.\u2013 eine k\u00f6stliche Versuchung, nicht wahr?<\/li>\n<li><strong>Rata Market:<\/strong> Dieser alternative Markt wird in der ehemaligen Feuerwehrstation Palmas veranstaltet. Hier stellen zahlreiche K\u00fcnstler ihre Bilder, B\u00fccher und selbst gemachten Produkte aus. Die Veranstaltung wird mit Foodtrucks, Getr\u00e4nke und Livemusik erg\u00e4nzt.<\/li>\n<li><strong>Krippenausstellung:<\/strong> Zum Abschluss der Route durch die Weihnachtsm\u00e4rkte sollte man einen Halt auf dem sch\u00f6nen Cort Platz \u2013 dem Rathausplatz \u2013 machen, um die herrliche Krippenausstellung der repr\u00e4sentativsten Kunsthandwerker Mallorcas zu bewundern.<\/li>\n<\/ul>\n<p>Erleben Sie den Weihnachtszauber mit <a href=\"https:\/\/protur-hotels.com\/de\/\">Protur Hotels<\/a>!<\/p>\n","protected":false},"excerpt":{"rendered":"<p>5 Weihnachtsm\u00e4rkte in Palma Lichter, Farben, Vorfreude \u2013 an Weihnachten strahlt Mallorca mit einem besonderen Charme, der die Insel einzigartig macht! Fr\u00f6hliche Feststimmung f\u00fcllt jeden Winkel der Insel und macht&hellip;<\/p>\n","protected":false},"author":3,"featured_media":4375,"comment_status":"open","ping_status":"open","sticky":false,"template":"","format":"standard","meta":{"_lmt_disableupdate":"","_lmt_disable":"","footnotes":""},"categories":[102,1064,108,586],"tags":[160,237,1051],"class_list":["post-4380","post","type-post","status-publish","format-standard","has-post-thumbnail","hentry","category-mallorca-de","category-mallorca-de-2","category-protur-hotels-de","category-weihnachten","tag-holidays","tag-urlaub","tag-weihnachtsmaerkte"],"yoast_head":"<!-- This site is optimized with the Yoast SEO plugin v26.6 - https:\/\/yoast.com\/wordpress\/plugins\/seo\/ -->\n<title>5 Weihnachtsm\u00e4rkte in Palma - Blog Protur Hotels<\/title>\n<meta name=\"description\" content=\"5 Weihnachtsm\u00e4rkte in Palma Lichter, Farben, Vorfreude \u2013 an Weihnachten strahlt Mallorca mit einem besonderen Charme, der die Insel einzigartig macht!\" \/>\n<meta name=\"robots\" content=\"index, follow, max-snippet:-1, max-image-preview:large, max-video-preview:-1\" \/>\n<link rel=\"canonical\" href=\"https:\/\/blog.protur-hotels.com\/de\/5-weihnachtsmaerkte-in-palma\/\" \/>\n<meta property=\"og:locale\" content=\"de_DE\" \/>\n<meta property=\"og:type\" content=\"article\" \/>\n<meta property=\"og:title\" content=\"5 Weihnachtsm\u00e4rkte in Palma - Blog Protur Hotels\" \/>\n<meta property=\"og:description\" content=\"5 Weihnachtsm\u00e4rkte in Palma Lichter, Farben, Vorfreude \u2013 an Weihnachten strahlt Mallorca mit einem besonderen Charme, der die Insel einzigartig macht!\" \/>\n<meta property=\"og:url\" content=\"https:\/\/blog.protur-hotels.com\/de\/5-weihnachtsmaerkte-in-palma\/\" \/>\n<meta property=\"og:site_name\" content=\"Blog Protur Hotels\" \/>\n<meta property=\"article:published_time\" content=\"2018-12-21T15:45:07+00:00\" \/>\n<meta property=\"og:image\" content=\"https:\/\/blog.protur-hotels.com\/wp-content\/uploads\/2018\/12\/Sin-nombre.jpg\" \/>\n\t<meta property=\"og:image:width\" content=\"800\" \/>\n\t<meta property=\"og:image:height\" content=\"650\" \/>\n\t<meta property=\"og:image:type\" content=\"image\/jpeg\" \/>\n<meta name=\"author\" content=\"Protur Hotels\" \/>\n<meta name=\"twitter:card\" content=\"summary_large_image\" \/>\n<meta name=\"twitter:label1\" content=\"Verfasst von\" \/>\n\t<meta name=\"twitter:data1\" content=\"Protur Hotels\" \/>\n\t<meta name=\"twitter:label2\" content=\"Gesch\u00e4tzte Lesezeit\" \/>\n\t<meta name=\"twitter:data2\" content=\"2\u00a0Minuten\" \/>\n<script type=\"application\/ld+json\" class=\"yoast-schema-graph\">{\"@context\":\"https:\/\/schema.org\",\"@graph\":[{\"@type\":\"Article\",\"@id\":\"https:\/\/blog.protur-hotels.com\/de\/5-weihnachtsmaerkte-in-palma\/#article\",\"isPartOf\":{\"@id\":\"https:\/\/blog.protur-hotels.com\/de\/5-weihnachtsmaerkte-in-palma\/\"},\"author\":{\"name\":\"Protur Hotels\",\"@id\":\"https:\/\/blog.protur-hotels.com\/#\/schema\/person\/6eac7ca6e9a32baa4716fdd5d7358326\"},\"headline\":\"5 Weihnachtsm\u00e4rkte in Palma\",\"datePublished\":\"2018-12-21T15:45:07+00:00\",\"mainEntityOfPage\":{\"@id\":\"https:\/\/blog.protur-hotels.com\/de\/5-weihnachtsmaerkte-in-palma\/\"},\"wordCount\":409,\"commentCount\":0,\"publisher\":{\"@id\":\"https:\/\/blog.protur-hotels.com\/#organization\"},\"image\":{\"@id\":\"https:\/\/blog.protur-hotels.com\/de\/5-weihnachtsmaerkte-in-palma\/#primaryimage\"},\"thumbnailUrl\":\"https:\/\/blog.protur-hotels.com\/wp-content\/uploads\/2018\/12\/Sin-nombre.jpg\",\"keywords\":[\"Holidays\",\"URLAUB\",\"Weihnachtsm\u00e4rkte\"],\"articleSection\":[\"Mallorca\",\"Mallorca\",\"Protur Hotels\",\"Weihnachten\"],\"inLanguage\":\"de\"},{\"@type\":\"WebPage\",\"@id\":\"https:\/\/blog.protur-hotels.com\/de\/5-weihnachtsmaerkte-in-palma\/\",\"url\":\"https:\/\/blog.protur-hotels.com\/de\/5-weihnachtsmaerkte-in-palma\/\",\"name\":\"5 Weihnachtsm\u00e4rkte in Palma - Blog Protur Hotels\",\"isPartOf\":{\"@id\":\"https:\/\/blog.protur-hotels.com\/#website\"},\"primaryImageOfPage\":{\"@id\":\"https:\/\/blog.protur-hotels.com\/de\/5-weihnachtsmaerkte-in-palma\/#primaryimage\"},\"image\":{\"@id\":\"https:\/\/blog.protur-hotels.com\/de\/5-weihnachtsmaerkte-in-palma\/#primaryimage\"},\"thumbnailUrl\":\"https:\/\/blog.protur-hotels.com\/wp-content\/uploads\/2018\/12\/Sin-nombre.jpg\",\"datePublished\":\"2018-12-21T15:45:07+00:00\",\"description\":\"5 Weihnachtsm\u00e4rkte in Palma Lichter, Farben, Vorfreude \u2013 an Weihnachten strahlt Mallorca mit einem besonderen Charme, der die Insel einzigartig macht!\",\"breadcrumb\":{\"@id\":\"https:\/\/blog.protur-hotels.com\/de\/5-weihnachtsmaerkte-in-palma\/#breadcrumb\"},\"inLanguage\":\"de\",\"potentialAction\":[{\"@type\":\"ReadAction\",\"target\":[\"https:\/\/blog.protur-hotels.com\/de\/5-weihnachtsmaerkte-in-palma\/\"]}]},{\"@type\":\"ImageObject\",\"inLanguage\":\"de\",\"@id\":\"https:\/\/blog.protur-hotels.com\/de\/5-weihnachtsmaerkte-in-palma\/#primaryimage\",\"url\":\"https:\/\/blog.protur-hotels.com\/wp-content\/uploads\/2018\/12\/Sin-nombre.jpg\",\"contentUrl\":\"https:\/\/blog.protur-hotels.com\/wp-content\/uploads\/2018\/12\/Sin-nombre.jpg\",\"width\":800,\"height\":650,\"caption\":\"Weihnachtsm\u00e4rkte\"},{\"@type\":\"BreadcrumbList\",\"@id\":\"https:\/\/blog.protur-hotels.com\/de\/5-weihnachtsmaerkte-in-palma\/#breadcrumb\",\"itemListElement\":[{\"@type\":\"ListItem\",\"position\":1,\"name\":\"Portada\",\"item\":\"https:\/\/blog.protur-hotels.com\/\"},{\"@type\":\"ListItem\",\"position\":2,\"name\":\"5 Weihnachtsm\u00e4rkte in Palma\"}]},{\"@type\":\"WebSite\",\"@id\":\"https:\/\/blog.protur-hotels.com\/#website\",\"url\":\"https:\/\/blog.protur-hotels.com\/\",\"name\":\"Blog Protur Hotels\",\"description\":\"Un Blog para viajeros\",\"publisher\":{\"@id\":\"https:\/\/blog.protur-hotels.com\/#organization\"},\"potentialAction\":[{\"@type\":\"SearchAction\",\"target\":{\"@type\":\"EntryPoint\",\"urlTemplate\":\"https:\/\/blog.protur-hotels.com\/?s={search_term_string}\"},\"query-input\":{\"@type\":\"PropertyValueSpecification\",\"valueRequired\":true,\"valueName\":\"search_term_string\"}}],\"inLanguage\":\"de\"},{\"@type\":\"Organization\",\"@id\":\"https:\/\/blog.protur-hotels.com\/#organization\",\"name\":\"Blog Protur Hotels\",\"url\":\"https:\/\/blog.protur-hotels.com\/\",\"logo\":{\"@type\":\"ImageObject\",\"inLanguage\":\"de\",\"@id\":\"https:\/\/blog.protur-hotels.com\/#\/schema\/logo\/image\/\",\"url\":\"https:\/\/blog.protur-hotels.com\/wp-content\/uploads\/2020\/03\/blog-protur-hotels-mallorca.png\",\"contentUrl\":\"https:\/\/blog.protur-hotels.com\/wp-content\/uploads\/2020\/03\/blog-protur-hotels-mallorca.png\",\"width\":1422,\"height\":894,\"caption\":\"Blog Protur Hotels\"},\"image\":{\"@id\":\"https:\/\/blog.protur-hotels.com\/#\/schema\/logo\/image\/\"}},{\"@type\":\"Person\",\"@id\":\"https:\/\/blog.protur-hotels.com\/#\/schema\/person\/6eac7ca6e9a32baa4716fdd5d7358326\",\"name\":\"Protur Hotels\"}]}<\/script>\n<!-- \/ Yoast SEO plugin. -->","yoast_head_json":{"title":"5 Weihnachtsm\u00e4rkte in Palma - Blog Protur Hotels","description":"5 Weihnachtsm\u00e4rkte in Palma Lichter, Farben, Vorfreude \u2013 an Weihnachten strahlt Mallorca mit einem besonderen Charme, der die Insel einzigartig macht!","robots":{"index":"index","follow":"follow","max-snippet":"max-snippet:-1","max-image-preview":"max-image-preview:large","max-video-preview":"max-video-preview:-1"},"canonical":"https:\/\/blog.protur-hotels.com\/de\/5-weihnachtsmaerkte-in-palma\/","og_locale":"de_DE","og_type":"article","og_title":"5 Weihnachtsm\u00e4rkte in Palma - Blog Protur Hotels","og_description":"5 Weihnachtsm\u00e4rkte in Palma Lichter, Farben, Vorfreude \u2013 an Weihnachten strahlt Mallorca mit einem besonderen Charme, der die Insel einzigartig macht!","og_url":"https:\/\/blog.protur-hotels.com\/de\/5-weihnachtsmaerkte-in-palma\/","og_site_name":"Blog Protur Hotels","article_published_time":"2018-12-21T15:45:07+00:00","og_image":[{"width":800,"height":650,"url":"https:\/\/blog.protur-hotels.com\/wp-content\/uploads\/2018\/12\/Sin-nombre.jpg","type":"image\/jpeg"}],"author":"Protur Hotels","twitter_card":"summary_large_image","twitter_misc":{"Verfasst von":"Protur Hotels","Gesch\u00e4tzte Lesezeit":"2\u00a0Minuten"},"schema":{"@context":"https:\/\/schema.org","@graph":[{"@type":"Article","@id":"https:\/\/blog.protur-hotels.com\/de\/5-weihnachtsmaerkte-in-palma\/#article","isPartOf":{"@id":"https:\/\/blog.protur-hotels.com\/de\/5-weihnachtsmaerkte-in-palma\/"},"author":{"name":"Protur Hotels","@id":"https:\/\/blog.protur-hotels.com\/#\/schema\/person\/6eac7ca6e9a32baa4716fdd5d7358326"},"headline":"5 Weihnachtsm\u00e4rkte in Palma","datePublished":"2018-12-21T15:45:07+00:00","mainEntityOfPage":{"@id":"https:\/\/blog.protur-hotels.com\/de\/5-weihnachtsmaerkte-in-palma\/"},"wordCount":409,"commentCount":0,"publisher":{"@id":"https:\/\/blog.protur-hotels.com\/#organization"},"image":{"@id":"https:\/\/blog.protur-hotels.com\/de\/5-weihnachtsmaerkte-in-palma\/#primaryimage"},"thumbnailUrl":"https:\/\/blog.protur-hotels.com\/wp-content\/uploads\/2018\/12\/Sin-nombre.jpg","keywords":["Holidays","URLAUB","Weihnachtsm\u00e4rkte"],"articleSection":["Mallorca","Mallorca","Protur Hotels","Weihnachten"],"inLanguage":"de"},{"@type":"WebPage","@id":"https:\/\/blog.protur-hotels.com\/de\/5-weihnachtsmaerkte-in-palma\/","url":"https:\/\/blog.protur-hotels.com\/de\/5-weihnachtsmaerkte-in-palma\/","name":"5 Weihnachtsm\u00e4rkte in Palma - Blog Protur Hotels","isPartOf":{"@id":"https:\/\/blog.protur-hotels.com\/#website"},"primaryImageOfPage":{"@id":"https:\/\/blog.protur-hotels.com\/de\/5-weihnachtsmaerkte-in-palma\/#primaryimage"},"image":{"@id":"https:\/\/blog.protur-hotels.com\/de\/5-weihnachtsmaerkte-in-palma\/#primaryimage"},"thumbnailUrl":"https:\/\/blog.protur-hotels.com\/wp-content\/uploads\/2018\/12\/Sin-nombre.jpg","datePublished":"2018-12-21T15:45:07+00:00","description":"5 Weihnachtsm\u00e4rkte in Palma Lichter, Farben, Vorfreude \u2013 an Weihnachten strahlt Mallorca mit einem besonderen Charme, der die Insel einzigartig macht!","breadcrumb":{"@id":"https:\/\/blog.protur-hotels.com\/de\/5-weihnachtsmaerkte-in-palma\/#breadcrumb"},"inLanguage":"de","potentialAction":[{"@type":"ReadAction","target":["https:\/\/blog.protur-hotels.com\/de\/5-weihnachtsmaerkte-in-palma\/"]}]},{"@type":"ImageObject","inLanguage":"de","@id":"https:\/\/blog.protur-hotels.com\/de\/5-weihnachtsmaerkte-in-palma\/#primaryimage","url":"https:\/\/blog.protur-hotels.com\/wp-content\/uploads\/2018\/12\/Sin-nombre.jpg","contentUrl":"https:\/\/blog.protur-hotels.com\/wp-content\/uploads\/2018\/12\/Sin-nombre.jpg","width":800,"height":650,"caption":"Weihnachtsm\u00e4rkte"},{"@type":"BreadcrumbList","@id":"https:\/\/blog.protur-hotels.com\/de\/5-weihnachtsmaerkte-in-palma\/#breadcrumb","itemListElement":[{"@type":"ListItem","position":1,"name":"Portada","item":"https:\/\/blog.protur-hotels.com\/"},{"@type":"ListItem","position":2,"name":"5 Weihnachtsm\u00e4rkte in Palma"}]},{"@type":"WebSite","@id":"https:\/\/blog.protur-hotels.com\/#website","url":"https:\/\/blog.protur-hotels.com\/","name":"Blog Protur Hotels","description":"Un Blog para viajeros","publisher":{"@id":"https:\/\/blog.protur-hotels.com\/#organization"},"potentialAction":[{"@type":"SearchAction","target":{"@type":"EntryPoint","urlTemplate":"https:\/\/blog.protur-hotels.com\/?s={search_term_string}"},"query-input":{"@type":"PropertyValueSpecification","valueRequired":true,"valueName":"search_term_string"}}],"inLanguage":"de"},{"@type":"Organization","@id":"https:\/\/blog.protur-hotels.com\/#organization","name":"Blog Protur Hotels","url":"https:\/\/blog.protur-hotels.com\/","logo":{"@type":"ImageObject","inLanguage":"de","@id":"https:\/\/blog.protur-hotels.com\/#\/schema\/logo\/image\/","url":"https:\/\/blog.protur-hotels.com\/wp-content\/uploads\/2020\/03\/blog-protur-hotels-mallorca.png","contentUrl":"https:\/\/blog.protur-hotels.com\/wp-content\/uploads\/2020\/03\/blog-protur-hotels-mallorca.png","width":1422,"height":894,"caption":"Blog Protur Hotels"},"image":{"@id":"https:\/\/blog.protur-hotels.com\/#\/schema\/logo\/image\/"}},{"@type":"Person","@id":"https:\/\/blog.protur-hotels.com\/#\/schema\/person\/6eac7ca6e9a32baa4716fdd5d7358326","name":"Protur Hotels"}]}},"_links":{"self":[{"href":"https:\/\/blog.protur-hotels.com\/de\/wp-json\/wp\/v2\/posts\/4380","targetHints":{"allow":["GET"]}}],"collection":[{"href":"https:\/\/blog.protur-hotels.com\/de\/wp-json\/wp\/v2\/posts"}],"about":[{"href":"https:\/\/blog.protur-hotels.com\/de\/wp-json\/wp\/v2\/types\/post"}],"author":[{"embeddable":true,"href":"https:\/\/blog.protur-hotels.com\/de\/wp-json\/wp\/v2\/users\/3"}],"replies":[{"embeddable":true,"href":"https:\/\/blog.protur-hotels.com\/de\/wp-json\/wp\/v2\/comments?post=4380"}],"version-history":[{"count":0,"href":"https:\/\/blog.protur-hotels.com\/de\/wp-json\/wp\/v2\/posts\/4380\/revisions"}],"wp:featuredmedia":[{"embeddable":true,"href":"https:\/\/blog.protur-hotels.com\/de\/wp-json\/wp\/v2\/media\/4375"}],"wp:attachment":[{"href":"https:\/\/blog.protur-hotels.com\/de\/wp-json\/wp\/v2\/media?parent=4380"}],"wp:term":[{"taxonomy":"category","embeddable":true,"href":"https:\/\/blog.protur-hotels.com\/de\/wp-json\/wp\/v2\/categories?post=4380"},{"taxonomy":"post_tag","embeddable":true,"href":"https:\/\/blog.protur-hotels.com\/de\/wp-json\/wp\/v2\/tags?post=4380"}],"curies":[{"name":"wp","href":"https:\/\/api.w.org\/{rel}","templated":true}]}}