{"id":4542,"date":"2019-11-26T14:18:42","date_gmt":"2019-11-26T14:18:42","guid":{"rendered":"https:\/\/blog.protur-hotels.com\/de\/?p=4542"},"modified":"2019-11-26T14:18:42","modified_gmt":"2019-11-26T14:18:42","slug":"oeffnungen-2020-protur-hotels","status":"publish","type":"post","link":"https:\/\/blog.protur-hotels.com\/de\/oeffnungen-2020-protur-hotels\/","title":{"rendered":"\u00d6ffnungen 2020 Protur Hotels"},"content":{"rendered":"<p>\u00d6ffnungen 2020 Protur Hotels<\/p>\n<p>\u00d6ffnungen in der n\u00e4chsten <strong>Saison<\/strong> <strong>2020<\/strong> unserer Hotels, Aparthotels und Apartments auf <strong>Mallorca <\/strong><strong>und in <\/strong><strong>Almer\u00eda. <\/strong><\/p>\n<p>Ganzj\u00e4hrig k\u00f6nnen Sie unser neues P<strong>rotur Naisa Palma Hotel <\/strong><strong>und die <\/strong><strong>Residencia Son Floriana <\/strong>besuchen<strong>. <\/strong> Zwei verschiedene Konzepte, jedes mit besonderem Charme.<\/p>\n<p>Das erste Hotel, wie jedes Jahr, ist das <strong>Protur Bonaire Aparthotel<\/strong> in Cala Bona (nur buchbar \u00fcber TUI.UK). Dem folgen unsere Adults-Only-Hotels in <strong>Cala Bona <\/strong><strong>und<\/strong><strong> Cala Millor. <\/strong><\/p>\n<p><strong>Zu<\/strong> <strong>Ostern <\/strong>bieten wir ausserdem unsere beliebten Hotels in Sa Coma: <strong>Protur Sa Coma Playa hotel &amp; Spa**** <\/strong><strong>und<\/strong><strong> Protur Biomar Gran Hotel &amp; Spa ***** <\/strong>.<\/p>\n<p>Schliesslich zum <strong>Mai<\/strong> \u00f6ffnen alle restlichen Hotels. Hier eine Liste mit den voraussichtlichen \u00d6ffnungsterminen:<\/p>\n<p><strong>Almer\u00eda<\/strong><\/p>\n<p><strong>Roquetas de Mar:<\/strong><\/p>\n<p>Protur Roquetas Hotel &amp; Spa 26.04.20<\/p>\n<p><strong>Mallorca<\/strong><\/p>\n<p><strong><br \/>\nSa Coma<\/strong><\/p>\n<p>Protur Biomar Gran Hotel &amp; Spa 08.03.20<\/p>\n<p>Protur Sa Coma Playa Hotel &amp; Spa 03.04.20<\/p>\n<p>Protur Vista Bad\u00eda Aparthotel 01.05.20<\/p>\n<p>Protur Bad\u00eda Park Aparthotel 01.05.20<\/p>\n<p>Protur Safari Park Aparthotel 01.05.20<\/p>\n<p>Protur Palmeras Playa Hotel 01.05.20<\/p>\n<p><strong>Cala Millor:<\/strong><\/p>\n<p>Protur Monte Safari Aparthotel 01.05.20<\/p>\n<p>Protur Bonamar Hotel 24.03.20<\/p>\n<p>Protur Playa Cala Millor Hotel 17.03.20<br \/>\nProtur Atalaya Apartamentos 02.04.20 (sowie 18.12.19-18.01.20 ge\u00f6ffnet)<\/p>\n<p><strong>Cala Bona:<\/strong><\/p>\n<p>Protur Bonaire Aparthotel 03.03.20<\/p>\n<p>Protur Alicia Hotel 20.03.20<\/p>\n<p>Protur Floriana Aparthotel 01.05.20<\/p>\n<p>Protur Bahia Azul Apartamentos 01.05.20<\/p>\n<p><strong>Cala Ratjada:<\/strong><\/p>\n<p>Protur Tur\u00f3 Pins Hotel 01.05.20<\/p>\n<p>Wir sehen uns in 2020 wieder!<br \/>\n* Daten k\u00f6nnen sich ohne vorherige Ank\u00fcndigung \u00e4ndern.<\/p>\n","protected":false},"excerpt":{"rendered":"<p>\u00d6ffnungen 2020 Protur Hotels \u00d6ffnungen in der n\u00e4chsten Saison 2020 unserer Hotels, Aparthotels und Apartments auf Mallorca und in Almer\u00eda. Ganzj\u00e4hrig k\u00f6nnen Sie unser neues Protur Naisa Palma Hotel und&hellip;<\/p>\n","protected":false},"author":3,"featured_media":4537,"comment_status":"closed","ping_status":"open","sticky":false,"template":"","format":"standard","meta":{"_lmt_disableupdate":"","_lmt_disable":"","footnotes":""},"categories":[1064,108,135],"tags":[347,160,172],"class_list":["post-4542","post","type-post","status-publish","format-standard","has-post-thumbnail","hentry","category-mallorca-de-2","category-protur-hotels-de","category-roquetas-de-mar-de","tag-familien","tag-holidays","tag-kinder"],"yoast_head":"<!-- This site is optimized with the Yoast SEO plugin v26.6 - https:\/\/yoast.com\/wordpress\/plugins\/seo\/ -->\n<title>\u00d6ffnungen 2020 Protur Hotels - Blog Protur Hotels<\/title>\n<meta name=\"description\" content=\"\u00d6ffnungen 2020 Protur Hotels \u00d6ffnungen in der n\u00e4chsten Saison 2020 unserer Hotels, Aparthotels und Apartments auf Mallorca und in Almer\u00eda.\" \/>\n<meta name=\"robots\" content=\"index, follow, max-snippet:-1, max-image-preview:large, max-video-preview:-1\" \/>\n<link rel=\"canonical\" href=\"https:\/\/blog.protur-hotels.com\/de\/oeffnungen-2020-protur-hotels\/\" \/>\n<meta property=\"og:locale\" content=\"de_DE\" \/>\n<meta property=\"og:type\" content=\"article\" \/>\n<meta property=\"og:title\" content=\"\u00d6ffnungen 2020 Protur Hotels - Blog Protur Hotels\" \/>\n<meta property=\"og:description\" content=\"\u00d6ffnungen 2020 Protur Hotels \u00d6ffnungen in der n\u00e4chsten Saison 2020 unserer Hotels, Aparthotels und Apartments auf Mallorca und in Almer\u00eda.\" \/>\n<meta property=\"og:url\" content=\"https:\/\/blog.protur-hotels.com\/de\/oeffnungen-2020-protur-hotels\/\" \/>\n<meta property=\"og:site_name\" content=\"Blog Protur Hotels\" \/>\n<meta property=\"article:published_time\" content=\"2019-11-26T14:18:42+00:00\" \/>\n<meta property=\"og:image\" content=\"https:\/\/blog.protur-hotels.com\/wp-content\/uploads\/2019\/11\/apertura-2020-proturhotels.png\" \/>\n\t<meta property=\"og:image:width\" content=\"800\" \/>\n\t<meta property=\"og:image:height\" content=\"650\" \/>\n\t<meta property=\"og:image:type\" content=\"image\/png\" \/>\n<meta name=\"author\" content=\"Protur Hotels\" \/>\n<meta name=\"twitter:card\" content=\"summary_large_image\" \/>\n<meta name=\"twitter:label1\" content=\"Verfasst von\" \/>\n\t<meta name=\"twitter:data1\" content=\"Protur Hotels\" \/>\n\t<meta name=\"twitter:label2\" content=\"Gesch\u00e4tzte Lesezeit\" \/>\n\t<meta name=\"twitter:data2\" content=\"1\u00a0Minute\" \/>\n<script type=\"application\/ld+json\" class=\"yoast-schema-graph\">{\"@context\":\"https:\/\/schema.org\",\"@graph\":[{\"@type\":\"Article\",\"@id\":\"https:\/\/blog.protur-hotels.com\/de\/oeffnungen-2020-protur-hotels\/#article\",\"isPartOf\":{\"@id\":\"https:\/\/blog.protur-hotels.com\/de\/oeffnungen-2020-protur-hotels\/\"},\"author\":{\"name\":\"Protur Hotels\",\"@id\":\"https:\/\/blog.protur-hotels.com\/#\/schema\/person\/6eac7ca6e9a32baa4716fdd5d7358326\"},\"headline\":\"\u00d6ffnungen 2020 Protur Hotels\",\"datePublished\":\"2019-11-26T14:18:42+00:00\",\"mainEntityOfPage\":{\"@id\":\"https:\/\/blog.protur-hotels.com\/de\/oeffnungen-2020-protur-hotels\/\"},\"wordCount\":215,\"publisher\":{\"@id\":\"https:\/\/blog.protur-hotels.com\/#organization\"},\"image\":{\"@id\":\"https:\/\/blog.protur-hotels.com\/de\/oeffnungen-2020-protur-hotels\/#primaryimage\"},\"thumbnailUrl\":\"https:\/\/blog.protur-hotels.com\/wp-content\/uploads\/2019\/11\/apertura-2020-proturhotels.png\",\"keywords\":[\"familien\",\"Holidays\",\"kinder\"],\"articleSection\":[\"Mallorca\",\"Protur Hotels\",\"Roquetas de Mar\"],\"inLanguage\":\"de\"},{\"@type\":\"WebPage\",\"@id\":\"https:\/\/blog.protur-hotels.com\/de\/oeffnungen-2020-protur-hotels\/\",\"url\":\"https:\/\/blog.protur-hotels.com\/de\/oeffnungen-2020-protur-hotels\/\",\"name\":\"\u00d6ffnungen 2020 Protur Hotels - Blog Protur Hotels\",\"isPartOf\":{\"@id\":\"https:\/\/blog.protur-hotels.com\/#website\"},\"primaryImageOfPage\":{\"@id\":\"https:\/\/blog.protur-hotels.com\/de\/oeffnungen-2020-protur-hotels\/#primaryimage\"},\"image\":{\"@id\":\"https:\/\/blog.protur-hotels.com\/de\/oeffnungen-2020-protur-hotels\/#primaryimage\"},\"thumbnailUrl\":\"https:\/\/blog.protur-hotels.com\/wp-content\/uploads\/2019\/11\/apertura-2020-proturhotels.png\",\"datePublished\":\"2019-11-26T14:18:42+00:00\",\"description\":\"\u00d6ffnungen 2020 Protur Hotels \u00d6ffnungen in der n\u00e4chsten Saison 2020 unserer Hotels, Aparthotels und Apartments auf Mallorca und in Almer\u00eda.\",\"breadcrumb\":{\"@id\":\"https:\/\/blog.protur-hotels.com\/de\/oeffnungen-2020-protur-hotels\/#breadcrumb\"},\"inLanguage\":\"de\",\"potentialAction\":[{\"@type\":\"ReadAction\",\"target\":[\"https:\/\/blog.protur-hotels.com\/de\/oeffnungen-2020-protur-hotels\/\"]}]},{\"@type\":\"ImageObject\",\"inLanguage\":\"de\",\"@id\":\"https:\/\/blog.protur-hotels.com\/de\/oeffnungen-2020-protur-hotels\/#primaryimage\",\"url\":\"https:\/\/blog.protur-hotels.com\/wp-content\/uploads\/2019\/11\/apertura-2020-proturhotels.png\",\"contentUrl\":\"https:\/\/blog.protur-hotels.com\/wp-content\/uploads\/2019\/11\/apertura-2020-proturhotels.png\",\"width\":800,\"height\":650,\"caption\":\"Protur Hotels Opening Dates 2020 Ouverture 2020 Protur Hotels Opening dates for this coming 2020 season in our hotels, aparthotels & apartments in Majorca & Almer\u00eda.Apertura 2020 Protur Hotels obertura \u00d6ffnungen 2020 Protur Hotels \u00d6ffnungen in der n\u00e4chsten Saison 2020 unserer Hotels, Aparthotels und Apartments auf Mallorca und in Almer\u00eda.\"},{\"@type\":\"BreadcrumbList\",\"@id\":\"https:\/\/blog.protur-hotels.com\/de\/oeffnungen-2020-protur-hotels\/#breadcrumb\",\"itemListElement\":[{\"@type\":\"ListItem\",\"position\":1,\"name\":\"Portada\",\"item\":\"https:\/\/blog.protur-hotels.com\/\"},{\"@type\":\"ListItem\",\"position\":2,\"name\":\"\u00d6ffnungen 2020 Protur Hotels\"}]},{\"@type\":\"WebSite\",\"@id\":\"https:\/\/blog.protur-hotels.com\/#website\",\"url\":\"https:\/\/blog.protur-hotels.com\/\",\"name\":\"Blog Protur Hotels\",\"description\":\"Un Blog para viajeros\",\"publisher\":{\"@id\":\"https:\/\/blog.protur-hotels.com\/#organization\"},\"potentialAction\":[{\"@type\":\"SearchAction\",\"target\":{\"@type\":\"EntryPoint\",\"urlTemplate\":\"https:\/\/blog.protur-hotels.com\/?s={search_term_string}\"},\"query-input\":{\"@type\":\"PropertyValueSpecification\",\"valueRequired\":true,\"valueName\":\"search_term_string\"}}],\"inLanguage\":\"de\"},{\"@type\":\"Organization\",\"@id\":\"https:\/\/blog.protur-hotels.com\/#organization\",\"name\":\"Blog Protur Hotels\",\"url\":\"https:\/\/blog.protur-hotels.com\/\",\"logo\":{\"@type\":\"ImageObject\",\"inLanguage\":\"de\",\"@id\":\"https:\/\/blog.protur-hotels.com\/#\/schema\/logo\/image\/\",\"url\":\"https:\/\/blog.protur-hotels.com\/wp-content\/uploads\/2020\/03\/blog-protur-hotels-mallorca.png\",\"contentUrl\":\"https:\/\/blog.protur-hotels.com\/wp-content\/uploads\/2020\/03\/blog-protur-hotels-mallorca.png\",\"width\":1422,\"height\":894,\"caption\":\"Blog Protur Hotels\"},\"image\":{\"@id\":\"https:\/\/blog.protur-hotels.com\/#\/schema\/logo\/image\/\"}},{\"@type\":\"Person\",\"@id\":\"https:\/\/blog.protur-hotels.com\/#\/schema\/person\/6eac7ca6e9a32baa4716fdd5d7358326\",\"name\":\"Protur Hotels\"}]}<\/script>\n<!-- \/ Yoast SEO plugin. -->","yoast_head_json":{"title":"\u00d6ffnungen 2020 Protur Hotels - Blog Protur Hotels","description":"\u00d6ffnungen 2020 Protur Hotels \u00d6ffnungen in der n\u00e4chsten Saison 2020 unserer Hotels, Aparthotels und Apartments auf Mallorca und in Almer\u00eda.","robots":{"index":"index","follow":"follow","max-snippet":"max-snippet:-1","max-image-preview":"max-image-preview:large","max-video-preview":"max-video-preview:-1"},"canonical":"https:\/\/blog.protur-hotels.com\/de\/oeffnungen-2020-protur-hotels\/","og_locale":"de_DE","og_type":"article","og_title":"\u00d6ffnungen 2020 Protur Hotels - Blog Protur Hotels","og_description":"\u00d6ffnungen 2020 Protur Hotels \u00d6ffnungen in der n\u00e4chsten Saison 2020 unserer Hotels, Aparthotels und Apartments auf Mallorca und in Almer\u00eda.","og_url":"https:\/\/blog.protur-hotels.com\/de\/oeffnungen-2020-protur-hotels\/","og_site_name":"Blog Protur Hotels","article_published_time":"2019-11-26T14:18:42+00:00","og_image":[{"width":800,"height":650,"url":"https:\/\/blog.protur-hotels.com\/wp-content\/uploads\/2019\/11\/apertura-2020-proturhotels.png","type":"image\/png"}],"author":"Protur Hotels","twitter_card":"summary_large_image","twitter_misc":{"Verfasst von":"Protur Hotels","Gesch\u00e4tzte Lesezeit":"1\u00a0Minute"},"schema":{"@context":"https:\/\/schema.org","@graph":[{"@type":"Article","@id":"https:\/\/blog.protur-hotels.com\/de\/oeffnungen-2020-protur-hotels\/#article","isPartOf":{"@id":"https:\/\/blog.protur-hotels.com\/de\/oeffnungen-2020-protur-hotels\/"},"author":{"name":"Protur Hotels","@id":"https:\/\/blog.protur-hotels.com\/#\/schema\/person\/6eac7ca6e9a32baa4716fdd5d7358326"},"headline":"\u00d6ffnungen 2020 Protur Hotels","datePublished":"2019-11-26T14:18:42+00:00","mainEntityOfPage":{"@id":"https:\/\/blog.protur-hotels.com\/de\/oeffnungen-2020-protur-hotels\/"},"wordCount":215,"publisher":{"@id":"https:\/\/blog.protur-hotels.com\/#organization"},"image":{"@id":"https:\/\/blog.protur-hotels.com\/de\/oeffnungen-2020-protur-hotels\/#primaryimage"},"thumbnailUrl":"https:\/\/blog.protur-hotels.com\/wp-content\/uploads\/2019\/11\/apertura-2020-proturhotels.png","keywords":["familien","Holidays","kinder"],"articleSection":["Mallorca","Protur Hotels","Roquetas de Mar"],"inLanguage":"de"},{"@type":"WebPage","@id":"https:\/\/blog.protur-hotels.com\/de\/oeffnungen-2020-protur-hotels\/","url":"https:\/\/blog.protur-hotels.com\/de\/oeffnungen-2020-protur-hotels\/","name":"\u00d6ffnungen 2020 Protur Hotels - Blog Protur Hotels","isPartOf":{"@id":"https:\/\/blog.protur-hotels.com\/#website"},"primaryImageOfPage":{"@id":"https:\/\/blog.protur-hotels.com\/de\/oeffnungen-2020-protur-hotels\/#primaryimage"},"image":{"@id":"https:\/\/blog.protur-hotels.com\/de\/oeffnungen-2020-protur-hotels\/#primaryimage"},"thumbnailUrl":"https:\/\/blog.protur-hotels.com\/wp-content\/uploads\/2019\/11\/apertura-2020-proturhotels.png","datePublished":"2019-11-26T14:18:42+00:00","description":"\u00d6ffnungen 2020 Protur Hotels \u00d6ffnungen in der n\u00e4chsten Saison 2020 unserer Hotels, Aparthotels und Apartments auf Mallorca und in Almer\u00eda.","breadcrumb":{"@id":"https:\/\/blog.protur-hotels.com\/de\/oeffnungen-2020-protur-hotels\/#breadcrumb"},"inLanguage":"de","potentialAction":[{"@type":"ReadAction","target":["https:\/\/blog.protur-hotels.com\/de\/oeffnungen-2020-protur-hotels\/"]}]},{"@type":"ImageObject","inLanguage":"de","@id":"https:\/\/blog.protur-hotels.com\/de\/oeffnungen-2020-protur-hotels\/#primaryimage","url":"https:\/\/blog.protur-hotels.com\/wp-content\/uploads\/2019\/11\/apertura-2020-proturhotels.png","contentUrl":"https:\/\/blog.protur-hotels.com\/wp-content\/uploads\/2019\/11\/apertura-2020-proturhotels.png","width":800,"height":650,"caption":"Protur Hotels Opening Dates 2020 Ouverture 2020 Protur Hotels Opening dates for this coming 2020 season in our hotels, aparthotels & apartments in Majorca & Almer\u00eda.Apertura 2020 Protur Hotels obertura \u00d6ffnungen 2020 Protur Hotels \u00d6ffnungen in der n\u00e4chsten Saison 2020 unserer Hotels, Aparthotels und Apartments auf Mallorca und in Almer\u00eda."},{"@type":"BreadcrumbList","@id":"https:\/\/blog.protur-hotels.com\/de\/oeffnungen-2020-protur-hotels\/#breadcrumb","itemListElement":[{"@type":"ListItem","position":1,"name":"Portada","item":"https:\/\/blog.protur-hotels.com\/"},{"@type":"ListItem","position":2,"name":"\u00d6ffnungen 2020 Protur Hotels"}]},{"@type":"WebSite","@id":"https:\/\/blog.protur-hotels.com\/#website","url":"https:\/\/blog.protur-hotels.com\/","name":"Blog Protur Hotels","description":"Un Blog para viajeros","publisher":{"@id":"https:\/\/blog.protur-hotels.com\/#organization"},"potentialAction":[{"@type":"SearchAction","target":{"@type":"EntryPoint","urlTemplate":"https:\/\/blog.protur-hotels.com\/?s={search_term_string}"},"query-input":{"@type":"PropertyValueSpecification","valueRequired":true,"valueName":"search_term_string"}}],"inLanguage":"de"},{"@type":"Organization","@id":"https:\/\/blog.protur-hotels.com\/#organization","name":"Blog Protur Hotels","url":"https:\/\/blog.protur-hotels.com\/","logo":{"@type":"ImageObject","inLanguage":"de","@id":"https:\/\/blog.protur-hotels.com\/#\/schema\/logo\/image\/","url":"https:\/\/blog.protur-hotels.com\/wp-content\/uploads\/2020\/03\/blog-protur-hotels-mallorca.png","contentUrl":"https:\/\/blog.protur-hotels.com\/wp-content\/uploads\/2020\/03\/blog-protur-hotels-mallorca.png","width":1422,"height":894,"caption":"Blog Protur Hotels"},"image":{"@id":"https:\/\/blog.protur-hotels.com\/#\/schema\/logo\/image\/"}},{"@type":"Person","@id":"https:\/\/blog.protur-hotels.com\/#\/schema\/person\/6eac7ca6e9a32baa4716fdd5d7358326","name":"Protur Hotels"}]}},"_links":{"self":[{"href":"https:\/\/blog.protur-hotels.com\/de\/wp-json\/wp\/v2\/posts\/4542","targetHints":{"allow":["GET"]}}],"collection":[{"href":"https:\/\/blog.protur-hotels.com\/de\/wp-json\/wp\/v2\/posts"}],"about":[{"href":"https:\/\/blog.protur-hotels.com\/de\/wp-json\/wp\/v2\/types\/post"}],"author":[{"embeddable":true,"href":"https:\/\/blog.protur-hotels.com\/de\/wp-json\/wp\/v2\/users\/3"}],"replies":[{"embeddable":true,"href":"https:\/\/blog.protur-hotels.com\/de\/wp-json\/wp\/v2\/comments?post=4542"}],"version-history":[{"count":0,"href":"https:\/\/blog.protur-hotels.com\/de\/wp-json\/wp\/v2\/posts\/4542\/revisions"}],"wp:featuredmedia":[{"embeddable":true,"href":"https:\/\/blog.protur-hotels.com\/de\/wp-json\/wp\/v2\/media\/4537"}],"wp:attachment":[{"href":"https:\/\/blog.protur-hotels.com\/de\/wp-json\/wp\/v2\/media?parent=4542"}],"wp:term":[{"taxonomy":"category","embeddable":true,"href":"https:\/\/blog.protur-hotels.com\/de\/wp-json\/wp\/v2\/categories?post=4542"},{"taxonomy":"post_tag","embeddable":true,"href":"https:\/\/blog.protur-hotels.com\/de\/wp-json\/wp\/v2\/tags?post=4542"}],"curies":[{"name":"wp","href":"https:\/\/api.w.org\/{rel}","templated":true}]}}