{"id":4571,"date":"2020-01-27T16:22:30","date_gmt":"2020-01-27T16:22:30","guid":{"rendered":"https:\/\/blog.protur-hotels.com\/de\/?p=4571"},"modified":"2020-01-27T16:23:07","modified_gmt":"2020-01-27T16:23:07","slug":"9-mallorca-smooth-jazz-festval","status":"publish","type":"post","link":"https:\/\/blog.protur-hotels.com\/de\/9-mallorca-smooth-jazz-festval\/","title":{"rendered":"9. MALLORCA SMOOTH JAZZ FESTVAL"},"content":{"rendered":"<p>Willkommen beim 9.MALLORCA SMOOTH JAZZ FESTVAL \u2013 dem einzigen Smooth Jazz Festival im europ\u00e4ischen Mittelmeerraum. Genaugenommen in Sa Coma vom 11. Mai bis zum 17. Mai 2020.<\/p>\n<p>Mitte Mai erwartet Sie hier ein Musikfestival mit einzigartiger Live-Musik im exklusiven Ambiente des Protur Biomar Gran Hotel &amp; Spa. Das 5-Sterne-Hotel ist zugleich Veranstaltungsort und besticht durch seine elegante und moderne Ausstattung, einen vollwertig-ausgestatteten Spa-Bereich sowie gepflegte Garten- und Poolanlagen (Outdoor\/Indoor). Direkt gelegen am Naturpark Punta de n\u2019Amer ist der Strand von Sa Coma nur 300 Meter entfernt.<\/p>\n<p>In diesem musikalischen (Kurz-) Urlaub* gilt es, die sch\u00f6nen Dinge des Lebens zu genie\u00dfen. Gute Musik. Gutes Essen. Guter Wein. Gute Unterhaltung. Gutes Wetter. Gute Aussichten auf Erholung und ein einzigartiges Erlebnis vor der atemberaubenden Kulisse des Mittelmeers.<\/p>\n<p>Auf der B\u00fchne begr\u00fc\u00dfen wir einige der gr\u00f6\u00dften und erfolgreichsten Stars der internationalen Contemporary und Smooth Jazz-Szene.<\/p>\n<p>Weitere Informationen unter: <a href=\"http:\/\/smoothjazzshop.eu\/epages\/es92876.sf\/de_DE\/?ViewObjectPath=%2FShops%2Fes92876%2FCategories%2FMallorca_Smooth_Jazz_Festival\" target=\"_blank\">www.mallorca.smoothjazzfestival.de<\/a><\/p>\n","protected":false},"excerpt":{"rendered":"<p>Willkommen beim 9.MALLORCA SMOOTH JAZZ FESTVAL \u2013 dem einzigen Smooth Jazz Festival im europ\u00e4ischen Mittelmeerraum. Genaugenommen in Sa Coma vom 11. Mai bis zum 17. Mai 2020. Mitte Mai erwartet&hellip;<\/p>\n","protected":false},"author":1,"featured_media":4566,"comment_status":"open","ping_status":"open","sticky":false,"template":"","format":"standard","meta":{"_lmt_disableupdate":"","_lmt_disable":"","footnotes":""},"categories":[101,1064,107],"tags":[],"class_list":["post-4571","post","type-post","status-publish","format-standard","has-post-thumbnail","hentry","category-jazz-de","category-mallorca-de-2","category-protur-biomar-gran-hotel-spa-de"],"yoast_head":"<!-- This site is optimized with the Yoast SEO plugin v26.6 - https:\/\/yoast.com\/wordpress\/plugins\/seo\/ -->\n<title>9. MALLORCA SMOOTH JAZZ FESTVAL - Blog Protur Hotels<\/title>\n<meta name=\"description\" content=\"Willkommen beim 9.MALLORCA SMOOTH JAZZ FESTVAL \u2013 dem einzigen Smooth Jazz Festival im europ\u00e4ischen Mittelmeerraum. Genaugenommen in Sa Coma vom 11. Mai\" \/>\n<meta name=\"robots\" content=\"index, follow, max-snippet:-1, max-image-preview:large, max-video-preview:-1\" \/>\n<link rel=\"canonical\" href=\"https:\/\/blog.protur-hotels.com\/de\/9-mallorca-smooth-jazz-festval\/\" \/>\n<meta property=\"og:locale\" content=\"de_DE\" \/>\n<meta property=\"og:type\" content=\"article\" \/>\n<meta property=\"og:title\" content=\"9. MALLORCA SMOOTH JAZZ FESTVAL - Blog Protur Hotels\" \/>\n<meta property=\"og:description\" content=\"Willkommen beim 9.MALLORCA SMOOTH JAZZ FESTVAL \u2013 dem einzigen Smooth Jazz Festival im europ\u00e4ischen Mittelmeerraum. Genaugenommen in Sa Coma vom 11. Mai\" \/>\n<meta property=\"og:url\" content=\"https:\/\/blog.protur-hotels.com\/de\/9-mallorca-smooth-jazz-festval\/\" \/>\n<meta property=\"og:site_name\" content=\"Blog Protur Hotels\" \/>\n<meta property=\"article:published_time\" content=\"2020-01-27T16:22:30+00:00\" \/>\n<meta property=\"article:modified_time\" content=\"2020-01-27T16:23:07+00:00\" \/>\n<meta property=\"og:image\" content=\"https:\/\/blog.protur-hotels.com\/wp-content\/uploads\/2020\/01\/9-MALLORCA-SMOOTH-JAZZ-FESTIVAL.jpg\" \/>\n\t<meta property=\"og:image:width\" content=\"600\" \/>\n\t<meta property=\"og:image:height\" content=\"671\" \/>\n\t<meta property=\"og:image:type\" content=\"image\/jpeg\" \/>\n<meta name=\"author\" content=\"ivandomingo\" \/>\n<meta name=\"twitter:card\" content=\"summary_large_image\" \/>\n<meta name=\"twitter:label1\" content=\"Verfasst von\" \/>\n\t<meta name=\"twitter:data1\" content=\"ivandomingo\" \/>\n\t<meta name=\"twitter:label2\" content=\"Gesch\u00e4tzte Lesezeit\" \/>\n\t<meta name=\"twitter:data2\" content=\"1\u00a0Minute\" \/>\n<script type=\"application\/ld+json\" class=\"yoast-schema-graph\">{\"@context\":\"https:\/\/schema.org\",\"@graph\":[{\"@type\":\"Article\",\"@id\":\"https:\/\/blog.protur-hotels.com\/de\/9-mallorca-smooth-jazz-festval\/#article\",\"isPartOf\":{\"@id\":\"https:\/\/blog.protur-hotels.com\/de\/9-mallorca-smooth-jazz-festval\/\"},\"author\":{\"name\":\"ivandomingo\",\"@id\":\"https:\/\/blog.protur-hotels.com\/#\/schema\/person\/5e17ee757b097cf1de0203171283b53c\"},\"headline\":\"9. MALLORCA SMOOTH JAZZ FESTVAL\",\"datePublished\":\"2020-01-27T16:22:30+00:00\",\"dateModified\":\"2020-01-27T16:23:07+00:00\",\"mainEntityOfPage\":{\"@id\":\"https:\/\/blog.protur-hotels.com\/de\/9-mallorca-smooth-jazz-festval\/\"},\"wordCount\":155,\"commentCount\":0,\"publisher\":{\"@id\":\"https:\/\/blog.protur-hotels.com\/#organization\"},\"image\":{\"@id\":\"https:\/\/blog.protur-hotels.com\/de\/9-mallorca-smooth-jazz-festval\/#primaryimage\"},\"thumbnailUrl\":\"https:\/\/blog.protur-hotels.com\/wp-content\/uploads\/2020\/01\/9-MALLORCA-SMOOTH-JAZZ-FESTIVAL.jpg\",\"articleSection\":[\"Jazz\",\"Mallorca\",\"Protur Biomar Gran Hotel &amp; Spa\"],\"inLanguage\":\"de\"},{\"@type\":\"WebPage\",\"@id\":\"https:\/\/blog.protur-hotels.com\/de\/9-mallorca-smooth-jazz-festval\/\",\"url\":\"https:\/\/blog.protur-hotels.com\/de\/9-mallorca-smooth-jazz-festval\/\",\"name\":\"9. MALLORCA SMOOTH JAZZ FESTVAL - Blog Protur Hotels\",\"isPartOf\":{\"@id\":\"https:\/\/blog.protur-hotels.com\/#website\"},\"primaryImageOfPage\":{\"@id\":\"https:\/\/blog.protur-hotels.com\/de\/9-mallorca-smooth-jazz-festval\/#primaryimage\"},\"image\":{\"@id\":\"https:\/\/blog.protur-hotels.com\/de\/9-mallorca-smooth-jazz-festval\/#primaryimage\"},\"thumbnailUrl\":\"https:\/\/blog.protur-hotels.com\/wp-content\/uploads\/2020\/01\/9-MALLORCA-SMOOTH-JAZZ-FESTIVAL.jpg\",\"datePublished\":\"2020-01-27T16:22:30+00:00\",\"dateModified\":\"2020-01-27T16:23:07+00:00\",\"description\":\"Willkommen beim 9.MALLORCA SMOOTH JAZZ FESTVAL \u2013 dem einzigen Smooth Jazz Festival im europ\u00e4ischen Mittelmeerraum. Genaugenommen in Sa Coma vom 11. Mai\",\"breadcrumb\":{\"@id\":\"https:\/\/blog.protur-hotels.com\/de\/9-mallorca-smooth-jazz-festval\/#breadcrumb\"},\"inLanguage\":\"de\",\"potentialAction\":[{\"@type\":\"ReadAction\",\"target\":[\"https:\/\/blog.protur-hotels.com\/de\/9-mallorca-smooth-jazz-festval\/\"]}]},{\"@type\":\"ImageObject\",\"inLanguage\":\"de\",\"@id\":\"https:\/\/blog.protur-hotels.com\/de\/9-mallorca-smooth-jazz-festval\/#primaryimage\",\"url\":\"https:\/\/blog.protur-hotels.com\/wp-content\/uploads\/2020\/01\/9-MALLORCA-SMOOTH-JAZZ-FESTIVAL.jpg\",\"contentUrl\":\"https:\/\/blog.protur-hotels.com\/wp-content\/uploads\/2020\/01\/9-MALLORCA-SMOOTH-JAZZ-FESTIVAL.jpg\",\"width\":600,\"height\":671,\"caption\":\"9 MALLORCA SMOOTH JAZZ FESTIVAL\"},{\"@type\":\"BreadcrumbList\",\"@id\":\"https:\/\/blog.protur-hotels.com\/de\/9-mallorca-smooth-jazz-festval\/#breadcrumb\",\"itemListElement\":[{\"@type\":\"ListItem\",\"position\":1,\"name\":\"Portada\",\"item\":\"https:\/\/blog.protur-hotels.com\/\"},{\"@type\":\"ListItem\",\"position\":2,\"name\":\"9. MALLORCA SMOOTH JAZZ FESTVAL\"}]},{\"@type\":\"WebSite\",\"@id\":\"https:\/\/blog.protur-hotels.com\/#website\",\"url\":\"https:\/\/blog.protur-hotels.com\/\",\"name\":\"Blog Protur Hotels\",\"description\":\"Un Blog para viajeros\",\"publisher\":{\"@id\":\"https:\/\/blog.protur-hotels.com\/#organization\"},\"potentialAction\":[{\"@type\":\"SearchAction\",\"target\":{\"@type\":\"EntryPoint\",\"urlTemplate\":\"https:\/\/blog.protur-hotels.com\/?s={search_term_string}\"},\"query-input\":{\"@type\":\"PropertyValueSpecification\",\"valueRequired\":true,\"valueName\":\"search_term_string\"}}],\"inLanguage\":\"de\"},{\"@type\":\"Organization\",\"@id\":\"https:\/\/blog.protur-hotels.com\/#organization\",\"name\":\"Blog Protur Hotels\",\"url\":\"https:\/\/blog.protur-hotels.com\/\",\"logo\":{\"@type\":\"ImageObject\",\"inLanguage\":\"de\",\"@id\":\"https:\/\/blog.protur-hotels.com\/#\/schema\/logo\/image\/\",\"url\":\"https:\/\/blog.protur-hotels.com\/wp-content\/uploads\/2020\/03\/blog-protur-hotels-mallorca.png\",\"contentUrl\":\"https:\/\/blog.protur-hotels.com\/wp-content\/uploads\/2020\/03\/blog-protur-hotels-mallorca.png\",\"width\":1422,\"height\":894,\"caption\":\"Blog Protur Hotels\"},\"image\":{\"@id\":\"https:\/\/blog.protur-hotels.com\/#\/schema\/logo\/image\/\"}},{\"@type\":\"Person\",\"@id\":\"https:\/\/blog.protur-hotels.com\/#\/schema\/person\/5e17ee757b097cf1de0203171283b53c\",\"name\":\"ivandomingo\"}]}<\/script>\n<!-- \/ Yoast SEO plugin. -->","yoast_head_json":{"title":"9. MALLORCA SMOOTH JAZZ FESTVAL - Blog Protur Hotels","description":"Willkommen beim 9.MALLORCA SMOOTH JAZZ FESTVAL \u2013 dem einzigen Smooth Jazz Festival im europ\u00e4ischen Mittelmeerraum. Genaugenommen in Sa Coma vom 11. Mai","robots":{"index":"index","follow":"follow","max-snippet":"max-snippet:-1","max-image-preview":"max-image-preview:large","max-video-preview":"max-video-preview:-1"},"canonical":"https:\/\/blog.protur-hotels.com\/de\/9-mallorca-smooth-jazz-festval\/","og_locale":"de_DE","og_type":"article","og_title":"9. MALLORCA SMOOTH JAZZ FESTVAL - Blog Protur Hotels","og_description":"Willkommen beim 9.MALLORCA SMOOTH JAZZ FESTVAL \u2013 dem einzigen Smooth Jazz Festival im europ\u00e4ischen Mittelmeerraum. Genaugenommen in Sa Coma vom 11. Mai","og_url":"https:\/\/blog.protur-hotels.com\/de\/9-mallorca-smooth-jazz-festval\/","og_site_name":"Blog Protur Hotels","article_published_time":"2020-01-27T16:22:30+00:00","article_modified_time":"2020-01-27T16:23:07+00:00","og_image":[{"width":600,"height":671,"url":"https:\/\/blog.protur-hotels.com\/wp-content\/uploads\/2020\/01\/9-MALLORCA-SMOOTH-JAZZ-FESTIVAL.jpg","type":"image\/jpeg"}],"author":"ivandomingo","twitter_card":"summary_large_image","twitter_misc":{"Verfasst von":"ivandomingo","Gesch\u00e4tzte Lesezeit":"1\u00a0Minute"},"schema":{"@context":"https:\/\/schema.org","@graph":[{"@type":"Article","@id":"https:\/\/blog.protur-hotels.com\/de\/9-mallorca-smooth-jazz-festval\/#article","isPartOf":{"@id":"https:\/\/blog.protur-hotels.com\/de\/9-mallorca-smooth-jazz-festval\/"},"author":{"name":"ivandomingo","@id":"https:\/\/blog.protur-hotels.com\/#\/schema\/person\/5e17ee757b097cf1de0203171283b53c"},"headline":"9. MALLORCA SMOOTH JAZZ FESTVAL","datePublished":"2020-01-27T16:22:30+00:00","dateModified":"2020-01-27T16:23:07+00:00","mainEntityOfPage":{"@id":"https:\/\/blog.protur-hotels.com\/de\/9-mallorca-smooth-jazz-festval\/"},"wordCount":155,"commentCount":0,"publisher":{"@id":"https:\/\/blog.protur-hotels.com\/#organization"},"image":{"@id":"https:\/\/blog.protur-hotels.com\/de\/9-mallorca-smooth-jazz-festval\/#primaryimage"},"thumbnailUrl":"https:\/\/blog.protur-hotels.com\/wp-content\/uploads\/2020\/01\/9-MALLORCA-SMOOTH-JAZZ-FESTIVAL.jpg","articleSection":["Jazz","Mallorca","Protur Biomar Gran Hotel &amp; Spa"],"inLanguage":"de"},{"@type":"WebPage","@id":"https:\/\/blog.protur-hotels.com\/de\/9-mallorca-smooth-jazz-festval\/","url":"https:\/\/blog.protur-hotels.com\/de\/9-mallorca-smooth-jazz-festval\/","name":"9. MALLORCA SMOOTH JAZZ FESTVAL - Blog Protur Hotels","isPartOf":{"@id":"https:\/\/blog.protur-hotels.com\/#website"},"primaryImageOfPage":{"@id":"https:\/\/blog.protur-hotels.com\/de\/9-mallorca-smooth-jazz-festval\/#primaryimage"},"image":{"@id":"https:\/\/blog.protur-hotels.com\/de\/9-mallorca-smooth-jazz-festval\/#primaryimage"},"thumbnailUrl":"https:\/\/blog.protur-hotels.com\/wp-content\/uploads\/2020\/01\/9-MALLORCA-SMOOTH-JAZZ-FESTIVAL.jpg","datePublished":"2020-01-27T16:22:30+00:00","dateModified":"2020-01-27T16:23:07+00:00","description":"Willkommen beim 9.MALLORCA SMOOTH JAZZ FESTVAL \u2013 dem einzigen Smooth Jazz Festival im europ\u00e4ischen Mittelmeerraum. Genaugenommen in Sa Coma vom 11. Mai","breadcrumb":{"@id":"https:\/\/blog.protur-hotels.com\/de\/9-mallorca-smooth-jazz-festval\/#breadcrumb"},"inLanguage":"de","potentialAction":[{"@type":"ReadAction","target":["https:\/\/blog.protur-hotels.com\/de\/9-mallorca-smooth-jazz-festval\/"]}]},{"@type":"ImageObject","inLanguage":"de","@id":"https:\/\/blog.protur-hotels.com\/de\/9-mallorca-smooth-jazz-festval\/#primaryimage","url":"https:\/\/blog.protur-hotels.com\/wp-content\/uploads\/2020\/01\/9-MALLORCA-SMOOTH-JAZZ-FESTIVAL.jpg","contentUrl":"https:\/\/blog.protur-hotels.com\/wp-content\/uploads\/2020\/01\/9-MALLORCA-SMOOTH-JAZZ-FESTIVAL.jpg","width":600,"height":671,"caption":"9 MALLORCA SMOOTH JAZZ FESTIVAL"},{"@type":"BreadcrumbList","@id":"https:\/\/blog.protur-hotels.com\/de\/9-mallorca-smooth-jazz-festval\/#breadcrumb","itemListElement":[{"@type":"ListItem","position":1,"name":"Portada","item":"https:\/\/blog.protur-hotels.com\/"},{"@type":"ListItem","position":2,"name":"9. MALLORCA SMOOTH JAZZ FESTVAL"}]},{"@type":"WebSite","@id":"https:\/\/blog.protur-hotels.com\/#website","url":"https:\/\/blog.protur-hotels.com\/","name":"Blog Protur Hotels","description":"Un Blog para viajeros","publisher":{"@id":"https:\/\/blog.protur-hotels.com\/#organization"},"potentialAction":[{"@type":"SearchAction","target":{"@type":"EntryPoint","urlTemplate":"https:\/\/blog.protur-hotels.com\/?s={search_term_string}"},"query-input":{"@type":"PropertyValueSpecification","valueRequired":true,"valueName":"search_term_string"}}],"inLanguage":"de"},{"@type":"Organization","@id":"https:\/\/blog.protur-hotels.com\/#organization","name":"Blog Protur Hotels","url":"https:\/\/blog.protur-hotels.com\/","logo":{"@type":"ImageObject","inLanguage":"de","@id":"https:\/\/blog.protur-hotels.com\/#\/schema\/logo\/image\/","url":"https:\/\/blog.protur-hotels.com\/wp-content\/uploads\/2020\/03\/blog-protur-hotels-mallorca.png","contentUrl":"https:\/\/blog.protur-hotels.com\/wp-content\/uploads\/2020\/03\/blog-protur-hotels-mallorca.png","width":1422,"height":894,"caption":"Blog Protur Hotels"},"image":{"@id":"https:\/\/blog.protur-hotels.com\/#\/schema\/logo\/image\/"}},{"@type":"Person","@id":"https:\/\/blog.protur-hotels.com\/#\/schema\/person\/5e17ee757b097cf1de0203171283b53c","name":"ivandomingo"}]}},"_links":{"self":[{"href":"https:\/\/blog.protur-hotels.com\/de\/wp-json\/wp\/v2\/posts\/4571","targetHints":{"allow":["GET"]}}],"collection":[{"href":"https:\/\/blog.protur-hotels.com\/de\/wp-json\/wp\/v2\/posts"}],"about":[{"href":"https:\/\/blog.protur-hotels.com\/de\/wp-json\/wp\/v2\/types\/post"}],"author":[{"embeddable":true,"href":"https:\/\/blog.protur-hotels.com\/de\/wp-json\/wp\/v2\/users\/1"}],"replies":[{"embeddable":true,"href":"https:\/\/blog.protur-hotels.com\/de\/wp-json\/wp\/v2\/comments?post=4571"}],"version-history":[{"count":0,"href":"https:\/\/blog.protur-hotels.com\/de\/wp-json\/wp\/v2\/posts\/4571\/revisions"}],"wp:featuredmedia":[{"embeddable":true,"href":"https:\/\/blog.protur-hotels.com\/de\/wp-json\/wp\/v2\/media\/4566"}],"wp:attachment":[{"href":"https:\/\/blog.protur-hotels.com\/de\/wp-json\/wp\/v2\/media?parent=4571"}],"wp:term":[{"taxonomy":"category","embeddable":true,"href":"https:\/\/blog.protur-hotels.com\/de\/wp-json\/wp\/v2\/categories?post=4571"},{"taxonomy":"post_tag","embeddable":true,"href":"https:\/\/blog.protur-hotels.com\/de\/wp-json\/wp\/v2\/tags?post=4571"}],"curies":[{"name":"wp","href":"https:\/\/api.w.org\/{rel}","templated":true}]}}