{"id":4636,"date":"2020-08-03T11:50:53","date_gmt":"2020-08-03T11:50:53","guid":{"rendered":"https:\/\/blog.protur-hotels.com\/de\/?p=4636"},"modified":"2020-08-03T11:50:53","modified_gmt":"2020-08-03T11:50:53","slug":"covid-19-sicherer-urlaub-bei-protur-hotels","status":"publish","type":"post","link":"https:\/\/blog.protur-hotels.com\/de\/covid-19-sicherer-urlaub-bei-protur-hotels\/","title":{"rendered":"Covid-19: Sicherer Urlaub bei Protur Hotels\u00a0"},"content":{"rendered":"<p>Es gibt Dinge, die unver\u00e4nderlich sind:\u00a0<strong>Wir werden Sie bei Protur Hotels wie immer mit einem L\u00e4cheln erwarten!<\/strong>\u00a0Wir m\u00f6chten Ihnen hier die aufgrund der Covid-19-Krise\u00a0getroffenen\u00a0Sicherheits- und Hygienema\u00dfnahmen mitteilen,\u00a0mit denen wir\u00a0Reisende wie Sie sch\u00fctzen. Auf diese Art verf\u00fcgen Sie nicht nur \u00fcber komplette Auskunft, wenn Sie in einem unserer Hotels \u00fcbernachten, sondern auch \u00fcber die Garantie eines sicheren und unbesorgten Urlaubs.<\/p>\n<p>Unser Sicherheits- und Hygieneprotokoll basiert auf den Gesundheits- und Sicherheitsempfehlungen der Weltgesundheitsorganisation (WHS) und des spanischen Gesundheitsministeriums. Sie wurden in Zusammenarbeit mit Dr. Sebasti\u00e1n Cresp\u00ed der Firma Biolinea formuliert, die in Spanien im Bereich Lebensmittelsicherheit und Risikovorbeugung f\u00fchrend ist.<\/p>\n<p><em>Was wird mit allen diesen Bem\u00fchungen beabsichtigt?<\/em>\u202fSie sollen Ihren Urlaub wie immer genie\u00dfen k\u00f6nnen, d. h., mit der \u00dcberzeugung, dass alles sicher und unter Kontrolle ist.\u00a0Zu diesem Zweck sieht unser Protokoll die h\u00f6chsten Sicherheitsgarantien f\u00fcr Sie vor, die von einem f\u00fcr Sie und Ihre Lieben zust\u00e4ndigen Fachkr\u00e4fteteam angewendet werden.<\/p>\n<p>Welche Ma\u00dfnahmen wurden zur Garantie der Sicherheit f\u00fcr alle getroffen?\u00a0Das\u00a0<a href=\"https:\/\/protur-hotels.com\/de\/maximale-hygiene-und-sicherheitsgarantien\">Covid-19-Programm von Protur Hotels<\/a>\u00a0sieht verschiedene Protokolle f\u00fcr Sicherheit, Sauberkeit, Desinfizierung, Digitalisierung, Kontrolle und Verpflegung u. a. vor.<\/p>\n<p>Protur Hotels arbeitet unerm\u00fcdlich daran, Sicherheit f\u00fcr alle zu garantieren, damit Sie mit und ohne Covid-19 einen\u00a0unbesorgten\u00a0Urlaub genie\u00dfen k\u00f6nnen.<\/p>\n<p>Die \u00fcbermittelten\u00a0Informationen\u00a0garantieren\u00a0auch, dass Sie sich entsprechend der neuen Realit\u00e4t auf Ihren Reisen sicher f\u00fchlen k\u00f6nnen.<\/p>\n<p>Wir haben au\u00dferdem eine weitere Neuigkeit, die Ihre Reise noch sicherer macht:\u00a0<strong>eine Reiseversicherung<\/strong>.\u00a0Die Protur Hotels Hotelkette bietet allen G\u00e4ste\u00a0f\u00fcr alle medizinischen F\u00e4lle\u00a0zus\u00e4tzliche und kostenlose Sicherheit. Sie hat mit der Versicherungsgesellschaft ARAG laut Beratung und Vermittlung von ExelBroker Grupo Ferrer&amp;Ojeda eine\u00a0<strong>Reiseversicherung<\/strong>\u00a0f\u00fcr alle Hotelg\u00e4ste abgeschlossen. Damit sind, neben weiteren Leistungen, die Gesundheitsf\u00fcrsorge mit der gesamten Bearbeitung\u00a0bei allen m\u00f6glichen Vorf\u00e4llen bis zu\u00a0<strong>3.500,- \u20ac<\/strong><strong>\u00a0je Versicherungsnehmer<\/strong>\u00a0garantiert.<\/p>\n<p>Mit Protur Hotels reisen Sie immer unbesorgt.\u00a0Wir freuen uns auf Sie!<\/p>\n","protected":false},"excerpt":{"rendered":"<p>Es gibt Dinge, die unver\u00e4nderlich sind:\u00a0Wir werden Sie bei Protur Hotels wie immer mit einem L\u00e4cheln erwarten!\u00a0Wir m\u00f6chten Ihnen hier die aufgrund der Covid-19-Krise\u00a0getroffenen\u00a0Sicherheits- und Hygienema\u00dfnahmen mitteilen,\u00a0mit denen wir\u00a0Reisende wie&hellip;<\/p>\n","protected":false},"author":1,"featured_media":6494,"comment_status":"closed","ping_status":"open","sticky":false,"template":"","format":"standard","meta":{"_lmt_disableupdate":"","_lmt_disable":"","footnotes":""},"categories":[1066,782],"tags":[],"class_list":["post-4636","post","type-post","status-publish","format-standard","has-post-thumbnail","hentry","category-protur-hotels-de-2","category-urlaub"],"yoast_head":"<!-- This site is optimized with the Yoast SEO plugin v26.6 - https:\/\/yoast.com\/wordpress\/plugins\/seo\/ -->\n<title>Covid-19: Sicherer Urlaub bei Protur Hotels\u00a0 - Blog Protur Hotels<\/title>\n<meta name=\"description\" content=\"Es gibt Dinge, die unver\u00e4nderlich sind:\u00a0Wir werden Sie bei Protur Hotels wie immer mit einem L\u00e4cheln erwarten!\u00a0Wir m\u00f6chten Ihnen hier die aufgrund der\" \/>\n<meta name=\"robots\" content=\"index, follow, max-snippet:-1, max-image-preview:large, max-video-preview:-1\" \/>\n<link rel=\"canonical\" href=\"https:\/\/blog.protur-hotels.com\/de\/covid-19-sicherer-urlaub-bei-protur-hotels\/\" \/>\n<meta property=\"og:locale\" content=\"de_DE\" \/>\n<meta property=\"og:type\" content=\"article\" \/>\n<meta property=\"og:title\" content=\"Covid-19: Sicherer Urlaub bei Protur Hotels\u00a0 - Blog Protur Hotels\" \/>\n<meta property=\"og:description\" content=\"Es gibt Dinge, die unver\u00e4nderlich sind:\u00a0Wir werden Sie bei Protur Hotels wie immer mit einem L\u00e4cheln erwarten!\u00a0Wir m\u00f6chten Ihnen hier die aufgrund der\" \/>\n<meta property=\"og:url\" content=\"https:\/\/blog.protur-hotels.com\/de\/covid-19-sicherer-urlaub-bei-protur-hotels\/\" \/>\n<meta property=\"og:site_name\" content=\"Blog Protur Hotels\" \/>\n<meta property=\"article:published_time\" content=\"2020-08-03T11:50:53+00:00\" \/>\n<meta name=\"author\" content=\"ivandomingo\" \/>\n<meta name=\"twitter:card\" content=\"summary_large_image\" \/>\n<meta name=\"twitter:label1\" content=\"Verfasst von\" \/>\n\t<meta name=\"twitter:data1\" content=\"ivandomingo\" \/>\n\t<meta name=\"twitter:label2\" content=\"Gesch\u00e4tzte Lesezeit\" \/>\n\t<meta name=\"twitter:data2\" content=\"2\u00a0Minuten\" \/>\n<script type=\"application\/ld+json\" class=\"yoast-schema-graph\">{\"@context\":\"https:\/\/schema.org\",\"@graph\":[{\"@type\":\"Article\",\"@id\":\"https:\/\/blog.protur-hotels.com\/de\/covid-19-sicherer-urlaub-bei-protur-hotels\/#article\",\"isPartOf\":{\"@id\":\"https:\/\/blog.protur-hotels.com\/de\/covid-19-sicherer-urlaub-bei-protur-hotels\/\"},\"author\":{\"name\":\"ivandomingo\",\"@id\":\"https:\/\/blog.protur-hotels.com\/#\/schema\/person\/5e17ee757b097cf1de0203171283b53c\"},\"headline\":\"Covid-19: Sicherer Urlaub bei Protur Hotels\u00a0\",\"datePublished\":\"2020-08-03T11:50:53+00:00\",\"mainEntityOfPage\":{\"@id\":\"https:\/\/blog.protur-hotels.com\/de\/covid-19-sicherer-urlaub-bei-protur-hotels\/\"},\"wordCount\":351,\"publisher\":{\"@id\":\"https:\/\/blog.protur-hotels.com\/#organization\"},\"image\":{\"@id\":\"https:\/\/blog.protur-hotels.com\/de\/covid-19-sicherer-urlaub-bei-protur-hotels\/#primaryimage\"},\"thumbnailUrl\":\"https:\/\/blog.protur-hotels.com\/wp-content\/uploads\/2020\/08\/COVID-19-VACACIONES-SEGURAS-CON-PROTUR-HOTELS.jpg\",\"articleSection\":[\"Protur Hotels\",\"urlaub\"],\"inLanguage\":\"de\"},{\"@type\":\"WebPage\",\"@id\":\"https:\/\/blog.protur-hotels.com\/de\/covid-19-sicherer-urlaub-bei-protur-hotels\/\",\"url\":\"https:\/\/blog.protur-hotels.com\/de\/covid-19-sicherer-urlaub-bei-protur-hotels\/\",\"name\":\"Covid-19: Sicherer Urlaub bei Protur Hotels\u00a0 - Blog Protur Hotels\",\"isPartOf\":{\"@id\":\"https:\/\/blog.protur-hotels.com\/#website\"},\"primaryImageOfPage\":{\"@id\":\"https:\/\/blog.protur-hotels.com\/de\/covid-19-sicherer-urlaub-bei-protur-hotels\/#primaryimage\"},\"image\":{\"@id\":\"https:\/\/blog.protur-hotels.com\/de\/covid-19-sicherer-urlaub-bei-protur-hotels\/#primaryimage\"},\"thumbnailUrl\":\"https:\/\/blog.protur-hotels.com\/wp-content\/uploads\/2020\/08\/COVID-19-VACACIONES-SEGURAS-CON-PROTUR-HOTELS.jpg\",\"datePublished\":\"2020-08-03T11:50:53+00:00\",\"description\":\"Es gibt Dinge, die unver\u00e4nderlich sind:\u00a0Wir werden Sie bei Protur Hotels wie immer mit einem L\u00e4cheln erwarten!\u00a0Wir m\u00f6chten Ihnen hier die aufgrund der\",\"breadcrumb\":{\"@id\":\"https:\/\/blog.protur-hotels.com\/de\/covid-19-sicherer-urlaub-bei-protur-hotels\/#breadcrumb\"},\"inLanguage\":\"de\",\"potentialAction\":[{\"@type\":\"ReadAction\",\"target\":[\"https:\/\/blog.protur-hotels.com\/de\/covid-19-sicherer-urlaub-bei-protur-hotels\/\"]}]},{\"@type\":\"ImageObject\",\"inLanguage\":\"de\",\"@id\":\"https:\/\/blog.protur-hotels.com\/de\/covid-19-sicherer-urlaub-bei-protur-hotels\/#primaryimage\",\"url\":\"https:\/\/blog.protur-hotels.com\/wp-content\/uploads\/2020\/08\/COVID-19-VACACIONES-SEGURAS-CON-PROTUR-HOTELS.jpg\",\"contentUrl\":\"https:\/\/blog.protur-hotels.com\/wp-content\/uploads\/2020\/08\/COVID-19-VACACIONES-SEGURAS-CON-PROTUR-HOTELS.jpg\",\"width\":1250,\"height\":938},{\"@type\":\"BreadcrumbList\",\"@id\":\"https:\/\/blog.protur-hotels.com\/de\/covid-19-sicherer-urlaub-bei-protur-hotels\/#breadcrumb\",\"itemListElement\":[{\"@type\":\"ListItem\",\"position\":1,\"name\":\"Portada\",\"item\":\"https:\/\/blog.protur-hotels.com\/\"},{\"@type\":\"ListItem\",\"position\":2,\"name\":\"Covid-19: Sicherer Urlaub bei Protur Hotels\u00a0\"}]},{\"@type\":\"WebSite\",\"@id\":\"https:\/\/blog.protur-hotels.com\/#website\",\"url\":\"https:\/\/blog.protur-hotels.com\/\",\"name\":\"Blog Protur Hotels\",\"description\":\"Un Blog para viajeros\",\"publisher\":{\"@id\":\"https:\/\/blog.protur-hotels.com\/#organization\"},\"potentialAction\":[{\"@type\":\"SearchAction\",\"target\":{\"@type\":\"EntryPoint\",\"urlTemplate\":\"https:\/\/blog.protur-hotels.com\/?s={search_term_string}\"},\"query-input\":{\"@type\":\"PropertyValueSpecification\",\"valueRequired\":true,\"valueName\":\"search_term_string\"}}],\"inLanguage\":\"de\"},{\"@type\":\"Organization\",\"@id\":\"https:\/\/blog.protur-hotels.com\/#organization\",\"name\":\"Blog Protur Hotels\",\"url\":\"https:\/\/blog.protur-hotels.com\/\",\"logo\":{\"@type\":\"ImageObject\",\"inLanguage\":\"de\",\"@id\":\"https:\/\/blog.protur-hotels.com\/#\/schema\/logo\/image\/\",\"url\":\"https:\/\/blog.protur-hotels.com\/wp-content\/uploads\/2020\/03\/blog-protur-hotels-mallorca.png\",\"contentUrl\":\"https:\/\/blog.protur-hotels.com\/wp-content\/uploads\/2020\/03\/blog-protur-hotels-mallorca.png\",\"width\":1422,\"height\":894,\"caption\":\"Blog Protur Hotels\"},\"image\":{\"@id\":\"https:\/\/blog.protur-hotels.com\/#\/schema\/logo\/image\/\"}},{\"@type\":\"Person\",\"@id\":\"https:\/\/blog.protur-hotels.com\/#\/schema\/person\/5e17ee757b097cf1de0203171283b53c\",\"name\":\"ivandomingo\"}]}<\/script>\n<!-- \/ Yoast SEO plugin. -->","yoast_head_json":{"title":"Covid-19: Sicherer Urlaub bei Protur Hotels\u00a0 - Blog Protur Hotels","description":"Es gibt Dinge, die unver\u00e4nderlich sind:\u00a0Wir werden Sie bei Protur Hotels wie immer mit einem L\u00e4cheln erwarten!\u00a0Wir m\u00f6chten Ihnen hier die aufgrund der","robots":{"index":"index","follow":"follow","max-snippet":"max-snippet:-1","max-image-preview":"max-image-preview:large","max-video-preview":"max-video-preview:-1"},"canonical":"https:\/\/blog.protur-hotels.com\/de\/covid-19-sicherer-urlaub-bei-protur-hotels\/","og_locale":"de_DE","og_type":"article","og_title":"Covid-19: Sicherer Urlaub bei Protur Hotels\u00a0 - Blog Protur Hotels","og_description":"Es gibt Dinge, die unver\u00e4nderlich sind:\u00a0Wir werden Sie bei Protur Hotels wie immer mit einem L\u00e4cheln erwarten!\u00a0Wir m\u00f6chten Ihnen hier die aufgrund der","og_url":"https:\/\/blog.protur-hotels.com\/de\/covid-19-sicherer-urlaub-bei-protur-hotels\/","og_site_name":"Blog Protur Hotels","article_published_time":"2020-08-03T11:50:53+00:00","author":"ivandomingo","twitter_card":"summary_large_image","twitter_misc":{"Verfasst von":"ivandomingo","Gesch\u00e4tzte Lesezeit":"2\u00a0Minuten"},"schema":{"@context":"https:\/\/schema.org","@graph":[{"@type":"Article","@id":"https:\/\/blog.protur-hotels.com\/de\/covid-19-sicherer-urlaub-bei-protur-hotels\/#article","isPartOf":{"@id":"https:\/\/blog.protur-hotels.com\/de\/covid-19-sicherer-urlaub-bei-protur-hotels\/"},"author":{"name":"ivandomingo","@id":"https:\/\/blog.protur-hotels.com\/#\/schema\/person\/5e17ee757b097cf1de0203171283b53c"},"headline":"Covid-19: Sicherer Urlaub bei Protur Hotels\u00a0","datePublished":"2020-08-03T11:50:53+00:00","mainEntityOfPage":{"@id":"https:\/\/blog.protur-hotels.com\/de\/covid-19-sicherer-urlaub-bei-protur-hotels\/"},"wordCount":351,"publisher":{"@id":"https:\/\/blog.protur-hotels.com\/#organization"},"image":{"@id":"https:\/\/blog.protur-hotels.com\/de\/covid-19-sicherer-urlaub-bei-protur-hotels\/#primaryimage"},"thumbnailUrl":"https:\/\/blog.protur-hotels.com\/wp-content\/uploads\/2020\/08\/COVID-19-VACACIONES-SEGURAS-CON-PROTUR-HOTELS.jpg","articleSection":["Protur Hotels","urlaub"],"inLanguage":"de"},{"@type":"WebPage","@id":"https:\/\/blog.protur-hotels.com\/de\/covid-19-sicherer-urlaub-bei-protur-hotels\/","url":"https:\/\/blog.protur-hotels.com\/de\/covid-19-sicherer-urlaub-bei-protur-hotels\/","name":"Covid-19: Sicherer Urlaub bei Protur Hotels\u00a0 - Blog Protur Hotels","isPartOf":{"@id":"https:\/\/blog.protur-hotels.com\/#website"},"primaryImageOfPage":{"@id":"https:\/\/blog.protur-hotels.com\/de\/covid-19-sicherer-urlaub-bei-protur-hotels\/#primaryimage"},"image":{"@id":"https:\/\/blog.protur-hotels.com\/de\/covid-19-sicherer-urlaub-bei-protur-hotels\/#primaryimage"},"thumbnailUrl":"https:\/\/blog.protur-hotels.com\/wp-content\/uploads\/2020\/08\/COVID-19-VACACIONES-SEGURAS-CON-PROTUR-HOTELS.jpg","datePublished":"2020-08-03T11:50:53+00:00","description":"Es gibt Dinge, die unver\u00e4nderlich sind:\u00a0Wir werden Sie bei Protur Hotels wie immer mit einem L\u00e4cheln erwarten!\u00a0Wir m\u00f6chten Ihnen hier die aufgrund der","breadcrumb":{"@id":"https:\/\/blog.protur-hotels.com\/de\/covid-19-sicherer-urlaub-bei-protur-hotels\/#breadcrumb"},"inLanguage":"de","potentialAction":[{"@type":"ReadAction","target":["https:\/\/blog.protur-hotels.com\/de\/covid-19-sicherer-urlaub-bei-protur-hotels\/"]}]},{"@type":"ImageObject","inLanguage":"de","@id":"https:\/\/blog.protur-hotels.com\/de\/covid-19-sicherer-urlaub-bei-protur-hotels\/#primaryimage","url":"https:\/\/blog.protur-hotels.com\/wp-content\/uploads\/2020\/08\/COVID-19-VACACIONES-SEGURAS-CON-PROTUR-HOTELS.jpg","contentUrl":"https:\/\/blog.protur-hotels.com\/wp-content\/uploads\/2020\/08\/COVID-19-VACACIONES-SEGURAS-CON-PROTUR-HOTELS.jpg","width":1250,"height":938},{"@type":"BreadcrumbList","@id":"https:\/\/blog.protur-hotels.com\/de\/covid-19-sicherer-urlaub-bei-protur-hotels\/#breadcrumb","itemListElement":[{"@type":"ListItem","position":1,"name":"Portada","item":"https:\/\/blog.protur-hotels.com\/"},{"@type":"ListItem","position":2,"name":"Covid-19: Sicherer Urlaub bei Protur Hotels\u00a0"}]},{"@type":"WebSite","@id":"https:\/\/blog.protur-hotels.com\/#website","url":"https:\/\/blog.protur-hotels.com\/","name":"Blog Protur Hotels","description":"Un Blog para viajeros","publisher":{"@id":"https:\/\/blog.protur-hotels.com\/#organization"},"potentialAction":[{"@type":"SearchAction","target":{"@type":"EntryPoint","urlTemplate":"https:\/\/blog.protur-hotels.com\/?s={search_term_string}"},"query-input":{"@type":"PropertyValueSpecification","valueRequired":true,"valueName":"search_term_string"}}],"inLanguage":"de"},{"@type":"Organization","@id":"https:\/\/blog.protur-hotels.com\/#organization","name":"Blog Protur Hotels","url":"https:\/\/blog.protur-hotels.com\/","logo":{"@type":"ImageObject","inLanguage":"de","@id":"https:\/\/blog.protur-hotels.com\/#\/schema\/logo\/image\/","url":"https:\/\/blog.protur-hotels.com\/wp-content\/uploads\/2020\/03\/blog-protur-hotels-mallorca.png","contentUrl":"https:\/\/blog.protur-hotels.com\/wp-content\/uploads\/2020\/03\/blog-protur-hotels-mallorca.png","width":1422,"height":894,"caption":"Blog Protur Hotels"},"image":{"@id":"https:\/\/blog.protur-hotels.com\/#\/schema\/logo\/image\/"}},{"@type":"Person","@id":"https:\/\/blog.protur-hotels.com\/#\/schema\/person\/5e17ee757b097cf1de0203171283b53c","name":"ivandomingo"}]}},"_links":{"self":[{"href":"https:\/\/blog.protur-hotels.com\/de\/wp-json\/wp\/v2\/posts\/4636","targetHints":{"allow":["GET"]}}],"collection":[{"href":"https:\/\/blog.protur-hotels.com\/de\/wp-json\/wp\/v2\/posts"}],"about":[{"href":"https:\/\/blog.protur-hotels.com\/de\/wp-json\/wp\/v2\/types\/post"}],"author":[{"embeddable":true,"href":"https:\/\/blog.protur-hotels.com\/de\/wp-json\/wp\/v2\/users\/1"}],"replies":[{"embeddable":true,"href":"https:\/\/blog.protur-hotels.com\/de\/wp-json\/wp\/v2\/comments?post=4636"}],"version-history":[{"count":0,"href":"https:\/\/blog.protur-hotels.com\/de\/wp-json\/wp\/v2\/posts\/4636\/revisions"}],"wp:featuredmedia":[{"embeddable":true,"href":"https:\/\/blog.protur-hotels.com\/de\/wp-json\/wp\/v2\/media\/6494"}],"wp:attachment":[{"href":"https:\/\/blog.protur-hotels.com\/de\/wp-json\/wp\/v2\/media?parent=4636"}],"wp:term":[{"taxonomy":"category","embeddable":true,"href":"https:\/\/blog.protur-hotels.com\/de\/wp-json\/wp\/v2\/categories?post=4636"},{"taxonomy":"post_tag","embeddable":true,"href":"https:\/\/blog.protur-hotels.com\/de\/wp-json\/wp\/v2\/tags?post=4636"}],"curies":[{"name":"wp","href":"https:\/\/api.w.org\/{rel}","templated":true}]}}