{"id":6863,"date":"2024-10-09T08:24:08","date_gmt":"2024-10-09T08:24:08","guid":{"rendered":"https:\/\/blog.protur-hotels.com\/?p=6863"},"modified":"2024-10-09T08:24:08","modified_gmt":"2024-10-09T08:24:08","slug":"die-90er-jahre-im-protur-sa-coma-playa","status":"publish","type":"post","link":"https:\/\/blog.protur-hotels.com\/de\/die-90er-jahre-im-protur-sa-coma-playa\/","title":{"rendered":"Die 90er Jahre im Protur Sa Coma Playa"},"content":{"rendered":"<p><span data-teams=\"true\"><span class=\"ui-provider a b c d e f g h i j k l m n o p q r s t u v w x y z ab ac ae af ag ah ai aj ak\" dir=\"ltr\">Wie die Zeit vergeht!<\/p>\n<p>Heute m\u00f6chten wir einige Bilder mit euch teilen, die uns mit Nostalgie erf\u00fcllen: Fotos vom <strong>Hotel Protur Sa Coma Playa aus dem Jahr 1988<\/strong>. Wenn man sieht, wie sich das Hotel und seine Umgebung im Laufe der Jahre ver\u00e4ndert haben, wird einem bewusst, wie schnell die Zeit vergeht und wie viel man gemeinsam erlebt hat.<\/p>\n<p>F\u00fcr uns ist es etwas ganz Besonderes, diese Art von Fotos zu erhalten. Sie erm\u00f6glichen es uns, uns an die Momente zu erinnern, die unsere Geschichte gepr\u00e4gt haben, und die Anf\u00e4nge dessen, was heute eines unserer emblematischsten Hotels ist, noch einmal zu erleben. Jedes Detail dieser Bilder versetzt uns in eine Zeit zur\u00fcck, in der wir gerade erst begonnen haben, unvergessliche Erlebnisse f\u00fcr unsere G\u00e4ste zu schaffen.<\/p>\n<p>Wir freuen uns, diese Erinnerungen mit euch zu teilen und auch weiterhin Teil ganz besonderer Momente zu sein. Danke, dass ihr uns auf dieser Reise begleitet habt!<\/span><\/span><\/p>\n<p>&nbsp;<\/p>\n<div data-sliderid=\"75478\" id=\"penci-post-gallery__75478\" class=\"penci-post-gallery-container justified column-3\" data-height=\"150\" data-margin=\"3\"><a class=\"penci-gallery-ite item-gallery-justified\" href=\"https:\/\/blog.protur-hotels.com\/wp-content\/uploads\/2024\/10\/f7283a7a-e990-4f47-a714-341023818882_1.jpg\" data-rel=\"penci-gallery-image-content\"  data-cap=\"Protur Sa Coma Playa 1988\"><img decoding=\"async\" src=\"https:\/\/blog.protur-hotels.com\/wp-content\/uploads\/2024\/10\/f7283a7a-e990-4f47-a714-341023818882_1.jpg\" alt=\"\" title=\"f7283a7a-e990-4f47-a714-341023818882_1\"><div class=\"caption\">Protur Sa Coma Playa 1988<\/div><\/a><a class=\"penci-gallery-ite item-gallery-justified\" href=\"https:\/\/blog.protur-hotels.com\/wp-content\/uploads\/2024\/10\/b2965c74-063e-422a-84ab-802bfe87f9d1_1.jpg\" data-rel=\"penci-gallery-image-content\"  data-cap=\"Protur Sa Coma Playa 1988\"><img decoding=\"async\" src=\"https:\/\/blog.protur-hotels.com\/wp-content\/uploads\/2024\/10\/b2965c74-063e-422a-84ab-802bfe87f9d1_1.jpg\" alt=\"\" title=\"b2965c74-063e-422a-84ab-802bfe87f9d1_1\"><div class=\"caption\">Protur Sa Coma Playa 1988<\/div><\/a><a class=\"penci-gallery-ite item-gallery-justified\" href=\"https:\/\/blog.protur-hotels.com\/wp-content\/uploads\/2024\/10\/69eb9bfc-1215-4308-a22f-bbde28117540_1-copia.jpg\" data-rel=\"penci-gallery-image-content\"  data-cap=\"Protur Sa Coma Playa 1988\"><img decoding=\"async\" src=\"https:\/\/blog.protur-hotels.com\/wp-content\/uploads\/2024\/10\/69eb9bfc-1215-4308-a22f-bbde28117540_1-copia.jpg\" alt=\"\" title=\"69eb9bfc-1215-4308-a22f-bbde28117540_1 &#8211; copia\"><div class=\"caption\">Protur Sa Coma Playa 1988<\/div><\/a><a class=\"penci-gallery-ite item-gallery-justified\" href=\"https:\/\/blog.protur-hotels.com\/wp-content\/uploads\/2024\/10\/e004176a-1bdc-4bb6-9ef7-182510f8d6ba_1-copia.jpg\" data-rel=\"penci-gallery-image-content\"  data-cap=\"Protur Sa Coma Playa 1988\"><img decoding=\"async\" src=\"https:\/\/blog.protur-hotels.com\/wp-content\/uploads\/2024\/10\/e004176a-1bdc-4bb6-9ef7-182510f8d6ba_1-copia.jpg\" alt=\"\" title=\"e004176a-1bdc-4bb6-9ef7-182510f8d6ba_1 &#8211; copia\"><div class=\"caption\">Protur Sa Coma Playa 1988<\/div><\/a><a class=\"penci-gallery-ite item-gallery-justified\" href=\"https:\/\/blog.protur-hotels.com\/wp-content\/uploads\/2024\/10\/88d35a38-dbe8-454b-b6a8-6c6f7dedbe2f_1-copia-2.jpg\" data-rel=\"penci-gallery-image-content\"  data-cap=\"Protur Sa Coma Playa 1988\"><img decoding=\"async\" src=\"https:\/\/blog.protur-hotels.com\/wp-content\/uploads\/2024\/10\/88d35a38-dbe8-454b-b6a8-6c6f7dedbe2f_1-copia-2.jpg\" alt=\"\" title=\"88d35a38-dbe8-454b-b6a8-6c6f7dedbe2f_1 &#8211; copia (2)\"><div class=\"caption\">Protur Sa Coma Playa 1988<\/div><\/a><a class=\"penci-gallery-ite item-gallery-justified\" href=\"https:\/\/blog.protur-hotels.com\/wp-content\/uploads\/2024\/10\/88d35a38-dbe8-454b-b6a8-6c6f7dedbe2f_1.jpg\" data-rel=\"penci-gallery-image-content\"  data-cap=\"Protur Sa Coma Playa 1988\"><img decoding=\"async\" src=\"https:\/\/blog.protur-hotels.com\/wp-content\/uploads\/2024\/10\/88d35a38-dbe8-454b-b6a8-6c6f7dedbe2f_1.jpg\" alt=\"\" title=\"88d35a38-dbe8-454b-b6a8-6c6f7dedbe2f_1\"><div class=\"caption\">Protur Sa Coma Playa 1988<\/div><\/a><a class=\"penci-gallery-ite item-gallery-justified\" href=\"https:\/\/blog.protur-hotels.com\/wp-content\/uploads\/2024\/10\/69eb9bfc-1215-4308-a22f-bbde28117540_1.jpg\" data-rel=\"penci-gallery-image-content\"  data-cap=\"Protur Sa Coma Playa 1988\"><img decoding=\"async\" src=\"https:\/\/blog.protur-hotels.com\/wp-content\/uploads\/2024\/10\/69eb9bfc-1215-4308-a22f-bbde28117540_1.jpg\" alt=\"\" title=\"69eb9bfc-1215-4308-a22f-bbde28117540_1\"><div class=\"caption\">Protur Sa Coma Playa 1988<\/div><\/a><a class=\"penci-gallery-ite item-gallery-justified\" href=\"https:\/\/blog.protur-hotels.com\/wp-content\/uploads\/2024\/10\/e004176a-1bdc-4bb6-9ef7-182510f8d6ba_1.jpg\" data-rel=\"penci-gallery-image-content\"  data-cap=\"Protur Sa Coma Playa 1988\"><img decoding=\"async\" src=\"https:\/\/blog.protur-hotels.com\/wp-content\/uploads\/2024\/10\/e004176a-1bdc-4bb6-9ef7-182510f8d6ba_1.jpg\" alt=\"\" title=\"e004176a-1bdc-4bb6-9ef7-182510f8d6ba_1\"><div class=\"caption\">Protur Sa Coma Playa 1988<\/div><\/a><a class=\"penci-gallery-ite item-gallery-justified\" href=\"https:\/\/blog.protur-hotels.com\/wp-content\/uploads\/2024\/10\/88d35a38-dbe8-454b-b6a8-6c6f7dedbe2f_1-copia.jpg\" data-rel=\"penci-gallery-image-content\"  data-cap=\"Protur Sa Coma Playa 1988\"><img decoding=\"async\" src=\"https:\/\/blog.protur-hotels.com\/wp-content\/uploads\/2024\/10\/88d35a38-dbe8-454b-b6a8-6c6f7dedbe2f_1-copia.jpg\" alt=\"\" title=\"88d35a38-dbe8-454b-b6a8-6c6f7dedbe2f_1 &#8211; copia\"><div class=\"caption\">Protur Sa Coma Playa 1988<\/div><\/a><\/div>\n","protected":false},"excerpt":{"rendered":"<p>Wie die Zeit vergeht! Heute m\u00f6chten wir einige Bilder mit euch teilen, die uns mit Nostalgie erf\u00fcllen: Fotos vom Hotel Protur Sa Coma Playa aus dem Jahr 1988. Wenn man&hellip;<\/p>\n","protected":false},"author":4,"featured_media":6855,"comment_status":"closed","ping_status":"open","sticky":false,"template":"","format":"gallery","meta":{"_lmt_disableupdate":"","_lmt_disable":"","footnotes":""},"categories":[1066],"tags":[],"class_list":["post-6863","post","type-post","status-publish","format-gallery","has-post-thumbnail","hentry","category-protur-hotels-de-2","post_format-post-format-gallery"],"yoast_head":"<!-- This site is optimized with the Yoast SEO plugin v26.6 - https:\/\/yoast.com\/wordpress\/plugins\/seo\/ -->\n<title>Die 90er Jahre im Protur Sa Coma Playa - Blog Protur Hotels<\/title>\n<meta name=\"description\" content=\"Wie die Zeit vergeht! Heute m\u00f6chten wir einige Bilder mit euch teilen, die uns mit Nostalgie erf\u00fcllen: Fotos vom Hotel Protur Sa Coma Playa aus dem Jahr\" \/>\n<meta name=\"robots\" content=\"index, follow, max-snippet:-1, max-image-preview:large, max-video-preview:-1\" \/>\n<link rel=\"canonical\" href=\"https:\/\/blog.protur-hotels.com\/de\/die-90er-jahre-im-protur-sa-coma-playa\/\" \/>\n<meta property=\"og:locale\" content=\"de_DE\" \/>\n<meta property=\"og:type\" content=\"article\" \/>\n<meta property=\"og:title\" content=\"Die 90er Jahre im Protur Sa Coma Playa - Blog Protur Hotels\" \/>\n<meta property=\"og:description\" content=\"Wie die Zeit vergeht! Heute m\u00f6chten wir einige Bilder mit euch teilen, die uns mit Nostalgie erf\u00fcllen: Fotos vom Hotel Protur Sa Coma Playa aus dem Jahr\" \/>\n<meta property=\"og:url\" content=\"https:\/\/blog.protur-hotels.com\/de\/die-90er-jahre-im-protur-sa-coma-playa\/\" \/>\n<meta property=\"og:site_name\" content=\"Blog Protur Hotels\" \/>\n<meta property=\"article:published_time\" content=\"2024-10-09T08:24:08+00:00\" \/>\n<meta property=\"og:image\" content=\"https:\/\/blog.protur-hotels.com\/wp-content\/uploads\/2024\/10\/DON_0030B-scaled.jpg\" \/>\n\t<meta property=\"og:image:width\" content=\"2560\" \/>\n\t<meta property=\"og:image:height\" content=\"1714\" \/>\n\t<meta property=\"og:image:type\" content=\"image\/jpeg\" \/>\n<meta name=\"author\" content=\"Jara\" \/>\n<meta name=\"twitter:card\" content=\"summary_large_image\" \/>\n<meta name=\"twitter:label1\" content=\"Verfasst von\" \/>\n\t<meta name=\"twitter:data1\" content=\"Jara\" \/>\n\t<meta name=\"twitter:label2\" content=\"Gesch\u00e4tzte Lesezeit\" \/>\n\t<meta name=\"twitter:data2\" content=\"1\u00a0Minute\" \/>\n<script type=\"application\/ld+json\" class=\"yoast-schema-graph\">{\"@context\":\"https:\/\/schema.org\",\"@graph\":[{\"@type\":\"Article\",\"@id\":\"https:\/\/blog.protur-hotels.com\/de\/die-90er-jahre-im-protur-sa-coma-playa\/#article\",\"isPartOf\":{\"@id\":\"https:\/\/blog.protur-hotels.com\/de\/die-90er-jahre-im-protur-sa-coma-playa\/\"},\"author\":{\"name\":\"Jara\",\"@id\":\"https:\/\/blog.protur-hotels.com\/#\/schema\/person\/902a575bd3b7b15d653c623099bdb69c\"},\"headline\":\"Die 90er Jahre im Protur Sa Coma Playa\",\"datePublished\":\"2024-10-09T08:24:08+00:00\",\"mainEntityOfPage\":{\"@id\":\"https:\/\/blog.protur-hotels.com\/de\/die-90er-jahre-im-protur-sa-coma-playa\/\"},\"wordCount\":173,\"publisher\":{\"@id\":\"https:\/\/blog.protur-hotels.com\/#organization\"},\"image\":{\"@id\":\"https:\/\/blog.protur-hotels.com\/de\/die-90er-jahre-im-protur-sa-coma-playa\/#primaryimage\"},\"thumbnailUrl\":\"https:\/\/blog.protur-hotels.com\/wp-content\/uploads\/2024\/10\/DON_0030B-scaled.jpg\",\"articleSection\":[\"Protur Hotels\"],\"inLanguage\":\"de\"},{\"@type\":\"WebPage\",\"@id\":\"https:\/\/blog.protur-hotels.com\/de\/die-90er-jahre-im-protur-sa-coma-playa\/\",\"url\":\"https:\/\/blog.protur-hotels.com\/de\/die-90er-jahre-im-protur-sa-coma-playa\/\",\"name\":\"Die 90er Jahre im Protur Sa Coma Playa - Blog Protur Hotels\",\"isPartOf\":{\"@id\":\"https:\/\/blog.protur-hotels.com\/#website\"},\"primaryImageOfPage\":{\"@id\":\"https:\/\/blog.protur-hotels.com\/de\/die-90er-jahre-im-protur-sa-coma-playa\/#primaryimage\"},\"image\":{\"@id\":\"https:\/\/blog.protur-hotels.com\/de\/die-90er-jahre-im-protur-sa-coma-playa\/#primaryimage\"},\"thumbnailUrl\":\"https:\/\/blog.protur-hotels.com\/wp-content\/uploads\/2024\/10\/DON_0030B-scaled.jpg\",\"datePublished\":\"2024-10-09T08:24:08+00:00\",\"description\":\"Wie die Zeit vergeht! Heute m\u00f6chten wir einige Bilder mit euch teilen, die uns mit Nostalgie erf\u00fcllen: Fotos vom Hotel Protur Sa Coma Playa aus dem Jahr\",\"breadcrumb\":{\"@id\":\"https:\/\/blog.protur-hotels.com\/de\/die-90er-jahre-im-protur-sa-coma-playa\/#breadcrumb\"},\"inLanguage\":\"de\",\"potentialAction\":[{\"@type\":\"ReadAction\",\"target\":[\"https:\/\/blog.protur-hotels.com\/de\/die-90er-jahre-im-protur-sa-coma-playa\/\"]}]},{\"@type\":\"ImageObject\",\"inLanguage\":\"de\",\"@id\":\"https:\/\/blog.protur-hotels.com\/de\/die-90er-jahre-im-protur-sa-coma-playa\/#primaryimage\",\"url\":\"https:\/\/blog.protur-hotels.com\/wp-content\/uploads\/2024\/10\/DON_0030B-scaled.jpg\",\"contentUrl\":\"https:\/\/blog.protur-hotels.com\/wp-content\/uploads\/2024\/10\/DON_0030B-scaled.jpg\",\"width\":2560,\"height\":1714},{\"@type\":\"BreadcrumbList\",\"@id\":\"https:\/\/blog.protur-hotels.com\/de\/die-90er-jahre-im-protur-sa-coma-playa\/#breadcrumb\",\"itemListElement\":[{\"@type\":\"ListItem\",\"position\":1,\"name\":\"Portada\",\"item\":\"https:\/\/blog.protur-hotels.com\/\"},{\"@type\":\"ListItem\",\"position\":2,\"name\":\"Die 90er Jahre im Protur Sa Coma Playa\"}]},{\"@type\":\"WebSite\",\"@id\":\"https:\/\/blog.protur-hotels.com\/#website\",\"url\":\"https:\/\/blog.protur-hotels.com\/\",\"name\":\"Blog Protur Hotels\",\"description\":\"Un Blog para viajeros\",\"publisher\":{\"@id\":\"https:\/\/blog.protur-hotels.com\/#organization\"},\"potentialAction\":[{\"@type\":\"SearchAction\",\"target\":{\"@type\":\"EntryPoint\",\"urlTemplate\":\"https:\/\/blog.protur-hotels.com\/?s={search_term_string}\"},\"query-input\":{\"@type\":\"PropertyValueSpecification\",\"valueRequired\":true,\"valueName\":\"search_term_string\"}}],\"inLanguage\":\"de\"},{\"@type\":\"Organization\",\"@id\":\"https:\/\/blog.protur-hotels.com\/#organization\",\"name\":\"Blog Protur Hotels\",\"url\":\"https:\/\/blog.protur-hotels.com\/\",\"logo\":{\"@type\":\"ImageObject\",\"inLanguage\":\"de\",\"@id\":\"https:\/\/blog.protur-hotels.com\/#\/schema\/logo\/image\/\",\"url\":\"https:\/\/blog.protur-hotels.com\/wp-content\/uploads\/2020\/03\/blog-protur-hotels-mallorca.png\",\"contentUrl\":\"https:\/\/blog.protur-hotels.com\/wp-content\/uploads\/2020\/03\/blog-protur-hotels-mallorca.png\",\"width\":1422,\"height\":894,\"caption\":\"Blog Protur Hotels\"},\"image\":{\"@id\":\"https:\/\/blog.protur-hotels.com\/#\/schema\/logo\/image\/\"}},{\"@type\":\"Person\",\"@id\":\"https:\/\/blog.protur-hotels.com\/#\/schema\/person\/902a575bd3b7b15d653c623099bdb69c\",\"name\":\"Jara\"}]}<\/script>\n<!-- \/ Yoast SEO plugin. -->","yoast_head_json":{"title":"Die 90er Jahre im Protur Sa Coma Playa - Blog Protur Hotels","description":"Wie die Zeit vergeht! Heute m\u00f6chten wir einige Bilder mit euch teilen, die uns mit Nostalgie erf\u00fcllen: Fotos vom Hotel Protur Sa Coma Playa aus dem Jahr","robots":{"index":"index","follow":"follow","max-snippet":"max-snippet:-1","max-image-preview":"max-image-preview:large","max-video-preview":"max-video-preview:-1"},"canonical":"https:\/\/blog.protur-hotels.com\/de\/die-90er-jahre-im-protur-sa-coma-playa\/","og_locale":"de_DE","og_type":"article","og_title":"Die 90er Jahre im Protur Sa Coma Playa - Blog Protur Hotels","og_description":"Wie die Zeit vergeht! Heute m\u00f6chten wir einige Bilder mit euch teilen, die uns mit Nostalgie erf\u00fcllen: Fotos vom Hotel Protur Sa Coma Playa aus dem Jahr","og_url":"https:\/\/blog.protur-hotels.com\/de\/die-90er-jahre-im-protur-sa-coma-playa\/","og_site_name":"Blog Protur Hotels","article_published_time":"2024-10-09T08:24:08+00:00","og_image":[{"width":2560,"height":1714,"url":"https:\/\/blog.protur-hotels.com\/wp-content\/uploads\/2024\/10\/DON_0030B-scaled.jpg","type":"image\/jpeg"}],"author":"Jara","twitter_card":"summary_large_image","twitter_misc":{"Verfasst von":"Jara","Gesch\u00e4tzte Lesezeit":"1\u00a0Minute"},"schema":{"@context":"https:\/\/schema.org","@graph":[{"@type":"Article","@id":"https:\/\/blog.protur-hotels.com\/de\/die-90er-jahre-im-protur-sa-coma-playa\/#article","isPartOf":{"@id":"https:\/\/blog.protur-hotels.com\/de\/die-90er-jahre-im-protur-sa-coma-playa\/"},"author":{"name":"Jara","@id":"https:\/\/blog.protur-hotels.com\/#\/schema\/person\/902a575bd3b7b15d653c623099bdb69c"},"headline":"Die 90er Jahre im Protur Sa Coma Playa","datePublished":"2024-10-09T08:24:08+00:00","mainEntityOfPage":{"@id":"https:\/\/blog.protur-hotels.com\/de\/die-90er-jahre-im-protur-sa-coma-playa\/"},"wordCount":173,"publisher":{"@id":"https:\/\/blog.protur-hotels.com\/#organization"},"image":{"@id":"https:\/\/blog.protur-hotels.com\/de\/die-90er-jahre-im-protur-sa-coma-playa\/#primaryimage"},"thumbnailUrl":"https:\/\/blog.protur-hotels.com\/wp-content\/uploads\/2024\/10\/DON_0030B-scaled.jpg","articleSection":["Protur Hotels"],"inLanguage":"de"},{"@type":"WebPage","@id":"https:\/\/blog.protur-hotels.com\/de\/die-90er-jahre-im-protur-sa-coma-playa\/","url":"https:\/\/blog.protur-hotels.com\/de\/die-90er-jahre-im-protur-sa-coma-playa\/","name":"Die 90er Jahre im Protur Sa Coma Playa - Blog Protur Hotels","isPartOf":{"@id":"https:\/\/blog.protur-hotels.com\/#website"},"primaryImageOfPage":{"@id":"https:\/\/blog.protur-hotels.com\/de\/die-90er-jahre-im-protur-sa-coma-playa\/#primaryimage"},"image":{"@id":"https:\/\/blog.protur-hotels.com\/de\/die-90er-jahre-im-protur-sa-coma-playa\/#primaryimage"},"thumbnailUrl":"https:\/\/blog.protur-hotels.com\/wp-content\/uploads\/2024\/10\/DON_0030B-scaled.jpg","datePublished":"2024-10-09T08:24:08+00:00","description":"Wie die Zeit vergeht! Heute m\u00f6chten wir einige Bilder mit euch teilen, die uns mit Nostalgie erf\u00fcllen: Fotos vom Hotel Protur Sa Coma Playa aus dem Jahr","breadcrumb":{"@id":"https:\/\/blog.protur-hotels.com\/de\/die-90er-jahre-im-protur-sa-coma-playa\/#breadcrumb"},"inLanguage":"de","potentialAction":[{"@type":"ReadAction","target":["https:\/\/blog.protur-hotels.com\/de\/die-90er-jahre-im-protur-sa-coma-playa\/"]}]},{"@type":"ImageObject","inLanguage":"de","@id":"https:\/\/blog.protur-hotels.com\/de\/die-90er-jahre-im-protur-sa-coma-playa\/#primaryimage","url":"https:\/\/blog.protur-hotels.com\/wp-content\/uploads\/2024\/10\/DON_0030B-scaled.jpg","contentUrl":"https:\/\/blog.protur-hotels.com\/wp-content\/uploads\/2024\/10\/DON_0030B-scaled.jpg","width":2560,"height":1714},{"@type":"BreadcrumbList","@id":"https:\/\/blog.protur-hotels.com\/de\/die-90er-jahre-im-protur-sa-coma-playa\/#breadcrumb","itemListElement":[{"@type":"ListItem","position":1,"name":"Portada","item":"https:\/\/blog.protur-hotels.com\/"},{"@type":"ListItem","position":2,"name":"Die 90er Jahre im Protur Sa Coma Playa"}]},{"@type":"WebSite","@id":"https:\/\/blog.protur-hotels.com\/#website","url":"https:\/\/blog.protur-hotels.com\/","name":"Blog Protur Hotels","description":"Un Blog para viajeros","publisher":{"@id":"https:\/\/blog.protur-hotels.com\/#organization"},"potentialAction":[{"@type":"SearchAction","target":{"@type":"EntryPoint","urlTemplate":"https:\/\/blog.protur-hotels.com\/?s={search_term_string}"},"query-input":{"@type":"PropertyValueSpecification","valueRequired":true,"valueName":"search_term_string"}}],"inLanguage":"de"},{"@type":"Organization","@id":"https:\/\/blog.protur-hotels.com\/#organization","name":"Blog Protur Hotels","url":"https:\/\/blog.protur-hotels.com\/","logo":{"@type":"ImageObject","inLanguage":"de","@id":"https:\/\/blog.protur-hotels.com\/#\/schema\/logo\/image\/","url":"https:\/\/blog.protur-hotels.com\/wp-content\/uploads\/2020\/03\/blog-protur-hotels-mallorca.png","contentUrl":"https:\/\/blog.protur-hotels.com\/wp-content\/uploads\/2020\/03\/blog-protur-hotels-mallorca.png","width":1422,"height":894,"caption":"Blog Protur Hotels"},"image":{"@id":"https:\/\/blog.protur-hotels.com\/#\/schema\/logo\/image\/"}},{"@type":"Person","@id":"https:\/\/blog.protur-hotels.com\/#\/schema\/person\/902a575bd3b7b15d653c623099bdb69c","name":"Jara"}]}},"_links":{"self":[{"href":"https:\/\/blog.protur-hotels.com\/de\/wp-json\/wp\/v2\/posts\/6863","targetHints":{"allow":["GET"]}}],"collection":[{"href":"https:\/\/blog.protur-hotels.com\/de\/wp-json\/wp\/v2\/posts"}],"about":[{"href":"https:\/\/blog.protur-hotels.com\/de\/wp-json\/wp\/v2\/types\/post"}],"author":[{"embeddable":true,"href":"https:\/\/blog.protur-hotels.com\/de\/wp-json\/wp\/v2\/users\/4"}],"replies":[{"embeddable":true,"href":"https:\/\/blog.protur-hotels.com\/de\/wp-json\/wp\/v2\/comments?post=6863"}],"version-history":[{"count":1,"href":"https:\/\/blog.protur-hotels.com\/de\/wp-json\/wp\/v2\/posts\/6863\/revisions"}],"predecessor-version":[{"id":6864,"href":"https:\/\/blog.protur-hotels.com\/de\/wp-json\/wp\/v2\/posts\/6863\/revisions\/6864"}],"wp:featuredmedia":[{"embeddable":true,"href":"https:\/\/blog.protur-hotels.com\/de\/wp-json\/wp\/v2\/media\/6855"}],"wp:attachment":[{"href":"https:\/\/blog.protur-hotels.com\/de\/wp-json\/wp\/v2\/media?parent=6863"}],"wp:term":[{"taxonomy":"category","embeddable":true,"href":"https:\/\/blog.protur-hotels.com\/de\/wp-json\/wp\/v2\/categories?post=6863"},{"taxonomy":"post_tag","embeddable":true,"href":"https:\/\/blog.protur-hotels.com\/de\/wp-json\/wp\/v2\/tags?post=6863"}],"curies":[{"name":"wp","href":"https:\/\/api.w.org\/{rel}","templated":true}]}}