{"id":6907,"date":"2025-01-23T00:01:42","date_gmt":"2025-01-23T00:01:42","guid":{"rendered":"https:\/\/blog.protur-hotels.com\/?p=6907"},"modified":"2025-01-24T09:40:54","modified_gmt":"2025-01-24T09:40:54","slug":"wir-feiern-25-jahre-unvergessliche-erinnerungen-im-protur-badia-park","status":"publish","type":"post","link":"https:\/\/blog.protur-hotels.com\/de\/wir-feiern-25-jahre-unvergessliche-erinnerungen-im-protur-badia-park\/","title":{"rendered":"Wir feiern 25 Jahre unvergessliche Erinnerungen im Protur Badia Park!"},"content":{"rendered":"<p>Wir lieben es, Teil Ihrer Erinnerungen zu sein&#8230;<\/p>\n<p>Dieses Jahr feiern wir und wir k\u00f6nnten nicht erfreuter sein! Wir feiern<strong> 25 Jahre<\/strong>, in denen wir unvergessliche Erlebnisse im<strong> Protur Badia Park <\/strong>bieten und m\u00f6chten allen G\u00e4sten f\u00fcr ihr Vertrauen und ihre jahrelange Unterst\u00fctzung danken.<\/p>\n<p>Seit der Er\u00f6ffnung dieses Aparthotels ist eine lange Zeit vergangen, in der das Wohlbefinden unserer G\u00e4ste immer an erster Stelle stand. In der gesamten Zeit hatten wir das Gl\u00fcck, au\u00dfergew\u00f6hnliche G\u00e4ste kennen zu lernen und ein engagiertes Team zu haben. Wir sind stolz darauf, dass einige unserer Mitarbeiterinnen und Mitarbeiter seit der Er\u00f6ffnung des <strong>Hotels <\/strong><strong>im Jahr 2000 zur Familie geh\u00f6ren<\/strong>.<\/p>\n<p>In den kommenden Monaten werden wir uns an unvergessliche Momente aus der Vergangenheit erinnern: an ehemalige Manager, an G\u00e4ste, die ihre Spuren hinterlassen haben und an so viele Begebenheiten, die Teil unserer Geschichte sind.<\/p>\n<p>Deshalb nehmen alle Kunden, die \u00fcber unsere Website eine Reservierung f\u00fcr das Jahr 2025 vornehmen, sowohl neue als auch bereits get\u00e4tigte, an der Verlosung eines <strong>kostenlosen Aufenthalts von 3 N\u00e4chten<\/strong> in unserem Aparthotel teil. Ber\u00fccksichtigt werden alle Buchungen f\u00fcr das Protur Badia Park , die \u00fcber <strong><a href=\"https:\/\/protur-hotels.com\/\" target=\"_blank\" rel=\"noreferrer noopener\">www.proturhotels.com<\/a><\/strong> get\u00e4tigt werden. Stornierte, nicht genutzte oder \u00fcber andere Websites oder Portale get\u00e4tigte Buchungen nehmen nicht an der Verlosung teil. Die Verlosung findet im November statt und die Gewinner werden bekannt gegeben.<\/p>\n<p>Bleiben Sie \u00fcber unsere sozialen Netzwerke auf dem Laufenden, um nichts zu verpassen und weiterhin unvergessliche Erinnerungen zu sammeln.. <strong>Danke, dass Sie Teil unserer Geschichte sind!\u00a0<\/strong><\/p>\n<p>Siehe die Teilnahmebedingungen des Gewinnspiels <a href=\"https:\/\/protur-hotels.com\/files\/pdf\/bases-sorteo-aniversario-web-en.pdf\">hier<\/a><\/p>\n","protected":false},"excerpt":{"rendered":"<p>Wir lieben es, Teil Ihrer Erinnerungen zu sein&#8230; Dieses Jahr feiern wir und wir k\u00f6nnten nicht erfreuter sein! Wir feiern 25 Jahre, in denen wir unvergessliche Erlebnisse im Protur Badia&hellip;<\/p>\n","protected":false},"author":4,"featured_media":6898,"comment_status":"closed","ping_status":"open","sticky":false,"template":"","format":"standard","meta":{"_lmt_disableupdate":"","_lmt_disable":"","footnotes":""},"categories":[1064,1066],"tags":[1127,1128,1129,1130,1131],"class_list":["post-6907","post","type-post","status-publish","format-standard","has-post-thumbnail","hentry","category-mallorca-de-2","category-protur-hotels-de-2","tag-aniversario-de","tag-hotel-de","tag-protur-badia-park-de","tag-sa-coma-de","tag-sorteo-de"],"yoast_head":"<!-- This site is optimized with the Yoast SEO plugin v26.6 - https:\/\/yoast.com\/wordpress\/plugins\/seo\/ -->\n<title>25 Jahre unvergessliche Erinnerungen im Protur Badia Park!<\/title>\n<meta name=\"description\" content=\"Dieses Jahr feiern wir und wir k\u00f6nnten nicht erfreuter sein! Wir feiern 25 Jahre, in denen wir unvergessliche Erlebnisse im Protur Badia Park\" \/>\n<meta name=\"robots\" content=\"index, follow, max-snippet:-1, max-image-preview:large, max-video-preview:-1\" \/>\n<link rel=\"canonical\" href=\"https:\/\/blog.protur-hotels.com\/de\/wir-feiern-25-jahre-unvergessliche-erinnerungen-im-protur-badia-park\/\" \/>\n<meta property=\"og:locale\" content=\"de_DE\" \/>\n<meta property=\"og:type\" content=\"article\" \/>\n<meta property=\"og:title\" content=\"25 Jahre unvergessliche Erinnerungen im Protur Badia Park!\" \/>\n<meta property=\"og:description\" content=\"Dieses Jahr feiern wir und wir k\u00f6nnten nicht erfreuter sein! Wir feiern 25 Jahre, in denen wir unvergessliche Erlebnisse im Protur Badia Park\" \/>\n<meta property=\"og:url\" content=\"https:\/\/blog.protur-hotels.com\/de\/wir-feiern-25-jahre-unvergessliche-erinnerungen-im-protur-badia-park\/\" \/>\n<meta property=\"og:site_name\" content=\"Blog Protur Hotels\" \/>\n<meta property=\"article:published_time\" content=\"2025-01-23T00:01:42+00:00\" \/>\n<meta property=\"article:modified_time\" content=\"2025-01-24T09:40:54+00:00\" \/>\n<meta property=\"og:image\" content=\"https:\/\/blog.protur-hotels.com\/wp-content\/uploads\/2025\/01\/25-BADIA-PARK-Facebook.jpg\" \/>\n\t<meta property=\"og:image:width\" content=\"940\" \/>\n\t<meta property=\"og:image:height\" content=\"788\" \/>\n\t<meta property=\"og:image:type\" content=\"image\/jpeg\" \/>\n<meta name=\"author\" content=\"Jara\" \/>\n<meta name=\"twitter:card\" content=\"summary_large_image\" \/>\n<meta name=\"twitter:label1\" content=\"Verfasst von\" \/>\n\t<meta name=\"twitter:data1\" content=\"Jara\" \/>\n\t<meta name=\"twitter:label2\" content=\"Gesch\u00e4tzte Lesezeit\" \/>\n\t<meta name=\"twitter:data2\" content=\"2\u00a0Minuten\" \/>\n<script type=\"application\/ld+json\" class=\"yoast-schema-graph\">{\"@context\":\"https:\/\/schema.org\",\"@graph\":[{\"@type\":\"Article\",\"@id\":\"https:\/\/blog.protur-hotels.com\/de\/wir-feiern-25-jahre-unvergessliche-erinnerungen-im-protur-badia-park\/#article\",\"isPartOf\":{\"@id\":\"https:\/\/blog.protur-hotels.com\/de\/wir-feiern-25-jahre-unvergessliche-erinnerungen-im-protur-badia-park\/\"},\"author\":{\"name\":\"Jara\",\"@id\":\"https:\/\/blog.protur-hotels.com\/#\/schema\/person\/902a575bd3b7b15d653c623099bdb69c\"},\"headline\":\"Wir feiern 25 Jahre unvergessliche Erinnerungen im Protur Badia Park!\",\"datePublished\":\"2025-01-23T00:01:42+00:00\",\"dateModified\":\"2025-01-24T09:40:54+00:00\",\"mainEntityOfPage\":{\"@id\":\"https:\/\/blog.protur-hotels.com\/de\/wir-feiern-25-jahre-unvergessliche-erinnerungen-im-protur-badia-park\/\"},\"wordCount\":276,\"publisher\":{\"@id\":\"https:\/\/blog.protur-hotels.com\/#organization\"},\"image\":{\"@id\":\"https:\/\/blog.protur-hotels.com\/de\/wir-feiern-25-jahre-unvergessliche-erinnerungen-im-protur-badia-park\/#primaryimage\"},\"thumbnailUrl\":\"https:\/\/blog.protur-hotels.com\/wp-content\/uploads\/2025\/01\/25-BADIA-PARK-Facebook.jpg\",\"keywords\":[\"Aniversario\",\"hotel\",\"Protur Badia Park\",\"Sa Coma\",\"Sorteo\"],\"articleSection\":[\"Mallorca\",\"Protur Hotels\"],\"inLanguage\":\"de\"},{\"@type\":\"WebPage\",\"@id\":\"https:\/\/blog.protur-hotels.com\/de\/wir-feiern-25-jahre-unvergessliche-erinnerungen-im-protur-badia-park\/\",\"url\":\"https:\/\/blog.protur-hotels.com\/de\/wir-feiern-25-jahre-unvergessliche-erinnerungen-im-protur-badia-park\/\",\"name\":\"25 Jahre unvergessliche Erinnerungen im Protur Badia Park!\",\"isPartOf\":{\"@id\":\"https:\/\/blog.protur-hotels.com\/#website\"},\"primaryImageOfPage\":{\"@id\":\"https:\/\/blog.protur-hotels.com\/de\/wir-feiern-25-jahre-unvergessliche-erinnerungen-im-protur-badia-park\/#primaryimage\"},\"image\":{\"@id\":\"https:\/\/blog.protur-hotels.com\/de\/wir-feiern-25-jahre-unvergessliche-erinnerungen-im-protur-badia-park\/#primaryimage\"},\"thumbnailUrl\":\"https:\/\/blog.protur-hotels.com\/wp-content\/uploads\/2025\/01\/25-BADIA-PARK-Facebook.jpg\",\"datePublished\":\"2025-01-23T00:01:42+00:00\",\"dateModified\":\"2025-01-24T09:40:54+00:00\",\"description\":\"Dieses Jahr feiern wir und wir k\u00f6nnten nicht erfreuter sein! Wir feiern 25 Jahre, in denen wir unvergessliche Erlebnisse im Protur Badia Park\",\"breadcrumb\":{\"@id\":\"https:\/\/blog.protur-hotels.com\/de\/wir-feiern-25-jahre-unvergessliche-erinnerungen-im-protur-badia-park\/#breadcrumb\"},\"inLanguage\":\"de\",\"potentialAction\":[{\"@type\":\"ReadAction\",\"target\":[\"https:\/\/blog.protur-hotels.com\/de\/wir-feiern-25-jahre-unvergessliche-erinnerungen-im-protur-badia-park\/\"]}]},{\"@type\":\"ImageObject\",\"inLanguage\":\"de\",\"@id\":\"https:\/\/blog.protur-hotels.com\/de\/wir-feiern-25-jahre-unvergessliche-erinnerungen-im-protur-badia-park\/#primaryimage\",\"url\":\"https:\/\/blog.protur-hotels.com\/wp-content\/uploads\/2025\/01\/25-BADIA-PARK-Facebook.jpg\",\"contentUrl\":\"https:\/\/blog.protur-hotels.com\/wp-content\/uploads\/2025\/01\/25-BADIA-PARK-Facebook.jpg\",\"width\":940,\"height\":788},{\"@type\":\"BreadcrumbList\",\"@id\":\"https:\/\/blog.protur-hotels.com\/de\/wir-feiern-25-jahre-unvergessliche-erinnerungen-im-protur-badia-park\/#breadcrumb\",\"itemListElement\":[{\"@type\":\"ListItem\",\"position\":1,\"name\":\"Portada\",\"item\":\"https:\/\/blog.protur-hotels.com\/\"},{\"@type\":\"ListItem\",\"position\":2,\"name\":\"Wir feiern 25 Jahre unvergessliche Erinnerungen im Protur Badia Park!\"}]},{\"@type\":\"WebSite\",\"@id\":\"https:\/\/blog.protur-hotels.com\/#website\",\"url\":\"https:\/\/blog.protur-hotels.com\/\",\"name\":\"Blog Protur Hotels\",\"description\":\"Un Blog para viajeros\",\"publisher\":{\"@id\":\"https:\/\/blog.protur-hotels.com\/#organization\"},\"potentialAction\":[{\"@type\":\"SearchAction\",\"target\":{\"@type\":\"EntryPoint\",\"urlTemplate\":\"https:\/\/blog.protur-hotels.com\/?s={search_term_string}\"},\"query-input\":{\"@type\":\"PropertyValueSpecification\",\"valueRequired\":true,\"valueName\":\"search_term_string\"}}],\"inLanguage\":\"de\"},{\"@type\":\"Organization\",\"@id\":\"https:\/\/blog.protur-hotels.com\/#organization\",\"name\":\"Blog Protur Hotels\",\"url\":\"https:\/\/blog.protur-hotels.com\/\",\"logo\":{\"@type\":\"ImageObject\",\"inLanguage\":\"de\",\"@id\":\"https:\/\/blog.protur-hotels.com\/#\/schema\/logo\/image\/\",\"url\":\"https:\/\/blog.protur-hotels.com\/wp-content\/uploads\/2020\/03\/blog-protur-hotels-mallorca.png\",\"contentUrl\":\"https:\/\/blog.protur-hotels.com\/wp-content\/uploads\/2020\/03\/blog-protur-hotels-mallorca.png\",\"width\":1422,\"height\":894,\"caption\":\"Blog Protur Hotels\"},\"image\":{\"@id\":\"https:\/\/blog.protur-hotels.com\/#\/schema\/logo\/image\/\"}},{\"@type\":\"Person\",\"@id\":\"https:\/\/blog.protur-hotels.com\/#\/schema\/person\/902a575bd3b7b15d653c623099bdb69c\",\"name\":\"Jara\"}]}<\/script>\n<!-- \/ Yoast SEO plugin. -->","yoast_head_json":{"title":"25 Jahre unvergessliche Erinnerungen im Protur Badia Park!","description":"Dieses Jahr feiern wir und wir k\u00f6nnten nicht erfreuter sein! Wir feiern 25 Jahre, in denen wir unvergessliche Erlebnisse im Protur Badia Park","robots":{"index":"index","follow":"follow","max-snippet":"max-snippet:-1","max-image-preview":"max-image-preview:large","max-video-preview":"max-video-preview:-1"},"canonical":"https:\/\/blog.protur-hotels.com\/de\/wir-feiern-25-jahre-unvergessliche-erinnerungen-im-protur-badia-park\/","og_locale":"de_DE","og_type":"article","og_title":"25 Jahre unvergessliche Erinnerungen im Protur Badia Park!","og_description":"Dieses Jahr feiern wir und wir k\u00f6nnten nicht erfreuter sein! Wir feiern 25 Jahre, in denen wir unvergessliche Erlebnisse im Protur Badia Park","og_url":"https:\/\/blog.protur-hotels.com\/de\/wir-feiern-25-jahre-unvergessliche-erinnerungen-im-protur-badia-park\/","og_site_name":"Blog Protur Hotels","article_published_time":"2025-01-23T00:01:42+00:00","article_modified_time":"2025-01-24T09:40:54+00:00","og_image":[{"width":940,"height":788,"url":"https:\/\/blog.protur-hotels.com\/wp-content\/uploads\/2025\/01\/25-BADIA-PARK-Facebook.jpg","type":"image\/jpeg"}],"author":"Jara","twitter_card":"summary_large_image","twitter_misc":{"Verfasst von":"Jara","Gesch\u00e4tzte Lesezeit":"2\u00a0Minuten"},"schema":{"@context":"https:\/\/schema.org","@graph":[{"@type":"Article","@id":"https:\/\/blog.protur-hotels.com\/de\/wir-feiern-25-jahre-unvergessliche-erinnerungen-im-protur-badia-park\/#article","isPartOf":{"@id":"https:\/\/blog.protur-hotels.com\/de\/wir-feiern-25-jahre-unvergessliche-erinnerungen-im-protur-badia-park\/"},"author":{"name":"Jara","@id":"https:\/\/blog.protur-hotels.com\/#\/schema\/person\/902a575bd3b7b15d653c623099bdb69c"},"headline":"Wir feiern 25 Jahre unvergessliche Erinnerungen im Protur Badia Park!","datePublished":"2025-01-23T00:01:42+00:00","dateModified":"2025-01-24T09:40:54+00:00","mainEntityOfPage":{"@id":"https:\/\/blog.protur-hotels.com\/de\/wir-feiern-25-jahre-unvergessliche-erinnerungen-im-protur-badia-park\/"},"wordCount":276,"publisher":{"@id":"https:\/\/blog.protur-hotels.com\/#organization"},"image":{"@id":"https:\/\/blog.protur-hotels.com\/de\/wir-feiern-25-jahre-unvergessliche-erinnerungen-im-protur-badia-park\/#primaryimage"},"thumbnailUrl":"https:\/\/blog.protur-hotels.com\/wp-content\/uploads\/2025\/01\/25-BADIA-PARK-Facebook.jpg","keywords":["Aniversario","hotel","Protur Badia Park","Sa Coma","Sorteo"],"articleSection":["Mallorca","Protur Hotels"],"inLanguage":"de"},{"@type":"WebPage","@id":"https:\/\/blog.protur-hotels.com\/de\/wir-feiern-25-jahre-unvergessliche-erinnerungen-im-protur-badia-park\/","url":"https:\/\/blog.protur-hotels.com\/de\/wir-feiern-25-jahre-unvergessliche-erinnerungen-im-protur-badia-park\/","name":"25 Jahre unvergessliche Erinnerungen im Protur Badia Park!","isPartOf":{"@id":"https:\/\/blog.protur-hotels.com\/#website"},"primaryImageOfPage":{"@id":"https:\/\/blog.protur-hotels.com\/de\/wir-feiern-25-jahre-unvergessliche-erinnerungen-im-protur-badia-park\/#primaryimage"},"image":{"@id":"https:\/\/blog.protur-hotels.com\/de\/wir-feiern-25-jahre-unvergessliche-erinnerungen-im-protur-badia-park\/#primaryimage"},"thumbnailUrl":"https:\/\/blog.protur-hotels.com\/wp-content\/uploads\/2025\/01\/25-BADIA-PARK-Facebook.jpg","datePublished":"2025-01-23T00:01:42+00:00","dateModified":"2025-01-24T09:40:54+00:00","description":"Dieses Jahr feiern wir und wir k\u00f6nnten nicht erfreuter sein! Wir feiern 25 Jahre, in denen wir unvergessliche Erlebnisse im Protur Badia Park","breadcrumb":{"@id":"https:\/\/blog.protur-hotels.com\/de\/wir-feiern-25-jahre-unvergessliche-erinnerungen-im-protur-badia-park\/#breadcrumb"},"inLanguage":"de","potentialAction":[{"@type":"ReadAction","target":["https:\/\/blog.protur-hotels.com\/de\/wir-feiern-25-jahre-unvergessliche-erinnerungen-im-protur-badia-park\/"]}]},{"@type":"ImageObject","inLanguage":"de","@id":"https:\/\/blog.protur-hotels.com\/de\/wir-feiern-25-jahre-unvergessliche-erinnerungen-im-protur-badia-park\/#primaryimage","url":"https:\/\/blog.protur-hotels.com\/wp-content\/uploads\/2025\/01\/25-BADIA-PARK-Facebook.jpg","contentUrl":"https:\/\/blog.protur-hotels.com\/wp-content\/uploads\/2025\/01\/25-BADIA-PARK-Facebook.jpg","width":940,"height":788},{"@type":"BreadcrumbList","@id":"https:\/\/blog.protur-hotels.com\/de\/wir-feiern-25-jahre-unvergessliche-erinnerungen-im-protur-badia-park\/#breadcrumb","itemListElement":[{"@type":"ListItem","position":1,"name":"Portada","item":"https:\/\/blog.protur-hotels.com\/"},{"@type":"ListItem","position":2,"name":"Wir feiern 25 Jahre unvergessliche Erinnerungen im Protur Badia Park!"}]},{"@type":"WebSite","@id":"https:\/\/blog.protur-hotels.com\/#website","url":"https:\/\/blog.protur-hotels.com\/","name":"Blog Protur Hotels","description":"Un Blog para viajeros","publisher":{"@id":"https:\/\/blog.protur-hotels.com\/#organization"},"potentialAction":[{"@type":"SearchAction","target":{"@type":"EntryPoint","urlTemplate":"https:\/\/blog.protur-hotels.com\/?s={search_term_string}"},"query-input":{"@type":"PropertyValueSpecification","valueRequired":true,"valueName":"search_term_string"}}],"inLanguage":"de"},{"@type":"Organization","@id":"https:\/\/blog.protur-hotels.com\/#organization","name":"Blog Protur Hotels","url":"https:\/\/blog.protur-hotels.com\/","logo":{"@type":"ImageObject","inLanguage":"de","@id":"https:\/\/blog.protur-hotels.com\/#\/schema\/logo\/image\/","url":"https:\/\/blog.protur-hotels.com\/wp-content\/uploads\/2020\/03\/blog-protur-hotels-mallorca.png","contentUrl":"https:\/\/blog.protur-hotels.com\/wp-content\/uploads\/2020\/03\/blog-protur-hotels-mallorca.png","width":1422,"height":894,"caption":"Blog Protur Hotels"},"image":{"@id":"https:\/\/blog.protur-hotels.com\/#\/schema\/logo\/image\/"}},{"@type":"Person","@id":"https:\/\/blog.protur-hotels.com\/#\/schema\/person\/902a575bd3b7b15d653c623099bdb69c","name":"Jara"}]}},"_links":{"self":[{"href":"https:\/\/blog.protur-hotels.com\/de\/wp-json\/wp\/v2\/posts\/6907","targetHints":{"allow":["GET"]}}],"collection":[{"href":"https:\/\/blog.protur-hotels.com\/de\/wp-json\/wp\/v2\/posts"}],"about":[{"href":"https:\/\/blog.protur-hotels.com\/de\/wp-json\/wp\/v2\/types\/post"}],"author":[{"embeddable":true,"href":"https:\/\/blog.protur-hotels.com\/de\/wp-json\/wp\/v2\/users\/4"}],"replies":[{"embeddable":true,"href":"https:\/\/blog.protur-hotels.com\/de\/wp-json\/wp\/v2\/comments?post=6907"}],"version-history":[{"count":6,"href":"https:\/\/blog.protur-hotels.com\/de\/wp-json\/wp\/v2\/posts\/6907\/revisions"}],"predecessor-version":[{"id":6956,"href":"https:\/\/blog.protur-hotels.com\/de\/wp-json\/wp\/v2\/posts\/6907\/revisions\/6956"}],"wp:featuredmedia":[{"embeddable":true,"href":"https:\/\/blog.protur-hotels.com\/de\/wp-json\/wp\/v2\/media\/6898"}],"wp:attachment":[{"href":"https:\/\/blog.protur-hotels.com\/de\/wp-json\/wp\/v2\/media?parent=6907"}],"wp:term":[{"taxonomy":"category","embeddable":true,"href":"https:\/\/blog.protur-hotels.com\/de\/wp-json\/wp\/v2\/categories?post=6907"},{"taxonomy":"post_tag","embeddable":true,"href":"https:\/\/blog.protur-hotels.com\/de\/wp-json\/wp\/v2\/tags?post=6907"}],"curies":[{"name":"wp","href":"https:\/\/api.w.org\/{rel}","templated":true}]}}