{"id":877,"date":"2014-07-22T00:00:00","date_gmt":"2014-07-22T00:00:00","guid":{"rendered":"https:\/\/blog.protur-hotels.com\/abstecher-an-den-strand-von-roquetas-de-mar\/"},"modified":"2016-03-10T20:53:56","modified_gmt":"2016-03-10T20:53:56","slug":"abstecher-an-den-strand-von-roquetas-de-mar-2","status":"publish","type":"post","link":"https:\/\/blog.protur-hotels.com\/de\/abstecher-an-den-strand-von-roquetas-de-mar-2\/","title":{"rendered":"Abstecher an den Strand von Roquetas de Mar"},"content":{"rendered":"<p><b>Roquetas de Mar <\/b>geh\u00f6rt zu den ganz besonderen Orten, an die man vor dem Sommer einen Abstecher an den Strand planen sollte. Ausgezeichnete Str\u00e4nde, kristallklares Wasser, angenehme Temperaturen und sonniges Klima machen die K\u00fcste Almer\u00edas zu einem der beliebtesten Ziele, wenn man sich ein paar Tage unbesorgt und zu einem g\u00fcnstigen Preis am Meer entspannen m\u00f6chte.<\/p>\n<p>Dieser beliebte Ort westlich von Almer\u00eda bietet <b>16 km K\u00fcste<\/b> mit beeindruckenden Str\u00e4nden aus feinem, goldenem Sand, auf die die Sonne Andalusiens fast das ganze Jahr \u00fcber scheint.<\/p>\n<p>Sie wurden aufgrund ihrer Serviceleistungen und der Vielseitigkeit ihrer Umgebung mit dem europ\u00e4ischen G\u00fctezeichen der blauen Flagge ausgezeichnet. Der <b>nat\u00fcrliche Strand von<\/b> <b>Cerillos, im Naturgebiet von Punta Entinas<\/b>, ist besonders hervorzuheben. Hier w\u00e4chst in gro\u00dfen Mengen Neptungras, das dem Meer seine einzigartige Transparenz und sein unglaubliches T\u00fcrkisblau verleiht.<\/p>\n<p><b>Playa Serena, La Romanilla und der Nachbarstrand Bajadilla, Las Salinas<\/b> f\u00fcr Liebhaber des Wassersports wie Surfen oder Segeln&#8230;<\/p>\n<p>Sie alle haben einen urbanen Charakter und sind mit hochwertigen Serviceleistungen, behindertengerechten Zug\u00e4ngen und einem breiten Freizeit- und kulinarischen Angebot in der Umgebung ausgestattet. In der N\u00e4he dieser Str\u00e4nde liegt unser <a href=\"http:\/\/protur-hotels.com\/de\/hotels-auf-almeria-spanien\/protur-roquetas-hotel-spa\">5-Sterne-Hotel in Almer\u00eda<\/a>: <b>Protur Roquetas Hotel &amp; Spa,<\/b> ein direkt am Meer gelegenes <a href=\"http:\/\/protur-hotels.com\/de\/hotel-sheet\/41\/SPA_BIOMAR\">Hotel in Roquetas mit Wellnessbereich<\/a>, das dank eines k\u00fcrzlichen Umbaus eine neue Terrasse besitzt, auf der man etwas verzehren und gleichzeitig das Mittelmeer bewundern kann.<\/p>\n","protected":false},"excerpt":{"rendered":"<p>Roquetas de Mar geh\u00f6rt zu den ganz besonderen Orten, an die man vor dem Sommer einen Abstecher an den Strand planen sollte<\/p>\n","protected":false},"author":3,"featured_media":1311,"comment_status":"open","ping_status":"open","sticky":false,"template":"","format":"standard","meta":{"_lmt_disableupdate":"","_lmt_disable":"","footnotes":""},"categories":[30,108,135,103],"tags":[],"class_list":["post-877","post","type-post","status-publish","format-standard","has-post-thumbnail","hentry","category-almeria-de","category-protur-hotels-de","category-roquetas-de-mar-de","category-playas-de"],"yoast_head":"<!-- This site is optimized with the Yoast SEO plugin v26.6 - https:\/\/yoast.com\/wordpress\/plugins\/seo\/ -->\n<title>Abstecher an den Strand von Roquetas de Mar - Blog Protur Hotels<\/title>\n<meta name=\"description\" content=\"Roquetas de Mar geh\u00f6rt zu den ganz besonderen Orten, an die man vor dem Sommer einen Abstecher an den Strand planen sollte\" \/>\n<meta name=\"robots\" content=\"index, follow, max-snippet:-1, max-image-preview:large, max-video-preview:-1\" \/>\n<link rel=\"canonical\" href=\"https:\/\/blog.protur-hotels.com\/de\/abstecher-an-den-strand-von-roquetas-de-mar-2\/\" \/>\n<meta property=\"og:locale\" content=\"de_DE\" \/>\n<meta property=\"og:type\" content=\"article\" \/>\n<meta property=\"og:title\" content=\"Abstecher an den Strand von Roquetas de Mar - Blog Protur Hotels\" \/>\n<meta property=\"og:description\" content=\"Roquetas de Mar geh\u00f6rt zu den ganz besonderen Orten, an die man vor dem Sommer einen Abstecher an den Strand planen sollte\" \/>\n<meta property=\"og:url\" content=\"https:\/\/blog.protur-hotels.com\/de\/abstecher-an-den-strand-von-roquetas-de-mar-2\/\" \/>\n<meta property=\"og:site_name\" content=\"Blog Protur Hotels\" \/>\n<meta property=\"article:published_time\" content=\"2014-07-22T00:00:00+00:00\" \/>\n<meta property=\"article:modified_time\" content=\"2016-03-10T20:53:56+00:00\" \/>\n<meta property=\"og:image\" content=\"https:\/\/blog.protur-hotels.com\/wp-content\/uploads\/2014\/05\/Escapada-de-playa-a-Roquetas-de-Mar.jpg\" \/>\n\t<meta property=\"og:image:width\" content=\"800\" \/>\n\t<meta property=\"og:image:height\" content=\"600\" \/>\n\t<meta property=\"og:image:type\" content=\"image\/jpeg\" \/>\n<meta name=\"author\" content=\"Protur Hotels\" \/>\n<meta name=\"twitter:card\" content=\"summary_large_image\" \/>\n<meta name=\"twitter:label1\" content=\"Verfasst von\" \/>\n\t<meta name=\"twitter:data1\" content=\"Protur Hotels\" \/>\n\t<meta name=\"twitter:label2\" content=\"Gesch\u00e4tzte Lesezeit\" \/>\n\t<meta name=\"twitter:data2\" content=\"1\u00a0Minute\" \/>\n<script type=\"application\/ld+json\" class=\"yoast-schema-graph\">{\"@context\":\"https:\/\/schema.org\",\"@graph\":[{\"@type\":\"Article\",\"@id\":\"https:\/\/blog.protur-hotels.com\/de\/abstecher-an-den-strand-von-roquetas-de-mar-2\/#article\",\"isPartOf\":{\"@id\":\"https:\/\/blog.protur-hotels.com\/de\/abstecher-an-den-strand-von-roquetas-de-mar-2\/\"},\"author\":{\"name\":\"Protur Hotels\",\"@id\":\"https:\/\/blog.protur-hotels.com\/#\/schema\/person\/6eac7ca6e9a32baa4716fdd5d7358326\"},\"headline\":\"Abstecher an den Strand von Roquetas de Mar\",\"datePublished\":\"2014-07-22T00:00:00+00:00\",\"dateModified\":\"2016-03-10T20:53:56+00:00\",\"mainEntityOfPage\":{\"@id\":\"https:\/\/blog.protur-hotels.com\/de\/abstecher-an-den-strand-von-roquetas-de-mar-2\/\"},\"wordCount\":247,\"commentCount\":0,\"publisher\":{\"@id\":\"https:\/\/blog.protur-hotels.com\/#organization\"},\"image\":{\"@id\":\"https:\/\/blog.protur-hotels.com\/de\/abstecher-an-den-strand-von-roquetas-de-mar-2\/#primaryimage\"},\"thumbnailUrl\":\"https:\/\/blog.protur-hotels.com\/wp-content\/uploads\/2014\/05\/Escapada-de-playa-a-Roquetas-de-Mar.jpg\",\"articleSection\":[\"Almer\u00eda\",\"Protur Hotels\",\"Roquetas de Mar\",\"Str\u00e4nde\"],\"inLanguage\":\"de\"},{\"@type\":\"WebPage\",\"@id\":\"https:\/\/blog.protur-hotels.com\/de\/abstecher-an-den-strand-von-roquetas-de-mar-2\/\",\"url\":\"https:\/\/blog.protur-hotels.com\/de\/abstecher-an-den-strand-von-roquetas-de-mar-2\/\",\"name\":\"Abstecher an den Strand von Roquetas de Mar - Blog Protur Hotels\",\"isPartOf\":{\"@id\":\"https:\/\/blog.protur-hotels.com\/#website\"},\"primaryImageOfPage\":{\"@id\":\"https:\/\/blog.protur-hotels.com\/de\/abstecher-an-den-strand-von-roquetas-de-mar-2\/#primaryimage\"},\"image\":{\"@id\":\"https:\/\/blog.protur-hotels.com\/de\/abstecher-an-den-strand-von-roquetas-de-mar-2\/#primaryimage\"},\"thumbnailUrl\":\"https:\/\/blog.protur-hotels.com\/wp-content\/uploads\/2014\/05\/Escapada-de-playa-a-Roquetas-de-Mar.jpg\",\"datePublished\":\"2014-07-22T00:00:00+00:00\",\"dateModified\":\"2016-03-10T20:53:56+00:00\",\"description\":\"Roquetas de Mar geh\u00f6rt zu den ganz besonderen Orten, an die man vor dem Sommer einen Abstecher an den Strand planen sollte\",\"breadcrumb\":{\"@id\":\"https:\/\/blog.protur-hotels.com\/de\/abstecher-an-den-strand-von-roquetas-de-mar-2\/#breadcrumb\"},\"inLanguage\":\"de\",\"potentialAction\":[{\"@type\":\"ReadAction\",\"target\":[\"https:\/\/blog.protur-hotels.com\/de\/abstecher-an-den-strand-von-roquetas-de-mar-2\/\"]}]},{\"@type\":\"ImageObject\",\"inLanguage\":\"de\",\"@id\":\"https:\/\/blog.protur-hotels.com\/de\/abstecher-an-den-strand-von-roquetas-de-mar-2\/#primaryimage\",\"url\":\"https:\/\/blog.protur-hotels.com\/wp-content\/uploads\/2014\/05\/Escapada-de-playa-a-Roquetas-de-Mar.jpg\",\"contentUrl\":\"https:\/\/blog.protur-hotels.com\/wp-content\/uploads\/2014\/05\/Escapada-de-playa-a-Roquetas-de-Mar.jpg\",\"width\":800,\"height\":600,\"caption\":\"Escapada de playa a Roquetas de Mar\"},{\"@type\":\"BreadcrumbList\",\"@id\":\"https:\/\/blog.protur-hotels.com\/de\/abstecher-an-den-strand-von-roquetas-de-mar-2\/#breadcrumb\",\"itemListElement\":[{\"@type\":\"ListItem\",\"position\":1,\"name\":\"Portada\",\"item\":\"https:\/\/blog.protur-hotels.com\/\"},{\"@type\":\"ListItem\",\"position\":2,\"name\":\"Abstecher an den Strand von Roquetas de Mar\"}]},{\"@type\":\"WebSite\",\"@id\":\"https:\/\/blog.protur-hotels.com\/#website\",\"url\":\"https:\/\/blog.protur-hotels.com\/\",\"name\":\"Blog Protur Hotels\",\"description\":\"Un Blog para viajeros\",\"publisher\":{\"@id\":\"https:\/\/blog.protur-hotels.com\/#organization\"},\"potentialAction\":[{\"@type\":\"SearchAction\",\"target\":{\"@type\":\"EntryPoint\",\"urlTemplate\":\"https:\/\/blog.protur-hotels.com\/?s={search_term_string}\"},\"query-input\":{\"@type\":\"PropertyValueSpecification\",\"valueRequired\":true,\"valueName\":\"search_term_string\"}}],\"inLanguage\":\"de\"},{\"@type\":\"Organization\",\"@id\":\"https:\/\/blog.protur-hotels.com\/#organization\",\"name\":\"Blog Protur Hotels\",\"url\":\"https:\/\/blog.protur-hotels.com\/\",\"logo\":{\"@type\":\"ImageObject\",\"inLanguage\":\"de\",\"@id\":\"https:\/\/blog.protur-hotels.com\/#\/schema\/logo\/image\/\",\"url\":\"https:\/\/blog.protur-hotels.com\/wp-content\/uploads\/2020\/03\/blog-protur-hotels-mallorca.png\",\"contentUrl\":\"https:\/\/blog.protur-hotels.com\/wp-content\/uploads\/2020\/03\/blog-protur-hotels-mallorca.png\",\"width\":1422,\"height\":894,\"caption\":\"Blog Protur Hotels\"},\"image\":{\"@id\":\"https:\/\/blog.protur-hotels.com\/#\/schema\/logo\/image\/\"}},{\"@type\":\"Person\",\"@id\":\"https:\/\/blog.protur-hotels.com\/#\/schema\/person\/6eac7ca6e9a32baa4716fdd5d7358326\",\"name\":\"Protur Hotels\"}]}<\/script>\n<!-- \/ Yoast SEO plugin. -->","yoast_head_json":{"title":"Abstecher an den Strand von Roquetas de Mar - Blog Protur Hotels","description":"Roquetas de Mar geh\u00f6rt zu den ganz besonderen Orten, an die man vor dem Sommer einen Abstecher an den Strand planen sollte","robots":{"index":"index","follow":"follow","max-snippet":"max-snippet:-1","max-image-preview":"max-image-preview:large","max-video-preview":"max-video-preview:-1"},"canonical":"https:\/\/blog.protur-hotels.com\/de\/abstecher-an-den-strand-von-roquetas-de-mar-2\/","og_locale":"de_DE","og_type":"article","og_title":"Abstecher an den Strand von Roquetas de Mar - Blog Protur Hotels","og_description":"Roquetas de Mar geh\u00f6rt zu den ganz besonderen Orten, an die man vor dem Sommer einen Abstecher an den Strand planen sollte","og_url":"https:\/\/blog.protur-hotels.com\/de\/abstecher-an-den-strand-von-roquetas-de-mar-2\/","og_site_name":"Blog Protur Hotels","article_published_time":"2014-07-22T00:00:00+00:00","article_modified_time":"2016-03-10T20:53:56+00:00","og_image":[{"width":800,"height":600,"url":"https:\/\/blog.protur-hotels.com\/wp-content\/uploads\/2014\/05\/Escapada-de-playa-a-Roquetas-de-Mar.jpg","type":"image\/jpeg"}],"author":"Protur Hotels","twitter_card":"summary_large_image","twitter_misc":{"Verfasst von":"Protur Hotels","Gesch\u00e4tzte Lesezeit":"1\u00a0Minute"},"schema":{"@context":"https:\/\/schema.org","@graph":[{"@type":"Article","@id":"https:\/\/blog.protur-hotels.com\/de\/abstecher-an-den-strand-von-roquetas-de-mar-2\/#article","isPartOf":{"@id":"https:\/\/blog.protur-hotels.com\/de\/abstecher-an-den-strand-von-roquetas-de-mar-2\/"},"author":{"name":"Protur Hotels","@id":"https:\/\/blog.protur-hotels.com\/#\/schema\/person\/6eac7ca6e9a32baa4716fdd5d7358326"},"headline":"Abstecher an den Strand von Roquetas de Mar","datePublished":"2014-07-22T00:00:00+00:00","dateModified":"2016-03-10T20:53:56+00:00","mainEntityOfPage":{"@id":"https:\/\/blog.protur-hotels.com\/de\/abstecher-an-den-strand-von-roquetas-de-mar-2\/"},"wordCount":247,"commentCount":0,"publisher":{"@id":"https:\/\/blog.protur-hotels.com\/#organization"},"image":{"@id":"https:\/\/blog.protur-hotels.com\/de\/abstecher-an-den-strand-von-roquetas-de-mar-2\/#primaryimage"},"thumbnailUrl":"https:\/\/blog.protur-hotels.com\/wp-content\/uploads\/2014\/05\/Escapada-de-playa-a-Roquetas-de-Mar.jpg","articleSection":["Almer\u00eda","Protur Hotels","Roquetas de Mar","Str\u00e4nde"],"inLanguage":"de"},{"@type":"WebPage","@id":"https:\/\/blog.protur-hotels.com\/de\/abstecher-an-den-strand-von-roquetas-de-mar-2\/","url":"https:\/\/blog.protur-hotels.com\/de\/abstecher-an-den-strand-von-roquetas-de-mar-2\/","name":"Abstecher an den Strand von Roquetas de Mar - Blog Protur Hotels","isPartOf":{"@id":"https:\/\/blog.protur-hotels.com\/#website"},"primaryImageOfPage":{"@id":"https:\/\/blog.protur-hotels.com\/de\/abstecher-an-den-strand-von-roquetas-de-mar-2\/#primaryimage"},"image":{"@id":"https:\/\/blog.protur-hotels.com\/de\/abstecher-an-den-strand-von-roquetas-de-mar-2\/#primaryimage"},"thumbnailUrl":"https:\/\/blog.protur-hotels.com\/wp-content\/uploads\/2014\/05\/Escapada-de-playa-a-Roquetas-de-Mar.jpg","datePublished":"2014-07-22T00:00:00+00:00","dateModified":"2016-03-10T20:53:56+00:00","description":"Roquetas de Mar geh\u00f6rt zu den ganz besonderen Orten, an die man vor dem Sommer einen Abstecher an den Strand planen sollte","breadcrumb":{"@id":"https:\/\/blog.protur-hotels.com\/de\/abstecher-an-den-strand-von-roquetas-de-mar-2\/#breadcrumb"},"inLanguage":"de","potentialAction":[{"@type":"ReadAction","target":["https:\/\/blog.protur-hotels.com\/de\/abstecher-an-den-strand-von-roquetas-de-mar-2\/"]}]},{"@type":"ImageObject","inLanguage":"de","@id":"https:\/\/blog.protur-hotels.com\/de\/abstecher-an-den-strand-von-roquetas-de-mar-2\/#primaryimage","url":"https:\/\/blog.protur-hotels.com\/wp-content\/uploads\/2014\/05\/Escapada-de-playa-a-Roquetas-de-Mar.jpg","contentUrl":"https:\/\/blog.protur-hotels.com\/wp-content\/uploads\/2014\/05\/Escapada-de-playa-a-Roquetas-de-Mar.jpg","width":800,"height":600,"caption":"Escapada de playa a Roquetas de Mar"},{"@type":"BreadcrumbList","@id":"https:\/\/blog.protur-hotels.com\/de\/abstecher-an-den-strand-von-roquetas-de-mar-2\/#breadcrumb","itemListElement":[{"@type":"ListItem","position":1,"name":"Portada","item":"https:\/\/blog.protur-hotels.com\/"},{"@type":"ListItem","position":2,"name":"Abstecher an den Strand von Roquetas de Mar"}]},{"@type":"WebSite","@id":"https:\/\/blog.protur-hotels.com\/#website","url":"https:\/\/blog.protur-hotels.com\/","name":"Blog Protur Hotels","description":"Un Blog para viajeros","publisher":{"@id":"https:\/\/blog.protur-hotels.com\/#organization"},"potentialAction":[{"@type":"SearchAction","target":{"@type":"EntryPoint","urlTemplate":"https:\/\/blog.protur-hotels.com\/?s={search_term_string}"},"query-input":{"@type":"PropertyValueSpecification","valueRequired":true,"valueName":"search_term_string"}}],"inLanguage":"de"},{"@type":"Organization","@id":"https:\/\/blog.protur-hotels.com\/#organization","name":"Blog Protur Hotels","url":"https:\/\/blog.protur-hotels.com\/","logo":{"@type":"ImageObject","inLanguage":"de","@id":"https:\/\/blog.protur-hotels.com\/#\/schema\/logo\/image\/","url":"https:\/\/blog.protur-hotels.com\/wp-content\/uploads\/2020\/03\/blog-protur-hotels-mallorca.png","contentUrl":"https:\/\/blog.protur-hotels.com\/wp-content\/uploads\/2020\/03\/blog-protur-hotels-mallorca.png","width":1422,"height":894,"caption":"Blog Protur Hotels"},"image":{"@id":"https:\/\/blog.protur-hotels.com\/#\/schema\/logo\/image\/"}},{"@type":"Person","@id":"https:\/\/blog.protur-hotels.com\/#\/schema\/person\/6eac7ca6e9a32baa4716fdd5d7358326","name":"Protur Hotels"}]}},"_links":{"self":[{"href":"https:\/\/blog.protur-hotels.com\/de\/wp-json\/wp\/v2\/posts\/877","targetHints":{"allow":["GET"]}}],"collection":[{"href":"https:\/\/blog.protur-hotels.com\/de\/wp-json\/wp\/v2\/posts"}],"about":[{"href":"https:\/\/blog.protur-hotels.com\/de\/wp-json\/wp\/v2\/types\/post"}],"author":[{"embeddable":true,"href":"https:\/\/blog.protur-hotels.com\/de\/wp-json\/wp\/v2\/users\/3"}],"replies":[{"embeddable":true,"href":"https:\/\/blog.protur-hotels.com\/de\/wp-json\/wp\/v2\/comments?post=877"}],"version-history":[{"count":0,"href":"https:\/\/blog.protur-hotels.com\/de\/wp-json\/wp\/v2\/posts\/877\/revisions"}],"wp:featuredmedia":[{"embeddable":true,"href":"https:\/\/blog.protur-hotels.com\/de\/wp-json\/wp\/v2\/media\/1311"}],"wp:attachment":[{"href":"https:\/\/blog.protur-hotels.com\/de\/wp-json\/wp\/v2\/media?parent=877"}],"wp:term":[{"taxonomy":"category","embeddable":true,"href":"https:\/\/blog.protur-hotels.com\/de\/wp-json\/wp\/v2\/categories?post=877"},{"taxonomy":"post_tag","embeddable":true,"href":"https:\/\/blog.protur-hotels.com\/de\/wp-json\/wp\/v2\/tags?post=877"}],"curies":[{"name":"wp","href":"https:\/\/api.w.org\/{rel}","templated":true}]}}