{"id":895,"date":"2014-10-29T00:00:00","date_gmt":"2014-10-29T00:00:00","guid":{"rendered":"https:\/\/blog.protur-hotels.com\/mallorca-smooth-jazz-festival-2015-3\/"},"modified":"2016-03-10T17:32:03","modified_gmt":"2016-03-10T17:32:03","slug":"mallorca-smooth-jazz-festival-2015-3","status":"publish","type":"post","link":"https:\/\/blog.protur-hotels.com\/de\/mallorca-smooth-jazz-festival-2015-3\/","title":{"rendered":"Mallorca Smooth Jazz Festival 2015"},"content":{"rendered":"<p>Wir sind schon bei der Vorbereitung f\u00fcr die 4. Ausgabe des Mallorca Smooth Jazz Festivals, das vom 29. April bis 3. Mai 2015 in unserem mehrfach ausgezeichneten Protur Biomar Gran Hotel &amp; Spa stattfinden wird.<\/p>\n<p>Bald werden wir die K\u00fcnstler bekanntgeben, die auf die B\u00fchne springen und uns wieder vibrieren lassen; zusammen mit anderen Aktivit\u00e4ten, die ein komplettes Programm ergeben um die sch\u00f6nen Seiten des Lebens voll zu genie\u00dfen: Gutes Essen, gute Musik und eine tolle Atmosph\u00e4re.<\/p>\n<p>Ebenso wie wir wissen, dass kein K\u00fcnstler uns entt\u00e4uschen wird, k\u00f6nnen wir auch versichern, dass das Hotel und sein Team wieder voll allen Erwartungen entsprechen wird.<\/p>\n<div class=\"pcrstb-wrap\"><table width=\"600px\" cellpadding=\"5\">\n<tbody>\n<tr>\n<td width=\"200\"><a href=\"http:\/\/www.mallorca.smoothjazzfestival.de\/artists\/kirk-whalum\/?lang=es\"><img decoding=\"async\" title=\"Kirk Whalum\" src=\"http:\/\/www.mallorca.smoothjazzfestival.de\/wp-content\/uploads\/2014\/10\/coma15_buttons_KW.jpg\" alt=\"Kirk Whalum\" \/><\/a><\/td>\n<td width=\"200\"><a href=\"http:\/\/www.mallorca.smoothjazzfestival.de\/artists\/euge-groove\/?lang=es\"><img decoding=\"async\" title=\"Euge Groove\" src=\"http:\/\/www.mallorca.smoothjazzfestival.de\/wp-content\/uploads\/2014\/10\/coma15_buttons_EG.jpg\" alt=\"Euge Groove\" \/><\/a><\/td>\n<td width=\"200\"><a href=\"http:\/\/www.mallorca.smoothjazzfestival.de\/artists\/jonathan-fritzen\/?lang=es\"><img decoding=\"async\" title=\"Jonathan Fritz\u00e9n\" src=\"http:\/\/www.mallorca.smoothjazzfestival.de\/wp-content\/uploads\/2014\/10\/coma15_buttons_JF.jpg\" alt=\"Jonathan Fritz\u00e9n\" \/><\/a><\/td>\n<\/tr>\n<tr>\n<td width=\"200\"><a href=\"http:\/\/www.mallorca.smoothjazzfestival.de\/artists\/paul-brown\/?lang=es\"><img decoding=\"async\" title=\"Paul Brown\" src=\"http:\/\/www.mallorca.smoothjazzfestival.de\/wp-content\/uploads\/2014\/10\/coma15_buttons_PB.jpg\" alt=\"Paul Brown\" \/><\/a><\/td>\n<td width=\"200\"><a href=\"http:\/\/www.mallorca.smoothjazzfestival.de\/artists\/vincent-ingala\/?lang=es\"><img decoding=\"async\" title=\"Vincent Ingala\" src=\"http:\/\/www.mallorca.smoothjazzfestival.de\/wp-content\/uploads\/2014\/10\/coma15_buttons_VI.jpg\" alt=\"Vincent Ingala\" \/><\/a><\/td>\n<td width=\"200\"><a href=\"http:\/\/www.mallorca.smoothjazzfestival.de\/artists\/john-stoddart\/?lang=es\"><img decoding=\"async\" title=\"John Stoddart\" src=\"http:\/\/www.mallorca.smoothjazzfestival.de\/wp-content\/uploads\/2014\/10\/coma15_buttons_JS.jpg\" alt=\"John Stoddart\" \/><\/a><\/td>\n<\/tr>\n<\/tbody>\n<\/table><\/div>\n<p><strong>\u2026 FORTSETZUNG FOLGT&#8230;<\/strong><\/p>\n<p><iframe src=\"https:\/\/www.youtube.com\/embed\/BP1INhjhOtg\" width=\"610\" height=\"343\" frameborder=\"0\" allowfullscreen=\"allowfullscreen\"><\/iframe><\/p>\n","protected":false},"excerpt":{"rendered":"<p>Wir sind schon bei der Vorbereitung f\u00fcr die 4. Ausgabe des Mallorca Smooth Jazz Festivals, das vom 29. April bis 3. Mai 2015 in unserem mehrfach ausgezeichneten Protur Biomar Gran Hotel &#038; Spa stattfinden wird.<\/p>\n","protected":false},"author":3,"featured_media":1322,"comment_status":"closed","ping_status":"open","sticky":false,"template":"","format":"standard","meta":{"_lmt_disableupdate":"","_lmt_disable":"","footnotes":""},"categories":[101,14,102,107,78],"tags":[],"class_list":["post-895","post","type-post","status-publish","format-standard","has-post-thumbnail","hentry","category-jazz-de","category-mallorca","category-mallorca-de","category-protur-biomar-gran-hotel-spa-de","category-evento-de"],"yoast_head":"<!-- This site is optimized with the Yoast SEO plugin v26.6 - https:\/\/yoast.com\/wordpress\/plugins\/seo\/ -->\n<title>Mallorca Smooth Jazz Festival 2015 - Blog Protur Hotels<\/title>\n<meta name=\"description\" content=\"Wir sind schon bei der Vorbereitung f\u00fcr die 4. Ausgabe des Mallorca Smooth Jazz Festivals, das vom 29. April bis 3. Mai 2015 in unserem mehrfach ausgezeichneten Protur Biomar Gran Hotel &amp; Spa stattfinden wird.\" \/>\n<meta name=\"robots\" content=\"index, follow, max-snippet:-1, max-image-preview:large, max-video-preview:-1\" \/>\n<link rel=\"canonical\" href=\"https:\/\/blog.protur-hotels.com\/de\/mallorca-smooth-jazz-festival-2015-3\/\" \/>\n<meta property=\"og:locale\" content=\"de_DE\" \/>\n<meta property=\"og:type\" content=\"article\" \/>\n<meta property=\"og:title\" content=\"Mallorca Smooth Jazz Festival 2015 - Blog Protur Hotels\" \/>\n<meta property=\"og:description\" content=\"Wir sind schon bei der Vorbereitung f\u00fcr die 4. Ausgabe des Mallorca Smooth Jazz Festivals, das vom 29. April bis 3. Mai 2015 in unserem mehrfach ausgezeichneten Protur Biomar Gran Hotel &amp; Spa stattfinden wird.\" \/>\n<meta property=\"og:url\" content=\"https:\/\/blog.protur-hotels.com\/de\/mallorca-smooth-jazz-festival-2015-3\/\" \/>\n<meta property=\"og:site_name\" content=\"Blog Protur Hotels\" \/>\n<meta property=\"article:published_time\" content=\"2014-10-29T00:00:00+00:00\" \/>\n<meta property=\"article:modified_time\" content=\"2016-03-10T17:32:03+00:00\" \/>\n<meta property=\"og:image\" content=\"https:\/\/blog.protur-hotels.com\/wp-content\/uploads\/2014\/05\/Mallorca-Smooth-Jazz-Festival-2015.jpg\" \/>\n\t<meta property=\"og:image:width\" content=\"800\" \/>\n\t<meta property=\"og:image:height\" content=\"387\" \/>\n\t<meta property=\"og:image:type\" content=\"image\/jpeg\" \/>\n<meta name=\"author\" content=\"Protur Hotels\" \/>\n<meta name=\"twitter:card\" content=\"summary_large_image\" \/>\n<meta name=\"twitter:label1\" content=\"Verfasst von\" \/>\n\t<meta name=\"twitter:data1\" content=\"Protur Hotels\" \/>\n\t<meta name=\"twitter:label2\" content=\"Gesch\u00e4tzte Lesezeit\" \/>\n\t<meta name=\"twitter:data2\" content=\"1\u00a0Minute\" \/>\n<script type=\"application\/ld+json\" class=\"yoast-schema-graph\">{\"@context\":\"https:\/\/schema.org\",\"@graph\":[{\"@type\":\"Article\",\"@id\":\"https:\/\/blog.protur-hotels.com\/de\/mallorca-smooth-jazz-festival-2015-3\/#article\",\"isPartOf\":{\"@id\":\"https:\/\/blog.protur-hotels.com\/de\/mallorca-smooth-jazz-festival-2015-3\/\"},\"author\":{\"name\":\"Protur Hotels\",\"@id\":\"https:\/\/blog.protur-hotels.com\/#\/schema\/person\/6eac7ca6e9a32baa4716fdd5d7358326\"},\"headline\":\"Mallorca Smooth Jazz Festival 2015\",\"datePublished\":\"2014-10-29T00:00:00+00:00\",\"dateModified\":\"2016-03-10T17:32:03+00:00\",\"mainEntityOfPage\":{\"@id\":\"https:\/\/blog.protur-hotels.com\/de\/mallorca-smooth-jazz-festival-2015-3\/\"},\"wordCount\":115,\"publisher\":{\"@id\":\"https:\/\/blog.protur-hotels.com\/#organization\"},\"image\":{\"@id\":\"https:\/\/blog.protur-hotels.com\/de\/mallorca-smooth-jazz-festival-2015-3\/#primaryimage\"},\"thumbnailUrl\":\"https:\/\/blog.protur-hotels.com\/wp-content\/uploads\/2014\/05\/Mallorca-Smooth-Jazz-Festival-2015.jpg\",\"articleSection\":[\"Jazz\",\"Mallorca\",\"Mallorca\",\"Protur Biomar Gran Hotel &amp; Spa\",\"Veranstaltungen\"],\"inLanguage\":\"de\"},{\"@type\":\"WebPage\",\"@id\":\"https:\/\/blog.protur-hotels.com\/de\/mallorca-smooth-jazz-festival-2015-3\/\",\"url\":\"https:\/\/blog.protur-hotels.com\/de\/mallorca-smooth-jazz-festival-2015-3\/\",\"name\":\"Mallorca Smooth Jazz Festival 2015 - Blog Protur Hotels\",\"isPartOf\":{\"@id\":\"https:\/\/blog.protur-hotels.com\/#website\"},\"primaryImageOfPage\":{\"@id\":\"https:\/\/blog.protur-hotels.com\/de\/mallorca-smooth-jazz-festival-2015-3\/#primaryimage\"},\"image\":{\"@id\":\"https:\/\/blog.protur-hotels.com\/de\/mallorca-smooth-jazz-festival-2015-3\/#primaryimage\"},\"thumbnailUrl\":\"https:\/\/blog.protur-hotels.com\/wp-content\/uploads\/2014\/05\/Mallorca-Smooth-Jazz-Festival-2015.jpg\",\"datePublished\":\"2014-10-29T00:00:00+00:00\",\"dateModified\":\"2016-03-10T17:32:03+00:00\",\"description\":\"Wir sind schon bei der Vorbereitung f\u00fcr die 4. Ausgabe des Mallorca Smooth Jazz Festivals, das vom 29. April bis 3. Mai 2015 in unserem mehrfach ausgezeichneten Protur Biomar Gran Hotel & Spa stattfinden wird.\",\"breadcrumb\":{\"@id\":\"https:\/\/blog.protur-hotels.com\/de\/mallorca-smooth-jazz-festival-2015-3\/#breadcrumb\"},\"inLanguage\":\"de\",\"potentialAction\":[{\"@type\":\"ReadAction\",\"target\":[\"https:\/\/blog.protur-hotels.com\/de\/mallorca-smooth-jazz-festival-2015-3\/\"]}]},{\"@type\":\"ImageObject\",\"inLanguage\":\"de\",\"@id\":\"https:\/\/blog.protur-hotels.com\/de\/mallorca-smooth-jazz-festival-2015-3\/#primaryimage\",\"url\":\"https:\/\/blog.protur-hotels.com\/wp-content\/uploads\/2014\/05\/Mallorca-Smooth-Jazz-Festival-2015.jpg\",\"contentUrl\":\"https:\/\/blog.protur-hotels.com\/wp-content\/uploads\/2014\/05\/Mallorca-Smooth-Jazz-Festival-2015.jpg\",\"width\":800,\"height\":387,\"caption\":\"Mallorca Smooth Jazz Festival 2015\"},{\"@type\":\"BreadcrumbList\",\"@id\":\"https:\/\/blog.protur-hotels.com\/de\/mallorca-smooth-jazz-festival-2015-3\/#breadcrumb\",\"itemListElement\":[{\"@type\":\"ListItem\",\"position\":1,\"name\":\"Portada\",\"item\":\"https:\/\/blog.protur-hotels.com\/\"},{\"@type\":\"ListItem\",\"position\":2,\"name\":\"Mallorca Smooth Jazz Festival 2015\"}]},{\"@type\":\"WebSite\",\"@id\":\"https:\/\/blog.protur-hotels.com\/#website\",\"url\":\"https:\/\/blog.protur-hotels.com\/\",\"name\":\"Blog Protur Hotels\",\"description\":\"Un Blog para viajeros\",\"publisher\":{\"@id\":\"https:\/\/blog.protur-hotels.com\/#organization\"},\"potentialAction\":[{\"@type\":\"SearchAction\",\"target\":{\"@type\":\"EntryPoint\",\"urlTemplate\":\"https:\/\/blog.protur-hotels.com\/?s={search_term_string}\"},\"query-input\":{\"@type\":\"PropertyValueSpecification\",\"valueRequired\":true,\"valueName\":\"search_term_string\"}}],\"inLanguage\":\"de\"},{\"@type\":\"Organization\",\"@id\":\"https:\/\/blog.protur-hotels.com\/#organization\",\"name\":\"Blog Protur Hotels\",\"url\":\"https:\/\/blog.protur-hotels.com\/\",\"logo\":{\"@type\":\"ImageObject\",\"inLanguage\":\"de\",\"@id\":\"https:\/\/blog.protur-hotels.com\/#\/schema\/logo\/image\/\",\"url\":\"https:\/\/blog.protur-hotels.com\/wp-content\/uploads\/2020\/03\/blog-protur-hotels-mallorca.png\",\"contentUrl\":\"https:\/\/blog.protur-hotels.com\/wp-content\/uploads\/2020\/03\/blog-protur-hotels-mallorca.png\",\"width\":1422,\"height\":894,\"caption\":\"Blog Protur Hotels\"},\"image\":{\"@id\":\"https:\/\/blog.protur-hotels.com\/#\/schema\/logo\/image\/\"}},{\"@type\":\"Person\",\"@id\":\"https:\/\/blog.protur-hotels.com\/#\/schema\/person\/6eac7ca6e9a32baa4716fdd5d7358326\",\"name\":\"Protur Hotels\"}]}<\/script>\n<!-- \/ Yoast SEO plugin. -->","yoast_head_json":{"title":"Mallorca Smooth Jazz Festival 2015 - Blog Protur Hotels","description":"Wir sind schon bei der Vorbereitung f\u00fcr die 4. Ausgabe des Mallorca Smooth Jazz Festivals, das vom 29. April bis 3. Mai 2015 in unserem mehrfach ausgezeichneten Protur Biomar Gran Hotel & Spa stattfinden wird.","robots":{"index":"index","follow":"follow","max-snippet":"max-snippet:-1","max-image-preview":"max-image-preview:large","max-video-preview":"max-video-preview:-1"},"canonical":"https:\/\/blog.protur-hotels.com\/de\/mallorca-smooth-jazz-festival-2015-3\/","og_locale":"de_DE","og_type":"article","og_title":"Mallorca Smooth Jazz Festival 2015 - Blog Protur Hotels","og_description":"Wir sind schon bei der Vorbereitung f\u00fcr die 4. Ausgabe des Mallorca Smooth Jazz Festivals, das vom 29. April bis 3. Mai 2015 in unserem mehrfach ausgezeichneten Protur Biomar Gran Hotel & Spa stattfinden wird.","og_url":"https:\/\/blog.protur-hotels.com\/de\/mallorca-smooth-jazz-festival-2015-3\/","og_site_name":"Blog Protur Hotels","article_published_time":"2014-10-29T00:00:00+00:00","article_modified_time":"2016-03-10T17:32:03+00:00","og_image":[{"width":800,"height":387,"url":"https:\/\/blog.protur-hotels.com\/wp-content\/uploads\/2014\/05\/Mallorca-Smooth-Jazz-Festival-2015.jpg","type":"image\/jpeg"}],"author":"Protur Hotels","twitter_card":"summary_large_image","twitter_misc":{"Verfasst von":"Protur Hotels","Gesch\u00e4tzte Lesezeit":"1\u00a0Minute"},"schema":{"@context":"https:\/\/schema.org","@graph":[{"@type":"Article","@id":"https:\/\/blog.protur-hotels.com\/de\/mallorca-smooth-jazz-festival-2015-3\/#article","isPartOf":{"@id":"https:\/\/blog.protur-hotels.com\/de\/mallorca-smooth-jazz-festival-2015-3\/"},"author":{"name":"Protur Hotels","@id":"https:\/\/blog.protur-hotels.com\/#\/schema\/person\/6eac7ca6e9a32baa4716fdd5d7358326"},"headline":"Mallorca Smooth Jazz Festival 2015","datePublished":"2014-10-29T00:00:00+00:00","dateModified":"2016-03-10T17:32:03+00:00","mainEntityOfPage":{"@id":"https:\/\/blog.protur-hotels.com\/de\/mallorca-smooth-jazz-festival-2015-3\/"},"wordCount":115,"publisher":{"@id":"https:\/\/blog.protur-hotels.com\/#organization"},"image":{"@id":"https:\/\/blog.protur-hotels.com\/de\/mallorca-smooth-jazz-festival-2015-3\/#primaryimage"},"thumbnailUrl":"https:\/\/blog.protur-hotels.com\/wp-content\/uploads\/2014\/05\/Mallorca-Smooth-Jazz-Festival-2015.jpg","articleSection":["Jazz","Mallorca","Mallorca","Protur Biomar Gran Hotel &amp; Spa","Veranstaltungen"],"inLanguage":"de"},{"@type":"WebPage","@id":"https:\/\/blog.protur-hotels.com\/de\/mallorca-smooth-jazz-festival-2015-3\/","url":"https:\/\/blog.protur-hotels.com\/de\/mallorca-smooth-jazz-festival-2015-3\/","name":"Mallorca Smooth Jazz Festival 2015 - Blog Protur Hotels","isPartOf":{"@id":"https:\/\/blog.protur-hotels.com\/#website"},"primaryImageOfPage":{"@id":"https:\/\/blog.protur-hotels.com\/de\/mallorca-smooth-jazz-festival-2015-3\/#primaryimage"},"image":{"@id":"https:\/\/blog.protur-hotels.com\/de\/mallorca-smooth-jazz-festival-2015-3\/#primaryimage"},"thumbnailUrl":"https:\/\/blog.protur-hotels.com\/wp-content\/uploads\/2014\/05\/Mallorca-Smooth-Jazz-Festival-2015.jpg","datePublished":"2014-10-29T00:00:00+00:00","dateModified":"2016-03-10T17:32:03+00:00","description":"Wir sind schon bei der Vorbereitung f\u00fcr die 4. Ausgabe des Mallorca Smooth Jazz Festivals, das vom 29. April bis 3. Mai 2015 in unserem mehrfach ausgezeichneten Protur Biomar Gran Hotel & Spa stattfinden wird.","breadcrumb":{"@id":"https:\/\/blog.protur-hotels.com\/de\/mallorca-smooth-jazz-festival-2015-3\/#breadcrumb"},"inLanguage":"de","potentialAction":[{"@type":"ReadAction","target":["https:\/\/blog.protur-hotels.com\/de\/mallorca-smooth-jazz-festival-2015-3\/"]}]},{"@type":"ImageObject","inLanguage":"de","@id":"https:\/\/blog.protur-hotels.com\/de\/mallorca-smooth-jazz-festival-2015-3\/#primaryimage","url":"https:\/\/blog.protur-hotels.com\/wp-content\/uploads\/2014\/05\/Mallorca-Smooth-Jazz-Festival-2015.jpg","contentUrl":"https:\/\/blog.protur-hotels.com\/wp-content\/uploads\/2014\/05\/Mallorca-Smooth-Jazz-Festival-2015.jpg","width":800,"height":387,"caption":"Mallorca Smooth Jazz Festival 2015"},{"@type":"BreadcrumbList","@id":"https:\/\/blog.protur-hotels.com\/de\/mallorca-smooth-jazz-festival-2015-3\/#breadcrumb","itemListElement":[{"@type":"ListItem","position":1,"name":"Portada","item":"https:\/\/blog.protur-hotels.com\/"},{"@type":"ListItem","position":2,"name":"Mallorca Smooth Jazz Festival 2015"}]},{"@type":"WebSite","@id":"https:\/\/blog.protur-hotels.com\/#website","url":"https:\/\/blog.protur-hotels.com\/","name":"Blog Protur Hotels","description":"Un Blog para viajeros","publisher":{"@id":"https:\/\/blog.protur-hotels.com\/#organization"},"potentialAction":[{"@type":"SearchAction","target":{"@type":"EntryPoint","urlTemplate":"https:\/\/blog.protur-hotels.com\/?s={search_term_string}"},"query-input":{"@type":"PropertyValueSpecification","valueRequired":true,"valueName":"search_term_string"}}],"inLanguage":"de"},{"@type":"Organization","@id":"https:\/\/blog.protur-hotels.com\/#organization","name":"Blog Protur Hotels","url":"https:\/\/blog.protur-hotels.com\/","logo":{"@type":"ImageObject","inLanguage":"de","@id":"https:\/\/blog.protur-hotels.com\/#\/schema\/logo\/image\/","url":"https:\/\/blog.protur-hotels.com\/wp-content\/uploads\/2020\/03\/blog-protur-hotels-mallorca.png","contentUrl":"https:\/\/blog.protur-hotels.com\/wp-content\/uploads\/2020\/03\/blog-protur-hotels-mallorca.png","width":1422,"height":894,"caption":"Blog Protur Hotels"},"image":{"@id":"https:\/\/blog.protur-hotels.com\/#\/schema\/logo\/image\/"}},{"@type":"Person","@id":"https:\/\/blog.protur-hotels.com\/#\/schema\/person\/6eac7ca6e9a32baa4716fdd5d7358326","name":"Protur Hotels"}]}},"_links":{"self":[{"href":"https:\/\/blog.protur-hotels.com\/de\/wp-json\/wp\/v2\/posts\/895","targetHints":{"allow":["GET"]}}],"collection":[{"href":"https:\/\/blog.protur-hotels.com\/de\/wp-json\/wp\/v2\/posts"}],"about":[{"href":"https:\/\/blog.protur-hotels.com\/de\/wp-json\/wp\/v2\/types\/post"}],"author":[{"embeddable":true,"href":"https:\/\/blog.protur-hotels.com\/de\/wp-json\/wp\/v2\/users\/3"}],"replies":[{"embeddable":true,"href":"https:\/\/blog.protur-hotels.com\/de\/wp-json\/wp\/v2\/comments?post=895"}],"version-history":[{"count":0,"href":"https:\/\/blog.protur-hotels.com\/de\/wp-json\/wp\/v2\/posts\/895\/revisions"}],"wp:featuredmedia":[{"embeddable":true,"href":"https:\/\/blog.protur-hotels.com\/de\/wp-json\/wp\/v2\/media\/1322"}],"wp:attachment":[{"href":"https:\/\/blog.protur-hotels.com\/de\/wp-json\/wp\/v2\/media?parent=895"}],"wp:term":[{"taxonomy":"category","embeddable":true,"href":"https:\/\/blog.protur-hotels.com\/de\/wp-json\/wp\/v2\/categories?post=895"},{"taxonomy":"post_tag","embeddable":true,"href":"https:\/\/blog.protur-hotels.com\/de\/wp-json\/wp\/v2\/tags?post=895"}],"curies":[{"name":"wp","href":"https:\/\/api.w.org\/{rel}","templated":true}]}}