{"id":994,"date":"2015-05-14T00:00:00","date_gmt":"2015-05-14T00:00:00","guid":{"rendered":"https:\/\/blog.protur-hotels.com\/spanien-erhaelt-577-blaue-flaggen\/"},"modified":"2016-03-10T16:06:07","modified_gmt":"2016-03-10T16:06:07","slug":"spanien-erhaelt-577-blaue-flaggen-2","status":"publish","type":"post","link":"https:\/\/blog.protur-hotels.com\/de\/spanien-erhaelt-577-blaue-flaggen-2\/","title":{"rendered":"Spanien erh\u00e4lt 577 Blaue Flaggen"},"content":{"rendered":"<p>Spanien erh\u00e4lt in diesem Sommer 2015 577 blaue Flaggen. Auf den Balearen k\u00f6nnen wir 57 Str\u00e4nde geniessen, zu denen die Str\u00e4nde von Sa Coma, Cala Millor, Es Ribell-Sa Marjal und Cala Agulla geh\u00f6ren.<\/p>\n<p>Die G\u00e4ste des Protur Roquetas Hotel &amp; Spa***** k\u00f6nnen ebenfalls einen mit blauer Flagge ausgezeichneten Strand, den der Urb. Playa Serena nutzen.<\/p>\n<p>Die Fahnen kennzeichnen die Wasserqualit\u00e4t, aber auch die Sicherheit und die Sauberkeit an den Str\u00e4nden, sowie den Zugang f\u00fcr Personen mit reduzierter Mobilit\u00e4t und das Vorhandensein von sanit\u00e4ren Einrichtungen und Seenotrettung.<\/p>\n<p>Entdecken Sie die wundersch\u00f6nen Str\u00e4nde von einem unserer Hotels aus auf Mallorca oder in Roquetas de Mar .. Wir erwarten Sie!!! www.proturhotels.com<\/p>\n","protected":false},"excerpt":{"rendered":"<p>Spanien erh\u00e4lt in diesem Sommer 2015 577 blaue Flaggen. Auf den Balearen k\u00f6nnen wir 57 Str\u00e4nde geniessen, zu denen die Str\u00e4nde von Sa Coma, Cala Millor, Es Ribell-Sa Marjal und Cala Agulla geh\u00f6ren.<\/p>\n","protected":false},"author":3,"featured_media":1312,"comment_status":"open","ping_status":"open","sticky":false,"template":"","format":"standard","meta":{"_lmt_disableupdate":"","_lmt_disable":"","footnotes":""},"categories":[30,102,103],"tags":[],"class_list":["post-994","post","type-post","status-publish","format-standard","has-post-thumbnail","hentry","category-almeria-de","category-mallorca-de","category-playas-de"],"yoast_head":"<!-- This site is optimized with the Yoast SEO plugin v26.6 - https:\/\/yoast.com\/wordpress\/plugins\/seo\/ -->\n<title>Spanien erh\u00e4lt 577 Blaue Flaggen - Blog Protur Hotels<\/title>\n<meta name=\"description\" content=\"Spanien erh\u00e4lt in diesem Sommer 2015 577 blaue Flaggen. Auf den Balearen k\u00f6nnen wir 57 Str\u00e4nde geniessen, zu denen die Str\u00e4nde von Sa Coma, Cala Millor, Es Ribell-Sa Marjal und Cala Agulla geh\u00f6ren.\" \/>\n<meta name=\"robots\" content=\"index, follow, max-snippet:-1, max-image-preview:large, max-video-preview:-1\" \/>\n<link rel=\"canonical\" href=\"https:\/\/blog.protur-hotels.com\/de\/spanien-erhaelt-577-blaue-flaggen-2\/\" \/>\n<meta property=\"og:locale\" content=\"de_DE\" \/>\n<meta property=\"og:type\" content=\"article\" \/>\n<meta property=\"og:title\" content=\"Spanien erh\u00e4lt 577 Blaue Flaggen - Blog Protur Hotels\" \/>\n<meta property=\"og:description\" content=\"Spanien erh\u00e4lt in diesem Sommer 2015 577 blaue Flaggen. Auf den Balearen k\u00f6nnen wir 57 Str\u00e4nde geniessen, zu denen die Str\u00e4nde von Sa Coma, Cala Millor, Es Ribell-Sa Marjal und Cala Agulla geh\u00f6ren.\" \/>\n<meta property=\"og:url\" content=\"https:\/\/blog.protur-hotels.com\/de\/spanien-erhaelt-577-blaue-flaggen-2\/\" \/>\n<meta property=\"og:site_name\" content=\"Blog Protur Hotels\" \/>\n<meta property=\"article:published_time\" content=\"2015-05-14T00:00:00+00:00\" \/>\n<meta property=\"article:modified_time\" content=\"2016-03-10T16:06:07+00:00\" \/>\n<meta property=\"og:image\" content=\"https:\/\/blog.protur-hotels.com\/wp-content\/uploads\/2014\/05\/Espana-consigue-577-Banderas-Azules.jpg\" \/>\n\t<meta property=\"og:image:width\" content=\"800\" \/>\n\t<meta property=\"og:image:height\" content=\"600\" \/>\n\t<meta property=\"og:image:type\" content=\"image\/jpeg\" \/>\n<meta name=\"author\" content=\"Protur Hotels\" \/>\n<meta name=\"twitter:card\" content=\"summary_large_image\" \/>\n<meta name=\"twitter:label1\" content=\"Verfasst von\" \/>\n\t<meta name=\"twitter:data1\" content=\"Protur Hotels\" \/>\n\t<meta name=\"twitter:label2\" content=\"Gesch\u00e4tzte Lesezeit\" \/>\n\t<meta name=\"twitter:data2\" content=\"1\u00a0Minute\" \/>\n<script type=\"application\/ld+json\" class=\"yoast-schema-graph\">{\"@context\":\"https:\/\/schema.org\",\"@graph\":[{\"@type\":\"Article\",\"@id\":\"https:\/\/blog.protur-hotels.com\/de\/spanien-erhaelt-577-blaue-flaggen-2\/#article\",\"isPartOf\":{\"@id\":\"https:\/\/blog.protur-hotels.com\/de\/spanien-erhaelt-577-blaue-flaggen-2\/\"},\"author\":{\"name\":\"Protur Hotels\",\"@id\":\"https:\/\/blog.protur-hotels.com\/#\/schema\/person\/6eac7ca6e9a32baa4716fdd5d7358326\"},\"headline\":\"Spanien erh\u00e4lt 577 Blaue Flaggen\",\"datePublished\":\"2015-05-14T00:00:00+00:00\",\"dateModified\":\"2016-03-10T16:06:07+00:00\",\"mainEntityOfPage\":{\"@id\":\"https:\/\/blog.protur-hotels.com\/de\/spanien-erhaelt-577-blaue-flaggen-2\/\"},\"wordCount\":125,\"commentCount\":0,\"publisher\":{\"@id\":\"https:\/\/blog.protur-hotels.com\/#organization\"},\"image\":{\"@id\":\"https:\/\/blog.protur-hotels.com\/de\/spanien-erhaelt-577-blaue-flaggen-2\/#primaryimage\"},\"thumbnailUrl\":\"https:\/\/blog.protur-hotels.com\/wp-content\/uploads\/2014\/05\/Espana-consigue-577-Banderas-Azules.jpg\",\"articleSection\":[\"Almer\u00eda\",\"Mallorca\",\"Str\u00e4nde\"],\"inLanguage\":\"de\"},{\"@type\":\"WebPage\",\"@id\":\"https:\/\/blog.protur-hotels.com\/de\/spanien-erhaelt-577-blaue-flaggen-2\/\",\"url\":\"https:\/\/blog.protur-hotels.com\/de\/spanien-erhaelt-577-blaue-flaggen-2\/\",\"name\":\"Spanien erh\u00e4lt 577 Blaue Flaggen - Blog Protur Hotels\",\"isPartOf\":{\"@id\":\"https:\/\/blog.protur-hotels.com\/#website\"},\"primaryImageOfPage\":{\"@id\":\"https:\/\/blog.protur-hotels.com\/de\/spanien-erhaelt-577-blaue-flaggen-2\/#primaryimage\"},\"image\":{\"@id\":\"https:\/\/blog.protur-hotels.com\/de\/spanien-erhaelt-577-blaue-flaggen-2\/#primaryimage\"},\"thumbnailUrl\":\"https:\/\/blog.protur-hotels.com\/wp-content\/uploads\/2014\/05\/Espana-consigue-577-Banderas-Azules.jpg\",\"datePublished\":\"2015-05-14T00:00:00+00:00\",\"dateModified\":\"2016-03-10T16:06:07+00:00\",\"description\":\"Spanien erh\u00e4lt in diesem Sommer 2015 577 blaue Flaggen. Auf den Balearen k\u00f6nnen wir 57 Str\u00e4nde geniessen, zu denen die Str\u00e4nde von Sa Coma, Cala Millor, Es Ribell-Sa Marjal und Cala Agulla geh\u00f6ren.\",\"breadcrumb\":{\"@id\":\"https:\/\/blog.protur-hotels.com\/de\/spanien-erhaelt-577-blaue-flaggen-2\/#breadcrumb\"},\"inLanguage\":\"de\",\"potentialAction\":[{\"@type\":\"ReadAction\",\"target\":[\"https:\/\/blog.protur-hotels.com\/de\/spanien-erhaelt-577-blaue-flaggen-2\/\"]}]},{\"@type\":\"ImageObject\",\"inLanguage\":\"de\",\"@id\":\"https:\/\/blog.protur-hotels.com\/de\/spanien-erhaelt-577-blaue-flaggen-2\/#primaryimage\",\"url\":\"https:\/\/blog.protur-hotels.com\/wp-content\/uploads\/2014\/05\/Espana-consigue-577-Banderas-Azules.jpg\",\"contentUrl\":\"https:\/\/blog.protur-hotels.com\/wp-content\/uploads\/2014\/05\/Espana-consigue-577-Banderas-Azules.jpg\",\"width\":800,\"height\":600,\"caption\":\"Espa\u00f1a consigue 577 Banderas Azules\"},{\"@type\":\"BreadcrumbList\",\"@id\":\"https:\/\/blog.protur-hotels.com\/de\/spanien-erhaelt-577-blaue-flaggen-2\/#breadcrumb\",\"itemListElement\":[{\"@type\":\"ListItem\",\"position\":1,\"name\":\"Portada\",\"item\":\"https:\/\/blog.protur-hotels.com\/\"},{\"@type\":\"ListItem\",\"position\":2,\"name\":\"Spanien erh\u00e4lt 577 Blaue Flaggen\"}]},{\"@type\":\"WebSite\",\"@id\":\"https:\/\/blog.protur-hotels.com\/#website\",\"url\":\"https:\/\/blog.protur-hotels.com\/\",\"name\":\"Blog Protur Hotels\",\"description\":\"Un Blog para viajeros\",\"publisher\":{\"@id\":\"https:\/\/blog.protur-hotels.com\/#organization\"},\"potentialAction\":[{\"@type\":\"SearchAction\",\"target\":{\"@type\":\"EntryPoint\",\"urlTemplate\":\"https:\/\/blog.protur-hotels.com\/?s={search_term_string}\"},\"query-input\":{\"@type\":\"PropertyValueSpecification\",\"valueRequired\":true,\"valueName\":\"search_term_string\"}}],\"inLanguage\":\"de\"},{\"@type\":\"Organization\",\"@id\":\"https:\/\/blog.protur-hotels.com\/#organization\",\"name\":\"Blog Protur Hotels\",\"url\":\"https:\/\/blog.protur-hotels.com\/\",\"logo\":{\"@type\":\"ImageObject\",\"inLanguage\":\"de\",\"@id\":\"https:\/\/blog.protur-hotels.com\/#\/schema\/logo\/image\/\",\"url\":\"https:\/\/blog.protur-hotels.com\/wp-content\/uploads\/2020\/03\/blog-protur-hotels-mallorca.png\",\"contentUrl\":\"https:\/\/blog.protur-hotels.com\/wp-content\/uploads\/2020\/03\/blog-protur-hotels-mallorca.png\",\"width\":1422,\"height\":894,\"caption\":\"Blog Protur Hotels\"},\"image\":{\"@id\":\"https:\/\/blog.protur-hotels.com\/#\/schema\/logo\/image\/\"}},{\"@type\":\"Person\",\"@id\":\"https:\/\/blog.protur-hotels.com\/#\/schema\/person\/6eac7ca6e9a32baa4716fdd5d7358326\",\"name\":\"Protur Hotels\"}]}<\/script>\n<!-- \/ Yoast SEO plugin. -->","yoast_head_json":{"title":"Spanien erh\u00e4lt 577 Blaue Flaggen - Blog Protur Hotels","description":"Spanien erh\u00e4lt in diesem Sommer 2015 577 blaue Flaggen. Auf den Balearen k\u00f6nnen wir 57 Str\u00e4nde geniessen, zu denen die Str\u00e4nde von Sa Coma, Cala Millor, Es Ribell-Sa Marjal und Cala Agulla geh\u00f6ren.","robots":{"index":"index","follow":"follow","max-snippet":"max-snippet:-1","max-image-preview":"max-image-preview:large","max-video-preview":"max-video-preview:-1"},"canonical":"https:\/\/blog.protur-hotels.com\/de\/spanien-erhaelt-577-blaue-flaggen-2\/","og_locale":"de_DE","og_type":"article","og_title":"Spanien erh\u00e4lt 577 Blaue Flaggen - Blog Protur Hotels","og_description":"Spanien erh\u00e4lt in diesem Sommer 2015 577 blaue Flaggen. Auf den Balearen k\u00f6nnen wir 57 Str\u00e4nde geniessen, zu denen die Str\u00e4nde von Sa Coma, Cala Millor, Es Ribell-Sa Marjal und Cala Agulla geh\u00f6ren.","og_url":"https:\/\/blog.protur-hotels.com\/de\/spanien-erhaelt-577-blaue-flaggen-2\/","og_site_name":"Blog Protur Hotels","article_published_time":"2015-05-14T00:00:00+00:00","article_modified_time":"2016-03-10T16:06:07+00:00","og_image":[{"width":800,"height":600,"url":"https:\/\/blog.protur-hotels.com\/wp-content\/uploads\/2014\/05\/Espana-consigue-577-Banderas-Azules.jpg","type":"image\/jpeg"}],"author":"Protur Hotels","twitter_card":"summary_large_image","twitter_misc":{"Verfasst von":"Protur Hotels","Gesch\u00e4tzte Lesezeit":"1\u00a0Minute"},"schema":{"@context":"https:\/\/schema.org","@graph":[{"@type":"Article","@id":"https:\/\/blog.protur-hotels.com\/de\/spanien-erhaelt-577-blaue-flaggen-2\/#article","isPartOf":{"@id":"https:\/\/blog.protur-hotels.com\/de\/spanien-erhaelt-577-blaue-flaggen-2\/"},"author":{"name":"Protur Hotels","@id":"https:\/\/blog.protur-hotels.com\/#\/schema\/person\/6eac7ca6e9a32baa4716fdd5d7358326"},"headline":"Spanien erh\u00e4lt 577 Blaue Flaggen","datePublished":"2015-05-14T00:00:00+00:00","dateModified":"2016-03-10T16:06:07+00:00","mainEntityOfPage":{"@id":"https:\/\/blog.protur-hotels.com\/de\/spanien-erhaelt-577-blaue-flaggen-2\/"},"wordCount":125,"commentCount":0,"publisher":{"@id":"https:\/\/blog.protur-hotels.com\/#organization"},"image":{"@id":"https:\/\/blog.protur-hotels.com\/de\/spanien-erhaelt-577-blaue-flaggen-2\/#primaryimage"},"thumbnailUrl":"https:\/\/blog.protur-hotels.com\/wp-content\/uploads\/2014\/05\/Espana-consigue-577-Banderas-Azules.jpg","articleSection":["Almer\u00eda","Mallorca","Str\u00e4nde"],"inLanguage":"de"},{"@type":"WebPage","@id":"https:\/\/blog.protur-hotels.com\/de\/spanien-erhaelt-577-blaue-flaggen-2\/","url":"https:\/\/blog.protur-hotels.com\/de\/spanien-erhaelt-577-blaue-flaggen-2\/","name":"Spanien erh\u00e4lt 577 Blaue Flaggen - Blog Protur Hotels","isPartOf":{"@id":"https:\/\/blog.protur-hotels.com\/#website"},"primaryImageOfPage":{"@id":"https:\/\/blog.protur-hotels.com\/de\/spanien-erhaelt-577-blaue-flaggen-2\/#primaryimage"},"image":{"@id":"https:\/\/blog.protur-hotels.com\/de\/spanien-erhaelt-577-blaue-flaggen-2\/#primaryimage"},"thumbnailUrl":"https:\/\/blog.protur-hotels.com\/wp-content\/uploads\/2014\/05\/Espana-consigue-577-Banderas-Azules.jpg","datePublished":"2015-05-14T00:00:00+00:00","dateModified":"2016-03-10T16:06:07+00:00","description":"Spanien erh\u00e4lt in diesem Sommer 2015 577 blaue Flaggen. Auf den Balearen k\u00f6nnen wir 57 Str\u00e4nde geniessen, zu denen die Str\u00e4nde von Sa Coma, Cala Millor, Es Ribell-Sa Marjal und Cala Agulla geh\u00f6ren.","breadcrumb":{"@id":"https:\/\/blog.protur-hotels.com\/de\/spanien-erhaelt-577-blaue-flaggen-2\/#breadcrumb"},"inLanguage":"de","potentialAction":[{"@type":"ReadAction","target":["https:\/\/blog.protur-hotels.com\/de\/spanien-erhaelt-577-blaue-flaggen-2\/"]}]},{"@type":"ImageObject","inLanguage":"de","@id":"https:\/\/blog.protur-hotels.com\/de\/spanien-erhaelt-577-blaue-flaggen-2\/#primaryimage","url":"https:\/\/blog.protur-hotels.com\/wp-content\/uploads\/2014\/05\/Espana-consigue-577-Banderas-Azules.jpg","contentUrl":"https:\/\/blog.protur-hotels.com\/wp-content\/uploads\/2014\/05\/Espana-consigue-577-Banderas-Azules.jpg","width":800,"height":600,"caption":"Espa\u00f1a consigue 577 Banderas Azules"},{"@type":"BreadcrumbList","@id":"https:\/\/blog.protur-hotels.com\/de\/spanien-erhaelt-577-blaue-flaggen-2\/#breadcrumb","itemListElement":[{"@type":"ListItem","position":1,"name":"Portada","item":"https:\/\/blog.protur-hotels.com\/"},{"@type":"ListItem","position":2,"name":"Spanien erh\u00e4lt 577 Blaue Flaggen"}]},{"@type":"WebSite","@id":"https:\/\/blog.protur-hotels.com\/#website","url":"https:\/\/blog.protur-hotels.com\/","name":"Blog Protur Hotels","description":"Un Blog para viajeros","publisher":{"@id":"https:\/\/blog.protur-hotels.com\/#organization"},"potentialAction":[{"@type":"SearchAction","target":{"@type":"EntryPoint","urlTemplate":"https:\/\/blog.protur-hotels.com\/?s={search_term_string}"},"query-input":{"@type":"PropertyValueSpecification","valueRequired":true,"valueName":"search_term_string"}}],"inLanguage":"de"},{"@type":"Organization","@id":"https:\/\/blog.protur-hotels.com\/#organization","name":"Blog Protur Hotels","url":"https:\/\/blog.protur-hotels.com\/","logo":{"@type":"ImageObject","inLanguage":"de","@id":"https:\/\/blog.protur-hotels.com\/#\/schema\/logo\/image\/","url":"https:\/\/blog.protur-hotels.com\/wp-content\/uploads\/2020\/03\/blog-protur-hotels-mallorca.png","contentUrl":"https:\/\/blog.protur-hotels.com\/wp-content\/uploads\/2020\/03\/blog-protur-hotels-mallorca.png","width":1422,"height":894,"caption":"Blog Protur Hotels"},"image":{"@id":"https:\/\/blog.protur-hotels.com\/#\/schema\/logo\/image\/"}},{"@type":"Person","@id":"https:\/\/blog.protur-hotels.com\/#\/schema\/person\/6eac7ca6e9a32baa4716fdd5d7358326","name":"Protur Hotels"}]}},"_links":{"self":[{"href":"https:\/\/blog.protur-hotels.com\/de\/wp-json\/wp\/v2\/posts\/994","targetHints":{"allow":["GET"]}}],"collection":[{"href":"https:\/\/blog.protur-hotels.com\/de\/wp-json\/wp\/v2\/posts"}],"about":[{"href":"https:\/\/blog.protur-hotels.com\/de\/wp-json\/wp\/v2\/types\/post"}],"author":[{"embeddable":true,"href":"https:\/\/blog.protur-hotels.com\/de\/wp-json\/wp\/v2\/users\/3"}],"replies":[{"embeddable":true,"href":"https:\/\/blog.protur-hotels.com\/de\/wp-json\/wp\/v2\/comments?post=994"}],"version-history":[{"count":0,"href":"https:\/\/blog.protur-hotels.com\/de\/wp-json\/wp\/v2\/posts\/994\/revisions"}],"wp:featuredmedia":[{"embeddable":true,"href":"https:\/\/blog.protur-hotels.com\/de\/wp-json\/wp\/v2\/media\/1312"}],"wp:attachment":[{"href":"https:\/\/blog.protur-hotels.com\/de\/wp-json\/wp\/v2\/media?parent=994"}],"wp:term":[{"taxonomy":"category","embeddable":true,"href":"https:\/\/blog.protur-hotels.com\/de\/wp-json\/wp\/v2\/categories?post=994"},{"taxonomy":"post_tag","embeddable":true,"href":"https:\/\/blog.protur-hotels.com\/de\/wp-json\/wp\/v2\/tags?post=994"}],"curies":[{"name":"wp","href":"https:\/\/api.w.org\/{rel}","templated":true}]}}