{"id":4453,"date":"2019-03-21T12:22:18","date_gmt":"2019-03-21T12:22:18","guid":{"rendered":"https:\/\/blog.protur-hotels.com\/en\/agenda-eventos-palma\/"},"modified":"2019-04-01T08:27:07","modified_gmt":"2019-04-01T08:27:07","slug":"events-programme-in-palma","status":"publish","type":"post","link":"https:\/\/blog.protur-hotels.com\/en\/events-programme-in-palma\/","title":{"rendered":"Events programme in Palma"},"content":{"rendered":"<p><strong>&#8216;FIRA DEL RAM&#8217; FUN FAIR<br \/>\nFrom February 28th to April 28th, 2019<\/strong><br \/>\nLocated in the pol\u00edgono Son Fusteret, at the end of Eusebio Estada Street.<\/p>\n<p><strong>36th PALMA INTERNATIONAL BOAT SHOW &amp; PALMA SUPERYACHT SHOW<br \/>\nApril 27th to May 1st<\/strong><br \/>\nThe importance of nautical tourism to Mallorca is highlighted each spring with this pres\u00adtigious event in Palma. The show features a mix of land-and-sea-based exhibitors. with everything from fishing tackle to super yachts. Sea Night (April 30th) includes concerts, gastronomy and other leisure activities.<br \/>\nMOLL VELL, PALMA<br \/>\nEntrance: \u20ac6 (professional pass \u20ac12) \u2022 Open 11:00-20:00 (11 :00-23:00 Sea Night)\u00a0<strong><a href=\"http:\/\/www.boatshowpalma.com\" target=\"_blank\">www.boatshowpalma.com<\/a><\/strong><\/p>\n<p><strong>50th Edition of HRH. Princess Sofia Trophy <\/strong><br \/>\n<strong>April 29th to May 6th<\/strong><br \/>\nThe H.R.H. Princess Sofia Trophy celebrates 50 years in the elite of the Olympic sailing, being the most important and participative regatta in Europe and brings together about a thousand athletes from more than 50 countries.<br \/>\n<strong><a href=\"https:\/\/www.trofeoprincesasofia.org\/es\/default\/races\/race\" target=\"_blank\">Oficial web www.trofeoprincesasofia.org\u00a0<\/a><\/strong><\/p>\n<p><strong>HOLY WEEK 2019 PALMA<\/strong><br \/>\n<strong>Processions from Friday 12th to April 22nd<\/strong><br \/>\nProcession itinerary coming soon.<\/p>\n<p><strong>33 TEMPORADA \u00d3PERA Y DANZA DEL TEATRE PRINCIPAL DE PALMA<\/strong><br \/>\n<strong>March and June 2019<\/strong><br \/>\n33rd Opera and Ballet Season of the Teatre Principal de Palma, which will take place between 6 March and 16 June 2019. Two other titles -Madama Butterfly, by Giacomo Puccini, and Los Elementos, by Antoni Literes-, the symphonic recital of the tenor Gregory Kunde and the ballet Don Quijote by the National Dance Company (NDC) complete the annual lyrical event.<br \/>\n<strong><a href=\"https:\/\/www.teatreprincipal.com\/en\/33-opera-and-dance-season\/\" target=\"_blank\" rel=\"noopener\">Information and tickets www.teatreprincipal.com<\/a><\/strong><\/p>\n<p><strong>AUDITORIUM PALMA<\/strong><br \/>\n<strong>Check the <\/strong><strong>agenda for <\/strong><strong>2019 <\/strong><br \/>\nWe highlight the performances of Carlos Rivera, Vanesa Mart\u00edn, Manolo Garc\u00eda, Bert\u00edn Osborne, Jorge Drexler, Los Secretos, Raphael&#8230;<br \/>\n<strong><a href=\"http:\/\/auditoriumpalma.com\/es\/agenda-de-espectaculos\/\" target=\"_blank\">Information and tickets www.auditoriumpalma.com<\/a><\/strong><\/p>\n<p><strong>\u00a0KETAMA CONCERT<\/strong><br \/>\n<strong>April 27 Trui Teatre<\/strong><br \/>\nThe band Ketama redefined flamenco music in Spain when they first burst onto the scene at the beginning of the 80s. And after 14 years hiatus, they are hitting the road again to revisit and share thei rsongs that fuse flamenco roots with diverse musical forms such as salsa, reggae, funk and jazz.<br \/>\n<strong><a href=\"http:\/\/www.truiteatre.es\/agenda.html\" target=\"_blank\">Information and tickets www.truiteatre.es\u00a0<\/a><\/strong><\/p>\n<p><strong>&#8216;FIRA DEL LLIBRE&#8217; BOOK FAIR <\/strong><br \/>\n<strong>May 25th to June 1st<\/strong><\/p>\n","protected":false},"excerpt":{"rendered":"<p>&#8216;FIRA DEL RAM&#8217; FUN FAIR From February 28th to April 28th, 2019 Located in the pol\u00edgono Son Fusteret, at the end of Eusebio Estada Street. 36th PALMA INTERNATIONAL BOAT SHOW&hellip;<\/p>\n","protected":false},"author":1,"featured_media":4446,"comment_status":"closed","ping_status":"open","sticky":false,"template":"","format":"standard","meta":{"_lmt_disableupdate":"","_lmt_disable":"","footnotes":""},"categories":[1058,1059,1060,1061,842],"tags":[],"class_list":["post-4453","post","type-post","status-publish","format-standard","has-post-thumbnail","hentry","category-festes-en","category-fiestas-en","category-mallorca-en-2","category-naisa-en","category-protur-hotels-en-2"],"yoast_head":"<!-- This site is optimized with the Yoast SEO plugin v26.6 - https:\/\/yoast.com\/wordpress\/plugins\/seo\/ -->\n<title>Events programme in Palma - Blog Protur Hotels<\/title>\n<meta name=\"description\" content=\"&#039;FIRA DEL RAM&#039; FUN FAIR From February 28th to April 28th, 2019 Located in the pol\u00edgono Son Fusteret, at the end of Eusebio Estada Street. 36th PALMA\" \/>\n<meta name=\"robots\" content=\"index, follow, max-snippet:-1, max-image-preview:large, max-video-preview:-1\" \/>\n<link rel=\"canonical\" href=\"https:\/\/blog.protur-hotels.com\/en\/events-programme-in-palma\/\" \/>\n<meta property=\"og:locale\" content=\"en_GB\" \/>\n<meta property=\"og:type\" content=\"article\" \/>\n<meta property=\"og:title\" content=\"Events programme in Palma - Blog Protur Hotels\" \/>\n<meta property=\"og:description\" content=\"&#039;FIRA DEL RAM&#039; FUN FAIR From February 28th to April 28th, 2019 Located in the pol\u00edgono Son Fusteret, at the end of Eusebio Estada Street. 36th PALMA\" \/>\n<meta property=\"og:url\" content=\"https:\/\/blog.protur-hotels.com\/en\/events-programme-in-palma\/\" \/>\n<meta property=\"og:site_name\" content=\"Blog Protur Hotels\" \/>\n<meta property=\"article:published_time\" content=\"2019-03-21T12:22:18+00:00\" \/>\n<meta property=\"article:modified_time\" content=\"2019-04-01T08:27:07+00:00\" \/>\n<meta property=\"og:image\" content=\"https:\/\/blog.protur-hotels.com\/wp-content\/uploads\/2019\/03\/eventos-en-palma.jpg\" \/>\n\t<meta property=\"og:image:width\" content=\"1280\" \/>\n\t<meta property=\"og:image:height\" content=\"854\" \/>\n\t<meta property=\"og:image:type\" content=\"image\/jpeg\" \/>\n<meta name=\"author\" content=\"ivandomingo\" \/>\n<meta name=\"twitter:card\" content=\"summary_large_image\" \/>\n<meta name=\"twitter:label1\" content=\"Written by\" \/>\n\t<meta name=\"twitter:data1\" content=\"ivandomingo\" \/>\n\t<meta name=\"twitter:label2\" content=\"Estimated reading time\" \/>\n\t<meta name=\"twitter:data2\" content=\"2 minutes\" \/>\n<script type=\"application\/ld+json\" class=\"yoast-schema-graph\">{\"@context\":\"https:\/\/schema.org\",\"@graph\":[{\"@type\":\"Article\",\"@id\":\"https:\/\/blog.protur-hotels.com\/en\/events-programme-in-palma\/#article\",\"isPartOf\":{\"@id\":\"https:\/\/blog.protur-hotels.com\/en\/events-programme-in-palma\/\"},\"author\":{\"name\":\"ivandomingo\",\"@id\":\"https:\/\/blog.protur-hotels.com\/#\/schema\/person\/5e17ee757b097cf1de0203171283b53c\"},\"headline\":\"Events programme in Palma\",\"datePublished\":\"2019-03-21T12:22:18+00:00\",\"dateModified\":\"2019-04-01T08:27:07+00:00\",\"mainEntityOfPage\":{\"@id\":\"https:\/\/blog.protur-hotels.com\/en\/events-programme-in-palma\/\"},\"wordCount\":350,\"publisher\":{\"@id\":\"https:\/\/blog.protur-hotels.com\/#organization\"},\"image\":{\"@id\":\"https:\/\/blog.protur-hotels.com\/en\/events-programme-in-palma\/#primaryimage\"},\"thumbnailUrl\":\"https:\/\/blog.protur-hotels.com\/wp-content\/uploads\/2019\/03\/eventos-en-palma.jpg\",\"articleSection\":[\"Festes\",\"Fiestas\",\"Mallorca\",\"Naisa\",\"Protur Hotels\"],\"inLanguage\":\"en-GB\"},{\"@type\":\"WebPage\",\"@id\":\"https:\/\/blog.protur-hotels.com\/en\/events-programme-in-palma\/\",\"url\":\"https:\/\/blog.protur-hotels.com\/en\/events-programme-in-palma\/\",\"name\":\"Events programme in Palma - Blog Protur Hotels\",\"isPartOf\":{\"@id\":\"https:\/\/blog.protur-hotels.com\/#website\"},\"primaryImageOfPage\":{\"@id\":\"https:\/\/blog.protur-hotels.com\/en\/events-programme-in-palma\/#primaryimage\"},\"image\":{\"@id\":\"https:\/\/blog.protur-hotels.com\/en\/events-programme-in-palma\/#primaryimage\"},\"thumbnailUrl\":\"https:\/\/blog.protur-hotels.com\/wp-content\/uploads\/2019\/03\/eventos-en-palma.jpg\",\"datePublished\":\"2019-03-21T12:22:18+00:00\",\"dateModified\":\"2019-04-01T08:27:07+00:00\",\"description\":\"'FIRA DEL RAM' FUN FAIR From February 28th to April 28th, 2019 Located in the pol\u00edgono Son Fusteret, at the end of Eusebio Estada Street. 36th PALMA\",\"breadcrumb\":{\"@id\":\"https:\/\/blog.protur-hotels.com\/en\/events-programme-in-palma\/#breadcrumb\"},\"inLanguage\":\"en-GB\",\"potentialAction\":[{\"@type\":\"ReadAction\",\"target\":[\"https:\/\/blog.protur-hotels.com\/en\/events-programme-in-palma\/\"]}]},{\"@type\":\"ImageObject\",\"inLanguage\":\"en-GB\",\"@id\":\"https:\/\/blog.protur-hotels.com\/en\/events-programme-in-palma\/#primaryimage\",\"url\":\"https:\/\/blog.protur-hotels.com\/wp-content\/uploads\/2019\/03\/eventos-en-palma.jpg\",\"contentUrl\":\"https:\/\/blog.protur-hotels.com\/wp-content\/uploads\/2019\/03\/eventos-en-palma.jpg\",\"width\":1280,\"height\":854,\"caption\":\"eventos-en-palma\"},{\"@type\":\"BreadcrumbList\",\"@id\":\"https:\/\/blog.protur-hotels.com\/en\/events-programme-in-palma\/#breadcrumb\",\"itemListElement\":[{\"@type\":\"ListItem\",\"position\":1,\"name\":\"Portada\",\"item\":\"https:\/\/blog.protur-hotels.com\/\"},{\"@type\":\"ListItem\",\"position\":2,\"name\":\"Events programme in Palma\"}]},{\"@type\":\"WebSite\",\"@id\":\"https:\/\/blog.protur-hotels.com\/#website\",\"url\":\"https:\/\/blog.protur-hotels.com\/\",\"name\":\"Blog Protur Hotels\",\"description\":\"Un Blog para viajeros\",\"publisher\":{\"@id\":\"https:\/\/blog.protur-hotels.com\/#organization\"},\"potentialAction\":[{\"@type\":\"SearchAction\",\"target\":{\"@type\":\"EntryPoint\",\"urlTemplate\":\"https:\/\/blog.protur-hotels.com\/?s={search_term_string}\"},\"query-input\":{\"@type\":\"PropertyValueSpecification\",\"valueRequired\":true,\"valueName\":\"search_term_string\"}}],\"inLanguage\":\"en-GB\"},{\"@type\":\"Organization\",\"@id\":\"https:\/\/blog.protur-hotels.com\/#organization\",\"name\":\"Blog Protur Hotels\",\"url\":\"https:\/\/blog.protur-hotels.com\/\",\"logo\":{\"@type\":\"ImageObject\",\"inLanguage\":\"en-GB\",\"@id\":\"https:\/\/blog.protur-hotels.com\/#\/schema\/logo\/image\/\",\"url\":\"https:\/\/blog.protur-hotels.com\/wp-content\/uploads\/2020\/03\/blog-protur-hotels-mallorca.png\",\"contentUrl\":\"https:\/\/blog.protur-hotels.com\/wp-content\/uploads\/2020\/03\/blog-protur-hotels-mallorca.png\",\"width\":1422,\"height\":894,\"caption\":\"Blog Protur Hotels\"},\"image\":{\"@id\":\"https:\/\/blog.protur-hotels.com\/#\/schema\/logo\/image\/\"}},{\"@type\":\"Person\",\"@id\":\"https:\/\/blog.protur-hotels.com\/#\/schema\/person\/5e17ee757b097cf1de0203171283b53c\",\"name\":\"ivandomingo\"}]}<\/script>\n<!-- \/ Yoast SEO plugin. -->","yoast_head_json":{"title":"Events programme in Palma - Blog Protur Hotels","description":"'FIRA DEL RAM' FUN FAIR From February 28th to April 28th, 2019 Located in the pol\u00edgono Son Fusteret, at the end of Eusebio Estada Street. 36th PALMA","robots":{"index":"index","follow":"follow","max-snippet":"max-snippet:-1","max-image-preview":"max-image-preview:large","max-video-preview":"max-video-preview:-1"},"canonical":"https:\/\/blog.protur-hotels.com\/en\/events-programme-in-palma\/","og_locale":"en_GB","og_type":"article","og_title":"Events programme in Palma - Blog Protur Hotels","og_description":"'FIRA DEL RAM' FUN FAIR From February 28th to April 28th, 2019 Located in the pol\u00edgono Son Fusteret, at the end of Eusebio Estada Street. 36th PALMA","og_url":"https:\/\/blog.protur-hotels.com\/en\/events-programme-in-palma\/","og_site_name":"Blog Protur Hotels","article_published_time":"2019-03-21T12:22:18+00:00","article_modified_time":"2019-04-01T08:27:07+00:00","og_image":[{"width":1280,"height":854,"url":"https:\/\/blog.protur-hotels.com\/wp-content\/uploads\/2019\/03\/eventos-en-palma.jpg","type":"image\/jpeg"}],"author":"ivandomingo","twitter_card":"summary_large_image","twitter_misc":{"Written by":"ivandomingo","Estimated reading time":"2 minutes"},"schema":{"@context":"https:\/\/schema.org","@graph":[{"@type":"Article","@id":"https:\/\/blog.protur-hotels.com\/en\/events-programme-in-palma\/#article","isPartOf":{"@id":"https:\/\/blog.protur-hotels.com\/en\/events-programme-in-palma\/"},"author":{"name":"ivandomingo","@id":"https:\/\/blog.protur-hotels.com\/#\/schema\/person\/5e17ee757b097cf1de0203171283b53c"},"headline":"Events programme in Palma","datePublished":"2019-03-21T12:22:18+00:00","dateModified":"2019-04-01T08:27:07+00:00","mainEntityOfPage":{"@id":"https:\/\/blog.protur-hotels.com\/en\/events-programme-in-palma\/"},"wordCount":350,"publisher":{"@id":"https:\/\/blog.protur-hotels.com\/#organization"},"image":{"@id":"https:\/\/blog.protur-hotels.com\/en\/events-programme-in-palma\/#primaryimage"},"thumbnailUrl":"https:\/\/blog.protur-hotels.com\/wp-content\/uploads\/2019\/03\/eventos-en-palma.jpg","articleSection":["Festes","Fiestas","Mallorca","Naisa","Protur Hotels"],"inLanguage":"en-GB"},{"@type":"WebPage","@id":"https:\/\/blog.protur-hotels.com\/en\/events-programme-in-palma\/","url":"https:\/\/blog.protur-hotels.com\/en\/events-programme-in-palma\/","name":"Events programme in Palma - Blog Protur Hotels","isPartOf":{"@id":"https:\/\/blog.protur-hotels.com\/#website"},"primaryImageOfPage":{"@id":"https:\/\/blog.protur-hotels.com\/en\/events-programme-in-palma\/#primaryimage"},"image":{"@id":"https:\/\/blog.protur-hotels.com\/en\/events-programme-in-palma\/#primaryimage"},"thumbnailUrl":"https:\/\/blog.protur-hotels.com\/wp-content\/uploads\/2019\/03\/eventos-en-palma.jpg","datePublished":"2019-03-21T12:22:18+00:00","dateModified":"2019-04-01T08:27:07+00:00","description":"'FIRA DEL RAM' FUN FAIR From February 28th to April 28th, 2019 Located in the pol\u00edgono Son Fusteret, at the end of Eusebio Estada Street. 36th PALMA","breadcrumb":{"@id":"https:\/\/blog.protur-hotels.com\/en\/events-programme-in-palma\/#breadcrumb"},"inLanguage":"en-GB","potentialAction":[{"@type":"ReadAction","target":["https:\/\/blog.protur-hotels.com\/en\/events-programme-in-palma\/"]}]},{"@type":"ImageObject","inLanguage":"en-GB","@id":"https:\/\/blog.protur-hotels.com\/en\/events-programme-in-palma\/#primaryimage","url":"https:\/\/blog.protur-hotels.com\/wp-content\/uploads\/2019\/03\/eventos-en-palma.jpg","contentUrl":"https:\/\/blog.protur-hotels.com\/wp-content\/uploads\/2019\/03\/eventos-en-palma.jpg","width":1280,"height":854,"caption":"eventos-en-palma"},{"@type":"BreadcrumbList","@id":"https:\/\/blog.protur-hotels.com\/en\/events-programme-in-palma\/#breadcrumb","itemListElement":[{"@type":"ListItem","position":1,"name":"Portada","item":"https:\/\/blog.protur-hotels.com\/"},{"@type":"ListItem","position":2,"name":"Events programme in Palma"}]},{"@type":"WebSite","@id":"https:\/\/blog.protur-hotels.com\/#website","url":"https:\/\/blog.protur-hotels.com\/","name":"Blog Protur Hotels","description":"Un Blog para viajeros","publisher":{"@id":"https:\/\/blog.protur-hotels.com\/#organization"},"potentialAction":[{"@type":"SearchAction","target":{"@type":"EntryPoint","urlTemplate":"https:\/\/blog.protur-hotels.com\/?s={search_term_string}"},"query-input":{"@type":"PropertyValueSpecification","valueRequired":true,"valueName":"search_term_string"}}],"inLanguage":"en-GB"},{"@type":"Organization","@id":"https:\/\/blog.protur-hotels.com\/#organization","name":"Blog Protur Hotels","url":"https:\/\/blog.protur-hotels.com\/","logo":{"@type":"ImageObject","inLanguage":"en-GB","@id":"https:\/\/blog.protur-hotels.com\/#\/schema\/logo\/image\/","url":"https:\/\/blog.protur-hotels.com\/wp-content\/uploads\/2020\/03\/blog-protur-hotels-mallorca.png","contentUrl":"https:\/\/blog.protur-hotels.com\/wp-content\/uploads\/2020\/03\/blog-protur-hotels-mallorca.png","width":1422,"height":894,"caption":"Blog Protur Hotels"},"image":{"@id":"https:\/\/blog.protur-hotels.com\/#\/schema\/logo\/image\/"}},{"@type":"Person","@id":"https:\/\/blog.protur-hotels.com\/#\/schema\/person\/5e17ee757b097cf1de0203171283b53c","name":"ivandomingo"}]}},"_links":{"self":[{"href":"https:\/\/blog.protur-hotels.com\/en\/wp-json\/wp\/v2\/posts\/4453","targetHints":{"allow":["GET"]}}],"collection":[{"href":"https:\/\/blog.protur-hotels.com\/en\/wp-json\/wp\/v2\/posts"}],"about":[{"href":"https:\/\/blog.protur-hotels.com\/en\/wp-json\/wp\/v2\/types\/post"}],"author":[{"embeddable":true,"href":"https:\/\/blog.protur-hotels.com\/en\/wp-json\/wp\/v2\/users\/1"}],"replies":[{"embeddable":true,"href":"https:\/\/blog.protur-hotels.com\/en\/wp-json\/wp\/v2\/comments?post=4453"}],"version-history":[{"count":0,"href":"https:\/\/blog.protur-hotels.com\/en\/wp-json\/wp\/v2\/posts\/4453\/revisions"}],"wp:featuredmedia":[{"embeddable":true,"href":"https:\/\/blog.protur-hotels.com\/en\/wp-json\/wp\/v2\/media\/4446"}],"wp:attachment":[{"href":"https:\/\/blog.protur-hotels.com\/en\/wp-json\/wp\/v2\/media?parent=4453"}],"wp:term":[{"taxonomy":"category","embeddable":true,"href":"https:\/\/blog.protur-hotels.com\/en\/wp-json\/wp\/v2\/categories?post=4453"},{"taxonomy":"post_tag","embeddable":true,"href":"https:\/\/blog.protur-hotels.com\/en\/wp-json\/wp\/v2\/tags?post=4453"}],"curies":[{"name":"wp","href":"https:\/\/api.w.org\/{rel}","templated":true}]}}