{"id":4544,"date":"2019-11-26T15:25:30","date_gmt":"2019-11-26T15:25:30","guid":{"rendered":"https:\/\/blog.protur-hotels.com\/en\/?p=4544"},"modified":"2019-11-26T15:25:30","modified_gmt":"2019-11-26T15:25:30","slug":"protur-hotels-opening-dates-2020","status":"publish","type":"post","link":"https:\/\/blog.protur-hotels.com\/en\/protur-hotels-opening-dates-2020\/","title":{"rendered":"Protur Hotels Opening Dates 2020"},"content":{"rendered":"<p>Protur Hotels Opening Dates 2020<\/p>\n<p>Opening dates for this coming<strong> 2020 season<\/strong> in our hotels, aparthotels &amp; apartments in Majorca &amp; Almer\u00eda.<\/p>\n<p>During the whole year you can enjoy a visit to our new P<strong>rotur Naisa Palma Hotel <\/strong><strong>and also the <\/strong><strong> Residencia Son Floriana. <\/strong> Two different concepts &#8230; each with its own individual charm.<\/p>\n<p>The first to re-open its doors, as usual, is the <strong>Protur Bonaire Aparthotel<\/strong> in Cala Bona (bookable via TUI.UK) followed by our adult only hotels in <strong>Cala Bona <\/strong><strong>&amp;<\/strong><strong> Cala Millor,. <\/strong><\/p>\n<p><strong>For <\/strong> <strong>Easter <\/strong> we will also be offering our hotels in Sa Coma ; <strong>Protur Sa Coma Playa hotel &amp; Spa**** <\/strong><strong>and <\/strong><strong> Protur Biomar Gran Hotel &amp; Spa ***** <\/strong>.-<\/p>\n<p><strong>And finally in<\/strong><strong> May&#8230;.<\/strong><strong>we\u2019ll be opening all the rest. <\/strong>Below you can find a list of all opening dates:<\/p>\n<p><strong>Almer\u00eda,<\/strong><\/p>\n<p><strong>Roquetas de Mar:<\/strong><\/p>\n<p>Protur Roquetas Hotel &amp; Spa .26,04.20<\/p>\n<p><strong>Majorca,<\/strong><\/p>\n<p><strong><br \/>\nSa Coma<\/strong><\/p>\n<p>Protur Biomar Gran Hotel &amp; Spa 08.03.20<\/p>\n<p>Protur Sa Coma Playa Hotel &amp; Spa 03.04.20<\/p>\n<p>Protur Vista Bad\u00eda Aparthotel 01.05.20<\/p>\n<p>Protur Bad\u00eda Park Aparthotel 01.05.20<\/p>\n<p>Protur Safari Park Aparthotel 01.05.20<\/p>\n<p>Protur Palmeras Playa Hotel 01.05.20<\/p>\n<p><strong>Cala Millor:<\/strong><\/p>\n<p>Protur Monte Safari Aparthotel 01.05.20<\/p>\n<p>Protur Bonamar Hotel 24.03.20<\/p>\n<p>Protur Playa Cala Millor Hotel 17.03.20<br \/>\nProtur Atalaya Apartments 18.12.20 (cerrado del 19.01 al 02.04.20)<\/p>\n<p><strong>Cala Bona:<\/strong><\/p>\n<p>Protur Bonaire Aparthotel 03.03.20<\/p>\n<p>Protur Alicia Hotel 20.03.20<\/p>\n<p>Protur Floriana Aparthotel 01.05.20<\/p>\n<p>Protur Bahia Azul Apartments 01.05.20<\/p>\n<p><strong>Cala Ratjada:<\/strong><\/p>\n<p>Protur Tur\u00f3 Pins Hotel 01.05.20<\/p>\n<p>Look forward to welcoming you back in 2020!<br \/>\n*Dates may vary without prior notice.<\/p>\n<p>The new <a href=\"https:\/\/html-cleaner.com\/css\/\">CSS cleaner<\/a> allows you to organize your style sheets.<\/p>\n","protected":false},"excerpt":{"rendered":"<p>Protur Hotels Opening Dates 2020 Opening dates for this coming 2020 season in our hotels, aparthotels &amp; apartments in Majorca &amp; Almer\u00eda. During the whole year you can enjoy a&hellip;<\/p>\n","protected":false},"author":3,"featured_media":4537,"comment_status":"closed","ping_status":"open","sticky":false,"template":"","format":"standard","meta":{"_lmt_disableupdate":"","_lmt_disable":"","footnotes":""},"categories":[26,1060,95],"tags":[207,266,282],"class_list":["post-4544","post","type-post","status-publish","format-standard","has-post-thumbnail","hentry","category-almeria-en","category-mallorca-en-2","category-protur-hotels-en","tag-holidays-en","tag-summer","tag-travelling"],"yoast_head":"<!-- This site is optimized with the Yoast SEO plugin v26.6 - https:\/\/yoast.com\/wordpress\/plugins\/seo\/ -->\n<title>Protur Hotels Opening Dates 2020 - Blog Protur Hotels<\/title>\n<meta name=\"description\" content=\"Protur Hotels Opening Dates 2020 Opening dates for this coming 2020 season in our hotels, aparthotels &amp; apartments in Majorca &amp; Almer\u00eda.\" \/>\n<meta name=\"robots\" content=\"index, follow, max-snippet:-1, max-image-preview:large, max-video-preview:-1\" \/>\n<link rel=\"canonical\" href=\"https:\/\/blog.protur-hotels.com\/en\/protur-hotels-opening-dates-2020\/\" \/>\n<meta property=\"og:locale\" content=\"en_GB\" \/>\n<meta property=\"og:type\" content=\"article\" \/>\n<meta property=\"og:title\" content=\"Protur Hotels Opening Dates 2020 - Blog Protur Hotels\" \/>\n<meta property=\"og:description\" content=\"Protur Hotels Opening Dates 2020 Opening dates for this coming 2020 season in our hotels, aparthotels &amp; apartments in Majorca &amp; Almer\u00eda.\" \/>\n<meta property=\"og:url\" content=\"https:\/\/blog.protur-hotels.com\/en\/protur-hotels-opening-dates-2020\/\" \/>\n<meta property=\"og:site_name\" content=\"Blog Protur Hotels\" \/>\n<meta property=\"article:published_time\" content=\"2019-11-26T15:25:30+00:00\" \/>\n<meta property=\"og:image\" content=\"https:\/\/blog.protur-hotels.com\/wp-content\/uploads\/2019\/11\/apertura-2020-proturhotels.png\" \/>\n\t<meta property=\"og:image:width\" content=\"800\" \/>\n\t<meta property=\"og:image:height\" content=\"650\" \/>\n\t<meta property=\"og:image:type\" content=\"image\/png\" \/>\n<meta name=\"author\" content=\"Protur Hotels\" \/>\n<meta name=\"twitter:card\" content=\"summary_large_image\" \/>\n<meta name=\"twitter:label1\" content=\"Written by\" \/>\n\t<meta name=\"twitter:data1\" content=\"Protur Hotels\" \/>\n\t<meta name=\"twitter:label2\" content=\"Estimated reading time\" \/>\n\t<meta name=\"twitter:data2\" content=\"1 minute\" \/>\n<script type=\"application\/ld+json\" class=\"yoast-schema-graph\">{\"@context\":\"https:\/\/schema.org\",\"@graph\":[{\"@type\":\"Article\",\"@id\":\"https:\/\/blog.protur-hotels.com\/en\/protur-hotels-opening-dates-2020\/#article\",\"isPartOf\":{\"@id\":\"https:\/\/blog.protur-hotels.com\/en\/protur-hotels-opening-dates-2020\/\"},\"author\":{\"name\":\"Protur Hotels\",\"@id\":\"https:\/\/blog.protur-hotels.com\/#\/schema\/person\/6eac7ca6e9a32baa4716fdd5d7358326\"},\"headline\":\"Protur Hotels Opening Dates 2020\",\"datePublished\":\"2019-11-26T15:25:30+00:00\",\"mainEntityOfPage\":{\"@id\":\"https:\/\/blog.protur-hotels.com\/en\/protur-hotels-opening-dates-2020\/\"},\"wordCount\":245,\"publisher\":{\"@id\":\"https:\/\/blog.protur-hotels.com\/#organization\"},\"image\":{\"@id\":\"https:\/\/blog.protur-hotels.com\/en\/protur-hotels-opening-dates-2020\/#primaryimage\"},\"thumbnailUrl\":\"https:\/\/blog.protur-hotels.com\/wp-content\/uploads\/2019\/11\/apertura-2020-proturhotels.png\",\"keywords\":[\"Holidays\",\"Summer\",\"Travelling\"],\"articleSection\":[\"Almer\u00eda\",\"Mallorca\",\"Protur Hotels\"],\"inLanguage\":\"en-GB\"},{\"@type\":\"WebPage\",\"@id\":\"https:\/\/blog.protur-hotels.com\/en\/protur-hotels-opening-dates-2020\/\",\"url\":\"https:\/\/blog.protur-hotels.com\/en\/protur-hotels-opening-dates-2020\/\",\"name\":\"Protur Hotels Opening Dates 2020 - Blog Protur Hotels\",\"isPartOf\":{\"@id\":\"https:\/\/blog.protur-hotels.com\/#website\"},\"primaryImageOfPage\":{\"@id\":\"https:\/\/blog.protur-hotels.com\/en\/protur-hotels-opening-dates-2020\/#primaryimage\"},\"image\":{\"@id\":\"https:\/\/blog.protur-hotels.com\/en\/protur-hotels-opening-dates-2020\/#primaryimage\"},\"thumbnailUrl\":\"https:\/\/blog.protur-hotels.com\/wp-content\/uploads\/2019\/11\/apertura-2020-proturhotels.png\",\"datePublished\":\"2019-11-26T15:25:30+00:00\",\"description\":\"Protur Hotels Opening Dates 2020 Opening dates for this coming 2020 season in our hotels, aparthotels & apartments in Majorca & Almer\u00eda.\",\"breadcrumb\":{\"@id\":\"https:\/\/blog.protur-hotels.com\/en\/protur-hotels-opening-dates-2020\/#breadcrumb\"},\"inLanguage\":\"en-GB\",\"potentialAction\":[{\"@type\":\"ReadAction\",\"target\":[\"https:\/\/blog.protur-hotels.com\/en\/protur-hotels-opening-dates-2020\/\"]}]},{\"@type\":\"ImageObject\",\"inLanguage\":\"en-GB\",\"@id\":\"https:\/\/blog.protur-hotels.com\/en\/protur-hotels-opening-dates-2020\/#primaryimage\",\"url\":\"https:\/\/blog.protur-hotels.com\/wp-content\/uploads\/2019\/11\/apertura-2020-proturhotels.png\",\"contentUrl\":\"https:\/\/blog.protur-hotels.com\/wp-content\/uploads\/2019\/11\/apertura-2020-proturhotels.png\",\"width\":800,\"height\":650,\"caption\":\"Protur Hotels Opening Dates 2020 Ouverture 2020 Protur Hotels Opening dates for this coming 2020 season in our hotels, aparthotels & apartments in Majorca & Almer\u00eda.Apertura 2020 Protur Hotels obertura \u00d6ffnungen 2020 Protur Hotels \u00d6ffnungen in der n\u00e4chsten Saison 2020 unserer Hotels, Aparthotels und Apartments auf Mallorca und in Almer\u00eda.\"},{\"@type\":\"BreadcrumbList\",\"@id\":\"https:\/\/blog.protur-hotels.com\/en\/protur-hotels-opening-dates-2020\/#breadcrumb\",\"itemListElement\":[{\"@type\":\"ListItem\",\"position\":1,\"name\":\"Portada\",\"item\":\"https:\/\/blog.protur-hotels.com\/\"},{\"@type\":\"ListItem\",\"position\":2,\"name\":\"Protur Hotels Opening Dates 2020\"}]},{\"@type\":\"WebSite\",\"@id\":\"https:\/\/blog.protur-hotels.com\/#website\",\"url\":\"https:\/\/blog.protur-hotels.com\/\",\"name\":\"Blog Protur Hotels\",\"description\":\"Un Blog para viajeros\",\"publisher\":{\"@id\":\"https:\/\/blog.protur-hotels.com\/#organization\"},\"potentialAction\":[{\"@type\":\"SearchAction\",\"target\":{\"@type\":\"EntryPoint\",\"urlTemplate\":\"https:\/\/blog.protur-hotels.com\/?s={search_term_string}\"},\"query-input\":{\"@type\":\"PropertyValueSpecification\",\"valueRequired\":true,\"valueName\":\"search_term_string\"}}],\"inLanguage\":\"en-GB\"},{\"@type\":\"Organization\",\"@id\":\"https:\/\/blog.protur-hotels.com\/#organization\",\"name\":\"Blog Protur Hotels\",\"url\":\"https:\/\/blog.protur-hotels.com\/\",\"logo\":{\"@type\":\"ImageObject\",\"inLanguage\":\"en-GB\",\"@id\":\"https:\/\/blog.protur-hotels.com\/#\/schema\/logo\/image\/\",\"url\":\"https:\/\/blog.protur-hotels.com\/wp-content\/uploads\/2020\/03\/blog-protur-hotels-mallorca.png\",\"contentUrl\":\"https:\/\/blog.protur-hotels.com\/wp-content\/uploads\/2020\/03\/blog-protur-hotels-mallorca.png\",\"width\":1422,\"height\":894,\"caption\":\"Blog Protur Hotels\"},\"image\":{\"@id\":\"https:\/\/blog.protur-hotels.com\/#\/schema\/logo\/image\/\"}},{\"@type\":\"Person\",\"@id\":\"https:\/\/blog.protur-hotels.com\/#\/schema\/person\/6eac7ca6e9a32baa4716fdd5d7358326\",\"name\":\"Protur Hotels\"}]}<\/script>\n<!-- \/ Yoast SEO plugin. -->","yoast_head_json":{"title":"Protur Hotels Opening Dates 2020 - Blog Protur Hotels","description":"Protur Hotels Opening Dates 2020 Opening dates for this coming 2020 season in our hotels, aparthotels & apartments in Majorca & Almer\u00eda.","robots":{"index":"index","follow":"follow","max-snippet":"max-snippet:-1","max-image-preview":"max-image-preview:large","max-video-preview":"max-video-preview:-1"},"canonical":"https:\/\/blog.protur-hotels.com\/en\/protur-hotels-opening-dates-2020\/","og_locale":"en_GB","og_type":"article","og_title":"Protur Hotels Opening Dates 2020 - Blog Protur Hotels","og_description":"Protur Hotels Opening Dates 2020 Opening dates for this coming 2020 season in our hotels, aparthotels & apartments in Majorca & Almer\u00eda.","og_url":"https:\/\/blog.protur-hotels.com\/en\/protur-hotels-opening-dates-2020\/","og_site_name":"Blog Protur Hotels","article_published_time":"2019-11-26T15:25:30+00:00","og_image":[{"width":800,"height":650,"url":"https:\/\/blog.protur-hotels.com\/wp-content\/uploads\/2019\/11\/apertura-2020-proturhotels.png","type":"image\/png"}],"author":"Protur Hotels","twitter_card":"summary_large_image","twitter_misc":{"Written by":"Protur Hotels","Estimated reading time":"1 minute"},"schema":{"@context":"https:\/\/schema.org","@graph":[{"@type":"Article","@id":"https:\/\/blog.protur-hotels.com\/en\/protur-hotels-opening-dates-2020\/#article","isPartOf":{"@id":"https:\/\/blog.protur-hotels.com\/en\/protur-hotels-opening-dates-2020\/"},"author":{"name":"Protur Hotels","@id":"https:\/\/blog.protur-hotels.com\/#\/schema\/person\/6eac7ca6e9a32baa4716fdd5d7358326"},"headline":"Protur Hotels Opening Dates 2020","datePublished":"2019-11-26T15:25:30+00:00","mainEntityOfPage":{"@id":"https:\/\/blog.protur-hotels.com\/en\/protur-hotels-opening-dates-2020\/"},"wordCount":245,"publisher":{"@id":"https:\/\/blog.protur-hotels.com\/#organization"},"image":{"@id":"https:\/\/blog.protur-hotels.com\/en\/protur-hotels-opening-dates-2020\/#primaryimage"},"thumbnailUrl":"https:\/\/blog.protur-hotels.com\/wp-content\/uploads\/2019\/11\/apertura-2020-proturhotels.png","keywords":["Holidays","Summer","Travelling"],"articleSection":["Almer\u00eda","Mallorca","Protur Hotels"],"inLanguage":"en-GB"},{"@type":"WebPage","@id":"https:\/\/blog.protur-hotels.com\/en\/protur-hotels-opening-dates-2020\/","url":"https:\/\/blog.protur-hotels.com\/en\/protur-hotels-opening-dates-2020\/","name":"Protur Hotels Opening Dates 2020 - Blog Protur Hotels","isPartOf":{"@id":"https:\/\/blog.protur-hotels.com\/#website"},"primaryImageOfPage":{"@id":"https:\/\/blog.protur-hotels.com\/en\/protur-hotels-opening-dates-2020\/#primaryimage"},"image":{"@id":"https:\/\/blog.protur-hotels.com\/en\/protur-hotels-opening-dates-2020\/#primaryimage"},"thumbnailUrl":"https:\/\/blog.protur-hotels.com\/wp-content\/uploads\/2019\/11\/apertura-2020-proturhotels.png","datePublished":"2019-11-26T15:25:30+00:00","description":"Protur Hotels Opening Dates 2020 Opening dates for this coming 2020 season in our hotels, aparthotels & apartments in Majorca & Almer\u00eda.","breadcrumb":{"@id":"https:\/\/blog.protur-hotels.com\/en\/protur-hotels-opening-dates-2020\/#breadcrumb"},"inLanguage":"en-GB","potentialAction":[{"@type":"ReadAction","target":["https:\/\/blog.protur-hotels.com\/en\/protur-hotels-opening-dates-2020\/"]}]},{"@type":"ImageObject","inLanguage":"en-GB","@id":"https:\/\/blog.protur-hotels.com\/en\/protur-hotels-opening-dates-2020\/#primaryimage","url":"https:\/\/blog.protur-hotels.com\/wp-content\/uploads\/2019\/11\/apertura-2020-proturhotels.png","contentUrl":"https:\/\/blog.protur-hotels.com\/wp-content\/uploads\/2019\/11\/apertura-2020-proturhotels.png","width":800,"height":650,"caption":"Protur Hotels Opening Dates 2020 Ouverture 2020 Protur Hotels Opening dates for this coming 2020 season in our hotels, aparthotels & apartments in Majorca & Almer\u00eda.Apertura 2020 Protur Hotels obertura \u00d6ffnungen 2020 Protur Hotels \u00d6ffnungen in der n\u00e4chsten Saison 2020 unserer Hotels, Aparthotels und Apartments auf Mallorca und in Almer\u00eda."},{"@type":"BreadcrumbList","@id":"https:\/\/blog.protur-hotels.com\/en\/protur-hotels-opening-dates-2020\/#breadcrumb","itemListElement":[{"@type":"ListItem","position":1,"name":"Portada","item":"https:\/\/blog.protur-hotels.com\/"},{"@type":"ListItem","position":2,"name":"Protur Hotels Opening Dates 2020"}]},{"@type":"WebSite","@id":"https:\/\/blog.protur-hotels.com\/#website","url":"https:\/\/blog.protur-hotels.com\/","name":"Blog Protur Hotels","description":"Un Blog para viajeros","publisher":{"@id":"https:\/\/blog.protur-hotels.com\/#organization"},"potentialAction":[{"@type":"SearchAction","target":{"@type":"EntryPoint","urlTemplate":"https:\/\/blog.protur-hotels.com\/?s={search_term_string}"},"query-input":{"@type":"PropertyValueSpecification","valueRequired":true,"valueName":"search_term_string"}}],"inLanguage":"en-GB"},{"@type":"Organization","@id":"https:\/\/blog.protur-hotels.com\/#organization","name":"Blog Protur Hotels","url":"https:\/\/blog.protur-hotels.com\/","logo":{"@type":"ImageObject","inLanguage":"en-GB","@id":"https:\/\/blog.protur-hotels.com\/#\/schema\/logo\/image\/","url":"https:\/\/blog.protur-hotels.com\/wp-content\/uploads\/2020\/03\/blog-protur-hotels-mallorca.png","contentUrl":"https:\/\/blog.protur-hotels.com\/wp-content\/uploads\/2020\/03\/blog-protur-hotels-mallorca.png","width":1422,"height":894,"caption":"Blog Protur Hotels"},"image":{"@id":"https:\/\/blog.protur-hotels.com\/#\/schema\/logo\/image\/"}},{"@type":"Person","@id":"https:\/\/blog.protur-hotels.com\/#\/schema\/person\/6eac7ca6e9a32baa4716fdd5d7358326","name":"Protur Hotels"}]}},"_links":{"self":[{"href":"https:\/\/blog.protur-hotels.com\/en\/wp-json\/wp\/v2\/posts\/4544","targetHints":{"allow":["GET"]}}],"collection":[{"href":"https:\/\/blog.protur-hotels.com\/en\/wp-json\/wp\/v2\/posts"}],"about":[{"href":"https:\/\/blog.protur-hotels.com\/en\/wp-json\/wp\/v2\/types\/post"}],"author":[{"embeddable":true,"href":"https:\/\/blog.protur-hotels.com\/en\/wp-json\/wp\/v2\/users\/3"}],"replies":[{"embeddable":true,"href":"https:\/\/blog.protur-hotels.com\/en\/wp-json\/wp\/v2\/comments?post=4544"}],"version-history":[{"count":0,"href":"https:\/\/blog.protur-hotels.com\/en\/wp-json\/wp\/v2\/posts\/4544\/revisions"}],"wp:featuredmedia":[{"embeddable":true,"href":"https:\/\/blog.protur-hotels.com\/en\/wp-json\/wp\/v2\/media\/4537"}],"wp:attachment":[{"href":"https:\/\/blog.protur-hotels.com\/en\/wp-json\/wp\/v2\/media?parent=4544"}],"wp:term":[{"taxonomy":"category","embeddable":true,"href":"https:\/\/blog.protur-hotels.com\/en\/wp-json\/wp\/v2\/categories?post=4544"},{"taxonomy":"post_tag","embeddable":true,"href":"https:\/\/blog.protur-hotels.com\/en\/wp-json\/wp\/v2\/tags?post=4544"}],"curies":[{"name":"wp","href":"https:\/\/api.w.org\/{rel}","templated":true}]}}