{"id":1037,"date":"2015-08-17T00:00:00","date_gmt":"2015-08-17T00:00:00","guid":{"rendered":"https:\/\/blog.protur-hotels.com\/hotels-dedies-a-votre-bien-etre\/"},"modified":"2016-02-28T21:50:29","modified_gmt":"2016-02-28T21:50:29","slug":"hotels-dedies-a-votre-bien-etre-2","status":"publish","type":"post","link":"https:\/\/blog.protur-hotels.com\/fr\/hotels-dedies-a-votre-bien-etre-2\/","title":{"rendered":"H\u00f4tels d\u00e9di\u00e9s \u00e0 votre bien-\u00eatre"},"content":{"rendered":"<p>On y est ! Cette \u00e9poque de l\u2019ann\u00e9e id\u00e9ale pour une escapade de sant\u00e9 et bien-\u00eatre est enfin arriv\u00e9e. Non, pas d\u2019excuses de temps ou d\u2019argent : il suffit d\u2019un week-end et d\u2019un petit jour f\u00e9ri\u00e9 pour s\u2019\u00e9chapper de la routine quotidienne. Et vous savez quoi ? En r\u00e9servant d\u00e8s maintenant un h\u00f4tel bien-\u00eatre avec Protur Hotels, vous profiterez d\u2019offres exclusives et \u00e9conomiques. Alors comme on le disait, pas d\u2019excuses !<\/p>\n<p>Parmi notre collection de resorts, vous pourrez choisir entre nos h\u00f4tels d\u00e9di\u00e9s \u00e0 la sant\u00e9 et au bien-\u00eatre \u00e0 Majorque et Almer\u00eda, deux des meilleures destinations pour \u00e9chapper \u00e0 la routine, prendre du temps pour soi, et profiter de l\u2019air m\u00e9diterran\u00e9en.<\/p>\n<p>\u00c0 Majorque, nos meilleurs h\u00f4tels spa \u00e0 Sa Coma, Cala Millor et Cala Ratjada, avec leurs installations de derni\u00e8re g\u00e9n\u00e9ration et un personnel sp\u00e9cialis\u00e9, vous apporteront tous types de soins de beaut\u00e9 et de relaxation sur mesure. Les h\u00f4tels les plus complets sont le Protur Biomar Gran Hotel &amp; Spa et le Protur Sa Coma Playa Hotel &amp; Spa, avec pas moins de 3 500 m2 au service de votre bien-\u00eatre et de l\u2019\u00e9quilibre de votre corps et de votre esprit.<\/p>\n<p>Parmi les grands h\u00f4tels spa \u00e0 Majorque, le Monte Safari situ\u00e9 \u00e0 Cala Millor, propose l\u2019acc\u00e8s au circuit hydrothermal inclus avec l\u2019h\u00e9bergement. Vous y trouverez les soins exclusifs qui vous feront oublier tout le stress accumul\u00e9 et recharger vos batteries pour commencer l\u2019\u00e9t\u00e9 avec le plein d&rsquo;\u00e9nergie et de vitalit\u00e9.<\/p>\n<p>Et pour terminer, toujours \u00e0 Majorque, le Biomar Spa Tur\u00f3, situ\u00e9 dans la localit\u00e9 de Cala Ratjada, une destination qui combine \u00e0 la perfection sant\u00e9, repos et divertissement dans un cadre idyllique, entour\u00e9 d\u2019une splendide pin\u00e8de m\u00e9diterran\u00e9enne et bord\u00e9 d\u2019une plage magnifique aux eaux turquoise.<\/p>\n<p>\u00c0 Almer\u00eda, notre h\u00f4tel spa de luxe \u00e0 Roquetas de Mar vous attend dans son centre de bien-\u00eatre comme il y en a peu, avec circuit hydrothermal dont Jacuzzi, bains de vapeur, sauna, jets d\u2019eau et cabines de massages, espace d\u00e9tente\u2026 Un v\u00e9ritable h\u00f4tel 5 \u00e9toiles pour vous faire vivre une exp\u00e9rience inoubliable.<\/p>\n<p>D\u00e9couvrez le vrai sens des vacances bien-\u00eatre avec Protur Hotels.<\/p>\n","protected":false},"excerpt":{"rendered":"<p>n y est ! Cette \u00e9poque de l\u2019ann\u00e9e id\u00e9ale pour une escapade de sant\u00e9 et bien-\u00eatre est enfin arriv\u00e9e. Non, pas d\u2019excuses de temps ou d\u2019argent<\/p>\n","protected":false},"author":3,"featured_media":1182,"comment_status":"open","ping_status":"open","sticky":false,"template":"","format":"standard","meta":{"_lmt_disableupdate":"","_lmt_disable":"","footnotes":""},"categories":[28,113,117,122,125],"tags":[],"class_list":["post-1037","post","type-post","status-publish","format-standard","has-post-thumbnail","hentry","category-almeria-fr","category-biomar-fr","category-mallorca-fr","category-protur-hotels-fr","category-spa-fr"],"yoast_head":"<!-- This site is optimized with the Yoast SEO plugin v26.6 - https:\/\/yoast.com\/wordpress\/plugins\/seo\/ -->\n<title>H\u00f4tels d\u00e9di\u00e9s \u00e0 votre bien-\u00eatre - Blog Protur Hotels<\/title>\n<meta name=\"description\" content=\"On y est ! Cette \u00e9poque de l\u2019ann\u00e9e id\u00e9ale pour une escapade de sant\u00e9 et\u00a0bien-\u00eatre\u00a0est enfin arriv\u00e9e. Non, pas d\u2019excuses de temps ou d\u2019argent\u00a0\" \/>\n<meta name=\"robots\" content=\"index, follow, max-snippet:-1, max-image-preview:large, max-video-preview:-1\" \/>\n<link rel=\"canonical\" href=\"https:\/\/blog.protur-hotels.com\/fr\/hotels-dedies-a-votre-bien-etre-2\/\" \/>\n<meta property=\"og:locale\" content=\"fr_FR\" \/>\n<meta property=\"og:type\" content=\"article\" \/>\n<meta property=\"og:title\" content=\"H\u00f4tels d\u00e9di\u00e9s \u00e0 votre bien-\u00eatre - Blog Protur Hotels\" \/>\n<meta property=\"og:description\" content=\"On y est ! Cette \u00e9poque de l\u2019ann\u00e9e id\u00e9ale pour une escapade de sant\u00e9 et\u00a0bien-\u00eatre\u00a0est enfin arriv\u00e9e. Non, pas d\u2019excuses de temps ou d\u2019argent\u00a0\" \/>\n<meta property=\"og:url\" content=\"https:\/\/blog.protur-hotels.com\/fr\/hotels-dedies-a-votre-bien-etre-2\/\" \/>\n<meta property=\"og:site_name\" content=\"Blog Protur Hotels\" \/>\n<meta property=\"article:published_time\" content=\"2015-08-17T00:00:00+00:00\" \/>\n<meta property=\"article:modified_time\" content=\"2016-02-28T21:50:29+00:00\" \/>\n<meta property=\"og:image\" content=\"https:\/\/blog.protur-hotels.com\/wp-content\/uploads\/2015\/08\/Hoteles-especializados-en-su-bienestar.jpg\" \/>\n\t<meta property=\"og:image:width\" content=\"800\" \/>\n\t<meta property=\"og:image:height\" content=\"624\" \/>\n\t<meta property=\"og:image:type\" content=\"image\/jpeg\" \/>\n<meta name=\"author\" content=\"Protur Hotels\" \/>\n<meta name=\"twitter:card\" content=\"summary_large_image\" \/>\n<meta name=\"twitter:label1\" content=\"\u00c9crit par\" \/>\n\t<meta name=\"twitter:data1\" content=\"Protur Hotels\" \/>\n\t<meta name=\"twitter:label2\" content=\"Dur\u00e9e de lecture estim\u00e9e\" \/>\n\t<meta name=\"twitter:data2\" content=\"2 minutes\" \/>\n<script type=\"application\/ld+json\" class=\"yoast-schema-graph\">{\"@context\":\"https:\/\/schema.org\",\"@graph\":[{\"@type\":\"Article\",\"@id\":\"https:\/\/blog.protur-hotels.com\/fr\/hotels-dedies-a-votre-bien-etre-2\/#article\",\"isPartOf\":{\"@id\":\"https:\/\/blog.protur-hotels.com\/fr\/hotels-dedies-a-votre-bien-etre-2\/\"},\"author\":{\"name\":\"Protur Hotels\",\"@id\":\"https:\/\/blog.protur-hotels.com\/#\/schema\/person\/6eac7ca6e9a32baa4716fdd5d7358326\"},\"headline\":\"H\u00f4tels d\u00e9di\u00e9s \u00e0 votre bien-\u00eatre\",\"datePublished\":\"2015-08-17T00:00:00+00:00\",\"dateModified\":\"2016-02-28T21:50:29+00:00\",\"mainEntityOfPage\":{\"@id\":\"https:\/\/blog.protur-hotels.com\/fr\/hotels-dedies-a-votre-bien-etre-2\/\"},\"wordCount\":396,\"commentCount\":0,\"publisher\":{\"@id\":\"https:\/\/blog.protur-hotels.com\/#organization\"},\"image\":{\"@id\":\"https:\/\/blog.protur-hotels.com\/fr\/hotels-dedies-a-votre-bien-etre-2\/#primaryimage\"},\"thumbnailUrl\":\"https:\/\/blog.protur-hotels.com\/wp-content\/uploads\/2015\/08\/Hoteles-especializados-en-su-bienestar.jpg\",\"articleSection\":[\"Almer\u00eda\",\"Biomar\",\"Majorque\",\"Protur Hotels\",\"Spa\"],\"inLanguage\":\"fr-FR\"},{\"@type\":\"WebPage\",\"@id\":\"https:\/\/blog.protur-hotels.com\/fr\/hotels-dedies-a-votre-bien-etre-2\/\",\"url\":\"https:\/\/blog.protur-hotels.com\/fr\/hotels-dedies-a-votre-bien-etre-2\/\",\"name\":\"H\u00f4tels d\u00e9di\u00e9s \u00e0 votre bien-\u00eatre - Blog Protur Hotels\",\"isPartOf\":{\"@id\":\"https:\/\/blog.protur-hotels.com\/#website\"},\"primaryImageOfPage\":{\"@id\":\"https:\/\/blog.protur-hotels.com\/fr\/hotels-dedies-a-votre-bien-etre-2\/#primaryimage\"},\"image\":{\"@id\":\"https:\/\/blog.protur-hotels.com\/fr\/hotels-dedies-a-votre-bien-etre-2\/#primaryimage\"},\"thumbnailUrl\":\"https:\/\/blog.protur-hotels.com\/wp-content\/uploads\/2015\/08\/Hoteles-especializados-en-su-bienestar.jpg\",\"datePublished\":\"2015-08-17T00:00:00+00:00\",\"dateModified\":\"2016-02-28T21:50:29+00:00\",\"description\":\"On y est ! Cette \u00e9poque de l\u2019ann\u00e9e id\u00e9ale pour une escapade de sant\u00e9 et\u00a0bien-\u00eatre\u00a0est enfin arriv\u00e9e. Non, pas d\u2019excuses de temps ou d\u2019argent\u00a0\",\"breadcrumb\":{\"@id\":\"https:\/\/blog.protur-hotels.com\/fr\/hotels-dedies-a-votre-bien-etre-2\/#breadcrumb\"},\"inLanguage\":\"fr-FR\",\"potentialAction\":[{\"@type\":\"ReadAction\",\"target\":[\"https:\/\/blog.protur-hotels.com\/fr\/hotels-dedies-a-votre-bien-etre-2\/\"]}]},{\"@type\":\"ImageObject\",\"inLanguage\":\"fr-FR\",\"@id\":\"https:\/\/blog.protur-hotels.com\/fr\/hotels-dedies-a-votre-bien-etre-2\/#primaryimage\",\"url\":\"https:\/\/blog.protur-hotels.com\/wp-content\/uploads\/2015\/08\/Hoteles-especializados-en-su-bienestar.jpg\",\"contentUrl\":\"https:\/\/blog.protur-hotels.com\/wp-content\/uploads\/2015\/08\/Hoteles-especializados-en-su-bienestar.jpg\",\"width\":800,\"height\":624,\"caption\":\"Hoteles especializados en su bienestar Protur Hotels\"},{\"@type\":\"BreadcrumbList\",\"@id\":\"https:\/\/blog.protur-hotels.com\/fr\/hotels-dedies-a-votre-bien-etre-2\/#breadcrumb\",\"itemListElement\":[{\"@type\":\"ListItem\",\"position\":1,\"name\":\"Portada\",\"item\":\"https:\/\/blog.protur-hotels.com\/\"},{\"@type\":\"ListItem\",\"position\":2,\"name\":\"H\u00f4tels d\u00e9di\u00e9s \u00e0 votre bien-\u00eatre\"}]},{\"@type\":\"WebSite\",\"@id\":\"https:\/\/blog.protur-hotels.com\/#website\",\"url\":\"https:\/\/blog.protur-hotels.com\/\",\"name\":\"Blog Protur Hotels\",\"description\":\"Un Blog para viajeros\",\"publisher\":{\"@id\":\"https:\/\/blog.protur-hotels.com\/#organization\"},\"potentialAction\":[{\"@type\":\"SearchAction\",\"target\":{\"@type\":\"EntryPoint\",\"urlTemplate\":\"https:\/\/blog.protur-hotels.com\/?s={search_term_string}\"},\"query-input\":{\"@type\":\"PropertyValueSpecification\",\"valueRequired\":true,\"valueName\":\"search_term_string\"}}],\"inLanguage\":\"fr-FR\"},{\"@type\":\"Organization\",\"@id\":\"https:\/\/blog.protur-hotels.com\/#organization\",\"name\":\"Blog Protur Hotels\",\"url\":\"https:\/\/blog.protur-hotels.com\/\",\"logo\":{\"@type\":\"ImageObject\",\"inLanguage\":\"fr-FR\",\"@id\":\"https:\/\/blog.protur-hotels.com\/#\/schema\/logo\/image\/\",\"url\":\"https:\/\/blog.protur-hotels.com\/wp-content\/uploads\/2020\/03\/blog-protur-hotels-mallorca.png\",\"contentUrl\":\"https:\/\/blog.protur-hotels.com\/wp-content\/uploads\/2020\/03\/blog-protur-hotels-mallorca.png\",\"width\":1422,\"height\":894,\"caption\":\"Blog Protur Hotels\"},\"image\":{\"@id\":\"https:\/\/blog.protur-hotels.com\/#\/schema\/logo\/image\/\"}},{\"@type\":\"Person\",\"@id\":\"https:\/\/blog.protur-hotels.com\/#\/schema\/person\/6eac7ca6e9a32baa4716fdd5d7358326\",\"name\":\"Protur Hotels\"}]}<\/script>\n<!-- \/ Yoast SEO plugin. -->","yoast_head_json":{"title":"H\u00f4tels d\u00e9di\u00e9s \u00e0 votre bien-\u00eatre - Blog Protur Hotels","description":"On y est ! Cette \u00e9poque de l\u2019ann\u00e9e id\u00e9ale pour une escapade de sant\u00e9 et\u00a0bien-\u00eatre\u00a0est enfin arriv\u00e9e. Non, pas d\u2019excuses de temps ou d\u2019argent\u00a0","robots":{"index":"index","follow":"follow","max-snippet":"max-snippet:-1","max-image-preview":"max-image-preview:large","max-video-preview":"max-video-preview:-1"},"canonical":"https:\/\/blog.protur-hotels.com\/fr\/hotels-dedies-a-votre-bien-etre-2\/","og_locale":"fr_FR","og_type":"article","og_title":"H\u00f4tels d\u00e9di\u00e9s \u00e0 votre bien-\u00eatre - Blog Protur Hotels","og_description":"On y est ! Cette \u00e9poque de l\u2019ann\u00e9e id\u00e9ale pour une escapade de sant\u00e9 et\u00a0bien-\u00eatre\u00a0est enfin arriv\u00e9e. Non, pas d\u2019excuses de temps ou d\u2019argent\u00a0","og_url":"https:\/\/blog.protur-hotels.com\/fr\/hotels-dedies-a-votre-bien-etre-2\/","og_site_name":"Blog Protur Hotels","article_published_time":"2015-08-17T00:00:00+00:00","article_modified_time":"2016-02-28T21:50:29+00:00","og_image":[{"width":800,"height":624,"url":"https:\/\/blog.protur-hotels.com\/wp-content\/uploads\/2015\/08\/Hoteles-especializados-en-su-bienestar.jpg","type":"image\/jpeg"}],"author":"Protur Hotels","twitter_card":"summary_large_image","twitter_misc":{"\u00c9crit par":"Protur Hotels","Dur\u00e9e de lecture estim\u00e9e":"2 minutes"},"schema":{"@context":"https:\/\/schema.org","@graph":[{"@type":"Article","@id":"https:\/\/blog.protur-hotels.com\/fr\/hotels-dedies-a-votre-bien-etre-2\/#article","isPartOf":{"@id":"https:\/\/blog.protur-hotels.com\/fr\/hotels-dedies-a-votre-bien-etre-2\/"},"author":{"name":"Protur Hotels","@id":"https:\/\/blog.protur-hotels.com\/#\/schema\/person\/6eac7ca6e9a32baa4716fdd5d7358326"},"headline":"H\u00f4tels d\u00e9di\u00e9s \u00e0 votre bien-\u00eatre","datePublished":"2015-08-17T00:00:00+00:00","dateModified":"2016-02-28T21:50:29+00:00","mainEntityOfPage":{"@id":"https:\/\/blog.protur-hotels.com\/fr\/hotels-dedies-a-votre-bien-etre-2\/"},"wordCount":396,"commentCount":0,"publisher":{"@id":"https:\/\/blog.protur-hotels.com\/#organization"},"image":{"@id":"https:\/\/blog.protur-hotels.com\/fr\/hotels-dedies-a-votre-bien-etre-2\/#primaryimage"},"thumbnailUrl":"https:\/\/blog.protur-hotels.com\/wp-content\/uploads\/2015\/08\/Hoteles-especializados-en-su-bienestar.jpg","articleSection":["Almer\u00eda","Biomar","Majorque","Protur Hotels","Spa"],"inLanguage":"fr-FR"},{"@type":"WebPage","@id":"https:\/\/blog.protur-hotels.com\/fr\/hotels-dedies-a-votre-bien-etre-2\/","url":"https:\/\/blog.protur-hotels.com\/fr\/hotels-dedies-a-votre-bien-etre-2\/","name":"H\u00f4tels d\u00e9di\u00e9s \u00e0 votre bien-\u00eatre - Blog Protur Hotels","isPartOf":{"@id":"https:\/\/blog.protur-hotels.com\/#website"},"primaryImageOfPage":{"@id":"https:\/\/blog.protur-hotels.com\/fr\/hotels-dedies-a-votre-bien-etre-2\/#primaryimage"},"image":{"@id":"https:\/\/blog.protur-hotels.com\/fr\/hotels-dedies-a-votre-bien-etre-2\/#primaryimage"},"thumbnailUrl":"https:\/\/blog.protur-hotels.com\/wp-content\/uploads\/2015\/08\/Hoteles-especializados-en-su-bienestar.jpg","datePublished":"2015-08-17T00:00:00+00:00","dateModified":"2016-02-28T21:50:29+00:00","description":"On y est ! Cette \u00e9poque de l\u2019ann\u00e9e id\u00e9ale pour une escapade de sant\u00e9 et\u00a0bien-\u00eatre\u00a0est enfin arriv\u00e9e. Non, pas d\u2019excuses de temps ou d\u2019argent\u00a0","breadcrumb":{"@id":"https:\/\/blog.protur-hotels.com\/fr\/hotels-dedies-a-votre-bien-etre-2\/#breadcrumb"},"inLanguage":"fr-FR","potentialAction":[{"@type":"ReadAction","target":["https:\/\/blog.protur-hotels.com\/fr\/hotels-dedies-a-votre-bien-etre-2\/"]}]},{"@type":"ImageObject","inLanguage":"fr-FR","@id":"https:\/\/blog.protur-hotels.com\/fr\/hotels-dedies-a-votre-bien-etre-2\/#primaryimage","url":"https:\/\/blog.protur-hotels.com\/wp-content\/uploads\/2015\/08\/Hoteles-especializados-en-su-bienestar.jpg","contentUrl":"https:\/\/blog.protur-hotels.com\/wp-content\/uploads\/2015\/08\/Hoteles-especializados-en-su-bienestar.jpg","width":800,"height":624,"caption":"Hoteles especializados en su bienestar Protur Hotels"},{"@type":"BreadcrumbList","@id":"https:\/\/blog.protur-hotels.com\/fr\/hotels-dedies-a-votre-bien-etre-2\/#breadcrumb","itemListElement":[{"@type":"ListItem","position":1,"name":"Portada","item":"https:\/\/blog.protur-hotels.com\/"},{"@type":"ListItem","position":2,"name":"H\u00f4tels d\u00e9di\u00e9s \u00e0 votre bien-\u00eatre"}]},{"@type":"WebSite","@id":"https:\/\/blog.protur-hotels.com\/#website","url":"https:\/\/blog.protur-hotels.com\/","name":"Blog Protur Hotels","description":"Un Blog para viajeros","publisher":{"@id":"https:\/\/blog.protur-hotels.com\/#organization"},"potentialAction":[{"@type":"SearchAction","target":{"@type":"EntryPoint","urlTemplate":"https:\/\/blog.protur-hotels.com\/?s={search_term_string}"},"query-input":{"@type":"PropertyValueSpecification","valueRequired":true,"valueName":"search_term_string"}}],"inLanguage":"fr-FR"},{"@type":"Organization","@id":"https:\/\/blog.protur-hotels.com\/#organization","name":"Blog Protur Hotels","url":"https:\/\/blog.protur-hotels.com\/","logo":{"@type":"ImageObject","inLanguage":"fr-FR","@id":"https:\/\/blog.protur-hotels.com\/#\/schema\/logo\/image\/","url":"https:\/\/blog.protur-hotels.com\/wp-content\/uploads\/2020\/03\/blog-protur-hotels-mallorca.png","contentUrl":"https:\/\/blog.protur-hotels.com\/wp-content\/uploads\/2020\/03\/blog-protur-hotels-mallorca.png","width":1422,"height":894,"caption":"Blog Protur Hotels"},"image":{"@id":"https:\/\/blog.protur-hotels.com\/#\/schema\/logo\/image\/"}},{"@type":"Person","@id":"https:\/\/blog.protur-hotels.com\/#\/schema\/person\/6eac7ca6e9a32baa4716fdd5d7358326","name":"Protur Hotels"}]}},"_links":{"self":[{"href":"https:\/\/blog.protur-hotels.com\/fr\/wp-json\/wp\/v2\/posts\/1037","targetHints":{"allow":["GET"]}}],"collection":[{"href":"https:\/\/blog.protur-hotels.com\/fr\/wp-json\/wp\/v2\/posts"}],"about":[{"href":"https:\/\/blog.protur-hotels.com\/fr\/wp-json\/wp\/v2\/types\/post"}],"author":[{"embeddable":true,"href":"https:\/\/blog.protur-hotels.com\/fr\/wp-json\/wp\/v2\/users\/3"}],"replies":[{"embeddable":true,"href":"https:\/\/blog.protur-hotels.com\/fr\/wp-json\/wp\/v2\/comments?post=1037"}],"version-history":[{"count":0,"href":"https:\/\/blog.protur-hotels.com\/fr\/wp-json\/wp\/v2\/posts\/1037\/revisions"}],"wp:featuredmedia":[{"embeddable":true,"href":"https:\/\/blog.protur-hotels.com\/fr\/wp-json\/wp\/v2\/media\/1182"}],"wp:attachment":[{"href":"https:\/\/blog.protur-hotels.com\/fr\/wp-json\/wp\/v2\/media?parent=1037"}],"wp:term":[{"taxonomy":"category","embeddable":true,"href":"https:\/\/blog.protur-hotels.com\/fr\/wp-json\/wp\/v2\/categories?post=1037"},{"taxonomy":"post_tag","embeddable":true,"href":"https:\/\/blog.protur-hotels.com\/fr\/wp-json\/wp\/v2\/tags?post=1037"}],"curies":[{"name":"wp","href":"https:\/\/api.w.org\/{rel}","templated":true}]}}