{"id":2300,"date":"2016-03-22T12:13:42","date_gmt":"2016-03-22T12:13:42","guid":{"rendered":"https:\/\/blog.protur-hotels.com\/fr\/?p=2300"},"modified":"2016-03-23T08:40:42","modified_gmt":"2016-03-23T08:40:42","slug":"loeuvre-murale-de-barcelo-a-la-seu-de-majorque","status":"publish","type":"post","link":"https:\/\/blog.protur-hotels.com\/fr\/loeuvre-murale-de-barcelo-a-la-seu-de-majorque\/","title":{"rendered":"L\u2019\u0153uvre murale de Barcel\u00f3 \u00e0 la Seu de Majorque"},"content":{"rendered":"<p>La <strong>Cath\u00e9drale de Majorque<\/strong>, connue par les locaux comme la <em>Seu<\/em>, est un temple unique au monde pour de nombreuses raisons. La principale raison est qu\u2019il s\u2019agit de l\u2019unique cath\u00e9drale gothique qui domine la mer. Elle b\u00e9n\u00e9ficie d\u2019un emplacement privil\u00e9gi\u00e9 au c\u0153ur de Palma, tout en \u00e9tant au bord de la M\u00e9diterran\u00e9e, \u00e0 c\u00f4t\u00e9 du port de la capitale et prot\u00e9g\u00e9e par des murailles o\u00f9 autrefois venaient s\u2019\u00e9chouer les vagues. Aujourd\u2019hui, la Cath\u00e9drale et la mer sont s\u00e9par\u00e9es par un grand parc et par la promenade maritime o\u00f9 se retrouvent les touristes et locaux pour une balade ou faire de l\u2019exercice, tout en profitant du merveilleux climat de Majorque.<\/p>\n<p>Mais la Seu est aussi tr\u00e8s c\u00e9l\u00e8bre pour la r\u00e9novation de l\u2019une de ses chapelles principales, la chapelle de San Pedro ou du tr\u00e8s saint, <strong>par l\u2019artiste Miquel Barcel\u00f3 entre 2001 et 2006<\/strong>. Barcel\u00f3 y a r\u00e9alis\u00e9 tout une restructuration de l\u2019espace, a con\u00e7u le mobilier et les vitraux qui, avec l\u2019effet de la lumi\u00e8re, pr\u00e9tendent reproduire la lumi\u00e8re sous-marine. La grande \u0153uvre de l\u2019artiste prend la forme d\u2019une grande c\u00e9ramique murale, r\u00e9alis\u00e9e avec des <strong>pi\u00e8ces \u00e9labor\u00e9es \u00e0 Naples<\/strong>, qui repr\u00e9sentent l\u2019acte de l\u2019eucharistie.<\/p>\n<p><strong>L\u2019oeuvre de Barcel\u00f3 dans la Seu<\/strong> est la repr\u00e9sentation du miracle de Jesus de la multiplication des pains et poissons, ce que l\u2019artiste s\u2019est appropri\u00e9 pour donner libre cours \u00e0 son imagination et \u00e0 son habilet\u00e9 pour recr\u00e9er un espace de faune marine la plus spectaculaire.<\/p>\n<p>Si vous s\u00e9journez dans l\u2019un des <a href=\"http:\/\/protur-hotels.com\/fr\/hotels-a-majorque\">h\u00f4tels Protur \u00e0 Majorque<\/a> ou si vous pr\u00e9voyez de passer vos prochaines vacances 2016 sur l\u2019\u00eele, ne manquez pas de visiter ce monument incontournable de Palma. L\u2019entr\u00e9e est payante (sauf pendant les actes religieux) et inclut <strong>la visite du mus\u00e9e du dioc\u00e8se de Majorque<\/strong>. Pour connaitre les horaires, consultez le <a href=\"http:\/\/www.catedraldemallorca.info\/principal\/horariosvisitaslat\">site officiel de la Cath\u00e9drale de Majorque<\/a>.<\/p>\n<p><em>Cette ann\u00e9e, venez d\u00e9couvrir tous les secrets de Majorque avec Protur hotels.<\/em><\/p>\n","protected":false},"excerpt":{"rendered":"<p>La Cath\u00e9drale de Majorque, connue par les locaux comme la Seu, est un temple unique au monde pour de nombreuses raisons. La principale raison est qu\u2019il s\u2019agit de l\u2019unique cath\u00e9drale&hellip;<\/p>\n","protected":false},"author":3,"featured_media":2296,"comment_status":"open","ping_status":"open","sticky":false,"template":"","format":"standard","meta":{"_lmt_disableupdate":"","_lmt_disable":"","footnotes":""},"categories":[117,122,124],"tags":[],"class_list":["post-2300","post","type-post","status-publish","format-standard","has-post-thumbnail","hentry","category-mallorca-fr","category-protur-hotels-fr","category-rutas-fr"],"yoast_head":"<!-- This site is optimized with the Yoast SEO plugin v26.6 - https:\/\/yoast.com\/wordpress\/plugins\/seo\/ -->\n<title>L\u2019\u0153uvre murale de Barcel\u00f3 \u00e0 la Seu de Majorque - Blog Protur Hotels<\/title>\n<meta name=\"description\" content=\"L\u2019oeuvre de Barcel\u00f3 dans la Seu\u00a0est la repr\u00e9sentation du miracle de Jesus de la multiplication des pains et poissons, ce que l\u2019artiste s\u2019est appropri\u00e9\" \/>\n<meta name=\"robots\" content=\"index, follow, max-snippet:-1, max-image-preview:large, max-video-preview:-1\" \/>\n<link rel=\"canonical\" href=\"https:\/\/blog.protur-hotels.com\/fr\/loeuvre-murale-de-barcelo-a-la-seu-de-majorque\/\" \/>\n<meta property=\"og:locale\" content=\"fr_FR\" \/>\n<meta property=\"og:type\" content=\"article\" \/>\n<meta property=\"og:title\" content=\"L\u2019\u0153uvre murale de Barcel\u00f3 \u00e0 la Seu de Majorque - Blog Protur Hotels\" \/>\n<meta property=\"og:description\" content=\"L\u2019oeuvre de Barcel\u00f3 dans la Seu\u00a0est la repr\u00e9sentation du miracle de Jesus de la multiplication des pains et poissons, ce que l\u2019artiste s\u2019est appropri\u00e9\" \/>\n<meta property=\"og:url\" content=\"https:\/\/blog.protur-hotels.com\/fr\/loeuvre-murale-de-barcelo-a-la-seu-de-majorque\/\" \/>\n<meta property=\"og:site_name\" content=\"Blog Protur Hotels\" \/>\n<meta property=\"article:published_time\" content=\"2016-03-22T12:13:42+00:00\" \/>\n<meta property=\"article:modified_time\" content=\"2016-03-23T08:40:42+00:00\" \/>\n<meta property=\"og:image\" content=\"https:\/\/blog.protur-hotels.com\/wp-content\/uploads\/2016\/03\/barcelo-la-seu-mallorca-protur-hotels.jpg\" \/>\n\t<meta property=\"og:image:width\" content=\"800\" \/>\n\t<meta property=\"og:image:height\" content=\"600\" \/>\n\t<meta property=\"og:image:type\" content=\"image\/jpeg\" \/>\n<meta name=\"author\" content=\"Protur Hotels\" \/>\n<meta name=\"twitter:card\" content=\"summary_large_image\" \/>\n<meta name=\"twitter:label1\" content=\"\u00c9crit par\" \/>\n\t<meta name=\"twitter:data1\" content=\"Protur Hotels\" \/>\n\t<meta name=\"twitter:label2\" content=\"Dur\u00e9e de lecture estim\u00e9e\" \/>\n\t<meta name=\"twitter:data2\" content=\"2 minutes\" \/>\n<script type=\"application\/ld+json\" class=\"yoast-schema-graph\">{\"@context\":\"https:\/\/schema.org\",\"@graph\":[{\"@type\":\"Article\",\"@id\":\"https:\/\/blog.protur-hotels.com\/fr\/loeuvre-murale-de-barcelo-a-la-seu-de-majorque\/#article\",\"isPartOf\":{\"@id\":\"https:\/\/blog.protur-hotels.com\/fr\/loeuvre-murale-de-barcelo-a-la-seu-de-majorque\/\"},\"author\":{\"name\":\"Protur Hotels\",\"@id\":\"https:\/\/blog.protur-hotels.com\/#\/schema\/person\/6eac7ca6e9a32baa4716fdd5d7358326\"},\"headline\":\"L\u2019\u0153uvre murale de Barcel\u00f3 \u00e0 la Seu de Majorque\",\"datePublished\":\"2016-03-22T12:13:42+00:00\",\"dateModified\":\"2016-03-23T08:40:42+00:00\",\"mainEntityOfPage\":{\"@id\":\"https:\/\/blog.protur-hotels.com\/fr\/loeuvre-murale-de-barcelo-a-la-seu-de-majorque\/\"},\"wordCount\":377,\"commentCount\":0,\"publisher\":{\"@id\":\"https:\/\/blog.protur-hotels.com\/#organization\"},\"image\":{\"@id\":\"https:\/\/blog.protur-hotels.com\/fr\/loeuvre-murale-de-barcelo-a-la-seu-de-majorque\/#primaryimage\"},\"thumbnailUrl\":\"https:\/\/blog.protur-hotels.com\/wp-content\/uploads\/2016\/03\/barcelo-la-seu-mallorca-protur-hotels.jpg\",\"articleSection\":[\"Majorque\",\"Protur Hotels\",\"Routes\"],\"inLanguage\":\"fr-FR\"},{\"@type\":\"WebPage\",\"@id\":\"https:\/\/blog.protur-hotels.com\/fr\/loeuvre-murale-de-barcelo-a-la-seu-de-majorque\/\",\"url\":\"https:\/\/blog.protur-hotels.com\/fr\/loeuvre-murale-de-barcelo-a-la-seu-de-majorque\/\",\"name\":\"L\u2019\u0153uvre murale de Barcel\u00f3 \u00e0 la Seu de Majorque - Blog Protur Hotels\",\"isPartOf\":{\"@id\":\"https:\/\/blog.protur-hotels.com\/#website\"},\"primaryImageOfPage\":{\"@id\":\"https:\/\/blog.protur-hotels.com\/fr\/loeuvre-murale-de-barcelo-a-la-seu-de-majorque\/#primaryimage\"},\"image\":{\"@id\":\"https:\/\/blog.protur-hotels.com\/fr\/loeuvre-murale-de-barcelo-a-la-seu-de-majorque\/#primaryimage\"},\"thumbnailUrl\":\"https:\/\/blog.protur-hotels.com\/wp-content\/uploads\/2016\/03\/barcelo-la-seu-mallorca-protur-hotels.jpg\",\"datePublished\":\"2016-03-22T12:13:42+00:00\",\"dateModified\":\"2016-03-23T08:40:42+00:00\",\"description\":\"L\u2019oeuvre de Barcel\u00f3 dans la Seu\u00a0est la repr\u00e9sentation du miracle de Jesus de la multiplication des pains et poissons, ce que l\u2019artiste s\u2019est appropri\u00e9\",\"breadcrumb\":{\"@id\":\"https:\/\/blog.protur-hotels.com\/fr\/loeuvre-murale-de-barcelo-a-la-seu-de-majorque\/#breadcrumb\"},\"inLanguage\":\"fr-FR\",\"potentialAction\":[{\"@type\":\"ReadAction\",\"target\":[\"https:\/\/blog.protur-hotels.com\/fr\/loeuvre-murale-de-barcelo-a-la-seu-de-majorque\/\"]}]},{\"@type\":\"ImageObject\",\"inLanguage\":\"fr-FR\",\"@id\":\"https:\/\/blog.protur-hotels.com\/fr\/loeuvre-murale-de-barcelo-a-la-seu-de-majorque\/#primaryimage\",\"url\":\"https:\/\/blog.protur-hotels.com\/wp-content\/uploads\/2016\/03\/barcelo-la-seu-mallorca-protur-hotels.jpg\",\"contentUrl\":\"https:\/\/blog.protur-hotels.com\/wp-content\/uploads\/2016\/03\/barcelo-la-seu-mallorca-protur-hotels.jpg\",\"width\":800,\"height\":600,\"caption\":\"Barcel\u00f3, La Seu Mallorca . Protur Hotels\"},{\"@type\":\"BreadcrumbList\",\"@id\":\"https:\/\/blog.protur-hotels.com\/fr\/loeuvre-murale-de-barcelo-a-la-seu-de-majorque\/#breadcrumb\",\"itemListElement\":[{\"@type\":\"ListItem\",\"position\":1,\"name\":\"Portada\",\"item\":\"https:\/\/blog.protur-hotels.com\/\"},{\"@type\":\"ListItem\",\"position\":2,\"name\":\"L\u2019\u0153uvre murale de Barcel\u00f3 \u00e0 la Seu de Majorque\"}]},{\"@type\":\"WebSite\",\"@id\":\"https:\/\/blog.protur-hotels.com\/#website\",\"url\":\"https:\/\/blog.protur-hotels.com\/\",\"name\":\"Blog Protur Hotels\",\"description\":\"Un Blog para viajeros\",\"publisher\":{\"@id\":\"https:\/\/blog.protur-hotels.com\/#organization\"},\"potentialAction\":[{\"@type\":\"SearchAction\",\"target\":{\"@type\":\"EntryPoint\",\"urlTemplate\":\"https:\/\/blog.protur-hotels.com\/?s={search_term_string}\"},\"query-input\":{\"@type\":\"PropertyValueSpecification\",\"valueRequired\":true,\"valueName\":\"search_term_string\"}}],\"inLanguage\":\"fr-FR\"},{\"@type\":\"Organization\",\"@id\":\"https:\/\/blog.protur-hotels.com\/#organization\",\"name\":\"Blog Protur Hotels\",\"url\":\"https:\/\/blog.protur-hotels.com\/\",\"logo\":{\"@type\":\"ImageObject\",\"inLanguage\":\"fr-FR\",\"@id\":\"https:\/\/blog.protur-hotels.com\/#\/schema\/logo\/image\/\",\"url\":\"https:\/\/blog.protur-hotels.com\/wp-content\/uploads\/2020\/03\/blog-protur-hotels-mallorca.png\",\"contentUrl\":\"https:\/\/blog.protur-hotels.com\/wp-content\/uploads\/2020\/03\/blog-protur-hotels-mallorca.png\",\"width\":1422,\"height\":894,\"caption\":\"Blog Protur Hotels\"},\"image\":{\"@id\":\"https:\/\/blog.protur-hotels.com\/#\/schema\/logo\/image\/\"}},{\"@type\":\"Person\",\"@id\":\"https:\/\/blog.protur-hotels.com\/#\/schema\/person\/6eac7ca6e9a32baa4716fdd5d7358326\",\"name\":\"Protur Hotels\"}]}<\/script>\n<!-- \/ Yoast SEO plugin. -->","yoast_head_json":{"title":"L\u2019\u0153uvre murale de Barcel\u00f3 \u00e0 la Seu de Majorque - Blog Protur Hotels","description":"L\u2019oeuvre de Barcel\u00f3 dans la Seu\u00a0est la repr\u00e9sentation du miracle de Jesus de la multiplication des pains et poissons, ce que l\u2019artiste s\u2019est appropri\u00e9","robots":{"index":"index","follow":"follow","max-snippet":"max-snippet:-1","max-image-preview":"max-image-preview:large","max-video-preview":"max-video-preview:-1"},"canonical":"https:\/\/blog.protur-hotels.com\/fr\/loeuvre-murale-de-barcelo-a-la-seu-de-majorque\/","og_locale":"fr_FR","og_type":"article","og_title":"L\u2019\u0153uvre murale de Barcel\u00f3 \u00e0 la Seu de Majorque - Blog Protur Hotels","og_description":"L\u2019oeuvre de Barcel\u00f3 dans la Seu\u00a0est la repr\u00e9sentation du miracle de Jesus de la multiplication des pains et poissons, ce que l\u2019artiste s\u2019est appropri\u00e9","og_url":"https:\/\/blog.protur-hotels.com\/fr\/loeuvre-murale-de-barcelo-a-la-seu-de-majorque\/","og_site_name":"Blog Protur Hotels","article_published_time":"2016-03-22T12:13:42+00:00","article_modified_time":"2016-03-23T08:40:42+00:00","og_image":[{"width":800,"height":600,"url":"https:\/\/blog.protur-hotels.com\/wp-content\/uploads\/2016\/03\/barcelo-la-seu-mallorca-protur-hotels.jpg","type":"image\/jpeg"}],"author":"Protur Hotels","twitter_card":"summary_large_image","twitter_misc":{"\u00c9crit par":"Protur Hotels","Dur\u00e9e de lecture estim\u00e9e":"2 minutes"},"schema":{"@context":"https:\/\/schema.org","@graph":[{"@type":"Article","@id":"https:\/\/blog.protur-hotels.com\/fr\/loeuvre-murale-de-barcelo-a-la-seu-de-majorque\/#article","isPartOf":{"@id":"https:\/\/blog.protur-hotels.com\/fr\/loeuvre-murale-de-barcelo-a-la-seu-de-majorque\/"},"author":{"name":"Protur Hotels","@id":"https:\/\/blog.protur-hotels.com\/#\/schema\/person\/6eac7ca6e9a32baa4716fdd5d7358326"},"headline":"L\u2019\u0153uvre murale de Barcel\u00f3 \u00e0 la Seu de Majorque","datePublished":"2016-03-22T12:13:42+00:00","dateModified":"2016-03-23T08:40:42+00:00","mainEntityOfPage":{"@id":"https:\/\/blog.protur-hotels.com\/fr\/loeuvre-murale-de-barcelo-a-la-seu-de-majorque\/"},"wordCount":377,"commentCount":0,"publisher":{"@id":"https:\/\/blog.protur-hotels.com\/#organization"},"image":{"@id":"https:\/\/blog.protur-hotels.com\/fr\/loeuvre-murale-de-barcelo-a-la-seu-de-majorque\/#primaryimage"},"thumbnailUrl":"https:\/\/blog.protur-hotels.com\/wp-content\/uploads\/2016\/03\/barcelo-la-seu-mallorca-protur-hotels.jpg","articleSection":["Majorque","Protur Hotels","Routes"],"inLanguage":"fr-FR"},{"@type":"WebPage","@id":"https:\/\/blog.protur-hotels.com\/fr\/loeuvre-murale-de-barcelo-a-la-seu-de-majorque\/","url":"https:\/\/blog.protur-hotels.com\/fr\/loeuvre-murale-de-barcelo-a-la-seu-de-majorque\/","name":"L\u2019\u0153uvre murale de Barcel\u00f3 \u00e0 la Seu de Majorque - Blog Protur Hotels","isPartOf":{"@id":"https:\/\/blog.protur-hotels.com\/#website"},"primaryImageOfPage":{"@id":"https:\/\/blog.protur-hotels.com\/fr\/loeuvre-murale-de-barcelo-a-la-seu-de-majorque\/#primaryimage"},"image":{"@id":"https:\/\/blog.protur-hotels.com\/fr\/loeuvre-murale-de-barcelo-a-la-seu-de-majorque\/#primaryimage"},"thumbnailUrl":"https:\/\/blog.protur-hotels.com\/wp-content\/uploads\/2016\/03\/barcelo-la-seu-mallorca-protur-hotels.jpg","datePublished":"2016-03-22T12:13:42+00:00","dateModified":"2016-03-23T08:40:42+00:00","description":"L\u2019oeuvre de Barcel\u00f3 dans la Seu\u00a0est la repr\u00e9sentation du miracle de Jesus de la multiplication des pains et poissons, ce que l\u2019artiste s\u2019est appropri\u00e9","breadcrumb":{"@id":"https:\/\/blog.protur-hotels.com\/fr\/loeuvre-murale-de-barcelo-a-la-seu-de-majorque\/#breadcrumb"},"inLanguage":"fr-FR","potentialAction":[{"@type":"ReadAction","target":["https:\/\/blog.protur-hotels.com\/fr\/loeuvre-murale-de-barcelo-a-la-seu-de-majorque\/"]}]},{"@type":"ImageObject","inLanguage":"fr-FR","@id":"https:\/\/blog.protur-hotels.com\/fr\/loeuvre-murale-de-barcelo-a-la-seu-de-majorque\/#primaryimage","url":"https:\/\/blog.protur-hotels.com\/wp-content\/uploads\/2016\/03\/barcelo-la-seu-mallorca-protur-hotels.jpg","contentUrl":"https:\/\/blog.protur-hotels.com\/wp-content\/uploads\/2016\/03\/barcelo-la-seu-mallorca-protur-hotels.jpg","width":800,"height":600,"caption":"Barcel\u00f3, La Seu Mallorca . Protur Hotels"},{"@type":"BreadcrumbList","@id":"https:\/\/blog.protur-hotels.com\/fr\/loeuvre-murale-de-barcelo-a-la-seu-de-majorque\/#breadcrumb","itemListElement":[{"@type":"ListItem","position":1,"name":"Portada","item":"https:\/\/blog.protur-hotels.com\/"},{"@type":"ListItem","position":2,"name":"L\u2019\u0153uvre murale de Barcel\u00f3 \u00e0 la Seu de Majorque"}]},{"@type":"WebSite","@id":"https:\/\/blog.protur-hotels.com\/#website","url":"https:\/\/blog.protur-hotels.com\/","name":"Blog Protur Hotels","description":"Un Blog para viajeros","publisher":{"@id":"https:\/\/blog.protur-hotels.com\/#organization"},"potentialAction":[{"@type":"SearchAction","target":{"@type":"EntryPoint","urlTemplate":"https:\/\/blog.protur-hotels.com\/?s={search_term_string}"},"query-input":{"@type":"PropertyValueSpecification","valueRequired":true,"valueName":"search_term_string"}}],"inLanguage":"fr-FR"},{"@type":"Organization","@id":"https:\/\/blog.protur-hotels.com\/#organization","name":"Blog Protur Hotels","url":"https:\/\/blog.protur-hotels.com\/","logo":{"@type":"ImageObject","inLanguage":"fr-FR","@id":"https:\/\/blog.protur-hotels.com\/#\/schema\/logo\/image\/","url":"https:\/\/blog.protur-hotels.com\/wp-content\/uploads\/2020\/03\/blog-protur-hotels-mallorca.png","contentUrl":"https:\/\/blog.protur-hotels.com\/wp-content\/uploads\/2020\/03\/blog-protur-hotels-mallorca.png","width":1422,"height":894,"caption":"Blog Protur Hotels"},"image":{"@id":"https:\/\/blog.protur-hotels.com\/#\/schema\/logo\/image\/"}},{"@type":"Person","@id":"https:\/\/blog.protur-hotels.com\/#\/schema\/person\/6eac7ca6e9a32baa4716fdd5d7358326","name":"Protur Hotels"}]}},"_links":{"self":[{"href":"https:\/\/blog.protur-hotels.com\/fr\/wp-json\/wp\/v2\/posts\/2300","targetHints":{"allow":["GET"]}}],"collection":[{"href":"https:\/\/blog.protur-hotels.com\/fr\/wp-json\/wp\/v2\/posts"}],"about":[{"href":"https:\/\/blog.protur-hotels.com\/fr\/wp-json\/wp\/v2\/types\/post"}],"author":[{"embeddable":true,"href":"https:\/\/blog.protur-hotels.com\/fr\/wp-json\/wp\/v2\/users\/3"}],"replies":[{"embeddable":true,"href":"https:\/\/blog.protur-hotels.com\/fr\/wp-json\/wp\/v2\/comments?post=2300"}],"version-history":[{"count":0,"href":"https:\/\/blog.protur-hotels.com\/fr\/wp-json\/wp\/v2\/posts\/2300\/revisions"}],"wp:featuredmedia":[{"embeddable":true,"href":"https:\/\/blog.protur-hotels.com\/fr\/wp-json\/wp\/v2\/media\/2296"}],"wp:attachment":[{"href":"https:\/\/blog.protur-hotels.com\/fr\/wp-json\/wp\/v2\/media?parent=2300"}],"wp:term":[{"taxonomy":"category","embeddable":true,"href":"https:\/\/blog.protur-hotels.com\/fr\/wp-json\/wp\/v2\/categories?post=2300"},{"taxonomy":"post_tag","embeddable":true,"href":"https:\/\/blog.protur-hotels.com\/fr\/wp-json\/wp\/v2\/tags?post=2300"}],"curies":[{"name":"wp","href":"https:\/\/api.w.org\/{rel}","templated":true}]}}