{"id":3000,"date":"2017-03-19T08:13:22","date_gmt":"2017-03-19T08:13:22","guid":{"rendered":"https:\/\/blog.protur-hotels.com\/fr\/?p=3000"},"modified":"2017-03-21T09:09:19","modified_gmt":"2017-03-21T09:09:19","slug":"6-mallorca-smooth-jazz-festival","status":"publish","type":"post","link":"https:\/\/blog.protur-hotels.com\/fr\/6-mallorca-smooth-jazz-festival\/","title":{"rendered":"6, MALLORCA SMOOTH JAZZ FESTIVAL"},"content":{"rendered":"<p>6, MALLORCA SMOOTH JAZZ FESTIVAL<\/p>\n<p><strong>Le MALLORCA SMOOTH JAZZ FESTIVAL, un festival unique \u00e0 Majorque, dans la captivante zone touristique de Sa Coma.<\/strong><\/p>\n<p>Un \u00e9v\u00e9nement avec de la musique jou\u00e9e en live, et un h\u00e9bergement de luxe au <a href=\"http:\/\/protur-hotels.com\/fr\/hotels-a-majorque\/protur-biomar-gran-hotel-spa\">Protur Biomar Gran H\u00f4tel et Spa<\/a>, un h\u00f4tel 5 \u00e9toiles aux installations modernes, avec un des spas les plus grands de Majorque. Des jardins spacieux, une piscine ext\u00e9rieure et couverte. \u00c0 seulement 300 m\u00e8tres de la plage de Sa Coma pr\u00e8s du parc naturel de Sa Punta de n&rsquo; Amer.<\/p>\n<p>Si vous aimez le Smooth Jazz, vous ne pouvez passer \u00e0 c\u00f4t\u00e9 de cet \u00e9v\u00e9nement qui en sera d\u00e9j\u00e0, en 2017, \u00e0 sa sixi\u00e8me \u00e9dition.<\/p>\n<p>Ce festival allie de la bonne musique, \u00e0 une d\u00e9licieuse gastronomie, un excellent service, de la d\u00e9tente et bien s\u00fbr le merveilleux paysage de la Mer M\u00e9diterran\u00e9e.<\/p>\n<div style=\"position: relative; height: 0; padding-bottom: 56.25%;\"><iframe style=\"position: absolute; width: 100%; height: 100%; left: 0;\" src=\"https:\/\/www.youtube.com\/embed\/IraWeefVmx0?rel=0&amp;controls=0?ecver=2\" width=\"640\" height=\"360\" frameborder=\"0\" allowfullscreen=\"allowfullscreen\"><\/iframe><\/div>\n<p>Voici le programme pr\u00e9vu pour le prochain <strong>Majorque Smooth Jazz Festival 2017:<\/strong><\/p>\n<div class=\"pcrstb-wrap\"><table width=\"643\" cellspacing=\"0\" cellpadding=\"2\">\n<tbody>\n<tr>\n<td colspan=\"5\" width=\"639\"><u><strong>Mercredi 26 avril 2017<\/strong><\/u><\/td>\n<\/tr>\n<tr>\n<td width=\"117\">19h30<\/td>\n<td width=\"196\"><strong>D\u00eener Gala de Bienvenue**<\/strong><strong><br \/>\navec les Artistes<\/strong><\/td>\n<\/tr>\n<tr>\n<td width=\"117\">21h30<\/td>\n<td width=\"196\">Concert Pr\u00e9-Festival<strong>*<\/strong><br \/>\n@ Piano Bar<\/td>\n<\/tr>\n<tr>\n<td colspan=\"5\" width=\"639\"><u><strong>Jeudi 27 avril 2017<\/strong><\/u><\/td>\n<\/tr>\n<tr>\n<td width=\"117\">10h00<\/td>\n<td width=\"196\"><a name=\"_GoBack\"><\/a>Excursion demi-journ\u00e9e:<strong><br \/>\nVoyage en bus vers une fabrique d&rsquo;huile d&rsquo;olive**<\/strong><\/td>\n<td rowspan=\"2\" width=\"56\">20h30<br \/>\n21h00<\/td>\n<td rowspan=\"2\" width=\"235\">Entr\u00e9e<br \/>\n<strong>CONCERT 1 EN PLEIN AIR<\/strong><br \/>\ndans l&rsquo;\u00e9glise inachev\u00e9e Esgl\u00e9sia Nova, Son Servera<\/td>\n<\/tr>\n<tr>\n<td colspan=\"5\" width=\"639\"><u><strong>Vendredi 28 avril 2017<\/strong><\/u><\/td>\n<\/tr>\n<tr>\n<td width=\"117\">10h00<\/td>\n<td width=\"196\">Excursion:<strong><br \/>\nVoyage en bus \u00e0 Palma de Majorque**<\/strong><\/td>\n<td rowspan=\"2\" width=\"56\">20h15<br \/>\n20h45<br \/>\n22h15<br \/>\n00h00<\/td>\n<td rowspan=\"2\" width=\"235\">Entr\u00e9e<strong><br \/>\nCONCERT 2<br \/>\nCONCERT 3<br \/>\n<\/strong>Aftershow Chillout<\/td>\n<\/tr>\n<tr>\n<td colspan=\"5\" width=\"639\"><u><strong>Samedi 29 avril 2017<\/strong><\/u><\/td>\n<\/tr>\n<tr>\n<td width=\"117\">10h00 &#8211; 17h00<\/td>\n<td width=\"196\">Programme dans l&rsquo;h\u00f4tel<strong>*<\/strong><\/td>\n<td width=\"56\">20h15<br \/>\n20h45<br \/>\n22h15<br \/>\n00h00<\/td>\n<td width=\"235\">Entr\u00e9e<strong><br \/>\nCONCERT 4<br \/>\nCONCERT 5<br \/>\n<\/strong>Aftershow Chillout<\/td>\n<\/tr>\n<tr>\n<td colspan=\"5\" width=\"639\"><u><strong>Dimanche 30 avril 2017<\/strong><\/u><\/td>\n<\/tr>\n<tr>\n<td width=\"117\">10h00 &#8211; 17h00<\/td>\n<td width=\"196\">Programme dans l&rsquo;h\u00f4tel<strong>*<\/strong><\/td>\n<td rowspan=\"2\" width=\"56\">10h30<br \/>\n11h00<br \/>\n12h3020h15<br \/>\n20h45<br \/>\n22h15<br \/>\n00h00<\/td>\n<td rowspan=\"2\" width=\"235\">Entr\u00e9e<strong><br \/>\nCONCERT 6<br \/>\nCONCERT 7<\/strong>Entr\u00e9e<strong><br \/>\nCONCERT 8<br \/>\nCONCERT 9<br \/>\n<\/strong>Aftershow Chillout<\/td>\n<\/tr>\n<tr>\n<td colspan=\"5\" width=\"639\"><u><strong>Lundi 1 mai 2017<\/strong><\/u><\/td>\n<\/tr>\n<tr>\n<td width=\"117\">21h30<\/td>\n<td width=\"196\">Soir\u00e9e d\u2019adieu Chillout<strong>*<\/strong><br \/>\n@ Piano Barre<\/td>\n<td width=\"56\">10h30<br \/>\n11h00<br \/>\n12h3018h00<br \/>\n18h30<\/td>\n<td width=\"235\">Entr\u00e9e<br \/>\n<strong>CONCERT 10<br \/>\nCONCERT 11<\/strong>Entr\u00e9e<br \/>\n<strong>CONCERT 12 EN PLEIN AIR<\/strong><br \/>\nau coucher de soleil, dans une Bodega de Majorque<\/td>\n<\/tr>\n<\/tbody>\n<\/table><\/div>\n<p><strong>Si vous souhaitez<\/strong><strong> en savoir plus sur le festival ou si vous voulez r\u00e9server un pack avec h\u00f4tel et billets d\u2019entr\u00e9e: <\/strong><a href=\"http:\/\/www.mallorca.smoothjazzfestival.de\/\"><strong>www.mallorca.smoothjazzfestival.de<\/strong><\/a><strong> ou envoyez un mail \u00e0 <a href=\"mailto:shop@smooth-entertainment.de\">shop@smooth-entertainment.de<\/a><\/strong><\/p>\n","protected":false},"excerpt":{"rendered":"<p>6, MALLORCA SMOOTH JAZZ FESTIVAL Le MALLORCA SMOOTH JAZZ FESTIVAL, un festival unique \u00e0 Majorque, dans la captivante zone touristique de Sa Coma. Un \u00e9v\u00e9nement avec de la musique jou\u00e9e&hellip;<\/p>\n","protected":false},"author":3,"featured_media":2990,"comment_status":"closed","ping_status":"open","sticky":false,"template":"","format":"gallery","meta":{"_lmt_disableupdate":"","_lmt_disable":"","footnotes":""},"categories":[79,116,117],"tags":[413,544,533,178,545,269],"class_list":["post-3000","post","type-post","status-publish","format-gallery","has-post-thumbnail","hentry","category-evento-fr","category-jazz-fr","category-mallorca-fr","tag-413","tag-concert","tag-protur-biomar-gran-hotel-spa","tag-sa-coma","tag-smooth-jazz-festival","tag-voyage","post_format-post-format-gallery"],"yoast_head":"<!-- This site is optimized with the Yoast SEO plugin v26.6 - https:\/\/yoast.com\/wordpress\/plugins\/seo\/ -->\n<title>6, MALLORCA SMOOTH JAZZ FESTIVAL - Blog Protur Hotels<\/title>\n<meta name=\"description\" content=\"Le MALLORCA SMOOTH JAZZ FESTIVAL, un festival unique \u00e0 Majorque, dans la captivante Sa Coma. Un \u00e9v\u00e9nement avec de la musique jou\u00e9e en live\" \/>\n<meta name=\"robots\" content=\"index, follow, max-snippet:-1, max-image-preview:large, max-video-preview:-1\" \/>\n<link rel=\"canonical\" href=\"https:\/\/blog.protur-hotels.com\/fr\/6-mallorca-smooth-jazz-festival\/\" \/>\n<meta property=\"og:locale\" content=\"fr_FR\" \/>\n<meta property=\"og:type\" content=\"article\" \/>\n<meta property=\"og:title\" content=\"6, MALLORCA SMOOTH JAZZ FESTIVAL - Blog Protur Hotels\" \/>\n<meta property=\"og:description\" content=\"Le MALLORCA SMOOTH JAZZ FESTIVAL, un festival unique \u00e0 Majorque, dans la captivante Sa Coma. Un \u00e9v\u00e9nement avec de la musique jou\u00e9e en live\" \/>\n<meta property=\"og:url\" content=\"https:\/\/blog.protur-hotels.com\/fr\/6-mallorca-smooth-jazz-festival\/\" \/>\n<meta property=\"og:site_name\" content=\"Blog Protur Hotels\" \/>\n<meta property=\"article:published_time\" content=\"2017-03-19T08:13:22+00:00\" \/>\n<meta property=\"article:modified_time\" content=\"2017-03-21T09:09:19+00:00\" \/>\n<meta property=\"og:image\" content=\"https:\/\/blog.protur-hotels.com\/wp-content\/uploads\/2016\/12\/mallorca-smooth.jazz-festival-sa-coma-05.jpg\" \/>\n\t<meta property=\"og:image:width\" content=\"800\" \/>\n\t<meta property=\"og:image:height\" content=\"550\" \/>\n\t<meta property=\"og:image:type\" content=\"image\/jpeg\" \/>\n<meta name=\"author\" content=\"Protur Hotels\" \/>\n<meta name=\"twitter:card\" content=\"summary_large_image\" \/>\n<meta name=\"twitter:label1\" content=\"\u00c9crit par\" \/>\n\t<meta name=\"twitter:data1\" content=\"Protur Hotels\" \/>\n\t<meta name=\"twitter:label2\" content=\"Dur\u00e9e de lecture estim\u00e9e\" \/>\n\t<meta name=\"twitter:data2\" content=\"2 minutes\" \/>\n<script type=\"application\/ld+json\" class=\"yoast-schema-graph\">{\"@context\":\"https:\/\/schema.org\",\"@graph\":[{\"@type\":\"Article\",\"@id\":\"https:\/\/blog.protur-hotels.com\/fr\/6-mallorca-smooth-jazz-festival\/#article\",\"isPartOf\":{\"@id\":\"https:\/\/blog.protur-hotels.com\/fr\/6-mallorca-smooth-jazz-festival\/\"},\"author\":{\"name\":\"Protur Hotels\",\"@id\":\"https:\/\/blog.protur-hotels.com\/#\/schema\/person\/6eac7ca6e9a32baa4716fdd5d7358326\"},\"headline\":\"6, MALLORCA SMOOTH JAZZ FESTIVAL\",\"datePublished\":\"2017-03-19T08:13:22+00:00\",\"dateModified\":\"2017-03-21T09:09:19+00:00\",\"mainEntityOfPage\":{\"@id\":\"https:\/\/blog.protur-hotels.com\/fr\/6-mallorca-smooth-jazz-festival\/\"},\"wordCount\":352,\"publisher\":{\"@id\":\"https:\/\/blog.protur-hotels.com\/#organization\"},\"image\":{\"@id\":\"https:\/\/blog.protur-hotels.com\/fr\/6-mallorca-smooth-jazz-festival\/#primaryimage\"},\"thumbnailUrl\":\"https:\/\/blog.protur-hotels.com\/wp-content\/uploads\/2016\/12\/mallorca-smooth.jazz-festival-sa-coma-05.jpg\",\"keywords\":[\"2017\",\"concert\",\"Protur Biomar Gran Hotel Spa\",\"Sa Coma\",\"smooth jazz festival\",\"voyage\"],\"articleSection\":[\"\u00c9v\u00e9nements\",\"Jazz\",\"Majorque\"],\"inLanguage\":\"fr-FR\"},{\"@type\":\"WebPage\",\"@id\":\"https:\/\/blog.protur-hotels.com\/fr\/6-mallorca-smooth-jazz-festival\/\",\"url\":\"https:\/\/blog.protur-hotels.com\/fr\/6-mallorca-smooth-jazz-festival\/\",\"name\":\"6, MALLORCA SMOOTH JAZZ FESTIVAL - Blog Protur Hotels\",\"isPartOf\":{\"@id\":\"https:\/\/blog.protur-hotels.com\/#website\"},\"primaryImageOfPage\":{\"@id\":\"https:\/\/blog.protur-hotels.com\/fr\/6-mallorca-smooth-jazz-festival\/#primaryimage\"},\"image\":{\"@id\":\"https:\/\/blog.protur-hotels.com\/fr\/6-mallorca-smooth-jazz-festival\/#primaryimage\"},\"thumbnailUrl\":\"https:\/\/blog.protur-hotels.com\/wp-content\/uploads\/2016\/12\/mallorca-smooth.jazz-festival-sa-coma-05.jpg\",\"datePublished\":\"2017-03-19T08:13:22+00:00\",\"dateModified\":\"2017-03-21T09:09:19+00:00\",\"description\":\"Le MALLORCA SMOOTH JAZZ FESTIVAL, un festival unique \u00e0 Majorque, dans la captivante Sa Coma. Un \u00e9v\u00e9nement avec de la musique jou\u00e9e en live\",\"breadcrumb\":{\"@id\":\"https:\/\/blog.protur-hotels.com\/fr\/6-mallorca-smooth-jazz-festival\/#breadcrumb\"},\"inLanguage\":\"fr-FR\",\"potentialAction\":[{\"@type\":\"ReadAction\",\"target\":[\"https:\/\/blog.protur-hotels.com\/fr\/6-mallorca-smooth-jazz-festival\/\"]}]},{\"@type\":\"ImageObject\",\"inLanguage\":\"fr-FR\",\"@id\":\"https:\/\/blog.protur-hotels.com\/fr\/6-mallorca-smooth-jazz-festival\/#primaryimage\",\"url\":\"https:\/\/blog.protur-hotels.com\/wp-content\/uploads\/2016\/12\/mallorca-smooth.jazz-festival-sa-coma-05.jpg\",\"contentUrl\":\"https:\/\/blog.protur-hotels.com\/wp-content\/uploads\/2016\/12\/mallorca-smooth.jazz-festival-sa-coma-05.jpg\",\"width\":800,\"height\":550,\"caption\":\"MALLORCA SMOOTH JAZZ FESTIVAL\"},{\"@type\":\"BreadcrumbList\",\"@id\":\"https:\/\/blog.protur-hotels.com\/fr\/6-mallorca-smooth-jazz-festival\/#breadcrumb\",\"itemListElement\":[{\"@type\":\"ListItem\",\"position\":1,\"name\":\"Portada\",\"item\":\"https:\/\/blog.protur-hotels.com\/\"},{\"@type\":\"ListItem\",\"position\":2,\"name\":\"6, MALLORCA SMOOTH JAZZ FESTIVAL\"}]},{\"@type\":\"WebSite\",\"@id\":\"https:\/\/blog.protur-hotels.com\/#website\",\"url\":\"https:\/\/blog.protur-hotels.com\/\",\"name\":\"Blog Protur Hotels\",\"description\":\"Un Blog para viajeros\",\"publisher\":{\"@id\":\"https:\/\/blog.protur-hotels.com\/#organization\"},\"potentialAction\":[{\"@type\":\"SearchAction\",\"target\":{\"@type\":\"EntryPoint\",\"urlTemplate\":\"https:\/\/blog.protur-hotels.com\/?s={search_term_string}\"},\"query-input\":{\"@type\":\"PropertyValueSpecification\",\"valueRequired\":true,\"valueName\":\"search_term_string\"}}],\"inLanguage\":\"fr-FR\"},{\"@type\":\"Organization\",\"@id\":\"https:\/\/blog.protur-hotels.com\/#organization\",\"name\":\"Blog Protur Hotels\",\"url\":\"https:\/\/blog.protur-hotels.com\/\",\"logo\":{\"@type\":\"ImageObject\",\"inLanguage\":\"fr-FR\",\"@id\":\"https:\/\/blog.protur-hotels.com\/#\/schema\/logo\/image\/\",\"url\":\"https:\/\/blog.protur-hotels.com\/wp-content\/uploads\/2020\/03\/blog-protur-hotels-mallorca.png\",\"contentUrl\":\"https:\/\/blog.protur-hotels.com\/wp-content\/uploads\/2020\/03\/blog-protur-hotels-mallorca.png\",\"width\":1422,\"height\":894,\"caption\":\"Blog Protur Hotels\"},\"image\":{\"@id\":\"https:\/\/blog.protur-hotels.com\/#\/schema\/logo\/image\/\"}},{\"@type\":\"Person\",\"@id\":\"https:\/\/blog.protur-hotels.com\/#\/schema\/person\/6eac7ca6e9a32baa4716fdd5d7358326\",\"name\":\"Protur Hotels\"}]}<\/script>\n<!-- \/ Yoast SEO plugin. -->","yoast_head_json":{"title":"6, MALLORCA SMOOTH JAZZ FESTIVAL - Blog Protur Hotels","description":"Le MALLORCA SMOOTH JAZZ FESTIVAL, un festival unique \u00e0 Majorque, dans la captivante Sa Coma. Un \u00e9v\u00e9nement avec de la musique jou\u00e9e en live","robots":{"index":"index","follow":"follow","max-snippet":"max-snippet:-1","max-image-preview":"max-image-preview:large","max-video-preview":"max-video-preview:-1"},"canonical":"https:\/\/blog.protur-hotels.com\/fr\/6-mallorca-smooth-jazz-festival\/","og_locale":"fr_FR","og_type":"article","og_title":"6, MALLORCA SMOOTH JAZZ FESTIVAL - Blog Protur Hotels","og_description":"Le MALLORCA SMOOTH JAZZ FESTIVAL, un festival unique \u00e0 Majorque, dans la captivante Sa Coma. Un \u00e9v\u00e9nement avec de la musique jou\u00e9e en live","og_url":"https:\/\/blog.protur-hotels.com\/fr\/6-mallorca-smooth-jazz-festival\/","og_site_name":"Blog Protur Hotels","article_published_time":"2017-03-19T08:13:22+00:00","article_modified_time":"2017-03-21T09:09:19+00:00","og_image":[{"width":800,"height":550,"url":"https:\/\/blog.protur-hotels.com\/wp-content\/uploads\/2016\/12\/mallorca-smooth.jazz-festival-sa-coma-05.jpg","type":"image\/jpeg"}],"author":"Protur Hotels","twitter_card":"summary_large_image","twitter_misc":{"\u00c9crit par":"Protur Hotels","Dur\u00e9e de lecture estim\u00e9e":"2 minutes"},"schema":{"@context":"https:\/\/schema.org","@graph":[{"@type":"Article","@id":"https:\/\/blog.protur-hotels.com\/fr\/6-mallorca-smooth-jazz-festival\/#article","isPartOf":{"@id":"https:\/\/blog.protur-hotels.com\/fr\/6-mallorca-smooth-jazz-festival\/"},"author":{"name":"Protur Hotels","@id":"https:\/\/blog.protur-hotels.com\/#\/schema\/person\/6eac7ca6e9a32baa4716fdd5d7358326"},"headline":"6, MALLORCA SMOOTH JAZZ FESTIVAL","datePublished":"2017-03-19T08:13:22+00:00","dateModified":"2017-03-21T09:09:19+00:00","mainEntityOfPage":{"@id":"https:\/\/blog.protur-hotels.com\/fr\/6-mallorca-smooth-jazz-festival\/"},"wordCount":352,"publisher":{"@id":"https:\/\/blog.protur-hotels.com\/#organization"},"image":{"@id":"https:\/\/blog.protur-hotels.com\/fr\/6-mallorca-smooth-jazz-festival\/#primaryimage"},"thumbnailUrl":"https:\/\/blog.protur-hotels.com\/wp-content\/uploads\/2016\/12\/mallorca-smooth.jazz-festival-sa-coma-05.jpg","keywords":["2017","concert","Protur Biomar Gran Hotel Spa","Sa Coma","smooth jazz festival","voyage"],"articleSection":["\u00c9v\u00e9nements","Jazz","Majorque"],"inLanguage":"fr-FR"},{"@type":"WebPage","@id":"https:\/\/blog.protur-hotels.com\/fr\/6-mallorca-smooth-jazz-festival\/","url":"https:\/\/blog.protur-hotels.com\/fr\/6-mallorca-smooth-jazz-festival\/","name":"6, MALLORCA SMOOTH JAZZ FESTIVAL - Blog Protur Hotels","isPartOf":{"@id":"https:\/\/blog.protur-hotels.com\/#website"},"primaryImageOfPage":{"@id":"https:\/\/blog.protur-hotels.com\/fr\/6-mallorca-smooth-jazz-festival\/#primaryimage"},"image":{"@id":"https:\/\/blog.protur-hotels.com\/fr\/6-mallorca-smooth-jazz-festival\/#primaryimage"},"thumbnailUrl":"https:\/\/blog.protur-hotels.com\/wp-content\/uploads\/2016\/12\/mallorca-smooth.jazz-festival-sa-coma-05.jpg","datePublished":"2017-03-19T08:13:22+00:00","dateModified":"2017-03-21T09:09:19+00:00","description":"Le MALLORCA SMOOTH JAZZ FESTIVAL, un festival unique \u00e0 Majorque, dans la captivante Sa Coma. Un \u00e9v\u00e9nement avec de la musique jou\u00e9e en live","breadcrumb":{"@id":"https:\/\/blog.protur-hotels.com\/fr\/6-mallorca-smooth-jazz-festival\/#breadcrumb"},"inLanguage":"fr-FR","potentialAction":[{"@type":"ReadAction","target":["https:\/\/blog.protur-hotels.com\/fr\/6-mallorca-smooth-jazz-festival\/"]}]},{"@type":"ImageObject","inLanguage":"fr-FR","@id":"https:\/\/blog.protur-hotels.com\/fr\/6-mallorca-smooth-jazz-festival\/#primaryimage","url":"https:\/\/blog.protur-hotels.com\/wp-content\/uploads\/2016\/12\/mallorca-smooth.jazz-festival-sa-coma-05.jpg","contentUrl":"https:\/\/blog.protur-hotels.com\/wp-content\/uploads\/2016\/12\/mallorca-smooth.jazz-festival-sa-coma-05.jpg","width":800,"height":550,"caption":"MALLORCA SMOOTH JAZZ FESTIVAL"},{"@type":"BreadcrumbList","@id":"https:\/\/blog.protur-hotels.com\/fr\/6-mallorca-smooth-jazz-festival\/#breadcrumb","itemListElement":[{"@type":"ListItem","position":1,"name":"Portada","item":"https:\/\/blog.protur-hotels.com\/"},{"@type":"ListItem","position":2,"name":"6, MALLORCA SMOOTH JAZZ FESTIVAL"}]},{"@type":"WebSite","@id":"https:\/\/blog.protur-hotels.com\/#website","url":"https:\/\/blog.protur-hotels.com\/","name":"Blog Protur Hotels","description":"Un Blog para viajeros","publisher":{"@id":"https:\/\/blog.protur-hotels.com\/#organization"},"potentialAction":[{"@type":"SearchAction","target":{"@type":"EntryPoint","urlTemplate":"https:\/\/blog.protur-hotels.com\/?s={search_term_string}"},"query-input":{"@type":"PropertyValueSpecification","valueRequired":true,"valueName":"search_term_string"}}],"inLanguage":"fr-FR"},{"@type":"Organization","@id":"https:\/\/blog.protur-hotels.com\/#organization","name":"Blog Protur Hotels","url":"https:\/\/blog.protur-hotels.com\/","logo":{"@type":"ImageObject","inLanguage":"fr-FR","@id":"https:\/\/blog.protur-hotels.com\/#\/schema\/logo\/image\/","url":"https:\/\/blog.protur-hotels.com\/wp-content\/uploads\/2020\/03\/blog-protur-hotels-mallorca.png","contentUrl":"https:\/\/blog.protur-hotels.com\/wp-content\/uploads\/2020\/03\/blog-protur-hotels-mallorca.png","width":1422,"height":894,"caption":"Blog Protur Hotels"},"image":{"@id":"https:\/\/blog.protur-hotels.com\/#\/schema\/logo\/image\/"}},{"@type":"Person","@id":"https:\/\/blog.protur-hotels.com\/#\/schema\/person\/6eac7ca6e9a32baa4716fdd5d7358326","name":"Protur Hotels"}]}},"_links":{"self":[{"href":"https:\/\/blog.protur-hotels.com\/fr\/wp-json\/wp\/v2\/posts\/3000","targetHints":{"allow":["GET"]}}],"collection":[{"href":"https:\/\/blog.protur-hotels.com\/fr\/wp-json\/wp\/v2\/posts"}],"about":[{"href":"https:\/\/blog.protur-hotels.com\/fr\/wp-json\/wp\/v2\/types\/post"}],"author":[{"embeddable":true,"href":"https:\/\/blog.protur-hotels.com\/fr\/wp-json\/wp\/v2\/users\/3"}],"replies":[{"embeddable":true,"href":"https:\/\/blog.protur-hotels.com\/fr\/wp-json\/wp\/v2\/comments?post=3000"}],"version-history":[{"count":0,"href":"https:\/\/blog.protur-hotels.com\/fr\/wp-json\/wp\/v2\/posts\/3000\/revisions"}],"wp:featuredmedia":[{"embeddable":true,"href":"https:\/\/blog.protur-hotels.com\/fr\/wp-json\/wp\/v2\/media\/2990"}],"wp:attachment":[{"href":"https:\/\/blog.protur-hotels.com\/fr\/wp-json\/wp\/v2\/media?parent=3000"}],"wp:term":[{"taxonomy":"category","embeddable":true,"href":"https:\/\/blog.protur-hotels.com\/fr\/wp-json\/wp\/v2\/categories?post=3000"},{"taxonomy":"post_tag","embeddable":true,"href":"https:\/\/blog.protur-hotels.com\/fr\/wp-json\/wp\/v2\/tags?post=3000"}],"curies":[{"name":"wp","href":"https:\/\/api.w.org\/{rel}","templated":true}]}}