{"id":3336,"date":"2017-03-30T08:43:49","date_gmt":"2017-03-30T08:43:49","guid":{"rendered":"https:\/\/blog.protur-hotels.com\/fr\/?p=3336"},"modified":"2017-03-30T08:43:49","modified_gmt":"2017-03-30T08:43:49","slug":"protur-hotels-au-39eme-marathon-barcelone","status":"publish","type":"post","link":"https:\/\/blog.protur-hotels.com\/fr\/protur-hotels-au-39eme-marathon-barcelone\/","title":{"rendered":"Protur Hotels au 39\u00e8me Marathon de Barcelone"},"content":{"rendered":"<p>Le dimanche 12 mars a eu lieu le 39\u00e8me Marathon de Barcelone o\u00f9 Protur Hotels \u00e9tait repr\u00e9sent\u00e9 par deux grands athl\u00e8tes, Javier Guerra et Lloren\u00e7 Rossello.<\/p>\n<p>Deux coureurs qui s\u2019attaquaient pour la premi\u00e8re fois aux 42,195 kms du marathon, apr\u00e8s de longs mois d&rsquo;entra\u00eenements intenses, d\u2019efforts, de sacrifices et de douleurs, et pour cela ils m\u00e9ritent un tonnerre d\u2019applaudissement. Toutes nos f\u00e9licitations pour ce grand exploit!<\/p>\n<p>\u00c0 votre sant\u00e9 et \u00e0 vos nombreux kilom\u00e8tres parcourus!<\/p>\n","protected":false},"excerpt":{"rendered":"<p>Le dimanche 12 mars a eu lieu le 39\u00e8me Marathon de Barcelone o\u00f9 Protur Hotels \u00e9tait repr\u00e9sent\u00e9 par deux grands athl\u00e8tes, Javier Guerra et Lloren\u00e7 Rossello. Deux coureurs qui s\u2019attaquaient&hellip;<\/p>\n","protected":false},"author":3,"featured_media":5929,"comment_status":"closed","ping_status":"open","sticky":false,"template":"","format":"gallery","meta":{"_lmt_disableupdate":"","_lmt_disable":"","footnotes":""},"categories":[776,122,1094,124],"tags":[777,754,62],"class_list":["post-3336","post","type-post","status-publish","format-gallery","has-post-thumbnail","hentry","category-marathon","category-protur-hotels-fr","category-protur-hotels-fr-2","category-rutas-fr","tag-kilometres","tag-marathon","tag-protur-hotels","post_format-post-format-gallery"],"yoast_head":"<!-- This site is optimized with the Yoast SEO plugin v26.6 - https:\/\/yoast.com\/wordpress\/plugins\/seo\/ -->\n<title>Protur Hotels au 39\u00e8me Marathon de Barcelone - Blog Protur Hotels<\/title>\n<meta name=\"description\" content=\"Le dimanche 12 mars a eu lieu le 39\u00e8me Marathon de Barcelone o\u00f9 Protur Hotels \u00e9tait repr\u00e9sent\u00e9 par deux grands athl\u00e8tes, Javier Guerra et Lloren\u00e7 Rossello.\" \/>\n<meta name=\"robots\" content=\"index, follow, max-snippet:-1, max-image-preview:large, max-video-preview:-1\" \/>\n<link rel=\"canonical\" href=\"https:\/\/blog.protur-hotels.com\/fr\/protur-hotels-au-39eme-marathon-barcelone\/\" \/>\n<meta property=\"og:locale\" content=\"fr_FR\" \/>\n<meta property=\"og:type\" content=\"article\" \/>\n<meta property=\"og:title\" content=\"Protur Hotels au 39\u00e8me Marathon de Barcelone - Blog Protur Hotels\" \/>\n<meta property=\"og:description\" content=\"Le dimanche 12 mars a eu lieu le 39\u00e8me Marathon de Barcelone o\u00f9 Protur Hotels \u00e9tait repr\u00e9sent\u00e9 par deux grands athl\u00e8tes, Javier Guerra et Lloren\u00e7 Rossello.\" \/>\n<meta property=\"og:url\" content=\"https:\/\/blog.protur-hotels.com\/fr\/protur-hotels-au-39eme-marathon-barcelone\/\" \/>\n<meta property=\"og:site_name\" content=\"Blog Protur Hotels\" \/>\n<meta property=\"article:published_time\" content=\"2017-03-30T08:43:49+00:00\" \/>\n<meta property=\"og:image\" content=\"https:\/\/blog.protur-hotels.com\/wp-content\/uploads\/2017\/03\/image2-e1490292595895.jpg\" \/>\n\t<meta property=\"og:image:width\" content=\"320\" \/>\n\t<meta property=\"og:image:height\" content=\"240\" \/>\n\t<meta property=\"og:image:type\" content=\"image\/jpeg\" \/>\n<meta name=\"author\" content=\"Protur Hotels\" \/>\n<meta name=\"twitter:card\" content=\"summary_large_image\" \/>\n<meta name=\"twitter:label1\" content=\"\u00c9crit par\" \/>\n\t<meta name=\"twitter:data1\" content=\"Protur Hotels\" \/>\n<script type=\"application\/ld+json\" class=\"yoast-schema-graph\">{\"@context\":\"https:\/\/schema.org\",\"@graph\":[{\"@type\":\"Article\",\"@id\":\"https:\/\/blog.protur-hotels.com\/fr\/protur-hotels-au-39eme-marathon-barcelone\/#article\",\"isPartOf\":{\"@id\":\"https:\/\/blog.protur-hotels.com\/fr\/protur-hotels-au-39eme-marathon-barcelone\/\"},\"author\":{\"name\":\"Protur Hotels\",\"@id\":\"https:\/\/blog.protur-hotels.com\/#\/schema\/person\/6eac7ca6e9a32baa4716fdd5d7358326\"},\"headline\":\"Protur Hotels au 39\u00e8me Marathon de Barcelone\",\"datePublished\":\"2017-03-30T08:43:49+00:00\",\"mainEntityOfPage\":{\"@id\":\"https:\/\/blog.protur-hotels.com\/fr\/protur-hotels-au-39eme-marathon-barcelone\/\"},\"wordCount\":90,\"publisher\":{\"@id\":\"https:\/\/blog.protur-hotels.com\/#organization\"},\"image\":{\"@id\":\"https:\/\/blog.protur-hotels.com\/fr\/protur-hotels-au-39eme-marathon-barcelone\/#primaryimage\"},\"thumbnailUrl\":\"https:\/\/blog.protur-hotels.com\/wp-content\/uploads\/2017\/03\/image2-e1490292595895.jpg\",\"keywords\":[\"kilom\u00e8tres\",\"Marathon\",\"Protur Hotels\"],\"articleSection\":[\"Marathon\",\"Protur Hotels\",\"Protur Hotels\",\"Routes\"],\"inLanguage\":\"fr-FR\"},{\"@type\":\"WebPage\",\"@id\":\"https:\/\/blog.protur-hotels.com\/fr\/protur-hotels-au-39eme-marathon-barcelone\/\",\"url\":\"https:\/\/blog.protur-hotels.com\/fr\/protur-hotels-au-39eme-marathon-barcelone\/\",\"name\":\"Protur Hotels au 39\u00e8me Marathon de Barcelone - Blog Protur Hotels\",\"isPartOf\":{\"@id\":\"https:\/\/blog.protur-hotels.com\/#website\"},\"primaryImageOfPage\":{\"@id\":\"https:\/\/blog.protur-hotels.com\/fr\/protur-hotels-au-39eme-marathon-barcelone\/#primaryimage\"},\"image\":{\"@id\":\"https:\/\/blog.protur-hotels.com\/fr\/protur-hotels-au-39eme-marathon-barcelone\/#primaryimage\"},\"thumbnailUrl\":\"https:\/\/blog.protur-hotels.com\/wp-content\/uploads\/2017\/03\/image2-e1490292595895.jpg\",\"datePublished\":\"2017-03-30T08:43:49+00:00\",\"description\":\"Le dimanche 12 mars a eu lieu le 39\u00e8me Marathon de Barcelone o\u00f9 Protur Hotels \u00e9tait repr\u00e9sent\u00e9 par deux grands athl\u00e8tes, Javier Guerra et Lloren\u00e7 Rossello.\",\"breadcrumb\":{\"@id\":\"https:\/\/blog.protur-hotels.com\/fr\/protur-hotels-au-39eme-marathon-barcelone\/#breadcrumb\"},\"inLanguage\":\"fr-FR\",\"potentialAction\":[{\"@type\":\"ReadAction\",\"target\":[\"https:\/\/blog.protur-hotels.com\/fr\/protur-hotels-au-39eme-marathon-barcelone\/\"]}]},{\"@type\":\"ImageObject\",\"inLanguage\":\"fr-FR\",\"@id\":\"https:\/\/blog.protur-hotels.com\/fr\/protur-hotels-au-39eme-marathon-barcelone\/#primaryimage\",\"url\":\"https:\/\/blog.protur-hotels.com\/wp-content\/uploads\/2017\/03\/image2-e1490292595895.jpg\",\"contentUrl\":\"https:\/\/blog.protur-hotels.com\/wp-content\/uploads\/2017\/03\/image2-e1490292595895.jpg\",\"width\":320,\"height\":240,\"caption\":\"Marathon - Protur Hotels en la 39\u00ba Marat\u00f3n de Barcelona - Marathon-\u043c\u0430\u0440\u0430\u0444\u043e\u043d\u0435\"},{\"@type\":\"BreadcrumbList\",\"@id\":\"https:\/\/blog.protur-hotels.com\/fr\/protur-hotels-au-39eme-marathon-barcelone\/#breadcrumb\",\"itemListElement\":[{\"@type\":\"ListItem\",\"position\":1,\"name\":\"Portada\",\"item\":\"https:\/\/blog.protur-hotels.com\/\"},{\"@type\":\"ListItem\",\"position\":2,\"name\":\"Protur Hotels au 39\u00e8me Marathon de Barcelone\"}]},{\"@type\":\"WebSite\",\"@id\":\"https:\/\/blog.protur-hotels.com\/#website\",\"url\":\"https:\/\/blog.protur-hotels.com\/\",\"name\":\"Blog Protur Hotels\",\"description\":\"Un Blog para viajeros\",\"publisher\":{\"@id\":\"https:\/\/blog.protur-hotels.com\/#organization\"},\"potentialAction\":[{\"@type\":\"SearchAction\",\"target\":{\"@type\":\"EntryPoint\",\"urlTemplate\":\"https:\/\/blog.protur-hotels.com\/?s={search_term_string}\"},\"query-input\":{\"@type\":\"PropertyValueSpecification\",\"valueRequired\":true,\"valueName\":\"search_term_string\"}}],\"inLanguage\":\"fr-FR\"},{\"@type\":\"Organization\",\"@id\":\"https:\/\/blog.protur-hotels.com\/#organization\",\"name\":\"Blog Protur Hotels\",\"url\":\"https:\/\/blog.protur-hotels.com\/\",\"logo\":{\"@type\":\"ImageObject\",\"inLanguage\":\"fr-FR\",\"@id\":\"https:\/\/blog.protur-hotels.com\/#\/schema\/logo\/image\/\",\"url\":\"https:\/\/blog.protur-hotels.com\/wp-content\/uploads\/2020\/03\/blog-protur-hotels-mallorca.png\",\"contentUrl\":\"https:\/\/blog.protur-hotels.com\/wp-content\/uploads\/2020\/03\/blog-protur-hotels-mallorca.png\",\"width\":1422,\"height\":894,\"caption\":\"Blog Protur Hotels\"},\"image\":{\"@id\":\"https:\/\/blog.protur-hotels.com\/#\/schema\/logo\/image\/\"}},{\"@type\":\"Person\",\"@id\":\"https:\/\/blog.protur-hotels.com\/#\/schema\/person\/6eac7ca6e9a32baa4716fdd5d7358326\",\"name\":\"Protur Hotels\"}]}<\/script>\n<!-- \/ Yoast SEO plugin. -->","yoast_head_json":{"title":"Protur Hotels au 39\u00e8me Marathon de Barcelone - Blog Protur Hotels","description":"Le dimanche 12 mars a eu lieu le 39\u00e8me Marathon de Barcelone o\u00f9 Protur Hotels \u00e9tait repr\u00e9sent\u00e9 par deux grands athl\u00e8tes, Javier Guerra et Lloren\u00e7 Rossello.","robots":{"index":"index","follow":"follow","max-snippet":"max-snippet:-1","max-image-preview":"max-image-preview:large","max-video-preview":"max-video-preview:-1"},"canonical":"https:\/\/blog.protur-hotels.com\/fr\/protur-hotels-au-39eme-marathon-barcelone\/","og_locale":"fr_FR","og_type":"article","og_title":"Protur Hotels au 39\u00e8me Marathon de Barcelone - Blog Protur Hotels","og_description":"Le dimanche 12 mars a eu lieu le 39\u00e8me Marathon de Barcelone o\u00f9 Protur Hotels \u00e9tait repr\u00e9sent\u00e9 par deux grands athl\u00e8tes, Javier Guerra et Lloren\u00e7 Rossello.","og_url":"https:\/\/blog.protur-hotels.com\/fr\/protur-hotels-au-39eme-marathon-barcelone\/","og_site_name":"Blog Protur Hotels","article_published_time":"2017-03-30T08:43:49+00:00","og_image":[{"width":320,"height":240,"url":"https:\/\/blog.protur-hotels.com\/wp-content\/uploads\/2017\/03\/image2-e1490292595895.jpg","type":"image\/jpeg"}],"author":"Protur Hotels","twitter_card":"summary_large_image","twitter_misc":{"\u00c9crit par":"Protur Hotels"},"schema":{"@context":"https:\/\/schema.org","@graph":[{"@type":"Article","@id":"https:\/\/blog.protur-hotels.com\/fr\/protur-hotels-au-39eme-marathon-barcelone\/#article","isPartOf":{"@id":"https:\/\/blog.protur-hotels.com\/fr\/protur-hotels-au-39eme-marathon-barcelone\/"},"author":{"name":"Protur Hotels","@id":"https:\/\/blog.protur-hotels.com\/#\/schema\/person\/6eac7ca6e9a32baa4716fdd5d7358326"},"headline":"Protur Hotels au 39\u00e8me Marathon de Barcelone","datePublished":"2017-03-30T08:43:49+00:00","mainEntityOfPage":{"@id":"https:\/\/blog.protur-hotels.com\/fr\/protur-hotels-au-39eme-marathon-barcelone\/"},"wordCount":90,"publisher":{"@id":"https:\/\/blog.protur-hotels.com\/#organization"},"image":{"@id":"https:\/\/blog.protur-hotels.com\/fr\/protur-hotels-au-39eme-marathon-barcelone\/#primaryimage"},"thumbnailUrl":"https:\/\/blog.protur-hotels.com\/wp-content\/uploads\/2017\/03\/image2-e1490292595895.jpg","keywords":["kilom\u00e8tres","Marathon","Protur Hotels"],"articleSection":["Marathon","Protur Hotels","Protur Hotels","Routes"],"inLanguage":"fr-FR"},{"@type":"WebPage","@id":"https:\/\/blog.protur-hotels.com\/fr\/protur-hotels-au-39eme-marathon-barcelone\/","url":"https:\/\/blog.protur-hotels.com\/fr\/protur-hotels-au-39eme-marathon-barcelone\/","name":"Protur Hotels au 39\u00e8me Marathon de Barcelone - Blog Protur Hotels","isPartOf":{"@id":"https:\/\/blog.protur-hotels.com\/#website"},"primaryImageOfPage":{"@id":"https:\/\/blog.protur-hotels.com\/fr\/protur-hotels-au-39eme-marathon-barcelone\/#primaryimage"},"image":{"@id":"https:\/\/blog.protur-hotels.com\/fr\/protur-hotels-au-39eme-marathon-barcelone\/#primaryimage"},"thumbnailUrl":"https:\/\/blog.protur-hotels.com\/wp-content\/uploads\/2017\/03\/image2-e1490292595895.jpg","datePublished":"2017-03-30T08:43:49+00:00","description":"Le dimanche 12 mars a eu lieu le 39\u00e8me Marathon de Barcelone o\u00f9 Protur Hotels \u00e9tait repr\u00e9sent\u00e9 par deux grands athl\u00e8tes, Javier Guerra et Lloren\u00e7 Rossello.","breadcrumb":{"@id":"https:\/\/blog.protur-hotels.com\/fr\/protur-hotels-au-39eme-marathon-barcelone\/#breadcrumb"},"inLanguage":"fr-FR","potentialAction":[{"@type":"ReadAction","target":["https:\/\/blog.protur-hotels.com\/fr\/protur-hotels-au-39eme-marathon-barcelone\/"]}]},{"@type":"ImageObject","inLanguage":"fr-FR","@id":"https:\/\/blog.protur-hotels.com\/fr\/protur-hotels-au-39eme-marathon-barcelone\/#primaryimage","url":"https:\/\/blog.protur-hotels.com\/wp-content\/uploads\/2017\/03\/image2-e1490292595895.jpg","contentUrl":"https:\/\/blog.protur-hotels.com\/wp-content\/uploads\/2017\/03\/image2-e1490292595895.jpg","width":320,"height":240,"caption":"Marathon - Protur Hotels en la 39\u00ba Marat\u00f3n de Barcelona - Marathon-\u043c\u0430\u0440\u0430\u0444\u043e\u043d\u0435"},{"@type":"BreadcrumbList","@id":"https:\/\/blog.protur-hotels.com\/fr\/protur-hotels-au-39eme-marathon-barcelone\/#breadcrumb","itemListElement":[{"@type":"ListItem","position":1,"name":"Portada","item":"https:\/\/blog.protur-hotels.com\/"},{"@type":"ListItem","position":2,"name":"Protur Hotels au 39\u00e8me Marathon de Barcelone"}]},{"@type":"WebSite","@id":"https:\/\/blog.protur-hotels.com\/#website","url":"https:\/\/blog.protur-hotels.com\/","name":"Blog Protur Hotels","description":"Un Blog para viajeros","publisher":{"@id":"https:\/\/blog.protur-hotels.com\/#organization"},"potentialAction":[{"@type":"SearchAction","target":{"@type":"EntryPoint","urlTemplate":"https:\/\/blog.protur-hotels.com\/?s={search_term_string}"},"query-input":{"@type":"PropertyValueSpecification","valueRequired":true,"valueName":"search_term_string"}}],"inLanguage":"fr-FR"},{"@type":"Organization","@id":"https:\/\/blog.protur-hotels.com\/#organization","name":"Blog Protur Hotels","url":"https:\/\/blog.protur-hotels.com\/","logo":{"@type":"ImageObject","inLanguage":"fr-FR","@id":"https:\/\/blog.protur-hotels.com\/#\/schema\/logo\/image\/","url":"https:\/\/blog.protur-hotels.com\/wp-content\/uploads\/2020\/03\/blog-protur-hotels-mallorca.png","contentUrl":"https:\/\/blog.protur-hotels.com\/wp-content\/uploads\/2020\/03\/blog-protur-hotels-mallorca.png","width":1422,"height":894,"caption":"Blog Protur Hotels"},"image":{"@id":"https:\/\/blog.protur-hotels.com\/#\/schema\/logo\/image\/"}},{"@type":"Person","@id":"https:\/\/blog.protur-hotels.com\/#\/schema\/person\/6eac7ca6e9a32baa4716fdd5d7358326","name":"Protur Hotels"}]}},"_links":{"self":[{"href":"https:\/\/blog.protur-hotels.com\/fr\/wp-json\/wp\/v2\/posts\/3336","targetHints":{"allow":["GET"]}}],"collection":[{"href":"https:\/\/blog.protur-hotels.com\/fr\/wp-json\/wp\/v2\/posts"}],"about":[{"href":"https:\/\/blog.protur-hotels.com\/fr\/wp-json\/wp\/v2\/types\/post"}],"author":[{"embeddable":true,"href":"https:\/\/blog.protur-hotels.com\/fr\/wp-json\/wp\/v2\/users\/3"}],"replies":[{"embeddable":true,"href":"https:\/\/blog.protur-hotels.com\/fr\/wp-json\/wp\/v2\/comments?post=3336"}],"version-history":[{"count":0,"href":"https:\/\/blog.protur-hotels.com\/fr\/wp-json\/wp\/v2\/posts\/3336\/revisions"}],"wp:featuredmedia":[{"embeddable":true,"href":"https:\/\/blog.protur-hotels.com\/fr\/wp-json\/wp\/v2\/media\/5929"}],"wp:attachment":[{"href":"https:\/\/blog.protur-hotels.com\/fr\/wp-json\/wp\/v2\/media?parent=3336"}],"wp:term":[{"taxonomy":"category","embeddable":true,"href":"https:\/\/blog.protur-hotels.com\/fr\/wp-json\/wp\/v2\/categories?post=3336"},{"taxonomy":"post_tag","embeddable":true,"href":"https:\/\/blog.protur-hotels.com\/fr\/wp-json\/wp\/v2\/tags?post=3336"}],"curies":[{"name":"wp","href":"https:\/\/api.w.org\/{rel}","templated":true}]}}