{"id":3714,"date":"2017-10-16T14:47:54","date_gmt":"2017-10-16T14:47:54","guid":{"rendered":"https:\/\/blog.protur-hotels.com\/fr\/?p=3714"},"modified":"2017-10-16T14:47:54","modified_gmt":"2017-10-16T14:47:54","slug":"la-saveur-des-vacances","status":"publish","type":"post","link":"https:\/\/blog.protur-hotels.com\/fr\/la-saveur-des-vacances\/","title":{"rendered":"La saveur des vacances"},"content":{"rendered":"<p><strong>La saveur des vacances<\/strong><\/p>\n<p>La gastronomie est l\u2019un de ses plaisirs qui nous font voyager \u00e0 travers le monde depuis notre assiette. En voyage, c\u2019est l\u2019un des \u00e9l\u00e9ments cl\u00e9 pour conna\u00eetre la destination dans laquelle nous nous trouvons et c\u2019est aussi une opportunit\u00e9 de partager des moments et des conversations avec les locaux. Profiter des saveurs traditionnels, c\u2019est s\u2019approcher au plus pr\u00e8s de la culture, des coutumes et de l\u2019essence d\u2019une destination.<\/p>\n<p>\u00c0 Protur Hotels, nous sommes de v\u00e9ritables gastronomes. Si vous avez d\u00e9j\u00e0 s\u00e9journ\u00e9 dans l\u2019un de nos h\u00f4tels \u00e0 Majorque ou Almer\u00eda, vous savez l\u2019importance que l\u2019on donne \u00e0 ce service et que certains de nos \u00e9tablissements sont sp\u00e9cialement orient\u00e9s vers l\u2019offre d\u2019une exp\u00e9rience gastronomique \u00e9labor\u00e9e avec les meilleurs produits locaux pour ravir les palais les plus exigeants.<\/p>\n<p><strong>Cuisine majorquine<\/strong><\/p>\n<p>L\u2019une de nos r\u00e9f\u00e9rences sur la c\u00f4te-est de Majorque est la r\u00e9sidence Restaurant Son Floriana, dans le magnifique cadre de Cala Bona. Il s\u2019agit d\u2019un lieu plein de charme et de tradition allant au del\u00e0 de la gastronomie : c\u2019est une ancienne demeure majorquine de style traditionnelle entour\u00e9e de magnifiques champs typiques de l\u2019\u00eele.<\/p>\n<p>C\u2019est un endroit privil\u00e9gi\u00e9 pour l\u2019organisation d\u2019\u00e9v\u00e9nements et mariages et que de nombreux vacanciers ont choisi comme refuge pour leurs vacances. Les menus de Son Floriana portent la marque incomparable du grand chef Sebasti\u00e0 Bonet et la garantie de plats \u00e9labor\u00e9s avec des produits de premi\u00e8re qualit\u00e9.<\/p>\n<p>Autre de nos options pour les fins gourmets, le restaurant BOU du Protur Sa Coma Playa Hotel &amp; Spa \u00e9toil\u00e9 Michelin. Il est id\u00e9al pour combiner voyage d\u00e9tente, bien-\u00eatre et gastronomie.<\/p>\n<p><strong>Saveurs d\u2019Andalousie<\/strong><\/p>\n<p>Sans quitter la M\u00e9diterran\u00e9e, nous partons pour notre h\u00f4tel \u00e0 Almer\u00eda o\u00f9 la gastronomie andalouse pr\u00e9domine et o\u00f9 les plats sont aux couleurs de cette terre incomparable.<\/p>\n<p>Le Protur Roquetas Hotel &amp; Spa est un h\u00f4tel 5 \u00e9toiles Tout Inclus avec buffet int\u00e9gral et divers restaurants th\u00e9matiques, une offre et une vari\u00e9t\u00e9 qui permettent \u00e0 chaque vacancier de profiter durant tout le s\u00e9jour de saveurs uniques et d\u00e9couvrir les plats les plus typiques de la gastronomie andalouse.<\/p>\n<p>Pour des saveurs plus exotiques, nous vous recommandons notre restaurant La Sal \u00e0 Roquetas, d\u00e9di\u00e9 \u00e0 la cuisine italienne la plus raffin\u00e9e et le restaurant Asian, coin de notre h\u00f4tel o\u00f9 trouver les meilleurs plats de cuisine japonaise, chinoise, tha\u00eflandaise ou indienne.<\/p>\n<p>Donnez du go\u00fbt \u00e0 vos escapades avec <u><a href=\"http:\/\/protur-hotels.com\/fr\/\">Protur Hotels<\/a><\/u>.<\/p>\n","protected":false},"excerpt":{"rendered":"<p>La saveur des vacances La gastronomie est l\u2019un de ses plaisirs qui nous font voyager \u00e0 travers le monde depuis notre assiette. En voyage, c\u2019est l\u2019un des \u00e9l\u00e9ments cl\u00e9 pour&hellip;<\/p>\n","protected":false},"author":3,"featured_media":3705,"comment_status":"open","ping_status":"open","sticky":false,"template":"","format":"standard","meta":{"_lmt_disableupdate":"","_lmt_disable":"","footnotes":""},"categories":[28,114,117],"tags":[365,249,878],"class_list":["post-3714","post","type-post","status-publish","format-standard","has-post-thumbnail","hentry","category-almeria-fr","category-gastronomia-fr","category-mallorca-fr","tag-experience","tag-hotels","tag-saveur"],"yoast_head":"<!-- This site is optimized with the Yoast SEO plugin v26.6 - https:\/\/yoast.com\/wordpress\/plugins\/seo\/ -->\n<title>La saveur des vacances - Blog Protur Hotels<\/title>\n<meta name=\"description\" content=\"La saveur des vacances La gastronomie est l\u2019un de ses plaisirs qui nous font voyager \u00e0 travers le monde depuis notre assiette\" \/>\n<meta name=\"robots\" content=\"index, follow, max-snippet:-1, max-image-preview:large, max-video-preview:-1\" \/>\n<link rel=\"canonical\" href=\"https:\/\/blog.protur-hotels.com\/fr\/la-saveur-des-vacances\/\" \/>\n<meta property=\"og:locale\" content=\"fr_FR\" \/>\n<meta property=\"og:type\" content=\"article\" \/>\n<meta property=\"og:title\" content=\"La saveur des vacances - Blog Protur Hotels\" \/>\n<meta property=\"og:description\" content=\"La saveur des vacances La gastronomie est l\u2019un de ses plaisirs qui nous font voyager \u00e0 travers le monde depuis notre assiette\" \/>\n<meta property=\"og:url\" content=\"https:\/\/blog.protur-hotels.com\/fr\/la-saveur-des-vacances\/\" \/>\n<meta property=\"og:site_name\" content=\"Blog Protur Hotels\" \/>\n<meta property=\"article:published_time\" content=\"2017-10-16T14:47:54+00:00\" \/>\n<meta property=\"og:image\" content=\"https:\/\/blog.protur-hotels.com\/wp-content\/uploads\/2017\/10\/El-sabor-de-la-vacaciones.jpg\" \/>\n\t<meta property=\"og:image:width\" content=\"800\" \/>\n\t<meta property=\"og:image:height\" content=\"650\" \/>\n\t<meta property=\"og:image:type\" content=\"image\/jpeg\" \/>\n<meta name=\"author\" content=\"Protur Hotels\" \/>\n<meta name=\"twitter:card\" content=\"summary_large_image\" \/>\n<meta name=\"twitter:label1\" content=\"\u00c9crit par\" \/>\n\t<meta name=\"twitter:data1\" content=\"Protur Hotels\" \/>\n\t<meta name=\"twitter:label2\" content=\"Dur\u00e9e de lecture estim\u00e9e\" \/>\n\t<meta name=\"twitter:data2\" content=\"2 minutes\" \/>\n<script type=\"application\/ld+json\" class=\"yoast-schema-graph\">{\"@context\":\"https:\/\/schema.org\",\"@graph\":[{\"@type\":\"Article\",\"@id\":\"https:\/\/blog.protur-hotels.com\/fr\/la-saveur-des-vacances\/#article\",\"isPartOf\":{\"@id\":\"https:\/\/blog.protur-hotels.com\/fr\/la-saveur-des-vacances\/\"},\"author\":{\"name\":\"Protur Hotels\",\"@id\":\"https:\/\/blog.protur-hotels.com\/#\/schema\/person\/6eac7ca6e9a32baa4716fdd5d7358326\"},\"headline\":\"La saveur des vacances\",\"datePublished\":\"2017-10-16T14:47:54+00:00\",\"mainEntityOfPage\":{\"@id\":\"https:\/\/blog.protur-hotels.com\/fr\/la-saveur-des-vacances\/\"},\"wordCount\":449,\"commentCount\":0,\"publisher\":{\"@id\":\"https:\/\/blog.protur-hotels.com\/#organization\"},\"image\":{\"@id\":\"https:\/\/blog.protur-hotels.com\/fr\/la-saveur-des-vacances\/#primaryimage\"},\"thumbnailUrl\":\"https:\/\/blog.protur-hotels.com\/wp-content\/uploads\/2017\/10\/El-sabor-de-la-vacaciones.jpg\",\"keywords\":[\"exp\u00e9rience\",\"h\u00f4tels\",\"saveur\"],\"articleSection\":[\"Almer\u00eda\",\"Gastronomie\",\"Majorque\"],\"inLanguage\":\"fr-FR\"},{\"@type\":\"WebPage\",\"@id\":\"https:\/\/blog.protur-hotels.com\/fr\/la-saveur-des-vacances\/\",\"url\":\"https:\/\/blog.protur-hotels.com\/fr\/la-saveur-des-vacances\/\",\"name\":\"La saveur des vacances - Blog Protur Hotels\",\"isPartOf\":{\"@id\":\"https:\/\/blog.protur-hotels.com\/#website\"},\"primaryImageOfPage\":{\"@id\":\"https:\/\/blog.protur-hotels.com\/fr\/la-saveur-des-vacances\/#primaryimage\"},\"image\":{\"@id\":\"https:\/\/blog.protur-hotels.com\/fr\/la-saveur-des-vacances\/#primaryimage\"},\"thumbnailUrl\":\"https:\/\/blog.protur-hotels.com\/wp-content\/uploads\/2017\/10\/El-sabor-de-la-vacaciones.jpg\",\"datePublished\":\"2017-10-16T14:47:54+00:00\",\"description\":\"La saveur des vacances La gastronomie est l\u2019un de ses plaisirs qui nous font voyager \u00e0 travers le monde depuis notre assiette\",\"breadcrumb\":{\"@id\":\"https:\/\/blog.protur-hotels.com\/fr\/la-saveur-des-vacances\/#breadcrumb\"},\"inLanguage\":\"fr-FR\",\"potentialAction\":[{\"@type\":\"ReadAction\",\"target\":[\"https:\/\/blog.protur-hotels.com\/fr\/la-saveur-des-vacances\/\"]}]},{\"@type\":\"ImageObject\",\"inLanguage\":\"fr-FR\",\"@id\":\"https:\/\/blog.protur-hotels.com\/fr\/la-saveur-des-vacances\/#primaryimage\",\"url\":\"https:\/\/blog.protur-hotels.com\/wp-content\/uploads\/2017\/10\/El-sabor-de-la-vacaciones.jpg\",\"contentUrl\":\"https:\/\/blog.protur-hotels.com\/wp-content\/uploads\/2017\/10\/El-sabor-de-la-vacaciones.jpg\",\"width\":800,\"height\":650,\"caption\":\"El-sabor-de-la- vacaciones-Geschmack-flavours-saveur-\u043f\u0443\u0442\u0435\u0448\u0435\u0441\u0442\u0432\u0438\u044f\"},{\"@type\":\"BreadcrumbList\",\"@id\":\"https:\/\/blog.protur-hotels.com\/fr\/la-saveur-des-vacances\/#breadcrumb\",\"itemListElement\":[{\"@type\":\"ListItem\",\"position\":1,\"name\":\"Portada\",\"item\":\"https:\/\/blog.protur-hotels.com\/\"},{\"@type\":\"ListItem\",\"position\":2,\"name\":\"La saveur des vacances\"}]},{\"@type\":\"WebSite\",\"@id\":\"https:\/\/blog.protur-hotels.com\/#website\",\"url\":\"https:\/\/blog.protur-hotels.com\/\",\"name\":\"Blog Protur Hotels\",\"description\":\"Un Blog para viajeros\",\"publisher\":{\"@id\":\"https:\/\/blog.protur-hotels.com\/#organization\"},\"potentialAction\":[{\"@type\":\"SearchAction\",\"target\":{\"@type\":\"EntryPoint\",\"urlTemplate\":\"https:\/\/blog.protur-hotels.com\/?s={search_term_string}\"},\"query-input\":{\"@type\":\"PropertyValueSpecification\",\"valueRequired\":true,\"valueName\":\"search_term_string\"}}],\"inLanguage\":\"fr-FR\"},{\"@type\":\"Organization\",\"@id\":\"https:\/\/blog.protur-hotels.com\/#organization\",\"name\":\"Blog Protur Hotels\",\"url\":\"https:\/\/blog.protur-hotels.com\/\",\"logo\":{\"@type\":\"ImageObject\",\"inLanguage\":\"fr-FR\",\"@id\":\"https:\/\/blog.protur-hotels.com\/#\/schema\/logo\/image\/\",\"url\":\"https:\/\/blog.protur-hotels.com\/wp-content\/uploads\/2020\/03\/blog-protur-hotels-mallorca.png\",\"contentUrl\":\"https:\/\/blog.protur-hotels.com\/wp-content\/uploads\/2020\/03\/blog-protur-hotels-mallorca.png\",\"width\":1422,\"height\":894,\"caption\":\"Blog Protur Hotels\"},\"image\":{\"@id\":\"https:\/\/blog.protur-hotels.com\/#\/schema\/logo\/image\/\"}},{\"@type\":\"Person\",\"@id\":\"https:\/\/blog.protur-hotels.com\/#\/schema\/person\/6eac7ca6e9a32baa4716fdd5d7358326\",\"name\":\"Protur Hotels\"}]}<\/script>\n<!-- \/ Yoast SEO plugin. -->","yoast_head_json":{"title":"La saveur des vacances - Blog Protur Hotels","description":"La saveur des vacances La gastronomie est l\u2019un de ses plaisirs qui nous font voyager \u00e0 travers le monde depuis notre assiette","robots":{"index":"index","follow":"follow","max-snippet":"max-snippet:-1","max-image-preview":"max-image-preview:large","max-video-preview":"max-video-preview:-1"},"canonical":"https:\/\/blog.protur-hotels.com\/fr\/la-saveur-des-vacances\/","og_locale":"fr_FR","og_type":"article","og_title":"La saveur des vacances - Blog Protur Hotels","og_description":"La saveur des vacances La gastronomie est l\u2019un de ses plaisirs qui nous font voyager \u00e0 travers le monde depuis notre assiette","og_url":"https:\/\/blog.protur-hotels.com\/fr\/la-saveur-des-vacances\/","og_site_name":"Blog Protur Hotels","article_published_time":"2017-10-16T14:47:54+00:00","og_image":[{"width":800,"height":650,"url":"https:\/\/blog.protur-hotels.com\/wp-content\/uploads\/2017\/10\/El-sabor-de-la-vacaciones.jpg","type":"image\/jpeg"}],"author":"Protur Hotels","twitter_card":"summary_large_image","twitter_misc":{"\u00c9crit par":"Protur Hotels","Dur\u00e9e de lecture estim\u00e9e":"2 minutes"},"schema":{"@context":"https:\/\/schema.org","@graph":[{"@type":"Article","@id":"https:\/\/blog.protur-hotels.com\/fr\/la-saveur-des-vacances\/#article","isPartOf":{"@id":"https:\/\/blog.protur-hotels.com\/fr\/la-saveur-des-vacances\/"},"author":{"name":"Protur Hotels","@id":"https:\/\/blog.protur-hotels.com\/#\/schema\/person\/6eac7ca6e9a32baa4716fdd5d7358326"},"headline":"La saveur des vacances","datePublished":"2017-10-16T14:47:54+00:00","mainEntityOfPage":{"@id":"https:\/\/blog.protur-hotels.com\/fr\/la-saveur-des-vacances\/"},"wordCount":449,"commentCount":0,"publisher":{"@id":"https:\/\/blog.protur-hotels.com\/#organization"},"image":{"@id":"https:\/\/blog.protur-hotels.com\/fr\/la-saveur-des-vacances\/#primaryimage"},"thumbnailUrl":"https:\/\/blog.protur-hotels.com\/wp-content\/uploads\/2017\/10\/El-sabor-de-la-vacaciones.jpg","keywords":["exp\u00e9rience","h\u00f4tels","saveur"],"articleSection":["Almer\u00eda","Gastronomie","Majorque"],"inLanguage":"fr-FR"},{"@type":"WebPage","@id":"https:\/\/blog.protur-hotels.com\/fr\/la-saveur-des-vacances\/","url":"https:\/\/blog.protur-hotels.com\/fr\/la-saveur-des-vacances\/","name":"La saveur des vacances - Blog Protur Hotels","isPartOf":{"@id":"https:\/\/blog.protur-hotels.com\/#website"},"primaryImageOfPage":{"@id":"https:\/\/blog.protur-hotels.com\/fr\/la-saveur-des-vacances\/#primaryimage"},"image":{"@id":"https:\/\/blog.protur-hotels.com\/fr\/la-saveur-des-vacances\/#primaryimage"},"thumbnailUrl":"https:\/\/blog.protur-hotels.com\/wp-content\/uploads\/2017\/10\/El-sabor-de-la-vacaciones.jpg","datePublished":"2017-10-16T14:47:54+00:00","description":"La saveur des vacances La gastronomie est l\u2019un de ses plaisirs qui nous font voyager \u00e0 travers le monde depuis notre assiette","breadcrumb":{"@id":"https:\/\/blog.protur-hotels.com\/fr\/la-saveur-des-vacances\/#breadcrumb"},"inLanguage":"fr-FR","potentialAction":[{"@type":"ReadAction","target":["https:\/\/blog.protur-hotels.com\/fr\/la-saveur-des-vacances\/"]}]},{"@type":"ImageObject","inLanguage":"fr-FR","@id":"https:\/\/blog.protur-hotels.com\/fr\/la-saveur-des-vacances\/#primaryimage","url":"https:\/\/blog.protur-hotels.com\/wp-content\/uploads\/2017\/10\/El-sabor-de-la-vacaciones.jpg","contentUrl":"https:\/\/blog.protur-hotels.com\/wp-content\/uploads\/2017\/10\/El-sabor-de-la-vacaciones.jpg","width":800,"height":650,"caption":"El-sabor-de-la- vacaciones-Geschmack-flavours-saveur-\u043f\u0443\u0442\u0435\u0448\u0435\u0441\u0442\u0432\u0438\u044f"},{"@type":"BreadcrumbList","@id":"https:\/\/blog.protur-hotels.com\/fr\/la-saveur-des-vacances\/#breadcrumb","itemListElement":[{"@type":"ListItem","position":1,"name":"Portada","item":"https:\/\/blog.protur-hotels.com\/"},{"@type":"ListItem","position":2,"name":"La saveur des vacances"}]},{"@type":"WebSite","@id":"https:\/\/blog.protur-hotels.com\/#website","url":"https:\/\/blog.protur-hotels.com\/","name":"Blog Protur Hotels","description":"Un Blog para viajeros","publisher":{"@id":"https:\/\/blog.protur-hotels.com\/#organization"},"potentialAction":[{"@type":"SearchAction","target":{"@type":"EntryPoint","urlTemplate":"https:\/\/blog.protur-hotels.com\/?s={search_term_string}"},"query-input":{"@type":"PropertyValueSpecification","valueRequired":true,"valueName":"search_term_string"}}],"inLanguage":"fr-FR"},{"@type":"Organization","@id":"https:\/\/blog.protur-hotels.com\/#organization","name":"Blog Protur Hotels","url":"https:\/\/blog.protur-hotels.com\/","logo":{"@type":"ImageObject","inLanguage":"fr-FR","@id":"https:\/\/blog.protur-hotels.com\/#\/schema\/logo\/image\/","url":"https:\/\/blog.protur-hotels.com\/wp-content\/uploads\/2020\/03\/blog-protur-hotels-mallorca.png","contentUrl":"https:\/\/blog.protur-hotels.com\/wp-content\/uploads\/2020\/03\/blog-protur-hotels-mallorca.png","width":1422,"height":894,"caption":"Blog Protur Hotels"},"image":{"@id":"https:\/\/blog.protur-hotels.com\/#\/schema\/logo\/image\/"}},{"@type":"Person","@id":"https:\/\/blog.protur-hotels.com\/#\/schema\/person\/6eac7ca6e9a32baa4716fdd5d7358326","name":"Protur Hotels"}]}},"_links":{"self":[{"href":"https:\/\/blog.protur-hotels.com\/fr\/wp-json\/wp\/v2\/posts\/3714","targetHints":{"allow":["GET"]}}],"collection":[{"href":"https:\/\/blog.protur-hotels.com\/fr\/wp-json\/wp\/v2\/posts"}],"about":[{"href":"https:\/\/blog.protur-hotels.com\/fr\/wp-json\/wp\/v2\/types\/post"}],"author":[{"embeddable":true,"href":"https:\/\/blog.protur-hotels.com\/fr\/wp-json\/wp\/v2\/users\/3"}],"replies":[{"embeddable":true,"href":"https:\/\/blog.protur-hotels.com\/fr\/wp-json\/wp\/v2\/comments?post=3714"}],"version-history":[{"count":0,"href":"https:\/\/blog.protur-hotels.com\/fr\/wp-json\/wp\/v2\/posts\/3714\/revisions"}],"wp:featuredmedia":[{"embeddable":true,"href":"https:\/\/blog.protur-hotels.com\/fr\/wp-json\/wp\/v2\/media\/3705"}],"wp:attachment":[{"href":"https:\/\/blog.protur-hotels.com\/fr\/wp-json\/wp\/v2\/media?parent=3714"}],"wp:term":[{"taxonomy":"category","embeddable":true,"href":"https:\/\/blog.protur-hotels.com\/fr\/wp-json\/wp\/v2\/categories?post=3714"},{"taxonomy":"post_tag","embeddable":true,"href":"https:\/\/blog.protur-hotels.com\/fr\/wp-json\/wp\/v2\/tags?post=3714"}],"curies":[{"name":"wp","href":"https:\/\/api.w.org\/{rel}","templated":true}]}}