{"id":3835,"date":"2018-02-05T07:43:48","date_gmt":"2018-02-05T07:43:48","guid":{"rendered":"https:\/\/blog.protur-hotels.com\/fr\/?p=3835"},"modified":"2018-02-05T07:43:48","modified_gmt":"2018-02-05T07:43:48","slug":"ouverture-des-hotels-apparthotels-et-appartements-protur-hotels","status":"publish","type":"post","link":"https:\/\/blog.protur-hotels.com\/fr\/ouverture-des-hotels-apparthotels-et-appartements-protur-hotels\/","title":{"rendered":"Ouverture des h\u00f4tels, appart&rsquo;h\u00f4tels et appartements de Protur Hotels"},"content":{"rendered":"<p>Ouverture des h\u00f4tels, appart&rsquo;h\u00f4tels et appartements de Protur Hotels, \u00e0 Majorque et Almer\u00eda, en 2018. Ici, vous pouvez voir \u00e0 partir de quand vous pourrez profiter, \u00e0 nouveau, de nos installations.<\/p>\n<p><strong>Comme toujours la<\/strong> <strong>Residencia Restaurante Son Floriana<\/strong><strong> restera ouverte toute l&rsquo;ann\u00e9e.<br \/>\n<\/strong><\/p>\n<p>Le premier de nos \u00e9tablissements \u00e0 ouvrir ses portes, sera notre h\u00f4tel 5 \u00e9toiles de Sa Coma, le <strong>Protur Biomar Gran Hotel &amp; Spa*****. <\/strong>\u00c0 partir du 16 f\u00e9vrier del 2018 nous vous attendrons pour c\u00e9l\u00e9brer le mois le plus romantique de l&rsquo;ann\u00e9e, la <strong><a href=\"http:\/\/protur-hotels.com\/ofertas-hoteles-apartamentos\/san-valentin-mallorca\">Saint Valentin.<\/a><\/strong><\/p>\n<p><strong>Cette ann\u00e9e, pour le premier jour d\u2019ouverture, nous c\u00e9l\u00e8brerons, la fusion entre art et gastronomie: <a href=\"http:\/\/protur-hotels.com\/fr\/\">DelicARTessen.<\/a><\/strong><\/p>\n<p>En mars nous vous proposons le <strong>Protur Bonaire Aparthotel****<\/strong> pour toutes les familles qui souhaitent visiter Cala Bona (r\u00e9servations avec TUI UK)<strong>.<\/strong><\/p>\n<p>Pour la Semaine Sainte, le <strong>Protur Sa Coma Playa Hotel &amp; Spa**** Protur Alicia Hotel, Protur Playa Cala Millor, <\/strong>et <strong>Protur Bonamar Hotel****<\/strong> seront pr\u00eats pour l\u2019ouverture.<\/p>\n<p>Et bien entendu, \u00e0 partir du 1er mai le reste des h\u00f4tels, sera pr\u00eat \u00e0 ouvrir pour tous nos clients.<\/p>\n<p>Nous vous donnons rendez-vous pour la saison prochaine 2018! Voici une liste avec les dates d&rsquo;ouverture pr\u00e9vues.<\/p>\n<p><strong>Almer\u00eda,<br \/>\nRoquetas de Mar:<br \/>\n<\/strong><strong>Protur Roquetas Hotel &amp; Spa 27.04.2018<\/strong><\/p>\n<p><strong>Majorque,<br \/>\nSa Coma<br \/>\n<\/strong><strong>Protur Biomar Gran Hotel &amp; Spa 16.02.18<br \/>\nProtur Sa Coma Playa Hotel &amp; Spa 23.03.18<br \/>\nProtur Vista Bad\u00eda Aparthotel 27.04.18<br \/>\nProtur Bad\u00eda Park Aparthotel 27.04.18<br \/>\nProtur Safari Park Aparthotel 01.05.18<br \/>\nProtur Palmeras Playa Hotel 01.05.18 <\/strong><\/p>\n<p><strong>Cala Millor:<br \/>\n<\/strong><strong>Protur Monte Safari Aparthotel 01.05.18<br \/>\nProtur Bonamar Hotel 20.03.18<br \/>\nProtur Atalaya Apartamentos 01.05.18<br \/>\nProtur Playa Cala Millor 16.03.18<\/strong><\/p>\n<p><a name=\"_GoBack\"><\/a><strong>Cala Bona:<br \/>\n<\/strong><strong>Protur Bonaire Aparthotel 02.03.18<br \/>\nProtur Alicia Hotel 20.03.18<br \/>\nProtur Floriana Aparthotel 01.05.18<br \/>\nProtur Bahia Azul Apartamentos 01.05.18<br \/>\n<\/strong><strong>Residencia Restaurante Son Floriana OUVERT TOUTE L&rsquo;ANN\u00c9E<\/strong><\/p>\n<p><strong>Cala Ratjada :<br \/>\n<\/strong><strong>Protur Tur\u00f3 Pins Hotel 28.04.18<\/strong><\/p>\n<p>&nbsp;<\/p>\n","protected":false},"excerpt":{"rendered":"<p>Ouverture des h\u00f4tels, appart&rsquo;h\u00f4tels et appartements de Protur Hotels, \u00e0 Majorque et Almer\u00eda, en 2018. Ici, vous pouvez voir \u00e0 partir de quand vous pourrez profiter, \u00e0 nouveau, de nos&hellip;<\/p>\n","protected":false},"author":3,"featured_media":3823,"comment_status":"closed","ping_status":"open","sticky":false,"template":"","format":"standard","meta":{"_lmt_disableupdate":"","_lmt_disable":"","footnotes":""},"categories":[28,142,79],"tags":[365,504,269],"class_list":["post-3835","post","type-post","status-publish","format-standard","has-post-thumbnail","hentry","category-almeria-fr","category-regalo-fr","category-evento-fr","tag-experience","tag-ouverture","tag-voyage"],"yoast_head":"<!-- This site is optimized with the Yoast SEO plugin v26.6 - https:\/\/yoast.com\/wordpress\/plugins\/seo\/ -->\n<title>Ouverture des h\u00f4tels, appart&#039;h\u00f4tels et appartements de Protur Hotels - Blog Protur Hotels<\/title>\n<meta name=\"description\" content=\"Ouverture des h\u00f4tels, appart&#039;h\u00f4tels et appartements de Protur Hotels, \u00e0 Majorque et Almer\u00eda, en 2018. Ici, vous pouvez voir \u00e0 partir de quand vous pourrez\" \/>\n<meta name=\"robots\" content=\"index, follow, max-snippet:-1, max-image-preview:large, max-video-preview:-1\" \/>\n<link rel=\"canonical\" href=\"https:\/\/blog.protur-hotels.com\/fr\/ouverture-des-hotels-apparthotels-et-appartements-protur-hotels\/\" \/>\n<meta property=\"og:locale\" content=\"fr_FR\" \/>\n<meta property=\"og:type\" content=\"article\" \/>\n<meta property=\"og:title\" content=\"Ouverture des h\u00f4tels, appart&#039;h\u00f4tels et appartements de Protur Hotels - Blog Protur Hotels\" \/>\n<meta property=\"og:description\" content=\"Ouverture des h\u00f4tels, appart&#039;h\u00f4tels et appartements de Protur Hotels, \u00e0 Majorque et Almer\u00eda, en 2018. Ici, vous pouvez voir \u00e0 partir de quand vous pourrez\" \/>\n<meta property=\"og:url\" content=\"https:\/\/blog.protur-hotels.com\/fr\/ouverture-des-hotels-apparthotels-et-appartements-protur-hotels\/\" \/>\n<meta property=\"og:site_name\" content=\"Blog Protur Hotels\" \/>\n<meta property=\"article:published_time\" content=\"2018-02-05T07:43:48+00:00\" \/>\n<meta property=\"og:image\" content=\"https:\/\/blog.protur-hotels.com\/wp-content\/uploads\/2018\/01\/Aperturas-Verano-2018-Protur-Hotels.jpg\" \/>\n\t<meta property=\"og:image:width\" content=\"800\" \/>\n\t<meta property=\"og:image:height\" content=\"650\" \/>\n\t<meta property=\"og:image:type\" content=\"image\/jpeg\" \/>\n<meta name=\"author\" content=\"Protur Hotels\" \/>\n<meta name=\"twitter:card\" content=\"summary_large_image\" \/>\n<meta name=\"twitter:label1\" content=\"\u00c9crit par\" \/>\n\t<meta name=\"twitter:data1\" content=\"Protur Hotels\" \/>\n\t<meta name=\"twitter:label2\" content=\"Dur\u00e9e de lecture estim\u00e9e\" \/>\n\t<meta name=\"twitter:data2\" content=\"1 minute\" \/>\n<script type=\"application\/ld+json\" class=\"yoast-schema-graph\">{\"@context\":\"https:\/\/schema.org\",\"@graph\":[{\"@type\":\"Article\",\"@id\":\"https:\/\/blog.protur-hotels.com\/fr\/ouverture-des-hotels-apparthotels-et-appartements-protur-hotels\/#article\",\"isPartOf\":{\"@id\":\"https:\/\/blog.protur-hotels.com\/fr\/ouverture-des-hotels-apparthotels-et-appartements-protur-hotels\/\"},\"author\":{\"name\":\"Protur Hotels\",\"@id\":\"https:\/\/blog.protur-hotels.com\/#\/schema\/person\/6eac7ca6e9a32baa4716fdd5d7358326\"},\"headline\":\"Ouverture des h\u00f4tels, appart&rsquo;h\u00f4tels et appartements de Protur Hotels\",\"datePublished\":\"2018-02-05T07:43:48+00:00\",\"mainEntityOfPage\":{\"@id\":\"https:\/\/blog.protur-hotels.com\/fr\/ouverture-des-hotels-apparthotels-et-appartements-protur-hotels\/\"},\"wordCount\":304,\"publisher\":{\"@id\":\"https:\/\/blog.protur-hotels.com\/#organization\"},\"image\":{\"@id\":\"https:\/\/blog.protur-hotels.com\/fr\/ouverture-des-hotels-apparthotels-et-appartements-protur-hotels\/#primaryimage\"},\"thumbnailUrl\":\"https:\/\/blog.protur-hotels.com\/wp-content\/uploads\/2018\/01\/Aperturas-Verano-2018-Protur-Hotels.jpg\",\"keywords\":[\"exp\u00e9rience\",\"Ouverture\",\"voyage\"],\"articleSection\":[\"Almer\u00eda\",\"Cadeaux\",\"\u00c9v\u00e9nements\"],\"inLanguage\":\"fr-FR\"},{\"@type\":\"WebPage\",\"@id\":\"https:\/\/blog.protur-hotels.com\/fr\/ouverture-des-hotels-apparthotels-et-appartements-protur-hotels\/\",\"url\":\"https:\/\/blog.protur-hotels.com\/fr\/ouverture-des-hotels-apparthotels-et-appartements-protur-hotels\/\",\"name\":\"Ouverture des h\u00f4tels, appart'h\u00f4tels et appartements de Protur Hotels - Blog Protur Hotels\",\"isPartOf\":{\"@id\":\"https:\/\/blog.protur-hotels.com\/#website\"},\"primaryImageOfPage\":{\"@id\":\"https:\/\/blog.protur-hotels.com\/fr\/ouverture-des-hotels-apparthotels-et-appartements-protur-hotels\/#primaryimage\"},\"image\":{\"@id\":\"https:\/\/blog.protur-hotels.com\/fr\/ouverture-des-hotels-apparthotels-et-appartements-protur-hotels\/#primaryimage\"},\"thumbnailUrl\":\"https:\/\/blog.protur-hotels.com\/wp-content\/uploads\/2018\/01\/Aperturas-Verano-2018-Protur-Hotels.jpg\",\"datePublished\":\"2018-02-05T07:43:48+00:00\",\"description\":\"Ouverture des h\u00f4tels, appart'h\u00f4tels et appartements de Protur Hotels, \u00e0 Majorque et Almer\u00eda, en 2018. Ici, vous pouvez voir \u00e0 partir de quand vous pourrez\",\"breadcrumb\":{\"@id\":\"https:\/\/blog.protur-hotels.com\/fr\/ouverture-des-hotels-apparthotels-et-appartements-protur-hotels\/#breadcrumb\"},\"inLanguage\":\"fr-FR\",\"potentialAction\":[{\"@type\":\"ReadAction\",\"target\":[\"https:\/\/blog.protur-hotels.com\/fr\/ouverture-des-hotels-apparthotels-et-appartements-protur-hotels\/\"]}]},{\"@type\":\"ImageObject\",\"inLanguage\":\"fr-FR\",\"@id\":\"https:\/\/blog.protur-hotels.com\/fr\/ouverture-des-hotels-apparthotels-et-appartements-protur-hotels\/#primaryimage\",\"url\":\"https:\/\/blog.protur-hotels.com\/wp-content\/uploads\/2018\/01\/Aperturas-Verano-2018-Protur-Hotels.jpg\",\"contentUrl\":\"https:\/\/blog.protur-hotels.com\/wp-content\/uploads\/2018\/01\/Aperturas-Verano-2018-Protur-Hotels.jpg\",\"width\":800,\"height\":650,\"caption\":\"Opening -\u041e\u0442\u043a\u0440\u044b\u0442\u0438\u0435-Ouverture\"},{\"@type\":\"BreadcrumbList\",\"@id\":\"https:\/\/blog.protur-hotels.com\/fr\/ouverture-des-hotels-apparthotels-et-appartements-protur-hotels\/#breadcrumb\",\"itemListElement\":[{\"@type\":\"ListItem\",\"position\":1,\"name\":\"Portada\",\"item\":\"https:\/\/blog.protur-hotels.com\/\"},{\"@type\":\"ListItem\",\"position\":2,\"name\":\"Ouverture des h\u00f4tels, appart&#8217;h\u00f4tels et appartements de Protur Hotels\"}]},{\"@type\":\"WebSite\",\"@id\":\"https:\/\/blog.protur-hotels.com\/#website\",\"url\":\"https:\/\/blog.protur-hotels.com\/\",\"name\":\"Blog Protur Hotels\",\"description\":\"Un Blog para viajeros\",\"publisher\":{\"@id\":\"https:\/\/blog.protur-hotels.com\/#organization\"},\"potentialAction\":[{\"@type\":\"SearchAction\",\"target\":{\"@type\":\"EntryPoint\",\"urlTemplate\":\"https:\/\/blog.protur-hotels.com\/?s={search_term_string}\"},\"query-input\":{\"@type\":\"PropertyValueSpecification\",\"valueRequired\":true,\"valueName\":\"search_term_string\"}}],\"inLanguage\":\"fr-FR\"},{\"@type\":\"Organization\",\"@id\":\"https:\/\/blog.protur-hotels.com\/#organization\",\"name\":\"Blog Protur Hotels\",\"url\":\"https:\/\/blog.protur-hotels.com\/\",\"logo\":{\"@type\":\"ImageObject\",\"inLanguage\":\"fr-FR\",\"@id\":\"https:\/\/blog.protur-hotels.com\/#\/schema\/logo\/image\/\",\"url\":\"https:\/\/blog.protur-hotels.com\/wp-content\/uploads\/2020\/03\/blog-protur-hotels-mallorca.png\",\"contentUrl\":\"https:\/\/blog.protur-hotels.com\/wp-content\/uploads\/2020\/03\/blog-protur-hotels-mallorca.png\",\"width\":1422,\"height\":894,\"caption\":\"Blog Protur Hotels\"},\"image\":{\"@id\":\"https:\/\/blog.protur-hotels.com\/#\/schema\/logo\/image\/\"}},{\"@type\":\"Person\",\"@id\":\"https:\/\/blog.protur-hotels.com\/#\/schema\/person\/6eac7ca6e9a32baa4716fdd5d7358326\",\"name\":\"Protur Hotels\"}]}<\/script>\n<!-- \/ Yoast SEO plugin. -->","yoast_head_json":{"title":"Ouverture des h\u00f4tels, appart'h\u00f4tels et appartements de Protur Hotels - Blog Protur Hotels","description":"Ouverture des h\u00f4tels, appart'h\u00f4tels et appartements de Protur Hotels, \u00e0 Majorque et Almer\u00eda, en 2018. Ici, vous pouvez voir \u00e0 partir de quand vous pourrez","robots":{"index":"index","follow":"follow","max-snippet":"max-snippet:-1","max-image-preview":"max-image-preview:large","max-video-preview":"max-video-preview:-1"},"canonical":"https:\/\/blog.protur-hotels.com\/fr\/ouverture-des-hotels-apparthotels-et-appartements-protur-hotels\/","og_locale":"fr_FR","og_type":"article","og_title":"Ouverture des h\u00f4tels, appart'h\u00f4tels et appartements de Protur Hotels - Blog Protur Hotels","og_description":"Ouverture des h\u00f4tels, appart'h\u00f4tels et appartements de Protur Hotels, \u00e0 Majorque et Almer\u00eda, en 2018. Ici, vous pouvez voir \u00e0 partir de quand vous pourrez","og_url":"https:\/\/blog.protur-hotels.com\/fr\/ouverture-des-hotels-apparthotels-et-appartements-protur-hotels\/","og_site_name":"Blog Protur Hotels","article_published_time":"2018-02-05T07:43:48+00:00","og_image":[{"width":800,"height":650,"url":"https:\/\/blog.protur-hotels.com\/wp-content\/uploads\/2018\/01\/Aperturas-Verano-2018-Protur-Hotels.jpg","type":"image\/jpeg"}],"author":"Protur Hotels","twitter_card":"summary_large_image","twitter_misc":{"\u00c9crit par":"Protur Hotels","Dur\u00e9e de lecture estim\u00e9e":"1 minute"},"schema":{"@context":"https:\/\/schema.org","@graph":[{"@type":"Article","@id":"https:\/\/blog.protur-hotels.com\/fr\/ouverture-des-hotels-apparthotels-et-appartements-protur-hotels\/#article","isPartOf":{"@id":"https:\/\/blog.protur-hotels.com\/fr\/ouverture-des-hotels-apparthotels-et-appartements-protur-hotels\/"},"author":{"name":"Protur Hotels","@id":"https:\/\/blog.protur-hotels.com\/#\/schema\/person\/6eac7ca6e9a32baa4716fdd5d7358326"},"headline":"Ouverture des h\u00f4tels, appart&rsquo;h\u00f4tels et appartements de Protur Hotels","datePublished":"2018-02-05T07:43:48+00:00","mainEntityOfPage":{"@id":"https:\/\/blog.protur-hotels.com\/fr\/ouverture-des-hotels-apparthotels-et-appartements-protur-hotels\/"},"wordCount":304,"publisher":{"@id":"https:\/\/blog.protur-hotels.com\/#organization"},"image":{"@id":"https:\/\/blog.protur-hotels.com\/fr\/ouverture-des-hotels-apparthotels-et-appartements-protur-hotels\/#primaryimage"},"thumbnailUrl":"https:\/\/blog.protur-hotels.com\/wp-content\/uploads\/2018\/01\/Aperturas-Verano-2018-Protur-Hotels.jpg","keywords":["exp\u00e9rience","Ouverture","voyage"],"articleSection":["Almer\u00eda","Cadeaux","\u00c9v\u00e9nements"],"inLanguage":"fr-FR"},{"@type":"WebPage","@id":"https:\/\/blog.protur-hotels.com\/fr\/ouverture-des-hotels-apparthotels-et-appartements-protur-hotels\/","url":"https:\/\/blog.protur-hotels.com\/fr\/ouverture-des-hotels-apparthotels-et-appartements-protur-hotels\/","name":"Ouverture des h\u00f4tels, appart'h\u00f4tels et appartements de Protur Hotels - Blog Protur Hotels","isPartOf":{"@id":"https:\/\/blog.protur-hotels.com\/#website"},"primaryImageOfPage":{"@id":"https:\/\/blog.protur-hotels.com\/fr\/ouverture-des-hotels-apparthotels-et-appartements-protur-hotels\/#primaryimage"},"image":{"@id":"https:\/\/blog.protur-hotels.com\/fr\/ouverture-des-hotels-apparthotels-et-appartements-protur-hotels\/#primaryimage"},"thumbnailUrl":"https:\/\/blog.protur-hotels.com\/wp-content\/uploads\/2018\/01\/Aperturas-Verano-2018-Protur-Hotels.jpg","datePublished":"2018-02-05T07:43:48+00:00","description":"Ouverture des h\u00f4tels, appart'h\u00f4tels et appartements de Protur Hotels, \u00e0 Majorque et Almer\u00eda, en 2018. Ici, vous pouvez voir \u00e0 partir de quand vous pourrez","breadcrumb":{"@id":"https:\/\/blog.protur-hotels.com\/fr\/ouverture-des-hotels-apparthotels-et-appartements-protur-hotels\/#breadcrumb"},"inLanguage":"fr-FR","potentialAction":[{"@type":"ReadAction","target":["https:\/\/blog.protur-hotels.com\/fr\/ouverture-des-hotels-apparthotels-et-appartements-protur-hotels\/"]}]},{"@type":"ImageObject","inLanguage":"fr-FR","@id":"https:\/\/blog.protur-hotels.com\/fr\/ouverture-des-hotels-apparthotels-et-appartements-protur-hotels\/#primaryimage","url":"https:\/\/blog.protur-hotels.com\/wp-content\/uploads\/2018\/01\/Aperturas-Verano-2018-Protur-Hotels.jpg","contentUrl":"https:\/\/blog.protur-hotels.com\/wp-content\/uploads\/2018\/01\/Aperturas-Verano-2018-Protur-Hotels.jpg","width":800,"height":650,"caption":"Opening -\u041e\u0442\u043a\u0440\u044b\u0442\u0438\u0435-Ouverture"},{"@type":"BreadcrumbList","@id":"https:\/\/blog.protur-hotels.com\/fr\/ouverture-des-hotels-apparthotels-et-appartements-protur-hotels\/#breadcrumb","itemListElement":[{"@type":"ListItem","position":1,"name":"Portada","item":"https:\/\/blog.protur-hotels.com\/"},{"@type":"ListItem","position":2,"name":"Ouverture des h\u00f4tels, appart&#8217;h\u00f4tels et appartements de Protur Hotels"}]},{"@type":"WebSite","@id":"https:\/\/blog.protur-hotels.com\/#website","url":"https:\/\/blog.protur-hotels.com\/","name":"Blog Protur Hotels","description":"Un Blog para viajeros","publisher":{"@id":"https:\/\/blog.protur-hotels.com\/#organization"},"potentialAction":[{"@type":"SearchAction","target":{"@type":"EntryPoint","urlTemplate":"https:\/\/blog.protur-hotels.com\/?s={search_term_string}"},"query-input":{"@type":"PropertyValueSpecification","valueRequired":true,"valueName":"search_term_string"}}],"inLanguage":"fr-FR"},{"@type":"Organization","@id":"https:\/\/blog.protur-hotels.com\/#organization","name":"Blog Protur Hotels","url":"https:\/\/blog.protur-hotels.com\/","logo":{"@type":"ImageObject","inLanguage":"fr-FR","@id":"https:\/\/blog.protur-hotels.com\/#\/schema\/logo\/image\/","url":"https:\/\/blog.protur-hotels.com\/wp-content\/uploads\/2020\/03\/blog-protur-hotels-mallorca.png","contentUrl":"https:\/\/blog.protur-hotels.com\/wp-content\/uploads\/2020\/03\/blog-protur-hotels-mallorca.png","width":1422,"height":894,"caption":"Blog Protur Hotels"},"image":{"@id":"https:\/\/blog.protur-hotels.com\/#\/schema\/logo\/image\/"}},{"@type":"Person","@id":"https:\/\/blog.protur-hotels.com\/#\/schema\/person\/6eac7ca6e9a32baa4716fdd5d7358326","name":"Protur Hotels"}]}},"_links":{"self":[{"href":"https:\/\/blog.protur-hotels.com\/fr\/wp-json\/wp\/v2\/posts\/3835","targetHints":{"allow":["GET"]}}],"collection":[{"href":"https:\/\/blog.protur-hotels.com\/fr\/wp-json\/wp\/v2\/posts"}],"about":[{"href":"https:\/\/blog.protur-hotels.com\/fr\/wp-json\/wp\/v2\/types\/post"}],"author":[{"embeddable":true,"href":"https:\/\/blog.protur-hotels.com\/fr\/wp-json\/wp\/v2\/users\/3"}],"replies":[{"embeddable":true,"href":"https:\/\/blog.protur-hotels.com\/fr\/wp-json\/wp\/v2\/comments?post=3835"}],"version-history":[{"count":0,"href":"https:\/\/blog.protur-hotels.com\/fr\/wp-json\/wp\/v2\/posts\/3835\/revisions"}],"wp:featuredmedia":[{"embeddable":true,"href":"https:\/\/blog.protur-hotels.com\/fr\/wp-json\/wp\/v2\/media\/3823"}],"wp:attachment":[{"href":"https:\/\/blog.protur-hotels.com\/fr\/wp-json\/wp\/v2\/media?parent=3835"}],"wp:term":[{"taxonomy":"category","embeddable":true,"href":"https:\/\/blog.protur-hotels.com\/fr\/wp-json\/wp\/v2\/categories?post=3835"},{"taxonomy":"post_tag","embeddable":true,"href":"https:\/\/blog.protur-hotels.com\/fr\/wp-json\/wp\/v2\/tags?post=3835"}],"curies":[{"name":"wp","href":"https:\/\/api.w.org\/{rel}","templated":true}]}}