{"id":4230,"date":"2018-08-07T08:31:13","date_gmt":"2018-08-07T08:31:13","guid":{"rendered":"https:\/\/blog.protur-hotels.com\/fr\/?p=4230"},"modified":"2018-08-07T08:31:13","modified_gmt":"2018-08-07T08:31:13","slug":"excursion-punta-namer-parcours-historique-au-pied-plage","status":"publish","type":"post","link":"https:\/\/blog.protur-hotels.com\/fr\/excursion-punta-namer-parcours-historique-au-pied-plage\/","title":{"rendered":"Excursion \u00e0 Punta de n&rsquo;Amer: un parcours historique au pied de plage"},"content":{"rendered":"<p><strong>Excursion \u00e0 Punta de n&rsquo;Amer: un parcours historique au pied de plage<\/strong><\/p>\n<p>Les <strong>excursions \u00e0 Majorque<\/strong> ont ce je ne sais quoi qui vous saisit, d\u00e8s les premiers instants. Les incroyables paysages c\u00f4tiers et le charme particulier des sentiers, des grottes et des montagnes montrent le c\u00f4t\u00e9 alternatif de l&rsquo;\u00eele qui brille par lui-m\u00eame et que peu de personnes ont le privil\u00e8ge de connaitre. Et un de ces tr\u00e9sors est la magnifique route qui conduit jusqu&rsquo;\u00e0 <strong>Punta de n&rsquo; Amer<\/strong>. Il s\u2019agit d\u2019un parcours d&rsquo;environ deux heures, tr\u00e8s accessible et d&rsquo;une nature d\u2019une grande beaut\u00e9, l&rsquo;id\u00e9al pour d\u00e9couvrir le v\u00e9ritable milieu m\u00e9diterran\u00e9en.<\/p>\n<p>Situ\u00e9 dans un paysage c\u00f4tier de r\u00eave, ce bel endroit se trouve dans un espace naturel d\u00e9clar\u00e9 Aire Naturelle d&rsquo;Int\u00e9r\u00eat Sp\u00e9cial &#8211; ANIS- depuis 1985. Il est c\u00e9l\u00e8bre pour sa grande vari\u00e9t\u00e9 de faune et de flore et sa grande valeur culturelle. De Punta de n&rsquo; Amer se d\u00e9gagent des petits bouts d&rsquo;histoire, comme sa tour de d\u00e9fense et ses bunkers qui ont jou\u00e9 un grand r\u00f4le durant la guerre civile espagnole et que vous pouvez d\u00e9couvrir \u00e0 quelques m\u00e8tres de la plage.<\/p>\n<p>Il existe diff\u00e9rentes mani\u00e8res de profiter de cette excursion. Et l&rsquo;une des plus recommand\u00e9es reste la route qui commence pr\u00e8s de nos<a href=\"https:\/\/protur-hotels.com\/fr\/majorque\/sa-coma\"> h\u00f4tels de Sa Coma<\/a>, car elle vous permettra d&rsquo;admirer les eaux cristallines de la M\u00e9diterran\u00e9e et le magnifique d\u00e9cor de l&rsquo;est majorquin tout en marchant en direction de l&rsquo;aire naturelle d&rsquo;une singuli\u00e8re beaut\u00e9. Sur le chemin, vous pourrez faire une halte dans les piscines naturelles qui se forment entre la mer et les rochers pendant que vous contemplerez les dunes, garrigues, pin\u00e8des, rochers et ruines architectoniques autochtones, datant de 1500 av j-c.<\/p>\n<p>Pendant pr\u00e8s de la moiti\u00e9 du parcours, vous d\u00e9couvrirez l&rsquo;un des plus beaux exemples des civilisations du XVII\u00e8me si\u00e8cle : le Castellet. Il s\u2019agit d\u2019une ancienne tour tr\u00e8s bien conserv\u00e9e qui permettait d\u2019apercevoir les navires ennemis en approche depuis la c\u00f4te. Celle-ci peut \u00eatre visit\u00e9e int\u00e9gralement et devient le mirador id\u00e9al pour appr\u00e9cier la beaut\u00e9 de la zone. \u00c0 proximit\u00e9 de la tour, vous trouverez un bar dans lequel vous pourrez vous reposer et prendre un rafraichissement avant de continuer \u00e0 d\u00e9couvrir ce bel endroit.<\/p>\n<p>Un conseil? Si vous suivez le chemin le long de la c\u00f4te, vous d\u00e9couvrirez des criques cach\u00e9es qui vous permettront de profiter d&rsquo;un bain r\u00e9parateur, dans le calme absolu. Et si vous souhaitez rallonger l&rsquo;excursion, vous pouvez vous lancer \u00e0 la recherche des grottes de Ses Crestes et Sa Cova dels Coloms, deux formations naturelles qui servaient d&rsquo;abri \u00e0 l&rsquo;\u00e9poque talayotique et qui contenaient \u00e0 l&rsquo;int\u00e9rieur des \u00e9chantillons d\u2019objets en c\u00e9ramique et artisanaux. C\u2019est une des meilleures mani\u00e8res de d\u00e9couvrir l&rsquo;histoire de Majorque tout en vous laissant envelopp\u00e9 par l&rsquo;essence m\u00e9diterran\u00e9enne.<\/p>\n<p>D\u00e9couvrez tous les secrets de Majorque avec <a href=\"https:\/\/protur-hotels.com\/fr\/\">Protur Hotels<\/a><\/p>\n<p><iframe src=\"https:\/\/www.youtube.com\/embed\/4Mfxa3k3SP8\" width=\"560\" height=\"315\" frameborder=\"0\" allowfullscreen=\"allowfullscreen\"><\/iframe><\/p>\n","protected":false},"excerpt":{"rendered":"<p>Excursion \u00e0 Punta de n&rsquo;Amer: un parcours historique au pied de plage Les excursions \u00e0 Majorque ont ce je ne sais quoi qui vous saisit, d\u00e8s les premiers instants. Les&hellip;<\/p>\n","protected":false},"author":3,"featured_media":4220,"comment_status":"open","ping_status":"open","sticky":false,"template":"","format":"standard","meta":{"_lmt_disableupdate":"","_lmt_disable":"","footnotes":""},"categories":[117,119,122],"tags":[1006,163,322],"class_list":["post-4230","post","type-post","status-publish","format-standard","has-post-thumbnail","hentry","category-mallorca-fr","category-playas-fr","category-protur-hotels-fr","tag-excursion","tag-protur-hotels-relax","tag-voyager"],"yoast_head":"<!-- This site is optimized with the Yoast SEO plugin v26.6 - https:\/\/yoast.com\/wordpress\/plugins\/seo\/ -->\n<title>Excursion \u00e0 Punta de n&#039;Amer: un parcours historique au pied de plage - Blog Protur Hotels<\/title>\n<meta name=\"description\" content=\"Excursion \u00e0 Punta de n&#039;Amer: un parcours historique au pied de plage Les excursions \u00e0 Majorque ont ce je ne sais quoi qui vous saisit, d\u00e8s les premiers\" \/>\n<meta name=\"robots\" content=\"index, follow, max-snippet:-1, max-image-preview:large, max-video-preview:-1\" \/>\n<link rel=\"canonical\" href=\"https:\/\/blog.protur-hotels.com\/fr\/excursion-punta-namer-parcours-historique-au-pied-plage\/\" \/>\n<meta property=\"og:locale\" content=\"fr_FR\" \/>\n<meta property=\"og:type\" content=\"article\" \/>\n<meta property=\"og:title\" content=\"Excursion \u00e0 Punta de n&#039;Amer: un parcours historique au pied de plage - Blog Protur Hotels\" \/>\n<meta property=\"og:description\" content=\"Excursion \u00e0 Punta de n&#039;Amer: un parcours historique au pied de plage Les excursions \u00e0 Majorque ont ce je ne sais quoi qui vous saisit, d\u00e8s les premiers\" \/>\n<meta property=\"og:url\" content=\"https:\/\/blog.protur-hotels.com\/fr\/excursion-punta-namer-parcours-historique-au-pied-plage\/\" \/>\n<meta property=\"og:site_name\" content=\"Blog Protur Hotels\" \/>\n<meta property=\"article:published_time\" content=\"2018-08-07T08:31:13+00:00\" \/>\n<meta property=\"og:image\" content=\"https:\/\/blog.protur-hotels.com\/wp-content\/uploads\/2018\/08\/excursion-punta-namer-recorrido-historico-pie-playa.jpg\" \/>\n\t<meta property=\"og:image:width\" content=\"800\" \/>\n\t<meta property=\"og:image:height\" content=\"650\" \/>\n\t<meta property=\"og:image:type\" content=\"image\/jpeg\" \/>\n<meta name=\"author\" content=\"Protur Hotels\" \/>\n<meta name=\"twitter:card\" content=\"summary_large_image\" \/>\n<meta name=\"twitter:label1\" content=\"\u00c9crit par\" \/>\n\t<meta name=\"twitter:data1\" content=\"Protur Hotels\" \/>\n\t<meta name=\"twitter:label2\" content=\"Dur\u00e9e de lecture estim\u00e9e\" \/>\n\t<meta name=\"twitter:data2\" content=\"3 minutes\" \/>\n<script type=\"application\/ld+json\" class=\"yoast-schema-graph\">{\"@context\":\"https:\/\/schema.org\",\"@graph\":[{\"@type\":\"Article\",\"@id\":\"https:\/\/blog.protur-hotels.com\/fr\/excursion-punta-namer-parcours-historique-au-pied-plage\/#article\",\"isPartOf\":{\"@id\":\"https:\/\/blog.protur-hotels.com\/fr\/excursion-punta-namer-parcours-historique-au-pied-plage\/\"},\"author\":{\"name\":\"Protur Hotels\",\"@id\":\"https:\/\/blog.protur-hotels.com\/#\/schema\/person\/6eac7ca6e9a32baa4716fdd5d7358326\"},\"headline\":\"Excursion \u00e0 Punta de n&rsquo;Amer: un parcours historique au pied de plage\",\"datePublished\":\"2018-08-07T08:31:13+00:00\",\"mainEntityOfPage\":{\"@id\":\"https:\/\/blog.protur-hotels.com\/fr\/excursion-punta-namer-parcours-historique-au-pied-plage\/\"},\"wordCount\":552,\"commentCount\":0,\"publisher\":{\"@id\":\"https:\/\/blog.protur-hotels.com\/#organization\"},\"image\":{\"@id\":\"https:\/\/blog.protur-hotels.com\/fr\/excursion-punta-namer-parcours-historique-au-pied-plage\/#primaryimage\"},\"thumbnailUrl\":\"https:\/\/blog.protur-hotels.com\/wp-content\/uploads\/2018\/08\/excursion-punta-namer-recorrido-historico-pie-playa.jpg\",\"keywords\":[\"Excursi\u00f3n\",\"Protur Hotels Relax\",\"Voyager\"],\"articleSection\":[\"Majorque\",\"Plages\",\"Protur Hotels\"],\"inLanguage\":\"fr-FR\"},{\"@type\":\"WebPage\",\"@id\":\"https:\/\/blog.protur-hotels.com\/fr\/excursion-punta-namer-parcours-historique-au-pied-plage\/\",\"url\":\"https:\/\/blog.protur-hotels.com\/fr\/excursion-punta-namer-parcours-historique-au-pied-plage\/\",\"name\":\"Excursion \u00e0 Punta de n'Amer: un parcours historique au pied de plage - Blog Protur Hotels\",\"isPartOf\":{\"@id\":\"https:\/\/blog.protur-hotels.com\/#website\"},\"primaryImageOfPage\":{\"@id\":\"https:\/\/blog.protur-hotels.com\/fr\/excursion-punta-namer-parcours-historique-au-pied-plage\/#primaryimage\"},\"image\":{\"@id\":\"https:\/\/blog.protur-hotels.com\/fr\/excursion-punta-namer-parcours-historique-au-pied-plage\/#primaryimage\"},\"thumbnailUrl\":\"https:\/\/blog.protur-hotels.com\/wp-content\/uploads\/2018\/08\/excursion-punta-namer-recorrido-historico-pie-playa.jpg\",\"datePublished\":\"2018-08-07T08:31:13+00:00\",\"description\":\"Excursion \u00e0 Punta de n'Amer: un parcours historique au pied de plage Les excursions \u00e0 Majorque ont ce je ne sais quoi qui vous saisit, d\u00e8s les premiers\",\"breadcrumb\":{\"@id\":\"https:\/\/blog.protur-hotels.com\/fr\/excursion-punta-namer-parcours-historique-au-pied-plage\/#breadcrumb\"},\"inLanguage\":\"fr-FR\",\"potentialAction\":[{\"@type\":\"ReadAction\",\"target\":[\"https:\/\/blog.protur-hotels.com\/fr\/excursion-punta-namer-parcours-historique-au-pied-plage\/\"]}]},{\"@type\":\"ImageObject\",\"inLanguage\":\"fr-FR\",\"@id\":\"https:\/\/blog.protur-hotels.com\/fr\/excursion-punta-namer-parcours-historique-au-pied-plage\/#primaryimage\",\"url\":\"https:\/\/blog.protur-hotels.com\/wp-content\/uploads\/2018\/08\/excursion-punta-namer-recorrido-historico-pie-playa.jpg\",\"contentUrl\":\"https:\/\/blog.protur-hotels.com\/wp-content\/uploads\/2018\/08\/excursion-punta-namer-recorrido-historico-pie-playa.jpg\",\"width\":800,\"height\":650,\"caption\":\"Excursi\u00f3n -Excursion - Excursi\u00f3-Ausflug-\u042d\u043a\u0441\u043a\u0443\u0440\u0441\u0438\u044f-Excursion\"},{\"@type\":\"BreadcrumbList\",\"@id\":\"https:\/\/blog.protur-hotels.com\/fr\/excursion-punta-namer-parcours-historique-au-pied-plage\/#breadcrumb\",\"itemListElement\":[{\"@type\":\"ListItem\",\"position\":1,\"name\":\"Portada\",\"item\":\"https:\/\/blog.protur-hotels.com\/\"},{\"@type\":\"ListItem\",\"position\":2,\"name\":\"Excursion \u00e0 Punta de n&#8217;Amer: un parcours historique au pied de plage\"}]},{\"@type\":\"WebSite\",\"@id\":\"https:\/\/blog.protur-hotels.com\/#website\",\"url\":\"https:\/\/blog.protur-hotels.com\/\",\"name\":\"Blog Protur Hotels\",\"description\":\"Un Blog para viajeros\",\"publisher\":{\"@id\":\"https:\/\/blog.protur-hotels.com\/#organization\"},\"potentialAction\":[{\"@type\":\"SearchAction\",\"target\":{\"@type\":\"EntryPoint\",\"urlTemplate\":\"https:\/\/blog.protur-hotels.com\/?s={search_term_string}\"},\"query-input\":{\"@type\":\"PropertyValueSpecification\",\"valueRequired\":true,\"valueName\":\"search_term_string\"}}],\"inLanguage\":\"fr-FR\"},{\"@type\":\"Organization\",\"@id\":\"https:\/\/blog.protur-hotels.com\/#organization\",\"name\":\"Blog Protur Hotels\",\"url\":\"https:\/\/blog.protur-hotels.com\/\",\"logo\":{\"@type\":\"ImageObject\",\"inLanguage\":\"fr-FR\",\"@id\":\"https:\/\/blog.protur-hotels.com\/#\/schema\/logo\/image\/\",\"url\":\"https:\/\/blog.protur-hotels.com\/wp-content\/uploads\/2020\/03\/blog-protur-hotels-mallorca.png\",\"contentUrl\":\"https:\/\/blog.protur-hotels.com\/wp-content\/uploads\/2020\/03\/blog-protur-hotels-mallorca.png\",\"width\":1422,\"height\":894,\"caption\":\"Blog Protur Hotels\"},\"image\":{\"@id\":\"https:\/\/blog.protur-hotels.com\/#\/schema\/logo\/image\/\"}},{\"@type\":\"Person\",\"@id\":\"https:\/\/blog.protur-hotels.com\/#\/schema\/person\/6eac7ca6e9a32baa4716fdd5d7358326\",\"name\":\"Protur Hotels\"}]}<\/script>\n<!-- \/ Yoast SEO plugin. -->","yoast_head_json":{"title":"Excursion \u00e0 Punta de n'Amer: un parcours historique au pied de plage - Blog Protur Hotels","description":"Excursion \u00e0 Punta de n'Amer: un parcours historique au pied de plage Les excursions \u00e0 Majorque ont ce je ne sais quoi qui vous saisit, d\u00e8s les premiers","robots":{"index":"index","follow":"follow","max-snippet":"max-snippet:-1","max-image-preview":"max-image-preview:large","max-video-preview":"max-video-preview:-1"},"canonical":"https:\/\/blog.protur-hotels.com\/fr\/excursion-punta-namer-parcours-historique-au-pied-plage\/","og_locale":"fr_FR","og_type":"article","og_title":"Excursion \u00e0 Punta de n'Amer: un parcours historique au pied de plage - Blog Protur Hotels","og_description":"Excursion \u00e0 Punta de n'Amer: un parcours historique au pied de plage Les excursions \u00e0 Majorque ont ce je ne sais quoi qui vous saisit, d\u00e8s les premiers","og_url":"https:\/\/blog.protur-hotels.com\/fr\/excursion-punta-namer-parcours-historique-au-pied-plage\/","og_site_name":"Blog Protur Hotels","article_published_time":"2018-08-07T08:31:13+00:00","og_image":[{"width":800,"height":650,"url":"https:\/\/blog.protur-hotels.com\/wp-content\/uploads\/2018\/08\/excursion-punta-namer-recorrido-historico-pie-playa.jpg","type":"image\/jpeg"}],"author":"Protur Hotels","twitter_card":"summary_large_image","twitter_misc":{"\u00c9crit par":"Protur Hotels","Dur\u00e9e de lecture estim\u00e9e":"3 minutes"},"schema":{"@context":"https:\/\/schema.org","@graph":[{"@type":"Article","@id":"https:\/\/blog.protur-hotels.com\/fr\/excursion-punta-namer-parcours-historique-au-pied-plage\/#article","isPartOf":{"@id":"https:\/\/blog.protur-hotels.com\/fr\/excursion-punta-namer-parcours-historique-au-pied-plage\/"},"author":{"name":"Protur Hotels","@id":"https:\/\/blog.protur-hotels.com\/#\/schema\/person\/6eac7ca6e9a32baa4716fdd5d7358326"},"headline":"Excursion \u00e0 Punta de n&rsquo;Amer: un parcours historique au pied de plage","datePublished":"2018-08-07T08:31:13+00:00","mainEntityOfPage":{"@id":"https:\/\/blog.protur-hotels.com\/fr\/excursion-punta-namer-parcours-historique-au-pied-plage\/"},"wordCount":552,"commentCount":0,"publisher":{"@id":"https:\/\/blog.protur-hotels.com\/#organization"},"image":{"@id":"https:\/\/blog.protur-hotels.com\/fr\/excursion-punta-namer-parcours-historique-au-pied-plage\/#primaryimage"},"thumbnailUrl":"https:\/\/blog.protur-hotels.com\/wp-content\/uploads\/2018\/08\/excursion-punta-namer-recorrido-historico-pie-playa.jpg","keywords":["Excursi\u00f3n","Protur Hotels Relax","Voyager"],"articleSection":["Majorque","Plages","Protur Hotels"],"inLanguage":"fr-FR"},{"@type":"WebPage","@id":"https:\/\/blog.protur-hotels.com\/fr\/excursion-punta-namer-parcours-historique-au-pied-plage\/","url":"https:\/\/blog.protur-hotels.com\/fr\/excursion-punta-namer-parcours-historique-au-pied-plage\/","name":"Excursion \u00e0 Punta de n'Amer: un parcours historique au pied de plage - Blog Protur Hotels","isPartOf":{"@id":"https:\/\/blog.protur-hotels.com\/#website"},"primaryImageOfPage":{"@id":"https:\/\/blog.protur-hotels.com\/fr\/excursion-punta-namer-parcours-historique-au-pied-plage\/#primaryimage"},"image":{"@id":"https:\/\/blog.protur-hotels.com\/fr\/excursion-punta-namer-parcours-historique-au-pied-plage\/#primaryimage"},"thumbnailUrl":"https:\/\/blog.protur-hotels.com\/wp-content\/uploads\/2018\/08\/excursion-punta-namer-recorrido-historico-pie-playa.jpg","datePublished":"2018-08-07T08:31:13+00:00","description":"Excursion \u00e0 Punta de n'Amer: un parcours historique au pied de plage Les excursions \u00e0 Majorque ont ce je ne sais quoi qui vous saisit, d\u00e8s les premiers","breadcrumb":{"@id":"https:\/\/blog.protur-hotels.com\/fr\/excursion-punta-namer-parcours-historique-au-pied-plage\/#breadcrumb"},"inLanguage":"fr-FR","potentialAction":[{"@type":"ReadAction","target":["https:\/\/blog.protur-hotels.com\/fr\/excursion-punta-namer-parcours-historique-au-pied-plage\/"]}]},{"@type":"ImageObject","inLanguage":"fr-FR","@id":"https:\/\/blog.protur-hotels.com\/fr\/excursion-punta-namer-parcours-historique-au-pied-plage\/#primaryimage","url":"https:\/\/blog.protur-hotels.com\/wp-content\/uploads\/2018\/08\/excursion-punta-namer-recorrido-historico-pie-playa.jpg","contentUrl":"https:\/\/blog.protur-hotels.com\/wp-content\/uploads\/2018\/08\/excursion-punta-namer-recorrido-historico-pie-playa.jpg","width":800,"height":650,"caption":"Excursi\u00f3n -Excursion - Excursi\u00f3-Ausflug-\u042d\u043a\u0441\u043a\u0443\u0440\u0441\u0438\u044f-Excursion"},{"@type":"BreadcrumbList","@id":"https:\/\/blog.protur-hotels.com\/fr\/excursion-punta-namer-parcours-historique-au-pied-plage\/#breadcrumb","itemListElement":[{"@type":"ListItem","position":1,"name":"Portada","item":"https:\/\/blog.protur-hotels.com\/"},{"@type":"ListItem","position":2,"name":"Excursion \u00e0 Punta de n&#8217;Amer: un parcours historique au pied de plage"}]},{"@type":"WebSite","@id":"https:\/\/blog.protur-hotels.com\/#website","url":"https:\/\/blog.protur-hotels.com\/","name":"Blog Protur Hotels","description":"Un Blog para viajeros","publisher":{"@id":"https:\/\/blog.protur-hotels.com\/#organization"},"potentialAction":[{"@type":"SearchAction","target":{"@type":"EntryPoint","urlTemplate":"https:\/\/blog.protur-hotels.com\/?s={search_term_string}"},"query-input":{"@type":"PropertyValueSpecification","valueRequired":true,"valueName":"search_term_string"}}],"inLanguage":"fr-FR"},{"@type":"Organization","@id":"https:\/\/blog.protur-hotels.com\/#organization","name":"Blog Protur Hotels","url":"https:\/\/blog.protur-hotels.com\/","logo":{"@type":"ImageObject","inLanguage":"fr-FR","@id":"https:\/\/blog.protur-hotels.com\/#\/schema\/logo\/image\/","url":"https:\/\/blog.protur-hotels.com\/wp-content\/uploads\/2020\/03\/blog-protur-hotels-mallorca.png","contentUrl":"https:\/\/blog.protur-hotels.com\/wp-content\/uploads\/2020\/03\/blog-protur-hotels-mallorca.png","width":1422,"height":894,"caption":"Blog Protur Hotels"},"image":{"@id":"https:\/\/blog.protur-hotels.com\/#\/schema\/logo\/image\/"}},{"@type":"Person","@id":"https:\/\/blog.protur-hotels.com\/#\/schema\/person\/6eac7ca6e9a32baa4716fdd5d7358326","name":"Protur Hotels"}]}},"_links":{"self":[{"href":"https:\/\/blog.protur-hotels.com\/fr\/wp-json\/wp\/v2\/posts\/4230","targetHints":{"allow":["GET"]}}],"collection":[{"href":"https:\/\/blog.protur-hotels.com\/fr\/wp-json\/wp\/v2\/posts"}],"about":[{"href":"https:\/\/blog.protur-hotels.com\/fr\/wp-json\/wp\/v2\/types\/post"}],"author":[{"embeddable":true,"href":"https:\/\/blog.protur-hotels.com\/fr\/wp-json\/wp\/v2\/users\/3"}],"replies":[{"embeddable":true,"href":"https:\/\/blog.protur-hotels.com\/fr\/wp-json\/wp\/v2\/comments?post=4230"}],"version-history":[{"count":0,"href":"https:\/\/blog.protur-hotels.com\/fr\/wp-json\/wp\/v2\/posts\/4230\/revisions"}],"wp:featuredmedia":[{"embeddable":true,"href":"https:\/\/blog.protur-hotels.com\/fr\/wp-json\/wp\/v2\/media\/4220"}],"wp:attachment":[{"href":"https:\/\/blog.protur-hotels.com\/fr\/wp-json\/wp\/v2\/media?parent=4230"}],"wp:term":[{"taxonomy":"category","embeddable":true,"href":"https:\/\/blog.protur-hotels.com\/fr\/wp-json\/wp\/v2\/categories?post=4230"},{"taxonomy":"post_tag","embeddable":true,"href":"https:\/\/blog.protur-hotels.com\/fr\/wp-json\/wp\/v2\/tags?post=4230"}],"curies":[{"name":"wp","href":"https:\/\/api.w.org\/{rel}","templated":true}]}}