{"id":4244,"date":"2018-09-11T15:05:45","date_gmt":"2018-09-11T15:05:45","guid":{"rendered":"https:\/\/blog.protur-hotels.com\/fr\/?p=4244"},"modified":"2018-09-11T15:05:45","modified_gmt":"2018-09-11T15:05:45","slug":"fetes-des-touristes-cala-millor","status":"publish","type":"post","link":"https:\/\/blog.protur-hotels.com\/fr\/fetes-des-touristes-cala-millor\/","title":{"rendered":"F\u00eates des Touristes \u00e0 Cala Millor"},"content":{"rendered":"<p><strong>F\u00eates des Touristes \u00e0 Cala Millor<\/strong><\/p>\n<p><span style=\"font-weight: 400;\">Majorque, c&rsquo;est beaucoup plus que le soleil et la plage Majorque, c&rsquo;est la nature. Ce sont des paysages incroyables berc\u00e9s par les couchers de soleil m\u00e9diterran\u00e9ens. C&rsquo;est la gastronomie m\u00eal\u00e9e \u00e0 la meilleure s\u00e9lection de vins et de liqueurs \u00e0 base d&rsquo;herbes du pays. Ce sont des villages plein de charme, des rues pav\u00e9es et des villages aux maisons blanches&#8230; Majorque c&rsquo;est la culture, les traditions et les festivit\u00e9s. Vous p\u00e9n\u00e9trerez dans un univers plein d\u2019artisanat, de l\u00e9gendes et de coutumes, et tous ceux qui assistent \u00e0 ces f\u00eates populaires en sont s\u00e9duits. Les <\/span><strong>f\u00eates de Cala Millor<\/strong><span style=\"font-weight: 400;\"> ont connu de plus en plus de succ\u00e8s, ces derni\u00e8res ann\u00e9es, \u00e0 l\u2019instar des fameuses <\/span><strong>F\u00eates des Touristes<\/strong><span style=\"font-weight: 400;\">, qui sont l\u2019occasion id\u00e9ale de connaitre l&rsquo;h\u00e9ritage culturel de l&rsquo;\u00eele.<\/span><\/p>\n<p><span style=\"font-weight: 400;\">Ces f\u00eates ont lieu au milieu du mois de septembre, aux environs du 15, et sont tout un \u00e9chantillon de ce que l\u2019on retrouve \u00e0 Majorque. Pendant une semaine, le joli village de Cala Millor se pare de couleurs, de gastronomie et de musique m\u00e9lang\u00e9es \u00e0 sa culture si particuli\u00e8re, \u00e0 quelques m\u00e8tres de nos<\/span><a href=\"https:\/\/protur-hotels.com\/fr\/majorque\/cala-millor\"> <span style=\"font-weight: 400;\">h\u00f4tels de Cala Millor<\/span><\/a><span style=\"font-weight: 400;\">. Le centre devient la principale attraction de tous les curieux qui s&rsquo;approchent pour d\u00e9couvrir l&rsquo;impressionnant march\u00e9 m\u00e9di\u00e9val abritant des stands d&rsquo;artisanat local, des breloques, de la charcuterie majorquine et tous types de mets traditionnels.<\/span><\/p>\n<p>Les spectaculaires d\u00e9fil\u00e9s attirent les adultes et les enfants qui n&rsquo;h\u00e9sitent pas un instant \u00e0 se m\u00ealer aux processions. Et si vous avez d\u00e9cid\u00e9 <strong>de voyager avec des enfants \u00e0 Majorque<\/strong>, sachez que ces f\u00eates proposent de nombreuses activit\u00e9s pour les enfants afin qu\u2019ils puissent s&rsquo;amuser. Des ateliers, des jeux sur la plage, des conteurs, des concerts pour les enfants&#8230; Tout pour que vos enfants puissent s&rsquo;amuser pendant que vous parcourez la place principale tr\u00e8s anim\u00e9e, participez \u00e0 de sympathiques concours pour adultes, testez un nouveau sport et courez pour fuir les terribles<em> Dimonis<\/em> ou pendant que vous vous d\u00e9tendez en vous baladant pour voir les stands d&rsquo;artisanat et savourer une d\u00e9licieuse bi\u00e8re locale.<\/p>\n<p>On ne peut passer \u00e0 c\u00f4t\u00e9 de la gastronomie durant ces f\u00eates. Et entre toutes les repr\u00e9sentations et les activit\u00e9s, n&rsquo;oubliez pas de go\u00fbter \u00e0 la coca de tramp\u00f3, au tumbet, \u00e0 une portion de frito majorquin, \u00e0 une panada et \u00e0 la fameuse ensa\u00efmada, l&rsquo;un des g\u00e2teaux typiques de l&rsquo;\u00eele. Le joli spectacle de feux d&rsquo;artifice met fin ces festivit\u00e9s tr\u00e8s embl\u00e9matiques de Majorque, qui accueillent g\u00e9n\u00e9ralement beaucoup de monde, surtout au cours des derniers jours.<\/p>\n<p>Ces festivit\u00e9s prouvent que Majorque est une destination id\u00e9ale et qu\u2019on peut la visiter \u00e0 n&rsquo;importe quelle \u00e9poque de l&rsquo;ann\u00e9e. Venez profiter de vacances agr\u00e9ables au bord de la mer et plongez dans l&rsquo;une des f\u00eates populaires les plus embl\u00e9matiques de la sc\u00e8ne majorquine.<\/p>\n<p>D\u00e9couvrez la culture avec<a href=\"https:\/\/protur-hotels.com\/fr\/\"> Protur Hotels<\/a><\/p>\n<p>&nbsp;<\/p>\n","protected":false},"excerpt":{"rendered":"<p>F\u00eates des Touristes \u00e0 Cala Millor Majorque, c&rsquo;est beaucoup plus que le soleil et la plage Majorque, c&rsquo;est la nature. Ce sont des paysages incroyables berc\u00e9s par les couchers de&hellip;<\/p>\n","protected":false},"author":3,"featured_media":4235,"comment_status":"open","ping_status":"open","sticky":false,"template":"","format":"standard","meta":{"_lmt_disableupdate":"","_lmt_disable":"","footnotes":""},"categories":[79,82,114],"tags":[62,545,1013],"class_list":["post-4244","post","type-post","status-publish","format-standard","has-post-thumbnail","hentry","category-evento-fr","category-ferias-fr","category-gastronomia-fr","tag-protur-hotels","tag-smooth-jazz-festival","tag-touristes"],"yoast_head":"<!-- This site is optimized with the Yoast SEO plugin v26.6 - https:\/\/yoast.com\/wordpress\/plugins\/seo\/ -->\n<title>F\u00eates des Touristes \u00e0 Cala Millor - Blog Protur Hotels<\/title>\n<meta name=\"description\" content=\"F\u00eates des Touristes \u00e0 Cala Millor c&#039;est beaucoup plus que le soleil et la plage Majorque, c&#039;est la nature.Ce sont des paysages incroyables\" \/>\n<meta name=\"robots\" content=\"index, follow, max-snippet:-1, max-image-preview:large, max-video-preview:-1\" \/>\n<link rel=\"canonical\" href=\"https:\/\/blog.protur-hotels.com\/fr\/fetes-des-touristes-cala-millor\/\" \/>\n<meta property=\"og:locale\" content=\"fr_FR\" \/>\n<meta property=\"og:type\" content=\"article\" \/>\n<meta property=\"og:title\" content=\"F\u00eates des Touristes \u00e0 Cala Millor - Blog Protur Hotels\" \/>\n<meta property=\"og:description\" content=\"F\u00eates des Touristes \u00e0 Cala Millor c&#039;est beaucoup plus que le soleil et la plage Majorque, c&#039;est la nature.Ce sont des paysages incroyables\" \/>\n<meta property=\"og:url\" content=\"https:\/\/blog.protur-hotels.com\/fr\/fetes-des-touristes-cala-millor\/\" \/>\n<meta property=\"og:site_name\" content=\"Blog Protur Hotels\" \/>\n<meta property=\"article:published_time\" content=\"2018-09-11T15:05:45+00:00\" \/>\n<meta property=\"og:image\" content=\"https:\/\/blog.protur-hotels.com\/wp-content\/uploads\/2018\/09\/fiestas-del-turista-cala-millor.jpg\" \/>\n\t<meta property=\"og:image:width\" content=\"800\" \/>\n\t<meta property=\"og:image:height\" content=\"650\" \/>\n\t<meta property=\"og:image:type\" content=\"image\/jpeg\" \/>\n<meta name=\"author\" content=\"Protur Hotels\" \/>\n<meta name=\"twitter:card\" content=\"summary_large_image\" \/>\n<meta name=\"twitter:label1\" content=\"\u00c9crit par\" \/>\n\t<meta name=\"twitter:data1\" content=\"Protur Hotels\" \/>\n\t<meta name=\"twitter:label2\" content=\"Dur\u00e9e de lecture estim\u00e9e\" \/>\n\t<meta name=\"twitter:data2\" content=\"3 minutes\" \/>\n<script type=\"application\/ld+json\" class=\"yoast-schema-graph\">{\"@context\":\"https:\/\/schema.org\",\"@graph\":[{\"@type\":\"Article\",\"@id\":\"https:\/\/blog.protur-hotels.com\/fr\/fetes-des-touristes-cala-millor\/#article\",\"isPartOf\":{\"@id\":\"https:\/\/blog.protur-hotels.com\/fr\/fetes-des-touristes-cala-millor\/\"},\"author\":{\"name\":\"Protur Hotels\",\"@id\":\"https:\/\/blog.protur-hotels.com\/#\/schema\/person\/6eac7ca6e9a32baa4716fdd5d7358326\"},\"headline\":\"F\u00eates des Touristes \u00e0 Cala Millor\",\"datePublished\":\"2018-09-11T15:05:45+00:00\",\"mainEntityOfPage\":{\"@id\":\"https:\/\/blog.protur-hotels.com\/fr\/fetes-des-touristes-cala-millor\/\"},\"wordCount\":544,\"commentCount\":0,\"publisher\":{\"@id\":\"https:\/\/blog.protur-hotels.com\/#organization\"},\"image\":{\"@id\":\"https:\/\/blog.protur-hotels.com\/fr\/fetes-des-touristes-cala-millor\/#primaryimage\"},\"thumbnailUrl\":\"https:\/\/blog.protur-hotels.com\/wp-content\/uploads\/2018\/09\/fiestas-del-turista-cala-millor.jpg\",\"keywords\":[\"Protur Hotels\",\"smooth jazz festival\",\"Touristes\"],\"articleSection\":[\"\u00c9v\u00e9nements\",\"F\u00eates\",\"Gastronomie\"],\"inLanguage\":\"fr-FR\"},{\"@type\":\"WebPage\",\"@id\":\"https:\/\/blog.protur-hotels.com\/fr\/fetes-des-touristes-cala-millor\/\",\"url\":\"https:\/\/blog.protur-hotels.com\/fr\/fetes-des-touristes-cala-millor\/\",\"name\":\"F\u00eates des Touristes \u00e0 Cala Millor - Blog Protur Hotels\",\"isPartOf\":{\"@id\":\"https:\/\/blog.protur-hotels.com\/#website\"},\"primaryImageOfPage\":{\"@id\":\"https:\/\/blog.protur-hotels.com\/fr\/fetes-des-touristes-cala-millor\/#primaryimage\"},\"image\":{\"@id\":\"https:\/\/blog.protur-hotels.com\/fr\/fetes-des-touristes-cala-millor\/#primaryimage\"},\"thumbnailUrl\":\"https:\/\/blog.protur-hotels.com\/wp-content\/uploads\/2018\/09\/fiestas-del-turista-cala-millor.jpg\",\"datePublished\":\"2018-09-11T15:05:45+00:00\",\"description\":\"F\u00eates des Touristes \u00e0 Cala Millor c'est beaucoup plus que le soleil et la plage Majorque, c'est la nature.Ce sont des paysages incroyables\",\"breadcrumb\":{\"@id\":\"https:\/\/blog.protur-hotels.com\/fr\/fetes-des-touristes-cala-millor\/#breadcrumb\"},\"inLanguage\":\"fr-FR\",\"potentialAction\":[{\"@type\":\"ReadAction\",\"target\":[\"https:\/\/blog.protur-hotels.com\/fr\/fetes-des-touristes-cala-millor\/\"]}]},{\"@type\":\"ImageObject\",\"inLanguage\":\"fr-FR\",\"@id\":\"https:\/\/blog.protur-hotels.com\/fr\/fetes-des-touristes-cala-millor\/#primaryimage\",\"url\":\"https:\/\/blog.protur-hotels.com\/wp-content\/uploads\/2018\/09\/fiestas-del-turista-cala-millor.jpg\",\"contentUrl\":\"https:\/\/blog.protur-hotels.com\/wp-content\/uploads\/2018\/09\/fiestas-del-turista-cala-millor.jpg\",\"width\":800,\"height\":650,\"caption\":\"Touristen, Fairs, Touristes\u041f\u0440\u0430\u0437\u0434\u043d\u0438\u043a\u0438 \u0442\u0443\u0440\u0438\u0441\u0442\u0430 \u0432 \u041a\u0430\u043b\u0430 \u041c\u0438\u0439\u043e\u0440\"},{\"@type\":\"BreadcrumbList\",\"@id\":\"https:\/\/blog.protur-hotels.com\/fr\/fetes-des-touristes-cala-millor\/#breadcrumb\",\"itemListElement\":[{\"@type\":\"ListItem\",\"position\":1,\"name\":\"Portada\",\"item\":\"https:\/\/blog.protur-hotels.com\/\"},{\"@type\":\"ListItem\",\"position\":2,\"name\":\"F\u00eates des Touristes \u00e0 Cala Millor\"}]},{\"@type\":\"WebSite\",\"@id\":\"https:\/\/blog.protur-hotels.com\/#website\",\"url\":\"https:\/\/blog.protur-hotels.com\/\",\"name\":\"Blog Protur Hotels\",\"description\":\"Un Blog para viajeros\",\"publisher\":{\"@id\":\"https:\/\/blog.protur-hotels.com\/#organization\"},\"potentialAction\":[{\"@type\":\"SearchAction\",\"target\":{\"@type\":\"EntryPoint\",\"urlTemplate\":\"https:\/\/blog.protur-hotels.com\/?s={search_term_string}\"},\"query-input\":{\"@type\":\"PropertyValueSpecification\",\"valueRequired\":true,\"valueName\":\"search_term_string\"}}],\"inLanguage\":\"fr-FR\"},{\"@type\":\"Organization\",\"@id\":\"https:\/\/blog.protur-hotels.com\/#organization\",\"name\":\"Blog Protur Hotels\",\"url\":\"https:\/\/blog.protur-hotels.com\/\",\"logo\":{\"@type\":\"ImageObject\",\"inLanguage\":\"fr-FR\",\"@id\":\"https:\/\/blog.protur-hotels.com\/#\/schema\/logo\/image\/\",\"url\":\"https:\/\/blog.protur-hotels.com\/wp-content\/uploads\/2020\/03\/blog-protur-hotels-mallorca.png\",\"contentUrl\":\"https:\/\/blog.protur-hotels.com\/wp-content\/uploads\/2020\/03\/blog-protur-hotels-mallorca.png\",\"width\":1422,\"height\":894,\"caption\":\"Blog Protur Hotels\"},\"image\":{\"@id\":\"https:\/\/blog.protur-hotels.com\/#\/schema\/logo\/image\/\"}},{\"@type\":\"Person\",\"@id\":\"https:\/\/blog.protur-hotels.com\/#\/schema\/person\/6eac7ca6e9a32baa4716fdd5d7358326\",\"name\":\"Protur Hotels\"}]}<\/script>\n<!-- \/ Yoast SEO plugin. -->","yoast_head_json":{"title":"F\u00eates des Touristes \u00e0 Cala Millor - Blog Protur Hotels","description":"F\u00eates des Touristes \u00e0 Cala Millor c'est beaucoup plus que le soleil et la plage Majorque, c'est la nature.Ce sont des paysages incroyables","robots":{"index":"index","follow":"follow","max-snippet":"max-snippet:-1","max-image-preview":"max-image-preview:large","max-video-preview":"max-video-preview:-1"},"canonical":"https:\/\/blog.protur-hotels.com\/fr\/fetes-des-touristes-cala-millor\/","og_locale":"fr_FR","og_type":"article","og_title":"F\u00eates des Touristes \u00e0 Cala Millor - Blog Protur Hotels","og_description":"F\u00eates des Touristes \u00e0 Cala Millor c'est beaucoup plus que le soleil et la plage Majorque, c'est la nature.Ce sont des paysages incroyables","og_url":"https:\/\/blog.protur-hotels.com\/fr\/fetes-des-touristes-cala-millor\/","og_site_name":"Blog Protur Hotels","article_published_time":"2018-09-11T15:05:45+00:00","og_image":[{"width":800,"height":650,"url":"https:\/\/blog.protur-hotels.com\/wp-content\/uploads\/2018\/09\/fiestas-del-turista-cala-millor.jpg","type":"image\/jpeg"}],"author":"Protur Hotels","twitter_card":"summary_large_image","twitter_misc":{"\u00c9crit par":"Protur Hotels","Dur\u00e9e de lecture estim\u00e9e":"3 minutes"},"schema":{"@context":"https:\/\/schema.org","@graph":[{"@type":"Article","@id":"https:\/\/blog.protur-hotels.com\/fr\/fetes-des-touristes-cala-millor\/#article","isPartOf":{"@id":"https:\/\/blog.protur-hotels.com\/fr\/fetes-des-touristes-cala-millor\/"},"author":{"name":"Protur Hotels","@id":"https:\/\/blog.protur-hotels.com\/#\/schema\/person\/6eac7ca6e9a32baa4716fdd5d7358326"},"headline":"F\u00eates des Touristes \u00e0 Cala Millor","datePublished":"2018-09-11T15:05:45+00:00","mainEntityOfPage":{"@id":"https:\/\/blog.protur-hotels.com\/fr\/fetes-des-touristes-cala-millor\/"},"wordCount":544,"commentCount":0,"publisher":{"@id":"https:\/\/blog.protur-hotels.com\/#organization"},"image":{"@id":"https:\/\/blog.protur-hotels.com\/fr\/fetes-des-touristes-cala-millor\/#primaryimage"},"thumbnailUrl":"https:\/\/blog.protur-hotels.com\/wp-content\/uploads\/2018\/09\/fiestas-del-turista-cala-millor.jpg","keywords":["Protur Hotels","smooth jazz festival","Touristes"],"articleSection":["\u00c9v\u00e9nements","F\u00eates","Gastronomie"],"inLanguage":"fr-FR"},{"@type":"WebPage","@id":"https:\/\/blog.protur-hotels.com\/fr\/fetes-des-touristes-cala-millor\/","url":"https:\/\/blog.protur-hotels.com\/fr\/fetes-des-touristes-cala-millor\/","name":"F\u00eates des Touristes \u00e0 Cala Millor - Blog Protur Hotels","isPartOf":{"@id":"https:\/\/blog.protur-hotels.com\/#website"},"primaryImageOfPage":{"@id":"https:\/\/blog.protur-hotels.com\/fr\/fetes-des-touristes-cala-millor\/#primaryimage"},"image":{"@id":"https:\/\/blog.protur-hotels.com\/fr\/fetes-des-touristes-cala-millor\/#primaryimage"},"thumbnailUrl":"https:\/\/blog.protur-hotels.com\/wp-content\/uploads\/2018\/09\/fiestas-del-turista-cala-millor.jpg","datePublished":"2018-09-11T15:05:45+00:00","description":"F\u00eates des Touristes \u00e0 Cala Millor c'est beaucoup plus que le soleil et la plage Majorque, c'est la nature.Ce sont des paysages incroyables","breadcrumb":{"@id":"https:\/\/blog.protur-hotels.com\/fr\/fetes-des-touristes-cala-millor\/#breadcrumb"},"inLanguage":"fr-FR","potentialAction":[{"@type":"ReadAction","target":["https:\/\/blog.protur-hotels.com\/fr\/fetes-des-touristes-cala-millor\/"]}]},{"@type":"ImageObject","inLanguage":"fr-FR","@id":"https:\/\/blog.protur-hotels.com\/fr\/fetes-des-touristes-cala-millor\/#primaryimage","url":"https:\/\/blog.protur-hotels.com\/wp-content\/uploads\/2018\/09\/fiestas-del-turista-cala-millor.jpg","contentUrl":"https:\/\/blog.protur-hotels.com\/wp-content\/uploads\/2018\/09\/fiestas-del-turista-cala-millor.jpg","width":800,"height":650,"caption":"Touristen, Fairs, Touristes\u041f\u0440\u0430\u0437\u0434\u043d\u0438\u043a\u0438 \u0442\u0443\u0440\u0438\u0441\u0442\u0430 \u0432 \u041a\u0430\u043b\u0430 \u041c\u0438\u0439\u043e\u0440"},{"@type":"BreadcrumbList","@id":"https:\/\/blog.protur-hotels.com\/fr\/fetes-des-touristes-cala-millor\/#breadcrumb","itemListElement":[{"@type":"ListItem","position":1,"name":"Portada","item":"https:\/\/blog.protur-hotels.com\/"},{"@type":"ListItem","position":2,"name":"F\u00eates des Touristes \u00e0 Cala Millor"}]},{"@type":"WebSite","@id":"https:\/\/blog.protur-hotels.com\/#website","url":"https:\/\/blog.protur-hotels.com\/","name":"Blog Protur Hotels","description":"Un Blog para viajeros","publisher":{"@id":"https:\/\/blog.protur-hotels.com\/#organization"},"potentialAction":[{"@type":"SearchAction","target":{"@type":"EntryPoint","urlTemplate":"https:\/\/blog.protur-hotels.com\/?s={search_term_string}"},"query-input":{"@type":"PropertyValueSpecification","valueRequired":true,"valueName":"search_term_string"}}],"inLanguage":"fr-FR"},{"@type":"Organization","@id":"https:\/\/blog.protur-hotels.com\/#organization","name":"Blog Protur Hotels","url":"https:\/\/blog.protur-hotels.com\/","logo":{"@type":"ImageObject","inLanguage":"fr-FR","@id":"https:\/\/blog.protur-hotels.com\/#\/schema\/logo\/image\/","url":"https:\/\/blog.protur-hotels.com\/wp-content\/uploads\/2020\/03\/blog-protur-hotels-mallorca.png","contentUrl":"https:\/\/blog.protur-hotels.com\/wp-content\/uploads\/2020\/03\/blog-protur-hotels-mallorca.png","width":1422,"height":894,"caption":"Blog Protur Hotels"},"image":{"@id":"https:\/\/blog.protur-hotels.com\/#\/schema\/logo\/image\/"}},{"@type":"Person","@id":"https:\/\/blog.protur-hotels.com\/#\/schema\/person\/6eac7ca6e9a32baa4716fdd5d7358326","name":"Protur Hotels"}]}},"_links":{"self":[{"href":"https:\/\/blog.protur-hotels.com\/fr\/wp-json\/wp\/v2\/posts\/4244","targetHints":{"allow":["GET"]}}],"collection":[{"href":"https:\/\/blog.protur-hotels.com\/fr\/wp-json\/wp\/v2\/posts"}],"about":[{"href":"https:\/\/blog.protur-hotels.com\/fr\/wp-json\/wp\/v2\/types\/post"}],"author":[{"embeddable":true,"href":"https:\/\/blog.protur-hotels.com\/fr\/wp-json\/wp\/v2\/users\/3"}],"replies":[{"embeddable":true,"href":"https:\/\/blog.protur-hotels.com\/fr\/wp-json\/wp\/v2\/comments?post=4244"}],"version-history":[{"count":0,"href":"https:\/\/blog.protur-hotels.com\/fr\/wp-json\/wp\/v2\/posts\/4244\/revisions"}],"wp:featuredmedia":[{"embeddable":true,"href":"https:\/\/blog.protur-hotels.com\/fr\/wp-json\/wp\/v2\/media\/4235"}],"wp:attachment":[{"href":"https:\/\/blog.protur-hotels.com\/fr\/wp-json\/wp\/v2\/media?parent=4244"}],"wp:term":[{"taxonomy":"category","embeddable":true,"href":"https:\/\/blog.protur-hotels.com\/fr\/wp-json\/wp\/v2\/categories?post=4244"},{"taxonomy":"post_tag","embeddable":true,"href":"https:\/\/blog.protur-hotels.com\/fr\/wp-json\/wp\/v2\/tags?post=4244"}],"curies":[{"name":"wp","href":"https:\/\/api.w.org\/{rel}","templated":true}]}}