{"id":4270,"date":"2018-10-08T10:42:37","date_gmt":"2018-10-08T10:42:37","guid":{"rendered":"https:\/\/blog.protur-hotels.com\/fr\/?p=4270"},"modified":"2018-10-08T10:42:37","modified_gmt":"2018-10-08T10:42:37","slug":"fira-sa-llampuga-lado-mas-delicioso-mallorca","status":"publish","type":"post","link":"https:\/\/blog.protur-hotels.com\/fr\/fira-sa-llampuga-lado-mas-delicioso-mallorca\/","title":{"rendered":"Fira de sa Llampuga, el lado m\u00e1s delicioso de Mallorca"},"content":{"rendered":"<p><strong>Fira de sa Llampuga, el lado m\u00e1s delicioso de Mallorca<\/strong><\/p>\n<p>Vous avez pr\u00e9vu quelque chose pour ce mois d&rsquo;octobre? <strong>Majorque en automne<\/strong> propose de nombreuses activit\u00e9s, \u00e9v\u00e9nements culturels, expositions et foires de tout type qui offrent \u00e0 ses visiteurs un petit bout de l&rsquo;essence de l&rsquo;\u00eele. Et une de ces activit\u00e9s est la<strong> Fira de Sa Llampuga 2018<\/strong>, dans la commune de Cala Ratjada. Une des <strong>foires gastronomiques les plus c\u00e9l\u00e8bres de Majorque<\/strong>, qui combine le mieux les saveurs m\u00e9diterran\u00e9ennes avec un large \u00e9ventail de boissons et de divertissement dans le joli port d&rsquo;un petit village, \u00e0 quelques m\u00e8tres de notre<a href=\"https:\/\/protur-hotels.com\/fr\/hotels-a-majorque\/protur-turo-pins-hotel-spa\"> h\u00f4tel 5 \u00e9toiles de Cala Ratjada<\/a> et \u00e0 15 minutes de nos<a href=\"https:\/\/protur-hotels.com\/fr\/majorque\/cala-bona\"> h\u00f4tels de Cala Bona<\/a>.<\/p>\n<p>Cette foire a lieu le week-end du 12 au 14 octobre, et r\u00e9unit chaque ann\u00e9e toujours plus de visiteurs d\u00e9sireux de go\u00fbter aux d\u00e9licieux plats et ap\u00e9ritifs pr\u00e9par\u00e9s par les restaurants et stands avec, comme protagoniste, la llampuga. Paella, frito de llampuga, fideus secs amb llampuga &#8211; vermicelles secs avec de la llampuga- et llampuga amb prebes &#8211; llampuga aux poivrons-\u2026 Tous types de choix \u00e9labor\u00e9s afin de surprendre les curieux qui passent par le port. L&rsquo;importance de la llampuga r\u00e9side dans le fait qu&rsquo;il s&rsquo;agit d&rsquo;un poisson de la c\u00f4te majorquine, tr\u00e8s savoureux et parfait pour \u00eatre combin\u00e9 dans plus d&rsquo;un plat. C&rsquo;est un choix id\u00e9al pour profiter d&rsquo;un d\u00eener romantique au port de Cala Ratjada, ou d&rsquo;un repas en famille, en se laissant bercer par les temp\u00e9ratures chaudes.<\/p>\n<p>Conte\u00fado da Web composto com o <a href=\"https:\/\/htmlg.com\/html-editor\/\">editor de c\u00f3digo HTML instant\u00e2neo gratuito<\/a>. Por favor, assine uma associa\u00e7\u00e3o para obter mais recursos.<\/p>\n<p>Cet \u00e9v\u00e9nement est l&rsquo;occasion parfaite de go\u00fbter quelques-uns des desserts majorquins typiques, comme le cardenal de Lloseta &#8211; un biscuit fourr\u00e9 \u00e0 la meringue-, le g\u00e2teau \u00e0 la glace, le coca de cuarto -biscuit sucr\u00e9 pr\u00e9par\u00e9 avec de l\u2019\u0153uf et de la farine et la fameuse ensaimada, la star de la <strong>cuisine typique de Majorque<\/strong>, g\u00e9n\u00e9ralement fourr\u00e9e \u00e0 la cr\u00e8me, \u00e0 la cr\u00e8me fouett\u00e9e, et m\u00eame \u00e0 la soubressade.<\/p>\n<p>A la foire, vous pourrez aussi d\u00e9guster quelques-uns des meilleurs <strong>Vins de la Terre de Majorque<\/strong> et des bi\u00e8res artisanales tout en vous divertissant avec les concerts, les spectacles et les activit\u00e9s de habaneras qui, chaque ann\u00e9e, \u00e9gayent l&rsquo;\u00e9v\u00e9nement.<\/p>\n<p>Et pour finir\u2026 pourquoi ne pas vous d\u00e9tendre avec nous? Nos h\u00f4tels 5 \u00e9toiles sont des h\u00e9bergements parfaits pour profiter de la Fira de Sa Llampuga, sans avoir \u00e0 parcourir de longues distances. Ils disposent d\u2019un large \u00e9ventail de services destin\u00e9s \u00e0 rendre votre s\u00e9jour sur l&rsquo;\u00eele plus agr\u00e9able. Venez profiter de la Fira de Sa Llampuga et commencez l&rsquo;automne du bon pied, \u00e0 Majorque.<\/p>\n<p><em>Gardez une agr\u00e9able saveur avec<\/em><a href=\"https:\/\/protur-hotels.com\/fr\/\"> <em>Protur Hotels<\/em><\/a><em>.<\/em><\/p>\n","protected":false},"excerpt":{"rendered":"<p>Fira de sa Llampuga, el lado m\u00e1s delicioso de Mallorca Vous avez pr\u00e9vu quelque chose pour ce mois d&rsquo;octobre? Majorque en automne propose de nombreuses activit\u00e9s, \u00e9v\u00e9nements culturels, expositions et&hellip;<\/p>\n","protected":false},"author":3,"featured_media":4266,"comment_status":"open","ping_status":"open","sticky":false,"template":"","format":"standard","meta":{"_lmt_disableupdate":"","_lmt_disable":"","footnotes":""},"categories":[995,79,117],"tags":[365,249,1018,62],"class_list":["post-4270","post","type-post","status-publish","format-standard","has-post-thumbnail","hentry","category-995","category-evento-fr","category-mallorca-fr","tag-experience","tag-hotels","tag-llampuga","tag-protur-hotels"],"yoast_head":"<!-- This site is optimized with the Yoast SEO plugin v26.6 - https:\/\/yoast.com\/wordpress\/plugins\/seo\/ -->\n<title>Fira de sa Llampuga, el lado m\u00e1s delicioso de Mallorca - Blog Protur Hotels<\/title>\n<meta name=\"description\" content=\"Fira de sa Llampuga, el lado m\u00e1s delicioso de Mallorca Vous avez pr\u00e9vu quelque chose pour ce mois d&#039;octobre? Majorque en automne propose de nombreuses\" \/>\n<meta name=\"robots\" content=\"index, follow, max-snippet:-1, max-image-preview:large, max-video-preview:-1\" \/>\n<link rel=\"canonical\" href=\"https:\/\/blog.protur-hotels.com\/fr\/fira-sa-llampuga-lado-mas-delicioso-mallorca\/\" \/>\n<meta property=\"og:locale\" content=\"fr_FR\" \/>\n<meta property=\"og:type\" content=\"article\" \/>\n<meta property=\"og:title\" content=\"Fira de sa Llampuga, el lado m\u00e1s delicioso de Mallorca - Blog Protur Hotels\" \/>\n<meta property=\"og:description\" content=\"Fira de sa Llampuga, el lado m\u00e1s delicioso de Mallorca Vous avez pr\u00e9vu quelque chose pour ce mois d&#039;octobre? Majorque en automne propose de nombreuses\" \/>\n<meta property=\"og:url\" content=\"https:\/\/blog.protur-hotels.com\/fr\/fira-sa-llampuga-lado-mas-delicioso-mallorca\/\" \/>\n<meta property=\"og:site_name\" content=\"Blog Protur Hotels\" \/>\n<meta property=\"article:published_time\" content=\"2018-10-08T10:42:37+00:00\" \/>\n<meta property=\"og:image\" content=\"https:\/\/blog.protur-hotels.com\/wp-content\/uploads\/2018\/10\/fira-llampuga-cala-rajada-2018-Protur-hotels.jpg\" \/>\n\t<meta property=\"og:image:width\" content=\"800\" \/>\n\t<meta property=\"og:image:height\" content=\"650\" \/>\n\t<meta property=\"og:image:type\" content=\"image\/jpeg\" \/>\n<meta name=\"author\" content=\"Protur Hotels\" \/>\n<meta name=\"twitter:card\" content=\"summary_large_image\" \/>\n<meta name=\"twitter:label1\" content=\"\u00c9crit par\" \/>\n\t<meta name=\"twitter:data1\" content=\"Protur Hotels\" \/>\n\t<meta name=\"twitter:label2\" content=\"Dur\u00e9e de lecture estim\u00e9e\" \/>\n\t<meta name=\"twitter:data2\" content=\"2 minutes\" \/>\n<script type=\"application\/ld+json\" class=\"yoast-schema-graph\">{\"@context\":\"https:\/\/schema.org\",\"@graph\":[{\"@type\":\"Article\",\"@id\":\"https:\/\/blog.protur-hotels.com\/fr\/fira-sa-llampuga-lado-mas-delicioso-mallorca\/#article\",\"isPartOf\":{\"@id\":\"https:\/\/blog.protur-hotels.com\/fr\/fira-sa-llampuga-lado-mas-delicioso-mallorca\/\"},\"author\":{\"name\":\"Protur Hotels\",\"@id\":\"https:\/\/blog.protur-hotels.com\/#\/schema\/person\/6eac7ca6e9a32baa4716fdd5d7358326\"},\"headline\":\"Fira de sa Llampuga, el lado m\u00e1s delicioso de Mallorca\",\"datePublished\":\"2018-10-08T10:42:37+00:00\",\"mainEntityOfPage\":{\"@id\":\"https:\/\/blog.protur-hotels.com\/fr\/fira-sa-llampuga-lado-mas-delicioso-mallorca\/\"},\"wordCount\":514,\"commentCount\":0,\"publisher\":{\"@id\":\"https:\/\/blog.protur-hotels.com\/#organization\"},\"image\":{\"@id\":\"https:\/\/blog.protur-hotels.com\/fr\/fira-sa-llampuga-lado-mas-delicioso-mallorca\/#primaryimage\"},\"thumbnailUrl\":\"https:\/\/blog.protur-hotels.com\/wp-content\/uploads\/2018\/10\/fira-llampuga-cala-rajada-2018-Protur-hotels.jpg\",\"keywords\":[\"exp\u00e9rience\",\"h\u00f4tels\",\"Llampuga\",\"Protur Hotels\"],\"articleSection\":[\"2018\",\"\u00c9v\u00e9nements\",\"Majorque\"],\"inLanguage\":\"fr-FR\"},{\"@type\":\"WebPage\",\"@id\":\"https:\/\/blog.protur-hotels.com\/fr\/fira-sa-llampuga-lado-mas-delicioso-mallorca\/\",\"url\":\"https:\/\/blog.protur-hotels.com\/fr\/fira-sa-llampuga-lado-mas-delicioso-mallorca\/\",\"name\":\"Fira de sa Llampuga, el lado m\u00e1s delicioso de Mallorca - Blog Protur Hotels\",\"isPartOf\":{\"@id\":\"https:\/\/blog.protur-hotels.com\/#website\"},\"primaryImageOfPage\":{\"@id\":\"https:\/\/blog.protur-hotels.com\/fr\/fira-sa-llampuga-lado-mas-delicioso-mallorca\/#primaryimage\"},\"image\":{\"@id\":\"https:\/\/blog.protur-hotels.com\/fr\/fira-sa-llampuga-lado-mas-delicioso-mallorca\/#primaryimage\"},\"thumbnailUrl\":\"https:\/\/blog.protur-hotels.com\/wp-content\/uploads\/2018\/10\/fira-llampuga-cala-rajada-2018-Protur-hotels.jpg\",\"datePublished\":\"2018-10-08T10:42:37+00:00\",\"description\":\"Fira de sa Llampuga, el lado m\u00e1s delicioso de Mallorca Vous avez pr\u00e9vu quelque chose pour ce mois d'octobre? Majorque en automne propose de nombreuses\",\"breadcrumb\":{\"@id\":\"https:\/\/blog.protur-hotels.com\/fr\/fira-sa-llampuga-lado-mas-delicioso-mallorca\/#breadcrumb\"},\"inLanguage\":\"fr-FR\",\"potentialAction\":[{\"@type\":\"ReadAction\",\"target\":[\"https:\/\/blog.protur-hotels.com\/fr\/fira-sa-llampuga-lado-mas-delicioso-mallorca\/\"]}]},{\"@type\":\"ImageObject\",\"inLanguage\":\"fr-FR\",\"@id\":\"https:\/\/blog.protur-hotels.com\/fr\/fira-sa-llampuga-lado-mas-delicioso-mallorca\/#primaryimage\",\"url\":\"https:\/\/blog.protur-hotels.com\/wp-content\/uploads\/2018\/10\/fira-llampuga-cala-rajada-2018-Protur-hotels.jpg\",\"contentUrl\":\"https:\/\/blog.protur-hotels.com\/wp-content\/uploads\/2018\/10\/fira-llampuga-cala-rajada-2018-Protur-hotels.jpg\",\"width\":800,\"height\":650,\"caption\":\"fira-llampuga-cala-rajada-\"},{\"@type\":\"BreadcrumbList\",\"@id\":\"https:\/\/blog.protur-hotels.com\/fr\/fira-sa-llampuga-lado-mas-delicioso-mallorca\/#breadcrumb\",\"itemListElement\":[{\"@type\":\"ListItem\",\"position\":1,\"name\":\"Portada\",\"item\":\"https:\/\/blog.protur-hotels.com\/\"},{\"@type\":\"ListItem\",\"position\":2,\"name\":\"Fira de sa Llampuga, el lado m\u00e1s delicioso de Mallorca\"}]},{\"@type\":\"WebSite\",\"@id\":\"https:\/\/blog.protur-hotels.com\/#website\",\"url\":\"https:\/\/blog.protur-hotels.com\/\",\"name\":\"Blog Protur Hotels\",\"description\":\"Un Blog para viajeros\",\"publisher\":{\"@id\":\"https:\/\/blog.protur-hotels.com\/#organization\"},\"potentialAction\":[{\"@type\":\"SearchAction\",\"target\":{\"@type\":\"EntryPoint\",\"urlTemplate\":\"https:\/\/blog.protur-hotels.com\/?s={search_term_string}\"},\"query-input\":{\"@type\":\"PropertyValueSpecification\",\"valueRequired\":true,\"valueName\":\"search_term_string\"}}],\"inLanguage\":\"fr-FR\"},{\"@type\":\"Organization\",\"@id\":\"https:\/\/blog.protur-hotels.com\/#organization\",\"name\":\"Blog Protur Hotels\",\"url\":\"https:\/\/blog.protur-hotels.com\/\",\"logo\":{\"@type\":\"ImageObject\",\"inLanguage\":\"fr-FR\",\"@id\":\"https:\/\/blog.protur-hotels.com\/#\/schema\/logo\/image\/\",\"url\":\"https:\/\/blog.protur-hotels.com\/wp-content\/uploads\/2020\/03\/blog-protur-hotels-mallorca.png\",\"contentUrl\":\"https:\/\/blog.protur-hotels.com\/wp-content\/uploads\/2020\/03\/blog-protur-hotels-mallorca.png\",\"width\":1422,\"height\":894,\"caption\":\"Blog Protur Hotels\"},\"image\":{\"@id\":\"https:\/\/blog.protur-hotels.com\/#\/schema\/logo\/image\/\"}},{\"@type\":\"Person\",\"@id\":\"https:\/\/blog.protur-hotels.com\/#\/schema\/person\/6eac7ca6e9a32baa4716fdd5d7358326\",\"name\":\"Protur Hotels\"}]}<\/script>\n<!-- \/ Yoast SEO plugin. -->","yoast_head_json":{"title":"Fira de sa Llampuga, el lado m\u00e1s delicioso de Mallorca - Blog Protur Hotels","description":"Fira de sa Llampuga, el lado m\u00e1s delicioso de Mallorca Vous avez pr\u00e9vu quelque chose pour ce mois d'octobre? Majorque en automne propose de nombreuses","robots":{"index":"index","follow":"follow","max-snippet":"max-snippet:-1","max-image-preview":"max-image-preview:large","max-video-preview":"max-video-preview:-1"},"canonical":"https:\/\/blog.protur-hotels.com\/fr\/fira-sa-llampuga-lado-mas-delicioso-mallorca\/","og_locale":"fr_FR","og_type":"article","og_title":"Fira de sa Llampuga, el lado m\u00e1s delicioso de Mallorca - Blog Protur Hotels","og_description":"Fira de sa Llampuga, el lado m\u00e1s delicioso de Mallorca Vous avez pr\u00e9vu quelque chose pour ce mois d'octobre? Majorque en automne propose de nombreuses","og_url":"https:\/\/blog.protur-hotels.com\/fr\/fira-sa-llampuga-lado-mas-delicioso-mallorca\/","og_site_name":"Blog Protur Hotels","article_published_time":"2018-10-08T10:42:37+00:00","og_image":[{"width":800,"height":650,"url":"https:\/\/blog.protur-hotels.com\/wp-content\/uploads\/2018\/10\/fira-llampuga-cala-rajada-2018-Protur-hotels.jpg","type":"image\/jpeg"}],"author":"Protur Hotels","twitter_card":"summary_large_image","twitter_misc":{"\u00c9crit par":"Protur Hotels","Dur\u00e9e de lecture estim\u00e9e":"2 minutes"},"schema":{"@context":"https:\/\/schema.org","@graph":[{"@type":"Article","@id":"https:\/\/blog.protur-hotels.com\/fr\/fira-sa-llampuga-lado-mas-delicioso-mallorca\/#article","isPartOf":{"@id":"https:\/\/blog.protur-hotels.com\/fr\/fira-sa-llampuga-lado-mas-delicioso-mallorca\/"},"author":{"name":"Protur Hotels","@id":"https:\/\/blog.protur-hotels.com\/#\/schema\/person\/6eac7ca6e9a32baa4716fdd5d7358326"},"headline":"Fira de sa Llampuga, el lado m\u00e1s delicioso de Mallorca","datePublished":"2018-10-08T10:42:37+00:00","mainEntityOfPage":{"@id":"https:\/\/blog.protur-hotels.com\/fr\/fira-sa-llampuga-lado-mas-delicioso-mallorca\/"},"wordCount":514,"commentCount":0,"publisher":{"@id":"https:\/\/blog.protur-hotels.com\/#organization"},"image":{"@id":"https:\/\/blog.protur-hotels.com\/fr\/fira-sa-llampuga-lado-mas-delicioso-mallorca\/#primaryimage"},"thumbnailUrl":"https:\/\/blog.protur-hotels.com\/wp-content\/uploads\/2018\/10\/fira-llampuga-cala-rajada-2018-Protur-hotels.jpg","keywords":["exp\u00e9rience","h\u00f4tels","Llampuga","Protur Hotels"],"articleSection":["2018","\u00c9v\u00e9nements","Majorque"],"inLanguage":"fr-FR"},{"@type":"WebPage","@id":"https:\/\/blog.protur-hotels.com\/fr\/fira-sa-llampuga-lado-mas-delicioso-mallorca\/","url":"https:\/\/blog.protur-hotels.com\/fr\/fira-sa-llampuga-lado-mas-delicioso-mallorca\/","name":"Fira de sa Llampuga, el lado m\u00e1s delicioso de Mallorca - Blog Protur Hotels","isPartOf":{"@id":"https:\/\/blog.protur-hotels.com\/#website"},"primaryImageOfPage":{"@id":"https:\/\/blog.protur-hotels.com\/fr\/fira-sa-llampuga-lado-mas-delicioso-mallorca\/#primaryimage"},"image":{"@id":"https:\/\/blog.protur-hotels.com\/fr\/fira-sa-llampuga-lado-mas-delicioso-mallorca\/#primaryimage"},"thumbnailUrl":"https:\/\/blog.protur-hotels.com\/wp-content\/uploads\/2018\/10\/fira-llampuga-cala-rajada-2018-Protur-hotels.jpg","datePublished":"2018-10-08T10:42:37+00:00","description":"Fira de sa Llampuga, el lado m\u00e1s delicioso de Mallorca Vous avez pr\u00e9vu quelque chose pour ce mois d'octobre? Majorque en automne propose de nombreuses","breadcrumb":{"@id":"https:\/\/blog.protur-hotels.com\/fr\/fira-sa-llampuga-lado-mas-delicioso-mallorca\/#breadcrumb"},"inLanguage":"fr-FR","potentialAction":[{"@type":"ReadAction","target":["https:\/\/blog.protur-hotels.com\/fr\/fira-sa-llampuga-lado-mas-delicioso-mallorca\/"]}]},{"@type":"ImageObject","inLanguage":"fr-FR","@id":"https:\/\/blog.protur-hotels.com\/fr\/fira-sa-llampuga-lado-mas-delicioso-mallorca\/#primaryimage","url":"https:\/\/blog.protur-hotels.com\/wp-content\/uploads\/2018\/10\/fira-llampuga-cala-rajada-2018-Protur-hotels.jpg","contentUrl":"https:\/\/blog.protur-hotels.com\/wp-content\/uploads\/2018\/10\/fira-llampuga-cala-rajada-2018-Protur-hotels.jpg","width":800,"height":650,"caption":"fira-llampuga-cala-rajada-"},{"@type":"BreadcrumbList","@id":"https:\/\/blog.protur-hotels.com\/fr\/fira-sa-llampuga-lado-mas-delicioso-mallorca\/#breadcrumb","itemListElement":[{"@type":"ListItem","position":1,"name":"Portada","item":"https:\/\/blog.protur-hotels.com\/"},{"@type":"ListItem","position":2,"name":"Fira de sa Llampuga, el lado m\u00e1s delicioso de Mallorca"}]},{"@type":"WebSite","@id":"https:\/\/blog.protur-hotels.com\/#website","url":"https:\/\/blog.protur-hotels.com\/","name":"Blog Protur Hotels","description":"Un Blog para viajeros","publisher":{"@id":"https:\/\/blog.protur-hotels.com\/#organization"},"potentialAction":[{"@type":"SearchAction","target":{"@type":"EntryPoint","urlTemplate":"https:\/\/blog.protur-hotels.com\/?s={search_term_string}"},"query-input":{"@type":"PropertyValueSpecification","valueRequired":true,"valueName":"search_term_string"}}],"inLanguage":"fr-FR"},{"@type":"Organization","@id":"https:\/\/blog.protur-hotels.com\/#organization","name":"Blog Protur Hotels","url":"https:\/\/blog.protur-hotels.com\/","logo":{"@type":"ImageObject","inLanguage":"fr-FR","@id":"https:\/\/blog.protur-hotels.com\/#\/schema\/logo\/image\/","url":"https:\/\/blog.protur-hotels.com\/wp-content\/uploads\/2020\/03\/blog-protur-hotels-mallorca.png","contentUrl":"https:\/\/blog.protur-hotels.com\/wp-content\/uploads\/2020\/03\/blog-protur-hotels-mallorca.png","width":1422,"height":894,"caption":"Blog Protur Hotels"},"image":{"@id":"https:\/\/blog.protur-hotels.com\/#\/schema\/logo\/image\/"}},{"@type":"Person","@id":"https:\/\/blog.protur-hotels.com\/#\/schema\/person\/6eac7ca6e9a32baa4716fdd5d7358326","name":"Protur Hotels"}]}},"_links":{"self":[{"href":"https:\/\/blog.protur-hotels.com\/fr\/wp-json\/wp\/v2\/posts\/4270","targetHints":{"allow":["GET"]}}],"collection":[{"href":"https:\/\/blog.protur-hotels.com\/fr\/wp-json\/wp\/v2\/posts"}],"about":[{"href":"https:\/\/blog.protur-hotels.com\/fr\/wp-json\/wp\/v2\/types\/post"}],"author":[{"embeddable":true,"href":"https:\/\/blog.protur-hotels.com\/fr\/wp-json\/wp\/v2\/users\/3"}],"replies":[{"embeddable":true,"href":"https:\/\/blog.protur-hotels.com\/fr\/wp-json\/wp\/v2\/comments?post=4270"}],"version-history":[{"count":0,"href":"https:\/\/blog.protur-hotels.com\/fr\/wp-json\/wp\/v2\/posts\/4270\/revisions"}],"wp:featuredmedia":[{"embeddable":true,"href":"https:\/\/blog.protur-hotels.com\/fr\/wp-json\/wp\/v2\/media\/4266"}],"wp:attachment":[{"href":"https:\/\/blog.protur-hotels.com\/fr\/wp-json\/wp\/v2\/media?parent=4270"}],"wp:term":[{"taxonomy":"category","embeddable":true,"href":"https:\/\/blog.protur-hotels.com\/fr\/wp-json\/wp\/v2\/categories?post=4270"},{"taxonomy":"post_tag","embeddable":true,"href":"https:\/\/blog.protur-hotels.com\/fr\/wp-json\/wp\/v2\/tags?post=4270"}],"curies":[{"name":"wp","href":"https:\/\/api.w.org\/{rel}","templated":true}]}}