{"id":4315,"date":"2018-11-08T09:06:52","date_gmt":"2018-11-08T09:06:52","guid":{"rendered":"https:\/\/blog.protur-hotels.com\/fr\/?p=4315"},"modified":"2019-02-15T08:43:40","modified_gmt":"2019-02-15T08:43:40","slug":"ouverture-nos-hotels-ete-2019","status":"publish","type":"post","link":"https:\/\/blog.protur-hotels.com\/fr\/ouverture-nos-hotels-ete-2019\/","title":{"rendered":"Ouvertures \u00c9t\u00e9 2019 Protur Hotels"},"content":{"rendered":"<p>Ouvertures pour 2019 des h\u00f4tels, appart\u2019h\u00f4tels et appartements de <a href=\"https:\/\/protur-hotels.com\/fr\/hotels-a-majorque\">Protur Hotels \u00e0 Majorque et Almer\u00eda<\/a>. Ici, vous pourrez voir \u00e0 partir de quel jour vous pourrez profiter \u00e0 nouveau de nos installations.<\/p>\n<p>Notons \u00e9galement l\u2019ouverture du nouveau <a href=\"https:\/\/protur-hotels.com\/fr\/hotels-a-majorque\/protur-naisa-palma\"><strong>Protur Naisa Palma<\/strong><\/a>, notre premier h\u00f4tel urbain, pr\u00e9vue pour janvier 2019.<\/p>\n<p>Pour le pont de mars, nous ouvrirons les portes de <strong>Protur Biomar Gran Hotel &amp; Spa*****<\/strong> et <strong>Protur Bonaire Aparthotel****. <\/strong><strong>Mi-Mars, vous pourrez profiter de nos h\u00e9bergements pour <\/strong><strong>adultes seulement<\/strong><strong> avec<\/strong><strong> Protur Alicia Hotel****, Protur Bonamar Hotel**** et Protur Playa Cala Millor Hotel****.<\/strong><\/p>\n<p>Pour la Semaine Sainte, nous ouvrirons \u00e9galement\u00a0<strong>Protur Sa Coma Playa Hotel &amp; Spa****\u00a0(Majorque) et Protur Roquetas Hotel &amp; Spa***** (Almer\u00eda)<\/strong>.<\/p>\n<p>Bien entendu, \u00e0 partir du 1<sup>er<\/sup> mai, tous les h\u00f4tels restants seront pr\u00eats \u00e0 recevoir tous nos clients.<\/p>\n<p>Rendez-vous \u00e0 la prochaine saison 2019! Voici une liste avec les ouvertures pr\u00e9vues.<\/p>\n<p><strong>Almer\u00eda,<\/strong><\/p>\n<p><strong>Roquetas de Mar:<\/strong><\/p>\n<p>Protur Roquetas Hotel &amp; Spa 15.04.19<\/p>\n<p><strong>Majorque,<\/strong><\/p>\n<p><strong>Palma<\/strong><\/p>\n<p>Protur Naisa Palma Hotel 02.01.19<\/p>\n<p><strong>Sa Coma<\/strong><\/p>\n<p>Protur Biomar Gran Hotel &amp; Spa 01.03.19<\/p>\n<p>Protur Sa Coma Playa Hotel &amp; Spa 06.04.19<\/p>\n<p>Protur Vista Bad\u00eda Aparthotel 01.05.19<\/p>\n<p>Protur Bad\u00eda Park Aparthotel 27.04.19<\/p>\n<p>Protur Safari Park Aparthotel 01.05.19<\/p>\n<p>Protur Palmeras Playa Hotel 01.05.19<\/p>\n<p><strong>Cala Millor:<\/strong><\/p>\n<p>Protur Monte Safari Aparthotel 01.05.19<\/p>\n<p>Protur Bonamar Hotel 22.03.19<\/p>\n<p>Protur Playa Cala Millor Hotel 15.03.19<\/p>\n<p><strong>Cala Bona:<\/strong><\/p>\n<p>Protur Bonaire Aparthotel 01.03.19<\/p>\n<p>Protur Alicia Hotel 15.03.19<\/p>\n<p>Protur Floriana Aparthotel 01.05.19<\/p>\n<p>Protur Bahia Azul Apartamentos 01.05.19<\/p>\n<p><strong>Residencia Restaurante Son Floriana Ferm\u00e9 du 07.01 au 31.01.2019<\/strong><\/p>\n<p><strong>Cala Ratjada:<\/strong><\/p>\n<p>Protur Tur\u00f3 Pins Hotel 01.05.19 (nueva categor\u00eda 4*)<\/p>\n","protected":false},"excerpt":{"rendered":"<p>Ouvertures pour 2019 des h\u00f4tels, appart\u2019h\u00f4tels et appartements de Protur Hotels \u00e0 Majorque et Almer\u00eda. Ici, vous pourrez voir \u00e0 partir de quel jour vous pourrez profiter \u00e0 nouveau de&hellip;<\/p>\n","protected":false},"author":3,"featured_media":4300,"comment_status":"closed","ping_status":"open","sticky":false,"template":"","format":"standard","meta":{"_lmt_disableupdate":"","_lmt_disable":"","footnotes":""},"categories":[28,117,122],"tags":[1030,249,504],"class_list":["post-4315","post","type-post","status-publish","format-standard","has-post-thumbnail","hentry","category-almeria-fr","category-mallorca-fr","category-protur-hotels-fr","tag-1030","tag-hotels","tag-ouverture"],"yoast_head":"<!-- This site is optimized with the Yoast SEO plugin v26.6 - https:\/\/yoast.com\/wordpress\/plugins\/seo\/ -->\n<title>Ouvertures \u00c9t\u00e9 2019 Protur Hotels - Blog Protur Hotels<\/title>\n<meta name=\"description\" content=\"Ouvertures pour 2019 des h\u00f4tels, appart\u2019h\u00f4tels et appartements de Protur Hotels \u00e0 Majorque et Almer\u00eda. Ici, vous pourrez voir \u00e0 partir de quel jour vous\" \/>\n<meta name=\"robots\" content=\"index, follow, max-snippet:-1, max-image-preview:large, max-video-preview:-1\" \/>\n<link rel=\"canonical\" href=\"https:\/\/blog.protur-hotels.com\/fr\/ouverture-nos-hotels-ete-2019\/\" \/>\n<meta property=\"og:locale\" content=\"fr_FR\" \/>\n<meta property=\"og:type\" content=\"article\" \/>\n<meta property=\"og:title\" content=\"Ouvertures \u00c9t\u00e9 2019 Protur Hotels - Blog Protur Hotels\" \/>\n<meta property=\"og:description\" content=\"Ouvertures pour 2019 des h\u00f4tels, appart\u2019h\u00f4tels et appartements de Protur Hotels \u00e0 Majorque et Almer\u00eda. Ici, vous pourrez voir \u00e0 partir de quel jour vous\" \/>\n<meta property=\"og:url\" content=\"https:\/\/blog.protur-hotels.com\/fr\/ouverture-nos-hotels-ete-2019\/\" \/>\n<meta property=\"og:site_name\" content=\"Blog Protur Hotels\" \/>\n<meta property=\"article:published_time\" content=\"2018-11-08T09:06:52+00:00\" \/>\n<meta property=\"article:modified_time\" content=\"2019-02-15T08:43:40+00:00\" \/>\n<meta property=\"og:image\" content=\"https:\/\/blog.protur-hotels.com\/wp-content\/uploads\/2018\/11\/2019-aperturas-protur-hotels.jpg\" \/>\n\t<meta property=\"og:image:width\" content=\"800\" \/>\n\t<meta property=\"og:image:height\" content=\"650\" \/>\n\t<meta property=\"og:image:type\" content=\"image\/jpeg\" \/>\n<meta name=\"author\" content=\"Protur Hotels\" \/>\n<meta name=\"twitter:card\" content=\"summary_large_image\" \/>\n<meta name=\"twitter:label1\" content=\"\u00c9crit par\" \/>\n\t<meta name=\"twitter:data1\" content=\"Protur Hotels\" \/>\n\t<meta name=\"twitter:label2\" content=\"Dur\u00e9e de lecture estim\u00e9e\" \/>\n\t<meta name=\"twitter:data2\" content=\"1 minute\" \/>\n<script type=\"application\/ld+json\" class=\"yoast-schema-graph\">{\"@context\":\"https:\/\/schema.org\",\"@graph\":[{\"@type\":\"Article\",\"@id\":\"https:\/\/blog.protur-hotels.com\/fr\/ouverture-nos-hotels-ete-2019\/#article\",\"isPartOf\":{\"@id\":\"https:\/\/blog.protur-hotels.com\/fr\/ouverture-nos-hotels-ete-2019\/\"},\"author\":{\"name\":\"Protur Hotels\",\"@id\":\"https:\/\/blog.protur-hotels.com\/#\/schema\/person\/6eac7ca6e9a32baa4716fdd5d7358326\"},\"headline\":\"Ouvertures \u00c9t\u00e9 2019 Protur Hotels\",\"datePublished\":\"2018-11-08T09:06:52+00:00\",\"dateModified\":\"2019-02-15T08:43:40+00:00\",\"mainEntityOfPage\":{\"@id\":\"https:\/\/blog.protur-hotels.com\/fr\/ouverture-nos-hotels-ete-2019\/\"},\"wordCount\":245,\"publisher\":{\"@id\":\"https:\/\/blog.protur-hotels.com\/#organization\"},\"image\":{\"@id\":\"https:\/\/blog.protur-hotels.com\/fr\/ouverture-nos-hotels-ete-2019\/#primaryimage\"},\"thumbnailUrl\":\"https:\/\/blog.protur-hotels.com\/wp-content\/uploads\/2018\/11\/2019-aperturas-protur-hotels.jpg\",\"keywords\":[\"2019\",\"h\u00f4tels\",\"Ouverture\"],\"articleSection\":[\"Almer\u00eda\",\"Majorque\",\"Protur Hotels\"],\"inLanguage\":\"fr-FR\"},{\"@type\":\"WebPage\",\"@id\":\"https:\/\/blog.protur-hotels.com\/fr\/ouverture-nos-hotels-ete-2019\/\",\"url\":\"https:\/\/blog.protur-hotels.com\/fr\/ouverture-nos-hotels-ete-2019\/\",\"name\":\"Ouvertures \u00c9t\u00e9 2019 Protur Hotels - Blog Protur Hotels\",\"isPartOf\":{\"@id\":\"https:\/\/blog.protur-hotels.com\/#website\"},\"primaryImageOfPage\":{\"@id\":\"https:\/\/blog.protur-hotels.com\/fr\/ouverture-nos-hotels-ete-2019\/#primaryimage\"},\"image\":{\"@id\":\"https:\/\/blog.protur-hotels.com\/fr\/ouverture-nos-hotels-ete-2019\/#primaryimage\"},\"thumbnailUrl\":\"https:\/\/blog.protur-hotels.com\/wp-content\/uploads\/2018\/11\/2019-aperturas-protur-hotels.jpg\",\"datePublished\":\"2018-11-08T09:06:52+00:00\",\"dateModified\":\"2019-02-15T08:43:40+00:00\",\"description\":\"Ouvertures pour 2019 des h\u00f4tels, appart\u2019h\u00f4tels et appartements de Protur Hotels \u00e0 Majorque et Almer\u00eda. Ici, vous pourrez voir \u00e0 partir de quel jour vous\",\"breadcrumb\":{\"@id\":\"https:\/\/blog.protur-hotels.com\/fr\/ouverture-nos-hotels-ete-2019\/#breadcrumb\"},\"inLanguage\":\"fr-FR\",\"potentialAction\":[{\"@type\":\"ReadAction\",\"target\":[\"https:\/\/blog.protur-hotels.com\/fr\/ouverture-nos-hotels-ete-2019\/\"]}]},{\"@type\":\"ImageObject\",\"inLanguage\":\"fr-FR\",\"@id\":\"https:\/\/blog.protur-hotels.com\/fr\/ouverture-nos-hotels-ete-2019\/#primaryimage\",\"url\":\"https:\/\/blog.protur-hotels.com\/wp-content\/uploads\/2018\/11\/2019-aperturas-protur-hotels.jpg\",\"contentUrl\":\"https:\/\/blog.protur-hotels.com\/wp-content\/uploads\/2018\/11\/2019-aperturas-protur-hotels.jpg\",\"width\":800,\"height\":650,\"caption\":\"2019-aperturas-protur-hotels - Obertures Estiu 2019 a Protur hotels \u041e\u0442\u043a\u0440\u044b\u0442\u0438\u0435\"},{\"@type\":\"BreadcrumbList\",\"@id\":\"https:\/\/blog.protur-hotels.com\/fr\/ouverture-nos-hotels-ete-2019\/#breadcrumb\",\"itemListElement\":[{\"@type\":\"ListItem\",\"position\":1,\"name\":\"Portada\",\"item\":\"https:\/\/blog.protur-hotels.com\/\"},{\"@type\":\"ListItem\",\"position\":2,\"name\":\"Ouvertures \u00c9t\u00e9 2019 Protur Hotels\"}]},{\"@type\":\"WebSite\",\"@id\":\"https:\/\/blog.protur-hotels.com\/#website\",\"url\":\"https:\/\/blog.protur-hotels.com\/\",\"name\":\"Blog Protur Hotels\",\"description\":\"Un Blog para viajeros\",\"publisher\":{\"@id\":\"https:\/\/blog.protur-hotels.com\/#organization\"},\"potentialAction\":[{\"@type\":\"SearchAction\",\"target\":{\"@type\":\"EntryPoint\",\"urlTemplate\":\"https:\/\/blog.protur-hotels.com\/?s={search_term_string}\"},\"query-input\":{\"@type\":\"PropertyValueSpecification\",\"valueRequired\":true,\"valueName\":\"search_term_string\"}}],\"inLanguage\":\"fr-FR\"},{\"@type\":\"Organization\",\"@id\":\"https:\/\/blog.protur-hotels.com\/#organization\",\"name\":\"Blog Protur Hotels\",\"url\":\"https:\/\/blog.protur-hotels.com\/\",\"logo\":{\"@type\":\"ImageObject\",\"inLanguage\":\"fr-FR\",\"@id\":\"https:\/\/blog.protur-hotels.com\/#\/schema\/logo\/image\/\",\"url\":\"https:\/\/blog.protur-hotels.com\/wp-content\/uploads\/2020\/03\/blog-protur-hotels-mallorca.png\",\"contentUrl\":\"https:\/\/blog.protur-hotels.com\/wp-content\/uploads\/2020\/03\/blog-protur-hotels-mallorca.png\",\"width\":1422,\"height\":894,\"caption\":\"Blog Protur Hotels\"},\"image\":{\"@id\":\"https:\/\/blog.protur-hotels.com\/#\/schema\/logo\/image\/\"}},{\"@type\":\"Person\",\"@id\":\"https:\/\/blog.protur-hotels.com\/#\/schema\/person\/6eac7ca6e9a32baa4716fdd5d7358326\",\"name\":\"Protur Hotels\"}]}<\/script>\n<!-- \/ Yoast SEO plugin. -->","yoast_head_json":{"title":"Ouvertures \u00c9t\u00e9 2019 Protur Hotels - Blog Protur Hotels","description":"Ouvertures pour 2019 des h\u00f4tels, appart\u2019h\u00f4tels et appartements de Protur Hotels \u00e0 Majorque et Almer\u00eda. Ici, vous pourrez voir \u00e0 partir de quel jour vous","robots":{"index":"index","follow":"follow","max-snippet":"max-snippet:-1","max-image-preview":"max-image-preview:large","max-video-preview":"max-video-preview:-1"},"canonical":"https:\/\/blog.protur-hotels.com\/fr\/ouverture-nos-hotels-ete-2019\/","og_locale":"fr_FR","og_type":"article","og_title":"Ouvertures \u00c9t\u00e9 2019 Protur Hotels - Blog Protur Hotels","og_description":"Ouvertures pour 2019 des h\u00f4tels, appart\u2019h\u00f4tels et appartements de Protur Hotels \u00e0 Majorque et Almer\u00eda. Ici, vous pourrez voir \u00e0 partir de quel jour vous","og_url":"https:\/\/blog.protur-hotels.com\/fr\/ouverture-nos-hotels-ete-2019\/","og_site_name":"Blog Protur Hotels","article_published_time":"2018-11-08T09:06:52+00:00","article_modified_time":"2019-02-15T08:43:40+00:00","og_image":[{"width":800,"height":650,"url":"https:\/\/blog.protur-hotels.com\/wp-content\/uploads\/2018\/11\/2019-aperturas-protur-hotels.jpg","type":"image\/jpeg"}],"author":"Protur Hotels","twitter_card":"summary_large_image","twitter_misc":{"\u00c9crit par":"Protur Hotels","Dur\u00e9e de lecture estim\u00e9e":"1 minute"},"schema":{"@context":"https:\/\/schema.org","@graph":[{"@type":"Article","@id":"https:\/\/blog.protur-hotels.com\/fr\/ouverture-nos-hotels-ete-2019\/#article","isPartOf":{"@id":"https:\/\/blog.protur-hotels.com\/fr\/ouverture-nos-hotels-ete-2019\/"},"author":{"name":"Protur Hotels","@id":"https:\/\/blog.protur-hotels.com\/#\/schema\/person\/6eac7ca6e9a32baa4716fdd5d7358326"},"headline":"Ouvertures \u00c9t\u00e9 2019 Protur Hotels","datePublished":"2018-11-08T09:06:52+00:00","dateModified":"2019-02-15T08:43:40+00:00","mainEntityOfPage":{"@id":"https:\/\/blog.protur-hotels.com\/fr\/ouverture-nos-hotels-ete-2019\/"},"wordCount":245,"publisher":{"@id":"https:\/\/blog.protur-hotels.com\/#organization"},"image":{"@id":"https:\/\/blog.protur-hotels.com\/fr\/ouverture-nos-hotels-ete-2019\/#primaryimage"},"thumbnailUrl":"https:\/\/blog.protur-hotels.com\/wp-content\/uploads\/2018\/11\/2019-aperturas-protur-hotels.jpg","keywords":["2019","h\u00f4tels","Ouverture"],"articleSection":["Almer\u00eda","Majorque","Protur Hotels"],"inLanguage":"fr-FR"},{"@type":"WebPage","@id":"https:\/\/blog.protur-hotels.com\/fr\/ouverture-nos-hotels-ete-2019\/","url":"https:\/\/blog.protur-hotels.com\/fr\/ouverture-nos-hotels-ete-2019\/","name":"Ouvertures \u00c9t\u00e9 2019 Protur Hotels - Blog Protur Hotels","isPartOf":{"@id":"https:\/\/blog.protur-hotels.com\/#website"},"primaryImageOfPage":{"@id":"https:\/\/blog.protur-hotels.com\/fr\/ouverture-nos-hotels-ete-2019\/#primaryimage"},"image":{"@id":"https:\/\/blog.protur-hotels.com\/fr\/ouverture-nos-hotels-ete-2019\/#primaryimage"},"thumbnailUrl":"https:\/\/blog.protur-hotels.com\/wp-content\/uploads\/2018\/11\/2019-aperturas-protur-hotels.jpg","datePublished":"2018-11-08T09:06:52+00:00","dateModified":"2019-02-15T08:43:40+00:00","description":"Ouvertures pour 2019 des h\u00f4tels, appart\u2019h\u00f4tels et appartements de Protur Hotels \u00e0 Majorque et Almer\u00eda. Ici, vous pourrez voir \u00e0 partir de quel jour vous","breadcrumb":{"@id":"https:\/\/blog.protur-hotels.com\/fr\/ouverture-nos-hotels-ete-2019\/#breadcrumb"},"inLanguage":"fr-FR","potentialAction":[{"@type":"ReadAction","target":["https:\/\/blog.protur-hotels.com\/fr\/ouverture-nos-hotels-ete-2019\/"]}]},{"@type":"ImageObject","inLanguage":"fr-FR","@id":"https:\/\/blog.protur-hotels.com\/fr\/ouverture-nos-hotels-ete-2019\/#primaryimage","url":"https:\/\/blog.protur-hotels.com\/wp-content\/uploads\/2018\/11\/2019-aperturas-protur-hotels.jpg","contentUrl":"https:\/\/blog.protur-hotels.com\/wp-content\/uploads\/2018\/11\/2019-aperturas-protur-hotels.jpg","width":800,"height":650,"caption":"2019-aperturas-protur-hotels - Obertures Estiu 2019 a Protur hotels \u041e\u0442\u043a\u0440\u044b\u0442\u0438\u0435"},{"@type":"BreadcrumbList","@id":"https:\/\/blog.protur-hotels.com\/fr\/ouverture-nos-hotels-ete-2019\/#breadcrumb","itemListElement":[{"@type":"ListItem","position":1,"name":"Portada","item":"https:\/\/blog.protur-hotels.com\/"},{"@type":"ListItem","position":2,"name":"Ouvertures \u00c9t\u00e9 2019 Protur Hotels"}]},{"@type":"WebSite","@id":"https:\/\/blog.protur-hotels.com\/#website","url":"https:\/\/blog.protur-hotels.com\/","name":"Blog Protur Hotels","description":"Un Blog para viajeros","publisher":{"@id":"https:\/\/blog.protur-hotels.com\/#organization"},"potentialAction":[{"@type":"SearchAction","target":{"@type":"EntryPoint","urlTemplate":"https:\/\/blog.protur-hotels.com\/?s={search_term_string}"},"query-input":{"@type":"PropertyValueSpecification","valueRequired":true,"valueName":"search_term_string"}}],"inLanguage":"fr-FR"},{"@type":"Organization","@id":"https:\/\/blog.protur-hotels.com\/#organization","name":"Blog Protur Hotels","url":"https:\/\/blog.protur-hotels.com\/","logo":{"@type":"ImageObject","inLanguage":"fr-FR","@id":"https:\/\/blog.protur-hotels.com\/#\/schema\/logo\/image\/","url":"https:\/\/blog.protur-hotels.com\/wp-content\/uploads\/2020\/03\/blog-protur-hotels-mallorca.png","contentUrl":"https:\/\/blog.protur-hotels.com\/wp-content\/uploads\/2020\/03\/blog-protur-hotels-mallorca.png","width":1422,"height":894,"caption":"Blog Protur Hotels"},"image":{"@id":"https:\/\/blog.protur-hotels.com\/#\/schema\/logo\/image\/"}},{"@type":"Person","@id":"https:\/\/blog.protur-hotels.com\/#\/schema\/person\/6eac7ca6e9a32baa4716fdd5d7358326","name":"Protur Hotels"}]}},"_links":{"self":[{"href":"https:\/\/blog.protur-hotels.com\/fr\/wp-json\/wp\/v2\/posts\/4315","targetHints":{"allow":["GET"]}}],"collection":[{"href":"https:\/\/blog.protur-hotels.com\/fr\/wp-json\/wp\/v2\/posts"}],"about":[{"href":"https:\/\/blog.protur-hotels.com\/fr\/wp-json\/wp\/v2\/types\/post"}],"author":[{"embeddable":true,"href":"https:\/\/blog.protur-hotels.com\/fr\/wp-json\/wp\/v2\/users\/3"}],"replies":[{"embeddable":true,"href":"https:\/\/blog.protur-hotels.com\/fr\/wp-json\/wp\/v2\/comments?post=4315"}],"version-history":[{"count":0,"href":"https:\/\/blog.protur-hotels.com\/fr\/wp-json\/wp\/v2\/posts\/4315\/revisions"}],"wp:featuredmedia":[{"embeddable":true,"href":"https:\/\/blog.protur-hotels.com\/fr\/wp-json\/wp\/v2\/media\/4300"}],"wp:attachment":[{"href":"https:\/\/blog.protur-hotels.com\/fr\/wp-json\/wp\/v2\/media?parent=4315"}],"wp:term":[{"taxonomy":"category","embeddable":true,"href":"https:\/\/blog.protur-hotels.com\/fr\/wp-json\/wp\/v2\/categories?post=4315"},{"taxonomy":"post_tag","embeddable":true,"href":"https:\/\/blog.protur-hotels.com\/fr\/wp-json\/wp\/v2\/tags?post=4315"}],"curies":[{"name":"wp","href":"https:\/\/api.w.org\/{rel}","templated":true}]}}