{"id":4384,"date":"2018-12-21T15:54:05","date_gmt":"2018-12-21T15:54:05","guid":{"rendered":"https:\/\/blog.protur-hotels.com\/fr\/?p=4384"},"modified":"2018-12-21T15:54:05","modified_gmt":"2018-12-21T15:54:05","slug":"5-foires-noel-visiter-palma","status":"publish","type":"post","link":"https:\/\/blog.protur-hotels.com\/fr\/5-foires-noel-visiter-palma\/","title":{"rendered":"5 Foires de No\u00ebl \u00e0 visiter \u00e0 Palma"},"content":{"rendered":"<p><strong>5 Foires de No\u00ebl \u00e0 visiter \u00e0 Palma<\/strong><\/p>\n<p>Des illuminations, des couleurs, de l\u2019illusion\u2026 A No\u00ebl, Majorque se pare d&rsquo;un charme sp\u00e9cial qui la rend unique. Un esprit festif et joyeux inonde chaque coin de l&rsquo;\u00eele et en fait une destination id\u00e9ale \u00e0 visiter durant ces f\u00eates. Et ce n&rsquo;est pas seulement l&rsquo;accueil et l&rsquo;ambiance que vous trouverez aussi bien dans les villages que dans la capitale, c&rsquo;est aussi le grand \u00e9ventail d&rsquo;activit\u00e9s dont vous pouvez profiter avec vos proches.<\/p>\n<p>Un des \u00e9v\u00e9nements les plus attendus par les majorquins ce sont les foires de No\u00ebl qui sont organis\u00e9es dans toute l&rsquo;\u00eele et, bien que pratiquement tous <strong>villages de Majorque<\/strong> aient leurs propres foires, les plus repr\u00e9sentatives sont celles qui se trouvent dans la capitale. Chez <strong>Protur Hotels<\/strong> nous voulons vous faire d\u00e9couvrir l&rsquo;esprit de No\u00ebl de l&rsquo;\u00eele, et si vous aviez pens\u00e9 <strong>voyager \u00e0 Majorque pour No\u00ebl<\/strong>, voici les foires que vous ne devez pas manquer au cours de votre visite \u00e0 Palma.<\/p>\n<ul>\n<li><strong>Mercado de Ramblas<\/strong>. Imaginez-vous en train de vous promener dans les embl\u00e9matiques <strong>Ramblas de Palma<\/strong>. Une jolie promenade bord\u00e9e d&rsquo;arbres d\u00e9cor\u00e9s avec des lumi\u00e8res de No\u00ebl sur laquelle est organis\u00e9 chaque ann\u00e9e un charmant march\u00e9 proposant de l&rsquo;artisanat typique des \u00eeles et des autres coins d&rsquo;Espagne avec des bijoux en argent, des objets de d\u00e9coration, des tableaux, des photos anciennes et des accessoires. Parfait \u00e0 visiter tout en profitant d&rsquo;une agr\u00e9able balade dans le centre de Palma.<\/li>\n<li><strong>Plaza de Espa\u00f1a<\/strong>. Le centre n\u00e9vralgique de la capitale. La Plaza de Espa\u00f1a est le lieu de r\u00e9union par excellence des majorquins et l&rsquo;un des plus travers\u00e9s de Palma. La foire de No\u00ebl qui se tient l\u00e0, pr\u00e9sente tout un \u00e9chantillon des produits typiques majorquins et nationaux, et les charcuteries, fromages et v\u00eatements chauds ne manquent pas.<\/li>\n<li><strong>Pueblo Espa\u00f1ol<\/strong>. Un incroyable mus\u00e9e en plein air dans lequel sont pr\u00e9sent\u00e9es les principales caract\u00e9ristiques des villages espagnols. Cette enceinte accueille tout au long de l&rsquo;ann\u00e9e un grand nombre d&rsquo;\u00e9v\u00e8nements, parmi eux, on retrouve l&rsquo;un des march\u00e9s de No\u00ebl les plus sucr\u00e9s de l&rsquo;\u00eele. Barbe \u00e0 papa, chocolat, bonbons en g\u00e9latine, tapas, \u00e9chantillons gastronomiques&#8230; N&rsquo;est-ce-pas d\u00e9licieux?<\/li>\n<li><strong>Rata Market<\/strong>. Un march\u00e9 tr\u00e8s alternatif organis\u00e9 dans l&rsquo;ancien parc des pompiers de Palma, qui r\u00e9unit un grand nombre d&rsquo;artistes exposant leurs tableaux, livres et produits faits \u00e0 la main. L&rsquo;\u00e9v\u00e9nement est accompagn\u00e9 de foodtrucks, boissons et musique jou\u00e9e en live.<\/li>\n<li><strong>Exposici\u00f3n de Belenes<\/strong>. Une des meilleures mani\u00e8res de terminer notre route des foires de No\u00ebl est de s&rsquo;arr\u00eater sur la jolie Plaza de Cort -la place de la Mairie- et de se laisser s\u00e9duire par la magnifique exposition de Belenes r\u00e9alis\u00e9e par les artisans les plus repr\u00e9sentatifs de Majorque.<\/li>\n<\/ul>\n<p>Vivez toute la magie de No\u00ebl avec<a href=\"https:\/\/protur-hotels.com\/fr\/\"> Protur Hotels<\/a>.<\/p>\n","protected":false},"excerpt":{"rendered":"<p>5 Foires de No\u00ebl \u00e0 visiter \u00e0 Palma Des illuminations, des couleurs, de l\u2019illusion\u2026 A No\u00ebl, Majorque se pare d&rsquo;un charme sp\u00e9cial qui la rend unique. Un esprit festif et&hellip;<\/p>\n","protected":false},"author":3,"featured_media":4375,"comment_status":"open","ping_status":"open","sticky":false,"template":"","format":"standard","meta":{"_lmt_disableupdate":"","_lmt_disable":"","footnotes":""},"categories":[142,79,117],"tags":[270,321,1052,441],"class_list":["post-4384","post","type-post","status-publish","format-standard","has-post-thumbnail","hentry","category-regalo-fr","category-evento-fr","category-mallorca-fr","tag-escapade","tag-familles","tag-foires","tag-hiver"],"yoast_head":"<!-- This site is optimized with the Yoast SEO plugin v26.6 - https:\/\/yoast.com\/wordpress\/plugins\/seo\/ -->\n<title>5 Foires de No\u00ebl \u00e0 visiter \u00e0 Palma - Blog Protur Hotels<\/title>\n<meta name=\"description\" content=\"5 Foires de No\u00ebl \u00e0 visiter \u00e0 Palma Des illuminations, des couleurs, de l\u2019illusion\u2026 A No\u00ebl, Majorque se pare d&#039;un charme sp\u00e9cial qui la rend unique.\" \/>\n<meta name=\"robots\" content=\"index, follow, max-snippet:-1, max-image-preview:large, max-video-preview:-1\" \/>\n<link rel=\"canonical\" href=\"https:\/\/blog.protur-hotels.com\/fr\/5-foires-noel-visiter-palma\/\" \/>\n<meta property=\"og:locale\" content=\"fr_FR\" \/>\n<meta property=\"og:type\" content=\"article\" \/>\n<meta property=\"og:title\" content=\"5 Foires de No\u00ebl \u00e0 visiter \u00e0 Palma - Blog Protur Hotels\" \/>\n<meta property=\"og:description\" content=\"5 Foires de No\u00ebl \u00e0 visiter \u00e0 Palma Des illuminations, des couleurs, de l\u2019illusion\u2026 A No\u00ebl, Majorque se pare d&#039;un charme sp\u00e9cial qui la rend unique.\" \/>\n<meta property=\"og:url\" content=\"https:\/\/blog.protur-hotels.com\/fr\/5-foires-noel-visiter-palma\/\" \/>\n<meta property=\"og:site_name\" content=\"Blog Protur Hotels\" \/>\n<meta property=\"article:published_time\" content=\"2018-12-21T15:54:05+00:00\" \/>\n<meta property=\"og:image\" content=\"https:\/\/blog.protur-hotels.com\/wp-content\/uploads\/2018\/12\/Sin-nombre.jpg\" \/>\n\t<meta property=\"og:image:width\" content=\"800\" \/>\n\t<meta property=\"og:image:height\" content=\"650\" \/>\n\t<meta property=\"og:image:type\" content=\"image\/jpeg\" \/>\n<meta name=\"author\" content=\"Protur Hotels\" \/>\n<meta name=\"twitter:card\" content=\"summary_large_image\" \/>\n<meta name=\"twitter:label1\" content=\"\u00c9crit par\" \/>\n\t<meta name=\"twitter:data1\" content=\"Protur Hotels\" \/>\n\t<meta name=\"twitter:label2\" content=\"Dur\u00e9e de lecture estim\u00e9e\" \/>\n\t<meta name=\"twitter:data2\" content=\"3 minutes\" \/>\n<script type=\"application\/ld+json\" class=\"yoast-schema-graph\">{\"@context\":\"https:\/\/schema.org\",\"@graph\":[{\"@type\":\"Article\",\"@id\":\"https:\/\/blog.protur-hotels.com\/fr\/5-foires-noel-visiter-palma\/#article\",\"isPartOf\":{\"@id\":\"https:\/\/blog.protur-hotels.com\/fr\/5-foires-noel-visiter-palma\/\"},\"author\":{\"name\":\"Protur Hotels\",\"@id\":\"https:\/\/blog.protur-hotels.com\/#\/schema\/person\/6eac7ca6e9a32baa4716fdd5d7358326\"},\"headline\":\"5 Foires de No\u00ebl \u00e0 visiter \u00e0 Palma\",\"datePublished\":\"2018-12-21T15:54:05+00:00\",\"mainEntityOfPage\":{\"@id\":\"https:\/\/blog.protur-hotels.com\/fr\/5-foires-noel-visiter-palma\/\"},\"wordCount\":529,\"commentCount\":0,\"publisher\":{\"@id\":\"https:\/\/blog.protur-hotels.com\/#organization\"},\"image\":{\"@id\":\"https:\/\/blog.protur-hotels.com\/fr\/5-foires-noel-visiter-palma\/#primaryimage\"},\"thumbnailUrl\":\"https:\/\/blog.protur-hotels.com\/wp-content\/uploads\/2018\/12\/Sin-nombre.jpg\",\"keywords\":[\"escapade\",\"familles\",\"Foires\",\"hiver\"],\"articleSection\":[\"Cadeaux\",\"\u00c9v\u00e9nements\",\"Majorque\"],\"inLanguage\":\"fr-FR\"},{\"@type\":\"WebPage\",\"@id\":\"https:\/\/blog.protur-hotels.com\/fr\/5-foires-noel-visiter-palma\/\",\"url\":\"https:\/\/blog.protur-hotels.com\/fr\/5-foires-noel-visiter-palma\/\",\"name\":\"5 Foires de No\u00ebl \u00e0 visiter \u00e0 Palma - Blog Protur Hotels\",\"isPartOf\":{\"@id\":\"https:\/\/blog.protur-hotels.com\/#website\"},\"primaryImageOfPage\":{\"@id\":\"https:\/\/blog.protur-hotels.com\/fr\/5-foires-noel-visiter-palma\/#primaryimage\"},\"image\":{\"@id\":\"https:\/\/blog.protur-hotels.com\/fr\/5-foires-noel-visiter-palma\/#primaryimage\"},\"thumbnailUrl\":\"https:\/\/blog.protur-hotels.com\/wp-content\/uploads\/2018\/12\/Sin-nombre.jpg\",\"datePublished\":\"2018-12-21T15:54:05+00:00\",\"description\":\"5 Foires de No\u00ebl \u00e0 visiter \u00e0 Palma Des illuminations, des couleurs, de l\u2019illusion\u2026 A No\u00ebl, Majorque se pare d'un charme sp\u00e9cial qui la rend unique.\",\"breadcrumb\":{\"@id\":\"https:\/\/blog.protur-hotels.com\/fr\/5-foires-noel-visiter-palma\/#breadcrumb\"},\"inLanguage\":\"fr-FR\",\"potentialAction\":[{\"@type\":\"ReadAction\",\"target\":[\"https:\/\/blog.protur-hotels.com\/fr\/5-foires-noel-visiter-palma\/\"]}]},{\"@type\":\"ImageObject\",\"inLanguage\":\"fr-FR\",\"@id\":\"https:\/\/blog.protur-hotels.com\/fr\/5-foires-noel-visiter-palma\/#primaryimage\",\"url\":\"https:\/\/blog.protur-hotels.com\/wp-content\/uploads\/2018\/12\/Sin-nombre.jpg\",\"contentUrl\":\"https:\/\/blog.protur-hotels.com\/wp-content\/uploads\/2018\/12\/Sin-nombre.jpg\",\"width\":800,\"height\":650,\"caption\":\"Weihnachtsm\u00e4rkte\"},{\"@type\":\"BreadcrumbList\",\"@id\":\"https:\/\/blog.protur-hotels.com\/fr\/5-foires-noel-visiter-palma\/#breadcrumb\",\"itemListElement\":[{\"@type\":\"ListItem\",\"position\":1,\"name\":\"Portada\",\"item\":\"https:\/\/blog.protur-hotels.com\/\"},{\"@type\":\"ListItem\",\"position\":2,\"name\":\"5 Foires de No\u00ebl \u00e0 visiter \u00e0 Palma\"}]},{\"@type\":\"WebSite\",\"@id\":\"https:\/\/blog.protur-hotels.com\/#website\",\"url\":\"https:\/\/blog.protur-hotels.com\/\",\"name\":\"Blog Protur Hotels\",\"description\":\"Un Blog para viajeros\",\"publisher\":{\"@id\":\"https:\/\/blog.protur-hotels.com\/#organization\"},\"potentialAction\":[{\"@type\":\"SearchAction\",\"target\":{\"@type\":\"EntryPoint\",\"urlTemplate\":\"https:\/\/blog.protur-hotels.com\/?s={search_term_string}\"},\"query-input\":{\"@type\":\"PropertyValueSpecification\",\"valueRequired\":true,\"valueName\":\"search_term_string\"}}],\"inLanguage\":\"fr-FR\"},{\"@type\":\"Organization\",\"@id\":\"https:\/\/blog.protur-hotels.com\/#organization\",\"name\":\"Blog Protur Hotels\",\"url\":\"https:\/\/blog.protur-hotels.com\/\",\"logo\":{\"@type\":\"ImageObject\",\"inLanguage\":\"fr-FR\",\"@id\":\"https:\/\/blog.protur-hotels.com\/#\/schema\/logo\/image\/\",\"url\":\"https:\/\/blog.protur-hotels.com\/wp-content\/uploads\/2020\/03\/blog-protur-hotels-mallorca.png\",\"contentUrl\":\"https:\/\/blog.protur-hotels.com\/wp-content\/uploads\/2020\/03\/blog-protur-hotels-mallorca.png\",\"width\":1422,\"height\":894,\"caption\":\"Blog Protur Hotels\"},\"image\":{\"@id\":\"https:\/\/blog.protur-hotels.com\/#\/schema\/logo\/image\/\"}},{\"@type\":\"Person\",\"@id\":\"https:\/\/blog.protur-hotels.com\/#\/schema\/person\/6eac7ca6e9a32baa4716fdd5d7358326\",\"name\":\"Protur Hotels\"}]}<\/script>\n<!-- \/ Yoast SEO plugin. -->","yoast_head_json":{"title":"5 Foires de No\u00ebl \u00e0 visiter \u00e0 Palma - Blog Protur Hotels","description":"5 Foires de No\u00ebl \u00e0 visiter \u00e0 Palma Des illuminations, des couleurs, de l\u2019illusion\u2026 A No\u00ebl, Majorque se pare d'un charme sp\u00e9cial qui la rend unique.","robots":{"index":"index","follow":"follow","max-snippet":"max-snippet:-1","max-image-preview":"max-image-preview:large","max-video-preview":"max-video-preview:-1"},"canonical":"https:\/\/blog.protur-hotels.com\/fr\/5-foires-noel-visiter-palma\/","og_locale":"fr_FR","og_type":"article","og_title":"5 Foires de No\u00ebl \u00e0 visiter \u00e0 Palma - Blog Protur Hotels","og_description":"5 Foires de No\u00ebl \u00e0 visiter \u00e0 Palma Des illuminations, des couleurs, de l\u2019illusion\u2026 A No\u00ebl, Majorque se pare d'un charme sp\u00e9cial qui la rend unique.","og_url":"https:\/\/blog.protur-hotels.com\/fr\/5-foires-noel-visiter-palma\/","og_site_name":"Blog Protur Hotels","article_published_time":"2018-12-21T15:54:05+00:00","og_image":[{"width":800,"height":650,"url":"https:\/\/blog.protur-hotels.com\/wp-content\/uploads\/2018\/12\/Sin-nombre.jpg","type":"image\/jpeg"}],"author":"Protur Hotels","twitter_card":"summary_large_image","twitter_misc":{"\u00c9crit par":"Protur Hotels","Dur\u00e9e de lecture estim\u00e9e":"3 minutes"},"schema":{"@context":"https:\/\/schema.org","@graph":[{"@type":"Article","@id":"https:\/\/blog.protur-hotels.com\/fr\/5-foires-noel-visiter-palma\/#article","isPartOf":{"@id":"https:\/\/blog.protur-hotels.com\/fr\/5-foires-noel-visiter-palma\/"},"author":{"name":"Protur Hotels","@id":"https:\/\/blog.protur-hotels.com\/#\/schema\/person\/6eac7ca6e9a32baa4716fdd5d7358326"},"headline":"5 Foires de No\u00ebl \u00e0 visiter \u00e0 Palma","datePublished":"2018-12-21T15:54:05+00:00","mainEntityOfPage":{"@id":"https:\/\/blog.protur-hotels.com\/fr\/5-foires-noel-visiter-palma\/"},"wordCount":529,"commentCount":0,"publisher":{"@id":"https:\/\/blog.protur-hotels.com\/#organization"},"image":{"@id":"https:\/\/blog.protur-hotels.com\/fr\/5-foires-noel-visiter-palma\/#primaryimage"},"thumbnailUrl":"https:\/\/blog.protur-hotels.com\/wp-content\/uploads\/2018\/12\/Sin-nombre.jpg","keywords":["escapade","familles","Foires","hiver"],"articleSection":["Cadeaux","\u00c9v\u00e9nements","Majorque"],"inLanguage":"fr-FR"},{"@type":"WebPage","@id":"https:\/\/blog.protur-hotels.com\/fr\/5-foires-noel-visiter-palma\/","url":"https:\/\/blog.protur-hotels.com\/fr\/5-foires-noel-visiter-palma\/","name":"5 Foires de No\u00ebl \u00e0 visiter \u00e0 Palma - Blog Protur Hotels","isPartOf":{"@id":"https:\/\/blog.protur-hotels.com\/#website"},"primaryImageOfPage":{"@id":"https:\/\/blog.protur-hotels.com\/fr\/5-foires-noel-visiter-palma\/#primaryimage"},"image":{"@id":"https:\/\/blog.protur-hotels.com\/fr\/5-foires-noel-visiter-palma\/#primaryimage"},"thumbnailUrl":"https:\/\/blog.protur-hotels.com\/wp-content\/uploads\/2018\/12\/Sin-nombre.jpg","datePublished":"2018-12-21T15:54:05+00:00","description":"5 Foires de No\u00ebl \u00e0 visiter \u00e0 Palma Des illuminations, des couleurs, de l\u2019illusion\u2026 A No\u00ebl, Majorque se pare d'un charme sp\u00e9cial qui la rend unique.","breadcrumb":{"@id":"https:\/\/blog.protur-hotels.com\/fr\/5-foires-noel-visiter-palma\/#breadcrumb"},"inLanguage":"fr-FR","potentialAction":[{"@type":"ReadAction","target":["https:\/\/blog.protur-hotels.com\/fr\/5-foires-noel-visiter-palma\/"]}]},{"@type":"ImageObject","inLanguage":"fr-FR","@id":"https:\/\/blog.protur-hotels.com\/fr\/5-foires-noel-visiter-palma\/#primaryimage","url":"https:\/\/blog.protur-hotels.com\/wp-content\/uploads\/2018\/12\/Sin-nombre.jpg","contentUrl":"https:\/\/blog.protur-hotels.com\/wp-content\/uploads\/2018\/12\/Sin-nombre.jpg","width":800,"height":650,"caption":"Weihnachtsm\u00e4rkte"},{"@type":"BreadcrumbList","@id":"https:\/\/blog.protur-hotels.com\/fr\/5-foires-noel-visiter-palma\/#breadcrumb","itemListElement":[{"@type":"ListItem","position":1,"name":"Portada","item":"https:\/\/blog.protur-hotels.com\/"},{"@type":"ListItem","position":2,"name":"5 Foires de No\u00ebl \u00e0 visiter \u00e0 Palma"}]},{"@type":"WebSite","@id":"https:\/\/blog.protur-hotels.com\/#website","url":"https:\/\/blog.protur-hotels.com\/","name":"Blog Protur Hotels","description":"Un Blog para viajeros","publisher":{"@id":"https:\/\/blog.protur-hotels.com\/#organization"},"potentialAction":[{"@type":"SearchAction","target":{"@type":"EntryPoint","urlTemplate":"https:\/\/blog.protur-hotels.com\/?s={search_term_string}"},"query-input":{"@type":"PropertyValueSpecification","valueRequired":true,"valueName":"search_term_string"}}],"inLanguage":"fr-FR"},{"@type":"Organization","@id":"https:\/\/blog.protur-hotels.com\/#organization","name":"Blog Protur Hotels","url":"https:\/\/blog.protur-hotels.com\/","logo":{"@type":"ImageObject","inLanguage":"fr-FR","@id":"https:\/\/blog.protur-hotels.com\/#\/schema\/logo\/image\/","url":"https:\/\/blog.protur-hotels.com\/wp-content\/uploads\/2020\/03\/blog-protur-hotels-mallorca.png","contentUrl":"https:\/\/blog.protur-hotels.com\/wp-content\/uploads\/2020\/03\/blog-protur-hotels-mallorca.png","width":1422,"height":894,"caption":"Blog Protur Hotels"},"image":{"@id":"https:\/\/blog.protur-hotels.com\/#\/schema\/logo\/image\/"}},{"@type":"Person","@id":"https:\/\/blog.protur-hotels.com\/#\/schema\/person\/6eac7ca6e9a32baa4716fdd5d7358326","name":"Protur Hotels"}]}},"_links":{"self":[{"href":"https:\/\/blog.protur-hotels.com\/fr\/wp-json\/wp\/v2\/posts\/4384","targetHints":{"allow":["GET"]}}],"collection":[{"href":"https:\/\/blog.protur-hotels.com\/fr\/wp-json\/wp\/v2\/posts"}],"about":[{"href":"https:\/\/blog.protur-hotels.com\/fr\/wp-json\/wp\/v2\/types\/post"}],"author":[{"embeddable":true,"href":"https:\/\/blog.protur-hotels.com\/fr\/wp-json\/wp\/v2\/users\/3"}],"replies":[{"embeddable":true,"href":"https:\/\/blog.protur-hotels.com\/fr\/wp-json\/wp\/v2\/comments?post=4384"}],"version-history":[{"count":0,"href":"https:\/\/blog.protur-hotels.com\/fr\/wp-json\/wp\/v2\/posts\/4384\/revisions"}],"wp:featuredmedia":[{"embeddable":true,"href":"https:\/\/blog.protur-hotels.com\/fr\/wp-json\/wp\/v2\/media\/4375"}],"wp:attachment":[{"href":"https:\/\/blog.protur-hotels.com\/fr\/wp-json\/wp\/v2\/media?parent=4384"}],"wp:term":[{"taxonomy":"category","embeddable":true,"href":"https:\/\/blog.protur-hotels.com\/fr\/wp-json\/wp\/v2\/categories?post=4384"},{"taxonomy":"post_tag","embeddable":true,"href":"https:\/\/blog.protur-hotels.com\/fr\/wp-json\/wp\/v2\/tags?post=4384"}],"curies":[{"name":"wp","href":"https:\/\/api.w.org\/{rel}","templated":true}]}}