{"id":4548,"date":"2019-11-29T10:10:40","date_gmt":"2019-11-29T10:10:40","guid":{"rendered":"https:\/\/blog.protur-hotels.com\/fr\/?p=4548"},"modified":"2019-11-29T10:10:40","modified_gmt":"2019-11-29T10:10:40","slug":"ouverture-2020-protur-hotels","status":"publish","type":"post","link":"https:\/\/blog.protur-hotels.com\/fr\/ouverture-2020-protur-hotels\/","title":{"rendered":"Ouverture 2020 Protur Hotels"},"content":{"rendered":"<p>Et enfin, en<strong> mai<\/strong> nous ouvrirons tous les autres. Voici une liste avec toutes les ouvertures pr\u00e9vues :<\/p>\n<p><strong>Almer\u00eda<\/strong><\/p>\n<p><a name=\"_Hlk25915405\"><\/a> <strong>Roquetas de Mar<\/strong><\/p>\n<p>Protur Roquetas Hotel &amp; Spa 26.04.20<\/p>\n<p><strong>Majorque<br \/>\nSa Coma<\/strong><\/p>\n<p>Protur Biomar Gran Hotel &amp; Spa 08.03.20<\/p>\n<p>Protur Sa Coma Playa Hotel &amp; Spa 03.04.20<\/p>\n<p>Protur Vista Bad\u00eda Aparthotel 01.05.20<\/p>\n<p>Protur Bad\u00eda Park Aparthotel 01.05.20<\/p>\n<p>Protur Safari Park Aparthotel 01.05.20<\/p>\n<p>Protur Palmeras Playa Hotel 01.05.20<\/p>\n<p><strong>Cala Millor<\/strong><\/p>\n<p>Protur Monte Safari Aparthotel 01.05.20<\/p>\n<p>Protur Bonamar Hotel 24.03.20<\/p>\n<p>Protur Playa Cala Millor Hotel 17.03.20<br \/>\nProtur Atalaya Apartamentos 18.12.20 (ferm\u00e9 du 15 janvier au 2 avril)<\/p>\n<p><strong>Cala Bona<\/strong><\/p>\n<p>Protur Bonaire Aparthotel 03.03.20<\/p>\n<p>Protur Alicia Hotel 20.03.20<\/p>\n<p>Protur Floriana Aparthotel 01.05.20<\/p>\n<p>Protur Bahia Azul Apartamentos 01.05.20<\/p>\n<p><strong>Cala Ratjada<\/strong><\/p>\n<p>Protur Tur\u00f3 Pins Hotel 01.05.20<\/p>\n","protected":false},"excerpt":{"rendered":"<p>Et enfin, en mai nous ouvrirons tous les autres. Voici une liste avec toutes les ouvertures pr\u00e9vues : Almer\u00eda Roquetas de Mar Protur Roquetas Hotel &amp; Spa 26.04.20 Majorque Sa&hellip;<\/p>\n","protected":false},"author":3,"featured_media":4537,"comment_status":"closed","ping_status":"open","sticky":false,"template":"","format":"standard","meta":{"_lmt_disableupdate":"","_lmt_disable":"","footnotes":""},"categories":[28,117,122],"tags":[1069,504,62],"class_list":["post-4548","post","type-post","status-publish","format-standard","has-post-thumbnail","hentry","category-almeria-fr","category-mallorca-fr","category-protur-hotels-fr","tag-1069","tag-ouverture","tag-protur-hotels"],"yoast_head":"<!-- This site is optimized with the Yoast SEO plugin v26.6 - https:\/\/yoast.com\/wordpress\/plugins\/seo\/ -->\n<title>Ouverture 2020 Protur Hotels - Blog Protur Hotels<\/title>\n<meta name=\"description\" content=\"Ouverture 2020 Protur Hotels Ouvertures de nos h\u00f4tels, appart&#039;h\u00f4tels et appartements pour la prochaine saison 2020 \u00e0 Majorque et Almer\u00eda.\" \/>\n<meta name=\"robots\" content=\"index, follow, max-snippet:-1, max-image-preview:large, max-video-preview:-1\" \/>\n<link rel=\"canonical\" href=\"https:\/\/blog.protur-hotels.com\/fr\/ouverture-2020-protur-hotels\/\" \/>\n<meta property=\"og:locale\" content=\"fr_FR\" \/>\n<meta property=\"og:type\" content=\"article\" \/>\n<meta property=\"og:title\" content=\"Ouverture 2020 Protur Hotels - Blog Protur Hotels\" \/>\n<meta property=\"og:description\" content=\"Ouverture 2020 Protur Hotels Ouvertures de nos h\u00f4tels, appart&#039;h\u00f4tels et appartements pour la prochaine saison 2020 \u00e0 Majorque et Almer\u00eda.\" \/>\n<meta property=\"og:url\" content=\"https:\/\/blog.protur-hotels.com\/fr\/ouverture-2020-protur-hotels\/\" \/>\n<meta property=\"og:site_name\" content=\"Blog Protur Hotels\" \/>\n<meta property=\"article:published_time\" content=\"2019-11-29T10:10:40+00:00\" \/>\n<meta property=\"og:image\" content=\"https:\/\/blog.protur-hotels.com\/wp-content\/uploads\/2019\/11\/apertura-2020-proturhotels.png\" \/>\n\t<meta property=\"og:image:width\" content=\"800\" \/>\n\t<meta property=\"og:image:height\" content=\"650\" \/>\n\t<meta property=\"og:image:type\" content=\"image\/png\" \/>\n<meta name=\"author\" content=\"Protur Hotels\" \/>\n<meta name=\"twitter:card\" content=\"summary_large_image\" \/>\n<meta name=\"twitter:label1\" content=\"\u00c9crit par\" \/>\n\t<meta name=\"twitter:data1\" content=\"Protur Hotels\" \/>\n\t<meta name=\"twitter:label2\" content=\"Dur\u00e9e de lecture estim\u00e9e\" \/>\n\t<meta name=\"twitter:data2\" content=\"1 minute\" \/>\n<script type=\"application\/ld+json\" class=\"yoast-schema-graph\">{\"@context\":\"https:\/\/schema.org\",\"@graph\":[{\"@type\":\"Article\",\"@id\":\"https:\/\/blog.protur-hotels.com\/fr\/ouverture-2020-protur-hotels\/#article\",\"isPartOf\":{\"@id\":\"https:\/\/blog.protur-hotels.com\/fr\/ouverture-2020-protur-hotels\/\"},\"author\":{\"name\":\"Protur Hotels\",\"@id\":\"https:\/\/blog.protur-hotels.com\/#\/schema\/person\/6eac7ca6e9a32baa4716fdd5d7358326\"},\"headline\":\"Ouverture 2020 Protur Hotels\",\"datePublished\":\"2019-11-29T10:10:40+00:00\",\"mainEntityOfPage\":{\"@id\":\"https:\/\/blog.protur-hotels.com\/fr\/ouverture-2020-protur-hotels\/\"},\"wordCount\":108,\"publisher\":{\"@id\":\"https:\/\/blog.protur-hotels.com\/#organization\"},\"image\":{\"@id\":\"https:\/\/blog.protur-hotels.com\/fr\/ouverture-2020-protur-hotels\/#primaryimage\"},\"thumbnailUrl\":\"https:\/\/blog.protur-hotels.com\/wp-content\/uploads\/2019\/11\/apertura-2020-proturhotels.png\",\"keywords\":[\"2020\",\"Ouverture\",\"Protur Hotels\"],\"articleSection\":[\"Almer\u00eda\",\"Majorque\",\"Protur Hotels\"],\"inLanguage\":\"fr-FR\"},{\"@type\":\"WebPage\",\"@id\":\"https:\/\/blog.protur-hotels.com\/fr\/ouverture-2020-protur-hotels\/\",\"url\":\"https:\/\/blog.protur-hotels.com\/fr\/ouverture-2020-protur-hotels\/\",\"name\":\"Ouverture 2020 Protur Hotels - Blog Protur Hotels\",\"isPartOf\":{\"@id\":\"https:\/\/blog.protur-hotels.com\/#website\"},\"primaryImageOfPage\":{\"@id\":\"https:\/\/blog.protur-hotels.com\/fr\/ouverture-2020-protur-hotels\/#primaryimage\"},\"image\":{\"@id\":\"https:\/\/blog.protur-hotels.com\/fr\/ouverture-2020-protur-hotels\/#primaryimage\"},\"thumbnailUrl\":\"https:\/\/blog.protur-hotels.com\/wp-content\/uploads\/2019\/11\/apertura-2020-proturhotels.png\",\"datePublished\":\"2019-11-29T10:10:40+00:00\",\"description\":\"Ouverture 2020 Protur Hotels Ouvertures de nos h\u00f4tels, appart'h\u00f4tels et appartements pour la prochaine saison 2020 \u00e0 Majorque et Almer\u00eda.\",\"breadcrumb\":{\"@id\":\"https:\/\/blog.protur-hotels.com\/fr\/ouverture-2020-protur-hotels\/#breadcrumb\"},\"inLanguage\":\"fr-FR\",\"potentialAction\":[{\"@type\":\"ReadAction\",\"target\":[\"https:\/\/blog.protur-hotels.com\/fr\/ouverture-2020-protur-hotels\/\"]}]},{\"@type\":\"ImageObject\",\"inLanguage\":\"fr-FR\",\"@id\":\"https:\/\/blog.protur-hotels.com\/fr\/ouverture-2020-protur-hotels\/#primaryimage\",\"url\":\"https:\/\/blog.protur-hotels.com\/wp-content\/uploads\/2019\/11\/apertura-2020-proturhotels.png\",\"contentUrl\":\"https:\/\/blog.protur-hotels.com\/wp-content\/uploads\/2019\/11\/apertura-2020-proturhotels.png\",\"width\":800,\"height\":650,\"caption\":\"Protur Hotels Opening Dates 2020 Ouverture 2020 Protur Hotels Opening dates for this coming 2020 season in our hotels, aparthotels & apartments in Majorca & Almer\u00eda.Apertura 2020 Protur Hotels obertura \u00d6ffnungen 2020 Protur Hotels \u00d6ffnungen in der n\u00e4chsten Saison 2020 unserer Hotels, Aparthotels und Apartments auf Mallorca und in Almer\u00eda.\"},{\"@type\":\"BreadcrumbList\",\"@id\":\"https:\/\/blog.protur-hotels.com\/fr\/ouverture-2020-protur-hotels\/#breadcrumb\",\"itemListElement\":[{\"@type\":\"ListItem\",\"position\":1,\"name\":\"Portada\",\"item\":\"https:\/\/blog.protur-hotels.com\/\"},{\"@type\":\"ListItem\",\"position\":2,\"name\":\"Ouverture 2020 Protur Hotels\"}]},{\"@type\":\"WebSite\",\"@id\":\"https:\/\/blog.protur-hotels.com\/#website\",\"url\":\"https:\/\/blog.protur-hotels.com\/\",\"name\":\"Blog Protur Hotels\",\"description\":\"Un Blog para viajeros\",\"publisher\":{\"@id\":\"https:\/\/blog.protur-hotels.com\/#organization\"},\"potentialAction\":[{\"@type\":\"SearchAction\",\"target\":{\"@type\":\"EntryPoint\",\"urlTemplate\":\"https:\/\/blog.protur-hotels.com\/?s={search_term_string}\"},\"query-input\":{\"@type\":\"PropertyValueSpecification\",\"valueRequired\":true,\"valueName\":\"search_term_string\"}}],\"inLanguage\":\"fr-FR\"},{\"@type\":\"Organization\",\"@id\":\"https:\/\/blog.protur-hotels.com\/#organization\",\"name\":\"Blog Protur Hotels\",\"url\":\"https:\/\/blog.protur-hotels.com\/\",\"logo\":{\"@type\":\"ImageObject\",\"inLanguage\":\"fr-FR\",\"@id\":\"https:\/\/blog.protur-hotels.com\/#\/schema\/logo\/image\/\",\"url\":\"https:\/\/blog.protur-hotels.com\/wp-content\/uploads\/2020\/03\/blog-protur-hotels-mallorca.png\",\"contentUrl\":\"https:\/\/blog.protur-hotels.com\/wp-content\/uploads\/2020\/03\/blog-protur-hotels-mallorca.png\",\"width\":1422,\"height\":894,\"caption\":\"Blog Protur Hotels\"},\"image\":{\"@id\":\"https:\/\/blog.protur-hotels.com\/#\/schema\/logo\/image\/\"}},{\"@type\":\"Person\",\"@id\":\"https:\/\/blog.protur-hotels.com\/#\/schema\/person\/6eac7ca6e9a32baa4716fdd5d7358326\",\"name\":\"Protur Hotels\"}]}<\/script>\n<!-- \/ Yoast SEO plugin. -->","yoast_head_json":{"title":"Ouverture 2020 Protur Hotels - Blog Protur Hotels","description":"Ouverture 2020 Protur Hotels Ouvertures de nos h\u00f4tels, appart'h\u00f4tels et appartements pour la prochaine saison 2020 \u00e0 Majorque et Almer\u00eda.","robots":{"index":"index","follow":"follow","max-snippet":"max-snippet:-1","max-image-preview":"max-image-preview:large","max-video-preview":"max-video-preview:-1"},"canonical":"https:\/\/blog.protur-hotels.com\/fr\/ouverture-2020-protur-hotels\/","og_locale":"fr_FR","og_type":"article","og_title":"Ouverture 2020 Protur Hotels - Blog Protur Hotels","og_description":"Ouverture 2020 Protur Hotels Ouvertures de nos h\u00f4tels, appart'h\u00f4tels et appartements pour la prochaine saison 2020 \u00e0 Majorque et Almer\u00eda.","og_url":"https:\/\/blog.protur-hotels.com\/fr\/ouverture-2020-protur-hotels\/","og_site_name":"Blog Protur Hotels","article_published_time":"2019-11-29T10:10:40+00:00","og_image":[{"width":800,"height":650,"url":"https:\/\/blog.protur-hotels.com\/wp-content\/uploads\/2019\/11\/apertura-2020-proturhotels.png","type":"image\/png"}],"author":"Protur Hotels","twitter_card":"summary_large_image","twitter_misc":{"\u00c9crit par":"Protur Hotels","Dur\u00e9e de lecture estim\u00e9e":"1 minute"},"schema":{"@context":"https:\/\/schema.org","@graph":[{"@type":"Article","@id":"https:\/\/blog.protur-hotels.com\/fr\/ouverture-2020-protur-hotels\/#article","isPartOf":{"@id":"https:\/\/blog.protur-hotels.com\/fr\/ouverture-2020-protur-hotels\/"},"author":{"name":"Protur Hotels","@id":"https:\/\/blog.protur-hotels.com\/#\/schema\/person\/6eac7ca6e9a32baa4716fdd5d7358326"},"headline":"Ouverture 2020 Protur Hotels","datePublished":"2019-11-29T10:10:40+00:00","mainEntityOfPage":{"@id":"https:\/\/blog.protur-hotels.com\/fr\/ouverture-2020-protur-hotels\/"},"wordCount":108,"publisher":{"@id":"https:\/\/blog.protur-hotels.com\/#organization"},"image":{"@id":"https:\/\/blog.protur-hotels.com\/fr\/ouverture-2020-protur-hotels\/#primaryimage"},"thumbnailUrl":"https:\/\/blog.protur-hotels.com\/wp-content\/uploads\/2019\/11\/apertura-2020-proturhotels.png","keywords":["2020","Ouverture","Protur Hotels"],"articleSection":["Almer\u00eda","Majorque","Protur Hotels"],"inLanguage":"fr-FR"},{"@type":"WebPage","@id":"https:\/\/blog.protur-hotels.com\/fr\/ouverture-2020-protur-hotels\/","url":"https:\/\/blog.protur-hotels.com\/fr\/ouverture-2020-protur-hotels\/","name":"Ouverture 2020 Protur Hotels - Blog Protur Hotels","isPartOf":{"@id":"https:\/\/blog.protur-hotels.com\/#website"},"primaryImageOfPage":{"@id":"https:\/\/blog.protur-hotels.com\/fr\/ouverture-2020-protur-hotels\/#primaryimage"},"image":{"@id":"https:\/\/blog.protur-hotels.com\/fr\/ouverture-2020-protur-hotels\/#primaryimage"},"thumbnailUrl":"https:\/\/blog.protur-hotels.com\/wp-content\/uploads\/2019\/11\/apertura-2020-proturhotels.png","datePublished":"2019-11-29T10:10:40+00:00","description":"Ouverture 2020 Protur Hotels Ouvertures de nos h\u00f4tels, appart'h\u00f4tels et appartements pour la prochaine saison 2020 \u00e0 Majorque et Almer\u00eda.","breadcrumb":{"@id":"https:\/\/blog.protur-hotels.com\/fr\/ouverture-2020-protur-hotels\/#breadcrumb"},"inLanguage":"fr-FR","potentialAction":[{"@type":"ReadAction","target":["https:\/\/blog.protur-hotels.com\/fr\/ouverture-2020-protur-hotels\/"]}]},{"@type":"ImageObject","inLanguage":"fr-FR","@id":"https:\/\/blog.protur-hotels.com\/fr\/ouverture-2020-protur-hotels\/#primaryimage","url":"https:\/\/blog.protur-hotels.com\/wp-content\/uploads\/2019\/11\/apertura-2020-proturhotels.png","contentUrl":"https:\/\/blog.protur-hotels.com\/wp-content\/uploads\/2019\/11\/apertura-2020-proturhotels.png","width":800,"height":650,"caption":"Protur Hotels Opening Dates 2020 Ouverture 2020 Protur Hotels Opening dates for this coming 2020 season in our hotels, aparthotels & apartments in Majorca & Almer\u00eda.Apertura 2020 Protur Hotels obertura \u00d6ffnungen 2020 Protur Hotels \u00d6ffnungen in der n\u00e4chsten Saison 2020 unserer Hotels, Aparthotels und Apartments auf Mallorca und in Almer\u00eda."},{"@type":"BreadcrumbList","@id":"https:\/\/blog.protur-hotels.com\/fr\/ouverture-2020-protur-hotels\/#breadcrumb","itemListElement":[{"@type":"ListItem","position":1,"name":"Portada","item":"https:\/\/blog.protur-hotels.com\/"},{"@type":"ListItem","position":2,"name":"Ouverture 2020 Protur Hotels"}]},{"@type":"WebSite","@id":"https:\/\/blog.protur-hotels.com\/#website","url":"https:\/\/blog.protur-hotels.com\/","name":"Blog Protur Hotels","description":"Un Blog para viajeros","publisher":{"@id":"https:\/\/blog.protur-hotels.com\/#organization"},"potentialAction":[{"@type":"SearchAction","target":{"@type":"EntryPoint","urlTemplate":"https:\/\/blog.protur-hotels.com\/?s={search_term_string}"},"query-input":{"@type":"PropertyValueSpecification","valueRequired":true,"valueName":"search_term_string"}}],"inLanguage":"fr-FR"},{"@type":"Organization","@id":"https:\/\/blog.protur-hotels.com\/#organization","name":"Blog Protur Hotels","url":"https:\/\/blog.protur-hotels.com\/","logo":{"@type":"ImageObject","inLanguage":"fr-FR","@id":"https:\/\/blog.protur-hotels.com\/#\/schema\/logo\/image\/","url":"https:\/\/blog.protur-hotels.com\/wp-content\/uploads\/2020\/03\/blog-protur-hotels-mallorca.png","contentUrl":"https:\/\/blog.protur-hotels.com\/wp-content\/uploads\/2020\/03\/blog-protur-hotels-mallorca.png","width":1422,"height":894,"caption":"Blog Protur Hotels"},"image":{"@id":"https:\/\/blog.protur-hotels.com\/#\/schema\/logo\/image\/"}},{"@type":"Person","@id":"https:\/\/blog.protur-hotels.com\/#\/schema\/person\/6eac7ca6e9a32baa4716fdd5d7358326","name":"Protur Hotels"}]}},"_links":{"self":[{"href":"https:\/\/blog.protur-hotels.com\/fr\/wp-json\/wp\/v2\/posts\/4548","targetHints":{"allow":["GET"]}}],"collection":[{"href":"https:\/\/blog.protur-hotels.com\/fr\/wp-json\/wp\/v2\/posts"}],"about":[{"href":"https:\/\/blog.protur-hotels.com\/fr\/wp-json\/wp\/v2\/types\/post"}],"author":[{"embeddable":true,"href":"https:\/\/blog.protur-hotels.com\/fr\/wp-json\/wp\/v2\/users\/3"}],"replies":[{"embeddable":true,"href":"https:\/\/blog.protur-hotels.com\/fr\/wp-json\/wp\/v2\/comments?post=4548"}],"version-history":[{"count":0,"href":"https:\/\/blog.protur-hotels.com\/fr\/wp-json\/wp\/v2\/posts\/4548\/revisions"}],"wp:featuredmedia":[{"embeddable":true,"href":"https:\/\/blog.protur-hotels.com\/fr\/wp-json\/wp\/v2\/media\/4537"}],"wp:attachment":[{"href":"https:\/\/blog.protur-hotels.com\/fr\/wp-json\/wp\/v2\/media?parent=4548"}],"wp:term":[{"taxonomy":"category","embeddable":true,"href":"https:\/\/blog.protur-hotels.com\/fr\/wp-json\/wp\/v2\/categories?post=4548"},{"taxonomy":"post_tag","embeddable":true,"href":"https:\/\/blog.protur-hotels.com\/fr\/wp-json\/wp\/v2\/tags?post=4548"}],"curies":[{"name":"wp","href":"https:\/\/api.w.org\/{rel}","templated":true}]}}