{"id":4598,"date":"2020-03-18T07:37:26","date_gmt":"2020-03-18T07:37:26","guid":{"rendered":"https:\/\/blog.protur-hotels.com\/fr\/?p=4598"},"modified":"2020-03-18T07:58:29","modified_gmt":"2020-03-18T07:58:29","slug":"la-responsabilite-appartient-a-tous","status":"publish","type":"post","link":"https:\/\/blog.protur-hotels.com\/fr\/la-responsabilite-appartient-a-tous\/","title":{"rendered":"La responsabilit\u00e9 appartient \u00e0 tous"},"content":{"rendered":"<h2>La responsabilit\u00e9 appartient \u00e0 tous<br \/>\nNous sommes optimistes! Nous nous verrons bient\u00f4t!<\/h2>\n<p>Le 14 mars dernier, le gouvernement Espagnol a approuv\u00e9 l&rsquo;\u00e9tat d&rsquo;alerte sur tout le territoire national, afin de g\u00e9rer la crise sanitaire mondiale caus\u00e9e par le COVID-19. Le d\u00e9cret Royal 463\/2020 a dict\u00e9 une s\u00e9rie de mesures, y compris une restriction s\u00e9v\u00e8re de la mobilit\u00e9 des personnes.<\/p>\n<p>En cons\u00e9quence, et en assumant la responsabilit\u00e9 que nous avons en tant qu&rsquo;entreprise d&rsquo;assurer la s\u00e9curit\u00e9 de nos clients et de nos employ\u00e9s, nous avons \u00e9t\u00e9 contraints de fermer temporairement nos h\u00f4tels.<br \/>\nVeuillez nous contacter pour g\u00e9rer votre r\u00e9servation, via nos canaux habituels.<\/p>\n<div>Nous appr\u00e9cions votre compr\u00e9hension en ces moments d\u00e9licats o\u00f9 la collaboration responsable de tous est plus que jamais n\u00e9cessaire pour surmonter cette crise sanitaire le plus rapidement possible et au moindre co\u00fbt social.<br \/>\nNous gardons intacte l&rsquo;illusion de vous voir bient\u00f4t lorsque les conditions se seront normalis\u00e9es.Cordialement,<\/p>\n<h2><strong><a href=\"https:\/\/protur-hotels.com\/fr\/\">RETOUR AU WEB PROTURHOTELS.COM<\/a><\/strong><\/h2>\n<\/div>\n","protected":false},"excerpt":{"rendered":"<p>La responsabilit\u00e9 appartient \u00e0 tous Nous sommes optimistes! Nous nous verrons bient\u00f4t! Le 14 mars dernier, le gouvernement Espagnol a approuv\u00e9 l&rsquo;\u00e9tat d&rsquo;alerte sur tout le territoire national, afin de&hellip;<\/p>\n","protected":false},"author":1,"featured_media":4594,"comment_status":"closed","ping_status":"open","sticky":false,"template":"","format":"standard","meta":{"_lmt_disableupdate":"","_lmt_disable":"","footnotes":""},"categories":[122,1094],"tags":[],"class_list":["post-4598","post","type-post","status-publish","format-standard","has-post-thumbnail","hentry","category-protur-hotels-fr","category-protur-hotels-fr-2"],"yoast_head":"<!-- This site is optimized with the Yoast SEO plugin v26.6 - https:\/\/yoast.com\/wordpress\/plugins\/seo\/ -->\n<title>La responsabilit\u00e9 appartient \u00e0 tous - Blog Protur Hotels<\/title>\n<meta name=\"description\" content=\"La responsabilit\u00e9 appartient \u00e0 tous Nous sommes optimistes! Nous nous verrons bient\u00f4t! Le 14 mars dernier, le gouvernement Espagnol a approuv\u00e9 l&#039;\u00e9tat\" \/>\n<meta name=\"robots\" content=\"index, follow, max-snippet:-1, max-image-preview:large, max-video-preview:-1\" \/>\n<link rel=\"canonical\" href=\"https:\/\/blog.protur-hotels.com\/fr\/la-responsabilite-appartient-a-tous\/\" \/>\n<meta property=\"og:locale\" content=\"fr_FR\" \/>\n<meta property=\"og:type\" content=\"article\" \/>\n<meta property=\"og:title\" content=\"La responsabilit\u00e9 appartient \u00e0 tous - Blog Protur Hotels\" \/>\n<meta property=\"og:description\" content=\"La responsabilit\u00e9 appartient \u00e0 tous Nous sommes optimistes! Nous nous verrons bient\u00f4t! Le 14 mars dernier, le gouvernement Espagnol a approuv\u00e9 l&#039;\u00e9tat\" \/>\n<meta property=\"og:url\" content=\"https:\/\/blog.protur-hotels.com\/fr\/la-responsabilite-appartient-a-tous\/\" \/>\n<meta property=\"og:site_name\" content=\"Blog Protur Hotels\" \/>\n<meta property=\"article:published_time\" content=\"2020-03-18T07:37:26+00:00\" \/>\n<meta property=\"article:modified_time\" content=\"2020-03-18T07:58:29+00:00\" \/>\n<meta property=\"og:image\" content=\"https:\/\/blog.protur-hotels.com\/wp-content\/uploads\/2020\/03\/cancelacion-gratuita-protur-hotels-mallorca.jpg\" \/>\n\t<meta property=\"og:image:width\" content=\"1024\" \/>\n\t<meta property=\"og:image:height\" content=\"768\" \/>\n\t<meta property=\"og:image:type\" content=\"image\/jpeg\" \/>\n<meta name=\"author\" content=\"ivandomingo\" \/>\n<meta name=\"twitter:card\" content=\"summary_large_image\" \/>\n<meta name=\"twitter:label1\" content=\"\u00c9crit par\" \/>\n\t<meta name=\"twitter:data1\" content=\"ivandomingo\" \/>\n\t<meta name=\"twitter:label2\" content=\"Dur\u00e9e de lecture estim\u00e9e\" \/>\n\t<meta name=\"twitter:data2\" content=\"1 minute\" \/>\n<script type=\"application\/ld+json\" class=\"yoast-schema-graph\">{\"@context\":\"https:\/\/schema.org\",\"@graph\":[{\"@type\":\"Article\",\"@id\":\"https:\/\/blog.protur-hotels.com\/fr\/la-responsabilite-appartient-a-tous\/#article\",\"isPartOf\":{\"@id\":\"https:\/\/blog.protur-hotels.com\/fr\/la-responsabilite-appartient-a-tous\/\"},\"author\":{\"name\":\"ivandomingo\",\"@id\":\"https:\/\/blog.protur-hotels.com\/#\/schema\/person\/5e17ee757b097cf1de0203171283b53c\"},\"headline\":\"La responsabilit\u00e9 appartient \u00e0 tous\",\"datePublished\":\"2020-03-18T07:37:26+00:00\",\"dateModified\":\"2020-03-18T07:58:29+00:00\",\"mainEntityOfPage\":{\"@id\":\"https:\/\/blog.protur-hotels.com\/fr\/la-responsabilite-appartient-a-tous\/\"},\"wordCount\":181,\"publisher\":{\"@id\":\"https:\/\/blog.protur-hotels.com\/#organization\"},\"image\":{\"@id\":\"https:\/\/blog.protur-hotels.com\/fr\/la-responsabilite-appartient-a-tous\/#primaryimage\"},\"thumbnailUrl\":\"https:\/\/blog.protur-hotels.com\/wp-content\/uploads\/2020\/03\/cancelacion-gratuita-protur-hotels-mallorca.jpg\",\"articleSection\":[\"Protur Hotels\",\"Protur Hotels\"],\"inLanguage\":\"fr-FR\"},{\"@type\":\"WebPage\",\"@id\":\"https:\/\/blog.protur-hotels.com\/fr\/la-responsabilite-appartient-a-tous\/\",\"url\":\"https:\/\/blog.protur-hotels.com\/fr\/la-responsabilite-appartient-a-tous\/\",\"name\":\"La responsabilit\u00e9 appartient \u00e0 tous - Blog Protur Hotels\",\"isPartOf\":{\"@id\":\"https:\/\/blog.protur-hotels.com\/#website\"},\"primaryImageOfPage\":{\"@id\":\"https:\/\/blog.protur-hotels.com\/fr\/la-responsabilite-appartient-a-tous\/#primaryimage\"},\"image\":{\"@id\":\"https:\/\/blog.protur-hotels.com\/fr\/la-responsabilite-appartient-a-tous\/#primaryimage\"},\"thumbnailUrl\":\"https:\/\/blog.protur-hotels.com\/wp-content\/uploads\/2020\/03\/cancelacion-gratuita-protur-hotels-mallorca.jpg\",\"datePublished\":\"2020-03-18T07:37:26+00:00\",\"dateModified\":\"2020-03-18T07:58:29+00:00\",\"description\":\"La responsabilit\u00e9 appartient \u00e0 tous Nous sommes optimistes! Nous nous verrons bient\u00f4t! Le 14 mars dernier, le gouvernement Espagnol a approuv\u00e9 l'\u00e9tat\",\"breadcrumb\":{\"@id\":\"https:\/\/blog.protur-hotels.com\/fr\/la-responsabilite-appartient-a-tous\/#breadcrumb\"},\"inLanguage\":\"fr-FR\",\"potentialAction\":[{\"@type\":\"ReadAction\",\"target\":[\"https:\/\/blog.protur-hotels.com\/fr\/la-responsabilite-appartient-a-tous\/\"]}]},{\"@type\":\"ImageObject\",\"inLanguage\":\"fr-FR\",\"@id\":\"https:\/\/blog.protur-hotels.com\/fr\/la-responsabilite-appartient-a-tous\/#primaryimage\",\"url\":\"https:\/\/blog.protur-hotels.com\/wp-content\/uploads\/2020\/03\/cancelacion-gratuita-protur-hotels-mallorca.jpg\",\"contentUrl\":\"https:\/\/blog.protur-hotels.com\/wp-content\/uploads\/2020\/03\/cancelacion-gratuita-protur-hotels-mallorca.jpg\",\"width\":1024,\"height\":768},{\"@type\":\"BreadcrumbList\",\"@id\":\"https:\/\/blog.protur-hotels.com\/fr\/la-responsabilite-appartient-a-tous\/#breadcrumb\",\"itemListElement\":[{\"@type\":\"ListItem\",\"position\":1,\"name\":\"Portada\",\"item\":\"https:\/\/blog.protur-hotels.com\/\"},{\"@type\":\"ListItem\",\"position\":2,\"name\":\"La responsabilit\u00e9 appartient \u00e0 tous\"}]},{\"@type\":\"WebSite\",\"@id\":\"https:\/\/blog.protur-hotels.com\/#website\",\"url\":\"https:\/\/blog.protur-hotels.com\/\",\"name\":\"Blog Protur Hotels\",\"description\":\"Un Blog para viajeros\",\"publisher\":{\"@id\":\"https:\/\/blog.protur-hotels.com\/#organization\"},\"potentialAction\":[{\"@type\":\"SearchAction\",\"target\":{\"@type\":\"EntryPoint\",\"urlTemplate\":\"https:\/\/blog.protur-hotels.com\/?s={search_term_string}\"},\"query-input\":{\"@type\":\"PropertyValueSpecification\",\"valueRequired\":true,\"valueName\":\"search_term_string\"}}],\"inLanguage\":\"fr-FR\"},{\"@type\":\"Organization\",\"@id\":\"https:\/\/blog.protur-hotels.com\/#organization\",\"name\":\"Blog Protur Hotels\",\"url\":\"https:\/\/blog.protur-hotels.com\/\",\"logo\":{\"@type\":\"ImageObject\",\"inLanguage\":\"fr-FR\",\"@id\":\"https:\/\/blog.protur-hotels.com\/#\/schema\/logo\/image\/\",\"url\":\"https:\/\/blog.protur-hotels.com\/wp-content\/uploads\/2020\/03\/blog-protur-hotels-mallorca.png\",\"contentUrl\":\"https:\/\/blog.protur-hotels.com\/wp-content\/uploads\/2020\/03\/blog-protur-hotels-mallorca.png\",\"width\":1422,\"height\":894,\"caption\":\"Blog Protur Hotels\"},\"image\":{\"@id\":\"https:\/\/blog.protur-hotels.com\/#\/schema\/logo\/image\/\"}},{\"@type\":\"Person\",\"@id\":\"https:\/\/blog.protur-hotels.com\/#\/schema\/person\/5e17ee757b097cf1de0203171283b53c\",\"name\":\"ivandomingo\"}]}<\/script>\n<!-- \/ Yoast SEO plugin. -->","yoast_head_json":{"title":"La responsabilit\u00e9 appartient \u00e0 tous - Blog Protur Hotels","description":"La responsabilit\u00e9 appartient \u00e0 tous Nous sommes optimistes! Nous nous verrons bient\u00f4t! Le 14 mars dernier, le gouvernement Espagnol a approuv\u00e9 l'\u00e9tat","robots":{"index":"index","follow":"follow","max-snippet":"max-snippet:-1","max-image-preview":"max-image-preview:large","max-video-preview":"max-video-preview:-1"},"canonical":"https:\/\/blog.protur-hotels.com\/fr\/la-responsabilite-appartient-a-tous\/","og_locale":"fr_FR","og_type":"article","og_title":"La responsabilit\u00e9 appartient \u00e0 tous - Blog Protur Hotels","og_description":"La responsabilit\u00e9 appartient \u00e0 tous Nous sommes optimistes! Nous nous verrons bient\u00f4t! Le 14 mars dernier, le gouvernement Espagnol a approuv\u00e9 l'\u00e9tat","og_url":"https:\/\/blog.protur-hotels.com\/fr\/la-responsabilite-appartient-a-tous\/","og_site_name":"Blog Protur Hotels","article_published_time":"2020-03-18T07:37:26+00:00","article_modified_time":"2020-03-18T07:58:29+00:00","og_image":[{"width":1024,"height":768,"url":"https:\/\/blog.protur-hotels.com\/wp-content\/uploads\/2020\/03\/cancelacion-gratuita-protur-hotels-mallorca.jpg","type":"image\/jpeg"}],"author":"ivandomingo","twitter_card":"summary_large_image","twitter_misc":{"\u00c9crit par":"ivandomingo","Dur\u00e9e de lecture estim\u00e9e":"1 minute"},"schema":{"@context":"https:\/\/schema.org","@graph":[{"@type":"Article","@id":"https:\/\/blog.protur-hotels.com\/fr\/la-responsabilite-appartient-a-tous\/#article","isPartOf":{"@id":"https:\/\/blog.protur-hotels.com\/fr\/la-responsabilite-appartient-a-tous\/"},"author":{"name":"ivandomingo","@id":"https:\/\/blog.protur-hotels.com\/#\/schema\/person\/5e17ee757b097cf1de0203171283b53c"},"headline":"La responsabilit\u00e9 appartient \u00e0 tous","datePublished":"2020-03-18T07:37:26+00:00","dateModified":"2020-03-18T07:58:29+00:00","mainEntityOfPage":{"@id":"https:\/\/blog.protur-hotels.com\/fr\/la-responsabilite-appartient-a-tous\/"},"wordCount":181,"publisher":{"@id":"https:\/\/blog.protur-hotels.com\/#organization"},"image":{"@id":"https:\/\/blog.protur-hotels.com\/fr\/la-responsabilite-appartient-a-tous\/#primaryimage"},"thumbnailUrl":"https:\/\/blog.protur-hotels.com\/wp-content\/uploads\/2020\/03\/cancelacion-gratuita-protur-hotels-mallorca.jpg","articleSection":["Protur Hotels","Protur Hotels"],"inLanguage":"fr-FR"},{"@type":"WebPage","@id":"https:\/\/blog.protur-hotels.com\/fr\/la-responsabilite-appartient-a-tous\/","url":"https:\/\/blog.protur-hotels.com\/fr\/la-responsabilite-appartient-a-tous\/","name":"La responsabilit\u00e9 appartient \u00e0 tous - Blog Protur Hotels","isPartOf":{"@id":"https:\/\/blog.protur-hotels.com\/#website"},"primaryImageOfPage":{"@id":"https:\/\/blog.protur-hotels.com\/fr\/la-responsabilite-appartient-a-tous\/#primaryimage"},"image":{"@id":"https:\/\/blog.protur-hotels.com\/fr\/la-responsabilite-appartient-a-tous\/#primaryimage"},"thumbnailUrl":"https:\/\/blog.protur-hotels.com\/wp-content\/uploads\/2020\/03\/cancelacion-gratuita-protur-hotels-mallorca.jpg","datePublished":"2020-03-18T07:37:26+00:00","dateModified":"2020-03-18T07:58:29+00:00","description":"La responsabilit\u00e9 appartient \u00e0 tous Nous sommes optimistes! Nous nous verrons bient\u00f4t! Le 14 mars dernier, le gouvernement Espagnol a approuv\u00e9 l'\u00e9tat","breadcrumb":{"@id":"https:\/\/blog.protur-hotels.com\/fr\/la-responsabilite-appartient-a-tous\/#breadcrumb"},"inLanguage":"fr-FR","potentialAction":[{"@type":"ReadAction","target":["https:\/\/blog.protur-hotels.com\/fr\/la-responsabilite-appartient-a-tous\/"]}]},{"@type":"ImageObject","inLanguage":"fr-FR","@id":"https:\/\/blog.protur-hotels.com\/fr\/la-responsabilite-appartient-a-tous\/#primaryimage","url":"https:\/\/blog.protur-hotels.com\/wp-content\/uploads\/2020\/03\/cancelacion-gratuita-protur-hotels-mallorca.jpg","contentUrl":"https:\/\/blog.protur-hotels.com\/wp-content\/uploads\/2020\/03\/cancelacion-gratuita-protur-hotels-mallorca.jpg","width":1024,"height":768},{"@type":"BreadcrumbList","@id":"https:\/\/blog.protur-hotels.com\/fr\/la-responsabilite-appartient-a-tous\/#breadcrumb","itemListElement":[{"@type":"ListItem","position":1,"name":"Portada","item":"https:\/\/blog.protur-hotels.com\/"},{"@type":"ListItem","position":2,"name":"La responsabilit\u00e9 appartient \u00e0 tous"}]},{"@type":"WebSite","@id":"https:\/\/blog.protur-hotels.com\/#website","url":"https:\/\/blog.protur-hotels.com\/","name":"Blog Protur Hotels","description":"Un Blog para viajeros","publisher":{"@id":"https:\/\/blog.protur-hotels.com\/#organization"},"potentialAction":[{"@type":"SearchAction","target":{"@type":"EntryPoint","urlTemplate":"https:\/\/blog.protur-hotels.com\/?s={search_term_string}"},"query-input":{"@type":"PropertyValueSpecification","valueRequired":true,"valueName":"search_term_string"}}],"inLanguage":"fr-FR"},{"@type":"Organization","@id":"https:\/\/blog.protur-hotels.com\/#organization","name":"Blog Protur Hotels","url":"https:\/\/blog.protur-hotels.com\/","logo":{"@type":"ImageObject","inLanguage":"fr-FR","@id":"https:\/\/blog.protur-hotels.com\/#\/schema\/logo\/image\/","url":"https:\/\/blog.protur-hotels.com\/wp-content\/uploads\/2020\/03\/blog-protur-hotels-mallorca.png","contentUrl":"https:\/\/blog.protur-hotels.com\/wp-content\/uploads\/2020\/03\/blog-protur-hotels-mallorca.png","width":1422,"height":894,"caption":"Blog Protur Hotels"},"image":{"@id":"https:\/\/blog.protur-hotels.com\/#\/schema\/logo\/image\/"}},{"@type":"Person","@id":"https:\/\/blog.protur-hotels.com\/#\/schema\/person\/5e17ee757b097cf1de0203171283b53c","name":"ivandomingo"}]}},"_links":{"self":[{"href":"https:\/\/blog.protur-hotels.com\/fr\/wp-json\/wp\/v2\/posts\/4598","targetHints":{"allow":["GET"]}}],"collection":[{"href":"https:\/\/blog.protur-hotels.com\/fr\/wp-json\/wp\/v2\/posts"}],"about":[{"href":"https:\/\/blog.protur-hotels.com\/fr\/wp-json\/wp\/v2\/types\/post"}],"author":[{"embeddable":true,"href":"https:\/\/blog.protur-hotels.com\/fr\/wp-json\/wp\/v2\/users\/1"}],"replies":[{"embeddable":true,"href":"https:\/\/blog.protur-hotels.com\/fr\/wp-json\/wp\/v2\/comments?post=4598"}],"version-history":[{"count":0,"href":"https:\/\/blog.protur-hotels.com\/fr\/wp-json\/wp\/v2\/posts\/4598\/revisions"}],"wp:featuredmedia":[{"embeddable":true,"href":"https:\/\/blog.protur-hotels.com\/fr\/wp-json\/wp\/v2\/media\/4594"}],"wp:attachment":[{"href":"https:\/\/blog.protur-hotels.com\/fr\/wp-json\/wp\/v2\/media?parent=4598"}],"wp:term":[{"taxonomy":"category","embeddable":true,"href":"https:\/\/blog.protur-hotels.com\/fr\/wp-json\/wp\/v2\/categories?post=4598"},{"taxonomy":"post_tag","embeddable":true,"href":"https:\/\/blog.protur-hotels.com\/fr\/wp-json\/wp\/v2\/tags?post=4598"}],"curies":[{"name":"wp","href":"https:\/\/api.w.org\/{rel}","templated":true}]}}